{"id":13942,"date":"2022-12-16T17:16:45","date_gmt":"2022-12-16T17:16:45","guid":{"rendered":"https:\/\/www.africa-press.net\/gabon\/politique\/sommet-usa-afrique-les-6-doleances-prioritaires-de-lafrique"},"modified":"2022-12-16T17:16:45","modified_gmt":"2022-12-16T17:16:45","slug":"sommet-usa-afrique-les-6-doleances-prioritaires-de-lafrique","status":"publish","type":"post","link":"https:\/\/www.africa-press.net\/gabon\/politique\/sommet-usa-afrique-les-6-doleances-prioritaires-de-lafrique","title":{"rendered":"Sommet USA-Afrique\u00a0: les 6 dol\u00e9ances prioritaires de l\u2019Afrique"},"content":{"rendered":"<p><span style=\"color: #ff6600\"><strong>Africa-Press &#8211; Gabon. <\/strong><\/span><b>S\u2019adressant au pre\u0301sident ame\u0301ricain, Joe Biden au nom de l\u2019Afrique, le pre\u0301sident se\u0301ne\u0301galais, Macky Sall, e\u0301galement pre\u0301sident en exercice de l\u2019Union africaine (UA) a dresse\u0301 une liste de six dole\u0301ances prioritaires du continent que les USA devaient satisfaire pour le succe\u0300s du sommet USA-Afrique tenu dans la capitale ame\u0301ricaine du 13 au 15 de\u0301cembre 2022.<\/b><\/p>\n<p>La premie\u0300re priorite\u0301 est axe\u0301e sur la paix, la se\u0301curite\u0301 et la lutte contre le terrorisme en Afrique. \u00bb Nous souhaitons que la lutte contre le terrorisme en Afrique fasse partie inte\u0301grante du combat global contre ce fle\u0301au, en tant que menace a\u0300 la paix et a\u0300 la se\u0301curite\u0301 internationale. Nous attendons un engagement fort du Sommet de Washington sur cette question vitale et un appui de votre pays afin que le Conseil de Se\u0301curite\u0301 des Nations Unies place la lutte contre le terrorisme en Afrique dans le cadre du me\u0301canisme de se\u0301curite\u0301 collective de la charte des Nations Unies \u00bb.<\/p>\n<p>La deuxie\u0300me priorite\u0301 prend en compte le plaidoyer de l\u2019Afrique \u00ab pour la re\u0301allocation partielle des droits de tirages spe\u0301ciaux et la mise en \u0153uvre effective de l\u2019initiative du G20 sur la suspension du service de la dette. Des millions de personnes n\u2019arrivent plus a\u0300 supporter le cou\u0302t de la vie et basculent dans l\u2019extre\u0302me pauvrete\u0301. La situation est encore plus difficile pour des e\u0301conomies beaucoup plus faibles comme les no\u0302tres&#8230;Nous plaidons pour une action solidaire internationale en soutien a\u0300 nos efforts de re\u0301silience et de relance e\u0301conomique \u00bb, a de\u0301clare\u0301 le pre\u0301sident Macky Sall.<\/p>\n<p>S\u2019agissant de la troisie\u0300me priorite\u0301, selon le pre\u0301sident en exercice de l\u2019Union Africaine, \u00bb L\u2019Afrique souhaite un engagement plus soutenu des E\u0301tats-Unis dans l\u2019investissement sur les infrastructures de de\u0301veloppement: routes, autoroutes, ports, ae\u0301roports, chemins de fer, centrales e\u0301lectriques et infrastructures nume\u0301riques. A\u0300 de\u0301faut d\u2019un plan spe\u0301cial pour l\u2019Afrique, nous appelons a\u0300 la mobilisation diligente des ressources annonce\u0301es par le G7 au titre du Partenariat pour l\u2019infrastructure mondiale et l\u2019investissement pour accompagner la re\u0301alisation d\u2019infrastructures en Afrique \u00bb.<\/p>\n<p>Quatrie\u0300me priorite\u0301: \u00bb L\u2019Afrique, continent le moins pollueur et le plus vulne\u0301rable au re\u0301chauffement climatique, reste attache\u0301e aux objectifs de l\u2019Accord de Paris sur le climat pour un de\u0301veloppement sobre en carbone et re\u0301silient au changement climatique \u00bb.<\/p>\n<p>Cinquie\u0300me priorite\u0301: \u00bb L\u2019Afrique souhaite travailler avec les E\u0301tats-Unis pour gagner la bataille de la souverainete\u0301 alimentaire \u00bb. A\u0300 l\u2019en croire, \u00bb l\u2019Afrique souhaite la prise de mesures urgentes pour faciliter l\u2019acce\u0300s au marche\u0301 des engrais et des produits agricoles \u00bb.<\/p>\n<p>Et la dernie\u0300re priorite\u0301, le pre\u0301sident a fait savoir que \u00ab l\u2019Afrique appelle a\u0300 une gouvernance mondiale plus juste et plus inclusive, notamment par l\u2019acce\u0301le\u0301ration du processus de re\u0301forme du Conseil de Se\u0301curite\u0301 et l\u2019octroi d\u2019un sie\u0300ge a\u0300 l\u2019Union Africaine au sein du G20 \u00bb.<\/p>\n<p>Pour terminer, le Pre\u0301sident Macky Sall a rappele\u0301 le plaidoyer du continent pour la leve\u0301e des sanctions qui continuent de frapper le peuple Zimbabwe\u0301en.<\/p>\n<p><b>Antoine Relaxe<\/b><\/p>\n<p><strong>Pour plus d&rsquo;informations et d&rsquo;analyses sur la <a href=\"https:\/\/www.africa-press.net\/gabon\">Gabon<\/a>, suivez <a href=\"https:\/\/www.africa-press.net\/\">Africa-Press<\/a><\/strong><\/p>\n","protected":false},"excerpt":{"rendered":"<p>Africa-Press &#8211; Gabon. S\u2019adressant au pre\u0301sident ame\u0301ricain, Joe Biden au nom de l\u2019Afrique, le pre\u0301sident se\u0301ne\u0301galais, Macky Sall, e\u0301galement pre\u0301sident en exercice de l\u2019Union africaine (UA) a dresse\u0301 une liste de six dole\u0301ances prioritaires du continent que les USA devaient satisfaire pour le succe\u0300s du sommet USA-Afrique tenu dans la capitale ame\u0301ricaine du 13 au [&hellip;]<\/p>\n","protected":false},"author":82,"featured_media":13941,"comment_status":"open","ping_status":"closed","sticky":false,"template":"","format":"standard","meta":{"footnotes":""},"categories":[2,10],"tags":[36,50,49],"class_list":["post-13942","post","type-post","status-publish","format-standard","has-post-thumbnail","hentry","category-politique","category-toutes-les-actualites","tag-africa-press","tag-africa-press-gabon","tag-gabon"],"yoast_head":"<!-- This site is optimized with the Yoast SEO Premium plugin v26.1 (Yoast SEO v27.0) - https:\/\/yoast.com\/product\/yoast-seo-premium-wordpress\/ -->\n<title>Sommet USA-Afrique\u00a0: les 6 dol\u00e9ances prioritaires de l\u2019Afrique - Gabon<\/title>\n<meta name=\"robots\" content=\"index, follow, max-snippet:-1, max-image-preview:large, max-video-preview:-1\" \/>\n<link rel=\"canonical\" href=\"https:\/\/www.africa-press.net\/gabon\/politique\/sommet-usa-afrique-les-6-doleances-prioritaires-de-lafrique\" \/>\n<meta property=\"og:locale\" content=\"fr_FR\" \/>\n<meta property=\"og:type\" content=\"article\" \/>\n<meta property=\"og:title\" content=\"Sommet USA-Afrique\u00a0: les 6 dol\u00e9ances prioritaires de l\u2019Afrique\" \/>\n<meta property=\"og:description\" content=\"Africa-Press &#8211; Gabon. S\u2019adressant au pre\u0301sident ame\u0301ricain, Joe Biden au nom de l\u2019Afrique, le pre\u0301sident se\u0301ne\u0301galais, Macky Sall, e\u0301galement pre\u0301sident en exercice de l\u2019Union africaine (UA) a dresse\u0301 une liste de six dole\u0301ances prioritaires du continent que les USA devaient satisfaire pour le succe\u0300s du sommet USA-Afrique tenu dans la capitale ame\u0301ricaine du 13 au [&hellip;]\" \/>\n<meta property=\"og:url\" content=\"https:\/\/www.africa-press.net\/gabon\/politique\/sommet-usa-afrique-les-6-doleances-prioritaires-de-lafrique\" \/>\n<meta property=\"og:site_name\" content=\"Gabon\" \/>\n<meta property=\"article:published_time\" content=\"2022-12-16T17:16:45+00:00\" \/>\n<meta name=\"author\" content=\"cfeditorfr\" \/>\n<meta name=\"twitter:card\" content=\"summary_large_image\" \/>\n<meta name=\"twitter:label1\" content=\"\u00c9crit par\" \/>\n\t<meta name=\"twitter:data1\" content=\"cfeditorfr\" \/>\n\t<meta name=\"twitter:label2\" content=\"Dur\u00e9e de lecture estim\u00e9e\" \/>\n\t<meta name=\"twitter:data2\" content=\"3 minutes\" \/>\n<script type=\"application\/ld+json\" class=\"yoast-schema-graph\">{\"@context\":\"https:\/\/schema.org\",\"@graph\":[{\"@type\":\"Article\",\"@id\":\"https:\/\/www.africa-press.net\/gabon\/politique\/sommet-usa-afrique-les-6-doleances-prioritaires-de-lafrique#article\",\"isPartOf\":{\"@id\":\"https:\/\/www.africa-press.net\/gabon\/politique\/sommet-usa-afrique-les-6-doleances-prioritaires-de-lafrique\"},\"author\":{\"name\":\"cfeditorfr\",\"@id\":\"https:\/\/www.africa-press.net\/gabon\/#\/schema\/person\/2b1cf3cd81a31e3cd26889ca66d677f1\"},\"headline\":\"Sommet USA-Afrique\u00a0: les 6 dol\u00e9ances prioritaires de l\u2019Afrique\",\"datePublished\":\"2022-12-16T17:16:45+00:00\",\"mainEntityOfPage\":{\"@id\":\"https:\/\/www.africa-press.net\/gabon\/politique\/sommet-usa-afrique-les-6-doleances-prioritaires-de-lafrique\"},\"wordCount\":574,\"commentCount\":0,\"image\":{\"@id\":\"https:\/\/www.africa-press.net\/gabon\/politique\/sommet-usa-afrique-les-6-doleances-prioritaires-de-lafrique#primaryimage\"},\"thumbnailUrl\":\"https:\/\/static.africa-press.net\/gabon\/sites\/54\/2022\/12\/postQueueImg_1671198415.59.jpg\",\"keywords\":[\"Africa Press\",\"Africa Press-Gabon\",\"Gabon\"],\"articleSection\":[\"Politique\",\"Toutes les actualit\u00e9s\"],\"inLanguage\":\"fr-FR\",\"potentialAction\":[{\"@type\":\"CommentAction\",\"name\":\"Comment\",\"target\":[\"https:\/\/www.africa-press.net\/gabon\/politique\/sommet-usa-afrique-les-6-doleances-prioritaires-de-lafrique#respond\"]}]},{\"@type\":\"WebPage\",\"@id\":\"https:\/\/www.africa-press.net\/gabon\/politique\/sommet-usa-afrique-les-6-doleances-prioritaires-de-lafrique\",\"url\":\"https:\/\/www.africa-press.net\/gabon\/politique\/sommet-usa-afrique-les-6-doleances-prioritaires-de-lafrique\",\"name\":\"Sommet USA-Afrique\u00a0: les 6 dol\u00e9ances prioritaires de l\u2019Afrique - Gabon\",\"isPartOf\":{\"@id\":\"https:\/\/www.africa-press.net\/gabon\/#website\"},\"primaryImageOfPage\":{\"@id\":\"https:\/\/www.africa-press.net\/gabon\/politique\/sommet-usa-afrique-les-6-doleances-prioritaires-de-lafrique#primaryimage\"},\"image\":{\"@id\":\"https:\/\/www.africa-press.net\/gabon\/politique\/sommet-usa-afrique-les-6-doleances-prioritaires-de-lafrique#primaryimage\"},\"thumbnailUrl\":\"https:\/\/static.africa-press.net\/gabon\/sites\/54\/2022\/12\/postQueueImg_1671198415.59.jpg\",\"datePublished\":\"2022-12-16T17:16:45+00:00\",\"author\":{\"@id\":\"https:\/\/www.africa-press.net\/gabon\/#\/schema\/person\/2b1cf3cd81a31e3cd26889ca66d677f1\"},\"breadcrumb\":{\"@id\":\"https:\/\/www.africa-press.net\/gabon\/politique\/sommet-usa-afrique-les-6-doleances-prioritaires-de-lafrique#breadcrumb\"},\"inLanguage\":\"fr-FR\",\"potentialAction\":[{\"@type\":\"ReadAction\",\"target\":[\"https:\/\/www.africa-press.net\/gabon\/politique\/sommet-usa-afrique-les-6-doleances-prioritaires-de-lafrique\"]}]},{\"@type\":\"ImageObject\",\"inLanguage\":\"fr-FR\",\"@id\":\"https:\/\/www.africa-press.net\/gabon\/politique\/sommet-usa-afrique-les-6-doleances-prioritaires-de-lafrique#primaryimage\",\"url\":\"https:\/\/static.africa-press.net\/gabon\/sites\/54\/2022\/12\/postQueueImg_1671198415.59.jpg\",\"contentUrl\":\"https:\/\/static.africa-press.net\/gabon\/sites\/54\/2022\/12\/postQueueImg_1671198415.59.jpg\",\"width\":1728,\"height\":1151,\"caption\":\"Sommet USA-Afrique\u00a0: les 6 dol\u00e9ances prioritaires de l\u2019Afrique\"},{\"@type\":\"BreadcrumbList\",\"@id\":\"https:\/\/www.africa-press.net\/gabon\/politique\/sommet-usa-afrique-les-6-doleances-prioritaires-de-lafrique#breadcrumb\",\"itemListElement\":[{\"@type\":\"ListItem\",\"position\":1,\"name\":\"Accueil\",\"item\":\"https:\/\/www.africa-press.net\/gabon\/\"},{\"@type\":\"ListItem\",\"position\":2,\"name\":\"Sommet USA-Afrique\u00a0: les 6 dol\u00e9ances prioritaires de l\u2019Afrique\"}]},{\"@type\":\"WebSite\",\"@id\":\"https:\/\/www.africa-press.net\/gabon\/#website\",\"url\":\"https:\/\/www.africa-press.net\/gabon\/\",\"name\":\"Gabon\",\"description\":\"Just another Africa News Agency Sites site\",\"potentialAction\":[{\"@type\":\"SearchAction\",\"target\":{\"@type\":\"EntryPoint\",\"urlTemplate\":\"https:\/\/www.africa-press.net\/gabon\/?s={search_term_string}\"},\"query-input\":{\"@type\":\"PropertyValueSpecification\",\"valueRequired\":true,\"valueName\":\"search_term_string\"}}],\"inLanguage\":\"fr-FR\"},{\"@type\":\"Person\",\"@id\":\"https:\/\/www.africa-press.net\/gabon\/#\/schema\/person\/2b1cf3cd81a31e3cd26889ca66d677f1\",\"name\":\"cfeditorfr\"}]}<\/script>\n<!-- \/ Yoast SEO Premium plugin. -->","yoast_head_json":{"title":"Sommet USA-Afrique\u00a0: les 6 dol\u00e9ances prioritaires de l\u2019Afrique - Gabon","robots":{"index":"index","follow":"follow","max-snippet":"max-snippet:-1","max-image-preview":"max-image-preview:large","max-video-preview":"max-video-preview:-1"},"canonical":"https:\/\/www.africa-press.net\/gabon\/politique\/sommet-usa-afrique-les-6-doleances-prioritaires-de-lafrique","og_locale":"fr_FR","og_type":"article","og_title":"Sommet USA-Afrique\u00a0: les 6 dol\u00e9ances prioritaires de l\u2019Afrique","og_description":"Africa-Press &#8211; Gabon. S\u2019adressant au pre\u0301sident ame\u0301ricain, Joe Biden au nom de l\u2019Afrique, le pre\u0301sident se\u0301ne\u0301galais, Macky Sall, e\u0301galement pre\u0301sident en exercice de l\u2019Union africaine (UA) a dresse\u0301 une liste de six dole\u0301ances prioritaires du continent que les USA devaient satisfaire pour le succe\u0300s du sommet USA-Afrique tenu dans la capitale ame\u0301ricaine du 13 au [&hellip;]","og_url":"https:\/\/www.africa-press.net\/gabon\/politique\/sommet-usa-afrique-les-6-doleances-prioritaires-de-lafrique","og_site_name":"Gabon","article_published_time":"2022-12-16T17:16:45+00:00","author":"cfeditorfr","twitter_card":"summary_large_image","twitter_misc":{"\u00c9crit par":"cfeditorfr","Dur\u00e9e de lecture estim\u00e9e":"3 minutes"},"schema":{"@context":"https:\/\/schema.org","@graph":[{"@type":"Article","@id":"https:\/\/www.africa-press.net\/gabon\/politique\/sommet-usa-afrique-les-6-doleances-prioritaires-de-lafrique#article","isPartOf":{"@id":"https:\/\/www.africa-press.net\/gabon\/politique\/sommet-usa-afrique-les-6-doleances-prioritaires-de-lafrique"},"author":{"name":"cfeditorfr","@id":"https:\/\/www.africa-press.net\/gabon\/#\/schema\/person\/2b1cf3cd81a31e3cd26889ca66d677f1"},"headline":"Sommet USA-Afrique\u00a0: les 6 dol\u00e9ances prioritaires de l\u2019Afrique","datePublished":"2022-12-16T17:16:45+00:00","mainEntityOfPage":{"@id":"https:\/\/www.africa-press.net\/gabon\/politique\/sommet-usa-afrique-les-6-doleances-prioritaires-de-lafrique"},"wordCount":574,"commentCount":0,"image":{"@id":"https:\/\/www.africa-press.net\/gabon\/politique\/sommet-usa-afrique-les-6-doleances-prioritaires-de-lafrique#primaryimage"},"thumbnailUrl":"https:\/\/static.africa-press.net\/gabon\/sites\/54\/2022\/12\/postQueueImg_1671198415.59.jpg","keywords":["Africa Press","Africa Press-Gabon","Gabon"],"articleSection":["Politique","Toutes les actualit\u00e9s"],"inLanguage":"fr-FR","potentialAction":[{"@type":"CommentAction","name":"Comment","target":["https:\/\/www.africa-press.net\/gabon\/politique\/sommet-usa-afrique-les-6-doleances-prioritaires-de-lafrique#respond"]}]},{"@type":"WebPage","@id":"https:\/\/www.africa-press.net\/gabon\/politique\/sommet-usa-afrique-les-6-doleances-prioritaires-de-lafrique","url":"https:\/\/www.africa-press.net\/gabon\/politique\/sommet-usa-afrique-les-6-doleances-prioritaires-de-lafrique","name":"Sommet USA-Afrique\u00a0: les 6 dol\u00e9ances prioritaires de l\u2019Afrique - Gabon","isPartOf":{"@id":"https:\/\/www.africa-press.net\/gabon\/#website"},"primaryImageOfPage":{"@id":"https:\/\/www.africa-press.net\/gabon\/politique\/sommet-usa-afrique-les-6-doleances-prioritaires-de-lafrique#primaryimage"},"image":{"@id":"https:\/\/www.africa-press.net\/gabon\/politique\/sommet-usa-afrique-les-6-doleances-prioritaires-de-lafrique#primaryimage"},"thumbnailUrl":"https:\/\/static.africa-press.net\/gabon\/sites\/54\/2022\/12\/postQueueImg_1671198415.59.jpg","datePublished":"2022-12-16T17:16:45+00:00","author":{"@id":"https:\/\/www.africa-press.net\/gabon\/#\/schema\/person\/2b1cf3cd81a31e3cd26889ca66d677f1"},"breadcrumb":{"@id":"https:\/\/www.africa-press.net\/gabon\/politique\/sommet-usa-afrique-les-6-doleances-prioritaires-de-lafrique#breadcrumb"},"inLanguage":"fr-FR","potentialAction":[{"@type":"ReadAction","target":["https:\/\/www.africa-press.net\/gabon\/politique\/sommet-usa-afrique-les-6-doleances-prioritaires-de-lafrique"]}]},{"@type":"ImageObject","inLanguage":"fr-FR","@id":"https:\/\/www.africa-press.net\/gabon\/politique\/sommet-usa-afrique-les-6-doleances-prioritaires-de-lafrique#primaryimage","url":"https:\/\/static.africa-press.net\/gabon\/sites\/54\/2022\/12\/postQueueImg_1671198415.59.jpg","contentUrl":"https:\/\/static.africa-press.net\/gabon\/sites\/54\/2022\/12\/postQueueImg_1671198415.59.jpg","width":1728,"height":1151,"caption":"Sommet USA-Afrique\u00a0: les 6 dol\u00e9ances prioritaires de l\u2019Afrique"},{"@type":"BreadcrumbList","@id":"https:\/\/www.africa-press.net\/gabon\/politique\/sommet-usa-afrique-les-6-doleances-prioritaires-de-lafrique#breadcrumb","itemListElement":[{"@type":"ListItem","position":1,"name":"Accueil","item":"https:\/\/www.africa-press.net\/gabon\/"},{"@type":"ListItem","position":2,"name":"Sommet USA-Afrique\u00a0: les 6 dol\u00e9ances prioritaires de l\u2019Afrique"}]},{"@type":"WebSite","@id":"https:\/\/www.africa-press.net\/gabon\/#website","url":"https:\/\/www.africa-press.net\/gabon\/","name":"Gabon","description":"Just another Africa News Agency Sites site","potentialAction":[{"@type":"SearchAction","target":{"@type":"EntryPoint","urlTemplate":"https:\/\/www.africa-press.net\/gabon\/?s={search_term_string}"},"query-input":{"@type":"PropertyValueSpecification","valueRequired":true,"valueName":"search_term_string"}}],"inLanguage":"fr-FR"},{"@type":"Person","@id":"https:\/\/www.africa-press.net\/gabon\/#\/schema\/person\/2b1cf3cd81a31e3cd26889ca66d677f1","name":"cfeditorfr"}]}},"_links":{"self":[{"href":"https:\/\/www.africa-press.net\/gabon\/wp-json\/wp\/v2\/posts\/13942","targetHints":{"allow":["GET"]}}],"collection":[{"href":"https:\/\/www.africa-press.net\/gabon\/wp-json\/wp\/v2\/posts"}],"about":[{"href":"https:\/\/www.africa-press.net\/gabon\/wp-json\/wp\/v2\/types\/post"}],"author":[{"embeddable":true,"href":"https:\/\/www.africa-press.net\/gabon\/wp-json\/wp\/v2\/users\/82"}],"replies":[{"embeddable":true,"href":"https:\/\/www.africa-press.net\/gabon\/wp-json\/wp\/v2\/comments?post=13942"}],"version-history":[{"count":0,"href":"https:\/\/www.africa-press.net\/gabon\/wp-json\/wp\/v2\/posts\/13942\/revisions"}],"wp:featuredmedia":[{"embeddable":true,"href":"https:\/\/www.africa-press.net\/gabon\/wp-json\/wp\/v2\/media\/13941"}],"wp:attachment":[{"href":"https:\/\/www.africa-press.net\/gabon\/wp-json\/wp\/v2\/media?parent=13942"}],"wp:term":[{"taxonomy":"category","embeddable":true,"href":"https:\/\/www.africa-press.net\/gabon\/wp-json\/wp\/v2\/categories?post=13942"},{"taxonomy":"post_tag","embeddable":true,"href":"https:\/\/www.africa-press.net\/gabon\/wp-json\/wp\/v2\/tags?post=13942"}],"curies":[{"name":"wp","href":"https:\/\/api.w.org\/{rel}","templated":true}]}}