{"id":13944,"date":"2022-12-16T17:17:07","date_gmt":"2022-12-16T17:17:07","guid":{"rendered":"https:\/\/www.africa-press.net\/gabon\/politique\/eramet-et-comilog-lancent-les-rencontres-de-la-biodiversite-au-gabon"},"modified":"2022-12-16T17:17:07","modified_gmt":"2022-12-16T17:17:07","slug":"eramet-et-comilog-lancent-les-rencontres-de-la-biodiversite-au-gabon","status":"publish","type":"post","link":"https:\/\/www.africa-press.net\/gabon\/toutes-les-actualites\/eramet-et-comilog-lancent-les-rencontres-de-la-biodiversite-au-gabon","title":{"rendered":"Eramet et Comilog lancent les \u00ab Rencontres de la Biodiversit\u00e9 \u00bb au Gabon"},"content":{"rendered":"<p><span style=\"color: #ff6600\"><strong>Africa-Press &#8211; Gabon. <\/strong><\/span><b>Le groupe minier franc\u0327ais Eramet et sa filiale locale Comilog, ont lance\u0301 le 16 de\u0301cembre 2022, a\u0300 travers la Fondation Le\u0301ke\u0301di Biodiversite\u0301, les premie\u0300res Rencontres de la Biodiversite\u0301 au Gabon\u00bb dans le but du partage des bonnes pratiques pour faire e\u0301merger des solutions en faveur du climat et de la biodiversite\u0301.[Communique\u0301]. <\/b><\/p>\n<p>\u2013 Le\u0301ke\u0301di Biodiversite\u0301 cre\u0301e\u0301e l\u2019an dernier et dont l\u2019un des objectifs est de contribuer a\u0300 une meilleure connaissance des grands enjeux environnementaux,<\/p>\n<p>\u2013 Au c\u0153ur des e\u0301changes entre spe\u0301cialistes re\u0301unis au parc de la Le\u0301ke\u0301di : les engagements Climat et Biodiversite\u0301, racines de notre avenir.<\/p>\n<p>Ce jeudi 16 de\u0301cembre 2022, la premie\u0300re e\u0301dition des Rencontres de la Biodiversite\u0301 s\u2019est tenue au parc de la Le\u0301ke\u0301di. Deux panels ont re\u0301uni des spe\u0301cialistes Climat et Biodiversite\u0301 autour de Michel Ste\u0301phane Bonda, ministre de\u0301le\u0301gue\u0301 Eaux et Fore\u0302ts.<\/p>\n<p>Andre\u0301 MASSARD, Directeur des Relations Publiques et de la Communication de la Comilog et Loi\u0308se TAMALGO, De\u0301le\u0301gue\u0301 Ge\u0301ne\u0301ral du Groupe Eramet en Afrique ont co-organise\u0301 au parc de la Le\u0301ke\u0301di les premie\u0300res \u00ab Rencontres de la Biodiversite\u0301 \u00bb pour la toute jeune fondation.<\/p>\n<p><b>Partage de bonnes pratiques<\/b><\/p>\n<p>A\u0300 cette occasion, se sont re\u0301unis des membres du gouvernement et de ses services environnementaux, des membres de la socie\u0301te\u0301 civile ainsi que des repre\u0301sentants de Comilog et Setrag qui ont partage\u0301 en toute transparence leurs bonnes pratiques en matie\u0300re de biodiversite\u0301. L\u2019e\u0301ve\u0301nement a eu lieu au parc de la Le\u0301ke\u0301di, ou\u0300 depuis 1993 Comilog entretient et de\u0301veloppe le plus grand parc animalier clo\u0302ture\u0301 du Gabon. Inaugure\u0301e en 2021, la Fondation l\u2019a dote\u0301 de moyens nouveaux destine\u0301s a\u0300 pre\u0301server la biodiversite\u0301, a\u0300 re\u0301habiliter des primates orphelins et a\u0300 de\u0301velopper la recherche scientifique.<\/p>\n<p>Le Leadership du Gabon en matie\u0300re de lutte contre le re\u0301chauffement climatique est affirme\u0301 par une strate\u0301gie nationale face a\u0300 l\u2019urgence climatique, a rappele\u0301 le ministre de\u0301le\u0301gue\u0301 a\u0300 son auditoire re\u0301uni au parc de la Le\u0301ke\u0301di, a\u0300 Bakoumba. Joignant les actes a\u0300 la parole, il a esquisse\u0301 les perspectives de la planification climatique du Gabon, un des the\u0300mes qui sera aborde\u0301 lors du \u00ab One Forest Summit \u00bb, annonce\u0301 pour le mois de mars prochain, sur une initiative conjointe du Gabon et de la France.<\/p>\n<p><b>Un objectif de de\u0301carbonation<\/b><\/p>\n<p>Leod-Paul BATOLO, Administrateur Directeur Ge\u0301ne\u0301ral de Comilog, a rappele\u0301 la trajectoire de l\u2019entreprise en matie\u0300re de de\u0301carbonation. Il a ainsi e\u0301voque\u0301 le projet de substitution des re\u0301ducteurs par des bio re\u0301ducteurs en cours au niveau du Groupe. A\u0300 terme, la ressource biomasse au Gabon pourrait permettre de produire des bio re\u0301ducteurs localement.<\/p>\n<p>A e\u0301galement e\u0301te\u0301 e\u0301voque\u0301e, la mise en place d\u2019un convoyeur e\u0301lectrique e\u0301quipe\u0301 d\u2019un syste\u0300me de re\u0301cupe\u0301ration de l\u2019e\u0301nergie potentielle, en substitution des camions de roulage, permettant de re\u0301duire les e\u0301missions de CO2.<\/p>\n<p>\u00abLa de\u0301carbonation de nos activite\u0301s minie\u0300res et me\u0301tallurgiques ne\u0301cessite de faire sauter des verrous technologiques par l\u2019innovation. Cela implique encore plus de Recherche et De\u0301veloppement \u00bb, a de\u0301clare\u0301 Pierre Gueudet, Directeur Climat chez Eramet. \u00ab La de\u0301carbonation est une course, nous devons acce\u0301le\u0301rer. Notre engagement climat, valide\u0301 par le Science Based Targets initiative et compatible avec les Accords de Paris, est de baisser nos e\u0301missions de CO2 au niveau du Groupe de 40% en 2035 par rapport a\u0300 2019\u00bb.<\/p>\n<p><b>Les racines de notre avenir<\/b><\/p>\n<p>Sur la question de la biodiversite\u0301, deuxie\u0300me panel de ces Rencontres, c\u2019est Georgette Koko, ancienne vice-premier ministre et ancienne pre\u0301sidente du Conseil E\u0301conomique et Social (CES) qui la premie\u0300re a plaide\u0301 pour un respect des \u00ab racines de notre avenir \u00bb. Christian MAGNI, Directeur Ge\u0301ne\u0301ral de Setrag, a rappele\u0301 les enjeux environnementaux lie\u0301s a\u0300 l\u2019entreprise et les actions mises en place pour la pre\u0301servation de la biodiversite\u0301. Fre\u0301de\u0301rique Desmoulins, experte en biodiversite\u0301 chez Eramet, a pour sa part rappele\u0301 les pre\u0301cautions que s\u2019impose une entreprise minie\u0300re et me\u0301tallurgique, afin \u00ab d\u2019e\u0301viter l\u2019impact, de le re\u0301duire, de re\u0301habiliter ou de compenser. Notre expe\u0301rience depuis les anne\u0301es 1970, de\u0301veloppe\u0301e en interne et aupre\u0300s d\u2019experts internationaux, nous permet d\u2019inte\u0301grer la pre\u0301servation de la biodiversite\u0301 dans notre mode\u0300le minier\u00bb.<\/p>\n<p>D\u2019autres experts de la biodiversite\u0301 ont e\u0301galement pris part a\u0300 ces panels (*) : Michel Ste\u0301phane BONDA, Ministre de\u0301le\u0301gue\u0301 aupre\u0300s du ministre des Eaux et fore\u0302ts, de la Mer et de l\u2019Environnement, ainsi qu\u2019Alexis LEMEK, ambassadeur de France au Gabon. \u00abPlateforme d\u2019expression de l\u2019engagement socie\u0301tal d\u2019Eramet et de ses filiales, cette premie\u0300re rencontre sur la biodiversite\u0301 a tout son sens\u00bb, a rappele\u0301 M. TAMALGO. Cet e\u0301ve\u0301nement se tient en marge de la COP 15 sur la biodiversite\u0301 qui a de\u0301bute\u0301 le 7 de\u0301cembre dernier, et a\u0300 l\u2019approche du \u00ab One Planet Summit \u00bb pre\u0301vu en mars 2023 au Gabon, consacre\u0301 aux enjeux forestiers, au c\u0153ur des enjeux climat et biodiversite\u0301.<\/p>\n<p><strong>Pour plus d&rsquo;informations et d&rsquo;analyses sur la <a href=\"https:\/\/www.africa-press.net\/gabon\">Gabon<\/a>, suivez <a href=\"https:\/\/www.africa-press.net\/\">Africa-Press<\/a><\/strong><\/p>\n","protected":false},"excerpt":{"rendered":"<p>Africa-Press &#8211; Gabon. Le groupe minier franc\u0327ais Eramet et sa filiale locale Comilog, ont lance\u0301 le 16 de\u0301cembre 2022, a\u0300 travers la Fondation Le\u0301ke\u0301di Biodiversite\u0301, les premie\u0300res Rencontres de la Biodiversite\u0301 au Gabon\u00bb dans le but du partage des bonnes pratiques pour faire e\u0301merger des solutions en faveur du climat et de la biodiversite\u0301.[Communique\u0301]. \u2013 [&hellip;]<\/p>\n","protected":false},"author":82,"featured_media":13943,"comment_status":"open","ping_status":"closed","sticky":false,"template":"","format":"standard","meta":{"footnotes":""},"categories":[21,10],"tags":[36,50,49],"class_list":["post-13944","post","type-post","status-publish","format-standard","has-post-thumbnail","hentry","category-communaute","category-toutes-les-actualites","tag-africa-press","tag-africa-press-gabon","tag-gabon"],"yoast_head":"<!-- This site is optimized with the Yoast SEO Premium plugin v26.1 (Yoast SEO v27.0) - https:\/\/yoast.com\/product\/yoast-seo-premium-wordpress\/ -->\n<title>Eramet et Comilog lancent les \u00ab Rencontres de la Biodiversit\u00e9 \u00bb au Gabon - Gabon<\/title>\n<meta name=\"robots\" content=\"index, follow, max-snippet:-1, max-image-preview:large, max-video-preview:-1\" \/>\n<link rel=\"canonical\" href=\"https:\/\/www.africa-press.net\/gabon\/politique\/eramet-et-comilog-lancent-les-rencontres-de-la-biodiversite-au-gabon\" \/>\n<meta property=\"og:locale\" content=\"fr_FR\" \/>\n<meta property=\"og:type\" content=\"article\" \/>\n<meta property=\"og:title\" content=\"Eramet et Comilog lancent les \u00ab Rencontres de la Biodiversit\u00e9 \u00bb au Gabon\" \/>\n<meta property=\"og:description\" content=\"Africa-Press &#8211; Gabon. Le groupe minier franc\u0327ais Eramet et sa filiale locale Comilog, ont lance\u0301 le 16 de\u0301cembre 2022, a\u0300 travers la Fondation Le\u0301ke\u0301di Biodiversite\u0301, les premie\u0300res Rencontres de la Biodiversite\u0301 au Gabon\u00bb dans le but du partage des bonnes pratiques pour faire e\u0301merger des solutions en faveur du climat et de la biodiversite\u0301.[Communique\u0301]. \u2013 [&hellip;]\" \/>\n<meta property=\"og:url\" content=\"https:\/\/www.africa-press.net\/gabon\/politique\/eramet-et-comilog-lancent-les-rencontres-de-la-biodiversite-au-gabon\" \/>\n<meta property=\"og:site_name\" content=\"Gabon\" \/>\n<meta property=\"article:published_time\" content=\"2022-12-16T17:17:07+00:00\" \/>\n<meta name=\"author\" content=\"cfeditorfr\" \/>\n<meta name=\"twitter:card\" content=\"summary_large_image\" \/>\n<meta name=\"twitter:label1\" content=\"\u00c9crit par\" \/>\n\t<meta name=\"twitter:data1\" content=\"cfeditorfr\" \/>\n\t<meta name=\"twitter:label2\" content=\"Dur\u00e9e de lecture estim\u00e9e\" \/>\n\t<meta name=\"twitter:data2\" content=\"5 minutes\" \/>\n<script type=\"application\/ld+json\" class=\"yoast-schema-graph\">{\"@context\":\"https:\/\/schema.org\",\"@graph\":[{\"@type\":\"Article\",\"@id\":\"https:\/\/www.africa-press.net\/gabon\/politique\/eramet-et-comilog-lancent-les-rencontres-de-la-biodiversite-au-gabon#article\",\"isPartOf\":{\"@id\":\"https:\/\/www.africa-press.net\/gabon\/politique\/eramet-et-comilog-lancent-les-rencontres-de-la-biodiversite-au-gabon\"},\"author\":{\"name\":\"cfeditorfr\",\"@id\":\"https:\/\/www.africa-press.net\/gabon\/#\/schema\/person\/2b1cf3cd81a31e3cd26889ca66d677f1\"},\"headline\":\"Eramet et Comilog lancent les \u00ab Rencontres de la Biodiversit\u00e9 \u00bb au Gabon\",\"datePublished\":\"2022-12-16T17:17:07+00:00\",\"mainEntityOfPage\":{\"@id\":\"https:\/\/www.africa-press.net\/gabon\/politique\/eramet-et-comilog-lancent-les-rencontres-de-la-biodiversite-au-gabon\"},\"wordCount\":918,\"commentCount\":0,\"image\":{\"@id\":\"https:\/\/www.africa-press.net\/gabon\/politique\/eramet-et-comilog-lancent-les-rencontres-de-la-biodiversite-au-gabon#primaryimage\"},\"thumbnailUrl\":\"https:\/\/static.africa-press.net\/gabon\/sites\/54\/2022\/12\/postQueueImg_1671198432.12.jpg\",\"keywords\":[\"Africa Press\",\"Africa Press-Gabon\",\"Gabon\"],\"articleSection\":[\"Communaut\u00e9\",\"Toutes les actualit\u00e9s\"],\"inLanguage\":\"fr-FR\",\"potentialAction\":[{\"@type\":\"CommentAction\",\"name\":\"Comment\",\"target\":[\"https:\/\/www.africa-press.net\/gabon\/politique\/eramet-et-comilog-lancent-les-rencontres-de-la-biodiversite-au-gabon#respond\"]}]},{\"@type\":\"WebPage\",\"@id\":\"https:\/\/www.africa-press.net\/gabon\/politique\/eramet-et-comilog-lancent-les-rencontres-de-la-biodiversite-au-gabon\",\"url\":\"https:\/\/www.africa-press.net\/gabon\/politique\/eramet-et-comilog-lancent-les-rencontres-de-la-biodiversite-au-gabon\",\"name\":\"Eramet et Comilog lancent les \u00ab Rencontres de la Biodiversit\u00e9 \u00bb au Gabon - Gabon\",\"isPartOf\":{\"@id\":\"https:\/\/www.africa-press.net\/gabon\/#website\"},\"primaryImageOfPage\":{\"@id\":\"https:\/\/www.africa-press.net\/gabon\/politique\/eramet-et-comilog-lancent-les-rencontres-de-la-biodiversite-au-gabon#primaryimage\"},\"image\":{\"@id\":\"https:\/\/www.africa-press.net\/gabon\/politique\/eramet-et-comilog-lancent-les-rencontres-de-la-biodiversite-au-gabon#primaryimage\"},\"thumbnailUrl\":\"https:\/\/static.africa-press.net\/gabon\/sites\/54\/2022\/12\/postQueueImg_1671198432.12.jpg\",\"datePublished\":\"2022-12-16T17:17:07+00:00\",\"author\":{\"@id\":\"https:\/\/www.africa-press.net\/gabon\/#\/schema\/person\/2b1cf3cd81a31e3cd26889ca66d677f1\"},\"breadcrumb\":{\"@id\":\"https:\/\/www.africa-press.net\/gabon\/politique\/eramet-et-comilog-lancent-les-rencontres-de-la-biodiversite-au-gabon#breadcrumb\"},\"inLanguage\":\"fr-FR\",\"potentialAction\":[{\"@type\":\"ReadAction\",\"target\":[\"https:\/\/www.africa-press.net\/gabon\/politique\/eramet-et-comilog-lancent-les-rencontres-de-la-biodiversite-au-gabon\"]}]},{\"@type\":\"ImageObject\",\"inLanguage\":\"fr-FR\",\"@id\":\"https:\/\/www.africa-press.net\/gabon\/politique\/eramet-et-comilog-lancent-les-rencontres-de-la-biodiversite-au-gabon#primaryimage\",\"url\":\"https:\/\/static.africa-press.net\/gabon\/sites\/54\/2022\/12\/postQueueImg_1671198432.12.jpg\",\"contentUrl\":\"https:\/\/static.africa-press.net\/gabon\/sites\/54\/2022\/12\/postQueueImg_1671198432.12.jpg\",\"width\":720,\"height\":462,\"caption\":\"Eramet et Comilog lancent les \u00ab Rencontres de la Biodiversit\u00e9 \u00bb au Gabon\"},{\"@type\":\"BreadcrumbList\",\"@id\":\"https:\/\/www.africa-press.net\/gabon\/politique\/eramet-et-comilog-lancent-les-rencontres-de-la-biodiversite-au-gabon#breadcrumb\",\"itemListElement\":[{\"@type\":\"ListItem\",\"position\":1,\"name\":\"Accueil\",\"item\":\"https:\/\/www.africa-press.net\/gabon\/\"},{\"@type\":\"ListItem\",\"position\":2,\"name\":\"Eramet et Comilog lancent les \u00ab Rencontres de la Biodiversit\u00e9 \u00bb au Gabon\"}]},{\"@type\":\"WebSite\",\"@id\":\"https:\/\/www.africa-press.net\/gabon\/#website\",\"url\":\"https:\/\/www.africa-press.net\/gabon\/\",\"name\":\"Gabon\",\"description\":\"Just another Africa News Agency Sites site\",\"potentialAction\":[{\"@type\":\"SearchAction\",\"target\":{\"@type\":\"EntryPoint\",\"urlTemplate\":\"https:\/\/www.africa-press.net\/gabon\/?s={search_term_string}\"},\"query-input\":{\"@type\":\"PropertyValueSpecification\",\"valueRequired\":true,\"valueName\":\"search_term_string\"}}],\"inLanguage\":\"fr-FR\"},{\"@type\":\"Person\",\"@id\":\"https:\/\/www.africa-press.net\/gabon\/#\/schema\/person\/2b1cf3cd81a31e3cd26889ca66d677f1\",\"name\":\"cfeditorfr\"}]}<\/script>\n<!-- \/ Yoast SEO Premium plugin. -->","yoast_head_json":{"title":"Eramet et Comilog lancent les \u00ab Rencontres de la Biodiversit\u00e9 \u00bb au Gabon - Gabon","robots":{"index":"index","follow":"follow","max-snippet":"max-snippet:-1","max-image-preview":"max-image-preview:large","max-video-preview":"max-video-preview:-1"},"canonical":"https:\/\/www.africa-press.net\/gabon\/politique\/eramet-et-comilog-lancent-les-rencontres-de-la-biodiversite-au-gabon","og_locale":"fr_FR","og_type":"article","og_title":"Eramet et Comilog lancent les \u00ab Rencontres de la Biodiversit\u00e9 \u00bb au Gabon","og_description":"Africa-Press &#8211; Gabon. Le groupe minier franc\u0327ais Eramet et sa filiale locale Comilog, ont lance\u0301 le 16 de\u0301cembre 2022, a\u0300 travers la Fondation Le\u0301ke\u0301di Biodiversite\u0301, les premie\u0300res Rencontres de la Biodiversite\u0301 au Gabon\u00bb dans le but du partage des bonnes pratiques pour faire e\u0301merger des solutions en faveur du climat et de la biodiversite\u0301.[Communique\u0301]. \u2013 [&hellip;]","og_url":"https:\/\/www.africa-press.net\/gabon\/politique\/eramet-et-comilog-lancent-les-rencontres-de-la-biodiversite-au-gabon","og_site_name":"Gabon","article_published_time":"2022-12-16T17:17:07+00:00","author":"cfeditorfr","twitter_card":"summary_large_image","twitter_misc":{"\u00c9crit par":"cfeditorfr","Dur\u00e9e de lecture estim\u00e9e":"5 minutes"},"schema":{"@context":"https:\/\/schema.org","@graph":[{"@type":"Article","@id":"https:\/\/www.africa-press.net\/gabon\/politique\/eramet-et-comilog-lancent-les-rencontres-de-la-biodiversite-au-gabon#article","isPartOf":{"@id":"https:\/\/www.africa-press.net\/gabon\/politique\/eramet-et-comilog-lancent-les-rencontres-de-la-biodiversite-au-gabon"},"author":{"name":"cfeditorfr","@id":"https:\/\/www.africa-press.net\/gabon\/#\/schema\/person\/2b1cf3cd81a31e3cd26889ca66d677f1"},"headline":"Eramet et Comilog lancent les \u00ab Rencontres de la Biodiversit\u00e9 \u00bb au Gabon","datePublished":"2022-12-16T17:17:07+00:00","mainEntityOfPage":{"@id":"https:\/\/www.africa-press.net\/gabon\/politique\/eramet-et-comilog-lancent-les-rencontres-de-la-biodiversite-au-gabon"},"wordCount":918,"commentCount":0,"image":{"@id":"https:\/\/www.africa-press.net\/gabon\/politique\/eramet-et-comilog-lancent-les-rencontres-de-la-biodiversite-au-gabon#primaryimage"},"thumbnailUrl":"https:\/\/static.africa-press.net\/gabon\/sites\/54\/2022\/12\/postQueueImg_1671198432.12.jpg","keywords":["Africa Press","Africa Press-Gabon","Gabon"],"articleSection":["Communaut\u00e9","Toutes les actualit\u00e9s"],"inLanguage":"fr-FR","potentialAction":[{"@type":"CommentAction","name":"Comment","target":["https:\/\/www.africa-press.net\/gabon\/politique\/eramet-et-comilog-lancent-les-rencontres-de-la-biodiversite-au-gabon#respond"]}]},{"@type":"WebPage","@id":"https:\/\/www.africa-press.net\/gabon\/politique\/eramet-et-comilog-lancent-les-rencontres-de-la-biodiversite-au-gabon","url":"https:\/\/www.africa-press.net\/gabon\/politique\/eramet-et-comilog-lancent-les-rencontres-de-la-biodiversite-au-gabon","name":"Eramet et Comilog lancent les \u00ab Rencontres de la Biodiversit\u00e9 \u00bb au Gabon - Gabon","isPartOf":{"@id":"https:\/\/www.africa-press.net\/gabon\/#website"},"primaryImageOfPage":{"@id":"https:\/\/www.africa-press.net\/gabon\/politique\/eramet-et-comilog-lancent-les-rencontres-de-la-biodiversite-au-gabon#primaryimage"},"image":{"@id":"https:\/\/www.africa-press.net\/gabon\/politique\/eramet-et-comilog-lancent-les-rencontres-de-la-biodiversite-au-gabon#primaryimage"},"thumbnailUrl":"https:\/\/static.africa-press.net\/gabon\/sites\/54\/2022\/12\/postQueueImg_1671198432.12.jpg","datePublished":"2022-12-16T17:17:07+00:00","author":{"@id":"https:\/\/www.africa-press.net\/gabon\/#\/schema\/person\/2b1cf3cd81a31e3cd26889ca66d677f1"},"breadcrumb":{"@id":"https:\/\/www.africa-press.net\/gabon\/politique\/eramet-et-comilog-lancent-les-rencontres-de-la-biodiversite-au-gabon#breadcrumb"},"inLanguage":"fr-FR","potentialAction":[{"@type":"ReadAction","target":["https:\/\/www.africa-press.net\/gabon\/politique\/eramet-et-comilog-lancent-les-rencontres-de-la-biodiversite-au-gabon"]}]},{"@type":"ImageObject","inLanguage":"fr-FR","@id":"https:\/\/www.africa-press.net\/gabon\/politique\/eramet-et-comilog-lancent-les-rencontres-de-la-biodiversite-au-gabon#primaryimage","url":"https:\/\/static.africa-press.net\/gabon\/sites\/54\/2022\/12\/postQueueImg_1671198432.12.jpg","contentUrl":"https:\/\/static.africa-press.net\/gabon\/sites\/54\/2022\/12\/postQueueImg_1671198432.12.jpg","width":720,"height":462,"caption":"Eramet et Comilog lancent les \u00ab Rencontres de la Biodiversit\u00e9 \u00bb au Gabon"},{"@type":"BreadcrumbList","@id":"https:\/\/www.africa-press.net\/gabon\/politique\/eramet-et-comilog-lancent-les-rencontres-de-la-biodiversite-au-gabon#breadcrumb","itemListElement":[{"@type":"ListItem","position":1,"name":"Accueil","item":"https:\/\/www.africa-press.net\/gabon\/"},{"@type":"ListItem","position":2,"name":"Eramet et Comilog lancent les \u00ab Rencontres de la Biodiversit\u00e9 \u00bb au Gabon"}]},{"@type":"WebSite","@id":"https:\/\/www.africa-press.net\/gabon\/#website","url":"https:\/\/www.africa-press.net\/gabon\/","name":"Gabon","description":"Just another Africa News Agency Sites site","potentialAction":[{"@type":"SearchAction","target":{"@type":"EntryPoint","urlTemplate":"https:\/\/www.africa-press.net\/gabon\/?s={search_term_string}"},"query-input":{"@type":"PropertyValueSpecification","valueRequired":true,"valueName":"search_term_string"}}],"inLanguage":"fr-FR"},{"@type":"Person","@id":"https:\/\/www.africa-press.net\/gabon\/#\/schema\/person\/2b1cf3cd81a31e3cd26889ca66d677f1","name":"cfeditorfr"}]}},"_links":{"self":[{"href":"https:\/\/www.africa-press.net\/gabon\/wp-json\/wp\/v2\/posts\/13944","targetHints":{"allow":["GET"]}}],"collection":[{"href":"https:\/\/www.africa-press.net\/gabon\/wp-json\/wp\/v2\/posts"}],"about":[{"href":"https:\/\/www.africa-press.net\/gabon\/wp-json\/wp\/v2\/types\/post"}],"author":[{"embeddable":true,"href":"https:\/\/www.africa-press.net\/gabon\/wp-json\/wp\/v2\/users\/82"}],"replies":[{"embeddable":true,"href":"https:\/\/www.africa-press.net\/gabon\/wp-json\/wp\/v2\/comments?post=13944"}],"version-history":[{"count":0,"href":"https:\/\/www.africa-press.net\/gabon\/wp-json\/wp\/v2\/posts\/13944\/revisions"}],"wp:featuredmedia":[{"embeddable":true,"href":"https:\/\/www.africa-press.net\/gabon\/wp-json\/wp\/v2\/media\/13943"}],"wp:attachment":[{"href":"https:\/\/www.africa-press.net\/gabon\/wp-json\/wp\/v2\/media?parent=13944"}],"wp:term":[{"taxonomy":"category","embeddable":true,"href":"https:\/\/www.africa-press.net\/gabon\/wp-json\/wp\/v2\/categories?post=13944"},{"taxonomy":"post_tag","embeddable":true,"href":"https:\/\/www.africa-press.net\/gabon\/wp-json\/wp\/v2\/tags?post=13944"}],"curies":[{"name":"wp","href":"https:\/\/api.w.org\/{rel}","templated":true}]}}