{"id":13946,"date":"2022-12-16T17:17:25","date_gmt":"2022-12-16T17:17:25","guid":{"rendered":"https:\/\/www.africa-press.net\/gabon\/politique\/la-declaration-de-libreville-un-instrument-de-lutte-contre-le-trafic-illicite-des-biens-culturels-en-afrique-centrale"},"modified":"2022-12-16T17:17:25","modified_gmt":"2022-12-16T17:17:25","slug":"la-declaration-de-libreville-un-instrument-de-lutte-contre-le-trafic-illicite-des-biens-culturels-en-afrique-centrale","status":"publish","type":"post","link":"https:\/\/www.africa-press.net\/gabon\/toutes-les-actualites\/la-declaration-de-libreville-un-instrument-de-lutte-contre-le-trafic-illicite-des-biens-culturels-en-afrique-centrale","title":{"rendered":"La D\u00e9claration de Libreville\u00a0: Un instrument de lutte contre le trafic illicite des biens culturels en Afrique centrale"},"content":{"rendered":"<p><span style=\"color: #ff6600\"><strong>Africa-Press &#8211; Gabon. <\/strong><\/span><b>Re\u0301unis a\u0300 Libreville a\u0300 l\u2019occasion d\u2019un atelier sous-re\u0301gional, les ministres en charge de la Culture des pays de l\u2019Afrique centrale ont signe\u0301, le 15 de\u0301cembre, une de\u0301claration d\u2019intention visant le renforcement de la coope\u0301ration dans la lutte contre le trafic illicite, la circulation, le retour et la restitution des biens culturels. Soutenu par le Be\u0301nin, le document est baptise\u0301 \u00abDe\u0301claration de Libreville\u00bb.<\/b><\/p>\n<p>Re\u0301unis dans la capitale gabonaise dans le cadre des travaux de l\u2019atelier sous-re\u0301gional \u00abMuse\u0301es et lutte contre le trafic illicite des biens culturels en Afrique centrale\u00bb organise\u0301 du 12 au 15 de\u0301cembre dernier, les ministres en charge de la Culture des pays membres de la Communaute\u0301 e\u0301conomique des E\u0301tats de l\u2019Afrique centrale (CEEAC), ont adopte\u0301 \u00abla De\u0301claration de Libreville\u00bb sur les muse\u0301es, la circulation, la lutte contre le trafic illicite, le retour et la restitution des biens culturels.<\/p>\n<p>Dans cette de\u0301claration de Libreville, les ministres re\u0301affirment leur volonte\u0301 conjointe a\u0300 lutter contre le trafic illicite et a\u0300 encourager et encadrer la circulation, le retour et la restitution des biens culturels en Afrique centrale. De me\u0302me, ils s\u2019engagent entre autres a\u0300 soutenir les E\u0301tats de l\u2019Afrique centrale qui ne l\u2019ont pas encore fait, a\u0300 ratifier la convention Unesco de 1970 concernant les mesures a\u0300 prendre pour interdire et empe\u0302cher l\u2019importation, l\u2019exportation et le transfert de proprie\u0301te\u0301 illicite des biens culturels et la Convention Unidroit de 1995 sur les biens culturels vole\u0301s ou illicitement exporte\u0301s.<\/p>\n<p>\u00abCette de\u0301claration qui a rec\u0327u le soutien de la Re\u0301publique s\u0153ur du Be\u0301nin et signe\u0301e par 7 E\u0301tats de l\u2019Afrique centrale pre\u0301sents, est un engagement fort des pays signataires a\u0300 ratifier la convention de l\u2019Unesco et ses me\u0301canismes associe\u0301s sur la protection du patrimoine culturel\u00bb, a de\u0301clare\u0301 le ministre gabonais en charge de la Culture, Patrick Mouguiama Daouda, pre\u0301cisant qu\u2019elle sera suivie d\u2019un plan d\u2019action devant permettre a\u0300 terme d\u2019e\u0301valuer sa mise en application de telle sorte qu\u2019il ne soit pas un texte de plus, mais un texte qui s\u2019accompagne tout de suite de re\u0301sultats concrets et qui contribue a\u0300 lutter contre le trafic illicite des biens culturels.<\/p>\n<p>Conc\u0327u par les experts et soumis a\u0300 l\u2019appre\u0301ciation des ministres de la Culture d\u2019Afrique centrale, cette de\u0301claration se pre\u0301sente comme un instrument pour re\u0301gler, faire avancer, trouver des solutions a\u0300 la proble\u0301matique du trafic illicite des biens culturels. \u00abNous appelons solennellement la communaute\u0301 internationale a\u0300 soutenir pleinement la de\u0301claration de Libreville des ministres en charge de la Culture des pays de l\u2019Afrique centrale sur le trafic illicite, la circulation, le retour et la restitution des biens culturels en vue de favoriser des synergies et une plus forte collaboration\u00bb, concluent les ministres en charge de la Culture des pays de la CEEAC.<\/p>\n<p><strong>Pour plus d&rsquo;informations et d&rsquo;analyses sur la <a href=\"https:\/\/www.africa-press.net\/gabon\">Gabon<\/a>, suivez <a href=\"https:\/\/www.africa-press.net\/\">Africa-Press<\/a><\/strong><\/p>\n","protected":false},"excerpt":{"rendered":"<p>Africa-Press &#8211; Gabon. Re\u0301unis a\u0300 Libreville a\u0300 l\u2019occasion d\u2019un atelier sous-re\u0301gional, les ministres en charge de la Culture des pays de l\u2019Afrique centrale ont signe\u0301, le 15 de\u0301cembre, une de\u0301claration d\u2019intention visant le renforcement de la coope\u0301ration dans la lutte contre le trafic illicite, la circulation, le retour et la restitution des biens culturels. Soutenu [&hellip;]<\/p>\n","protected":false},"author":82,"featured_media":13945,"comment_status":"open","ping_status":"closed","sticky":false,"template":"","format":"standard","meta":{"footnotes":""},"categories":[21,10],"tags":[36,50,49],"class_list":["post-13946","post","type-post","status-publish","format-standard","has-post-thumbnail","hentry","category-communaute","category-toutes-les-actualites","tag-africa-press","tag-africa-press-gabon","tag-gabon"],"yoast_head":"<!-- This site is optimized with the Yoast SEO Premium plugin v26.1 (Yoast SEO v27.0) - https:\/\/yoast.com\/product\/yoast-seo-premium-wordpress\/ -->\n<title>La D\u00e9claration de Libreville\u00a0: Un instrument de lutte contre le trafic illicite des biens culturels en Afrique centrale - Gabon<\/title>\n<meta name=\"robots\" content=\"index, follow, max-snippet:-1, max-image-preview:large, max-video-preview:-1\" \/>\n<link rel=\"canonical\" href=\"https:\/\/www.africa-press.net\/gabon\/politique\/la-declaration-de-libreville-un-instrument-de-lutte-contre-le-trafic-illicite-des-biens-culturels-en-afrique-centrale\" \/>\n<meta property=\"og:locale\" content=\"fr_FR\" \/>\n<meta property=\"og:type\" content=\"article\" \/>\n<meta property=\"og:title\" content=\"La D\u00e9claration de Libreville\u00a0: Un instrument de lutte contre le trafic illicite des biens culturels en Afrique centrale\" \/>\n<meta property=\"og:description\" content=\"Africa-Press &#8211; Gabon. Re\u0301unis a\u0300 Libreville a\u0300 l\u2019occasion d\u2019un atelier sous-re\u0301gional, les ministres en charge de la Culture des pays de l\u2019Afrique centrale ont signe\u0301, le 15 de\u0301cembre, une de\u0301claration d\u2019intention visant le renforcement de la coope\u0301ration dans la lutte contre le trafic illicite, la circulation, le retour et la restitution des biens culturels. Soutenu [&hellip;]\" \/>\n<meta property=\"og:url\" content=\"https:\/\/www.africa-press.net\/gabon\/politique\/la-declaration-de-libreville-un-instrument-de-lutte-contre-le-trafic-illicite-des-biens-culturels-en-afrique-centrale\" \/>\n<meta property=\"og:site_name\" content=\"Gabon\" \/>\n<meta property=\"article:published_time\" content=\"2022-12-16T17:17:25+00:00\" \/>\n<meta name=\"author\" content=\"cfeditorfr\" \/>\n<meta name=\"twitter:card\" content=\"summary_large_image\" \/>\n<meta name=\"twitter:label1\" content=\"\u00c9crit par\" \/>\n\t<meta name=\"twitter:data1\" content=\"cfeditorfr\" \/>\n\t<meta name=\"twitter:label2\" content=\"Dur\u00e9e de lecture estim\u00e9e\" \/>\n\t<meta name=\"twitter:data2\" content=\"3 minutes\" \/>\n<script type=\"application\/ld+json\" class=\"yoast-schema-graph\">{\"@context\":\"https:\/\/schema.org\",\"@graph\":[{\"@type\":\"Article\",\"@id\":\"https:\/\/www.africa-press.net\/gabon\/politique\/la-declaration-de-libreville-un-instrument-de-lutte-contre-le-trafic-illicite-des-biens-culturels-en-afrique-centrale#article\",\"isPartOf\":{\"@id\":\"https:\/\/www.africa-press.net\/gabon\/politique\/la-declaration-de-libreville-un-instrument-de-lutte-contre-le-trafic-illicite-des-biens-culturels-en-afrique-centrale\"},\"author\":{\"name\":\"cfeditorfr\",\"@id\":\"https:\/\/www.africa-press.net\/gabon\/#\/schema\/person\/2b1cf3cd81a31e3cd26889ca66d677f1\"},\"headline\":\"La D\u00e9claration de Libreville\u00a0: Un instrument de lutte contre le trafic illicite des biens culturels en Afrique centrale\",\"datePublished\":\"2022-12-16T17:17:25+00:00\",\"mainEntityOfPage\":{\"@id\":\"https:\/\/www.africa-press.net\/gabon\/politique\/la-declaration-de-libreville-un-instrument-de-lutte-contre-le-trafic-illicite-des-biens-culturels-en-afrique-centrale\"},\"wordCount\":538,\"commentCount\":0,\"image\":{\"@id\":\"https:\/\/www.africa-press.net\/gabon\/politique\/la-declaration-de-libreville-un-instrument-de-lutte-contre-le-trafic-illicite-des-biens-culturels-en-afrique-centrale#primaryimage\"},\"thumbnailUrl\":\"https:\/\/static.africa-press.net\/gabon\/sites\/54\/2022\/12\/postQueueImg_1671198448.86.jpg\",\"keywords\":[\"Africa Press\",\"Africa Press-Gabon\",\"Gabon\"],\"articleSection\":[\"Communaut\u00e9\",\"Toutes les actualit\u00e9s\"],\"inLanguage\":\"fr-FR\",\"potentialAction\":[{\"@type\":\"CommentAction\",\"name\":\"Comment\",\"target\":[\"https:\/\/www.africa-press.net\/gabon\/politique\/la-declaration-de-libreville-un-instrument-de-lutte-contre-le-trafic-illicite-des-biens-culturels-en-afrique-centrale#respond\"]}]},{\"@type\":\"WebPage\",\"@id\":\"https:\/\/www.africa-press.net\/gabon\/politique\/la-declaration-de-libreville-un-instrument-de-lutte-contre-le-trafic-illicite-des-biens-culturels-en-afrique-centrale\",\"url\":\"https:\/\/www.africa-press.net\/gabon\/politique\/la-declaration-de-libreville-un-instrument-de-lutte-contre-le-trafic-illicite-des-biens-culturels-en-afrique-centrale\",\"name\":\"La D\u00e9claration de Libreville\u00a0: Un instrument de lutte contre le trafic illicite des biens culturels en Afrique centrale - Gabon\",\"isPartOf\":{\"@id\":\"https:\/\/www.africa-press.net\/gabon\/#website\"},\"primaryImageOfPage\":{\"@id\":\"https:\/\/www.africa-press.net\/gabon\/politique\/la-declaration-de-libreville-un-instrument-de-lutte-contre-le-trafic-illicite-des-biens-culturels-en-afrique-centrale#primaryimage\"},\"image\":{\"@id\":\"https:\/\/www.africa-press.net\/gabon\/politique\/la-declaration-de-libreville-un-instrument-de-lutte-contre-le-trafic-illicite-des-biens-culturels-en-afrique-centrale#primaryimage\"},\"thumbnailUrl\":\"https:\/\/static.africa-press.net\/gabon\/sites\/54\/2022\/12\/postQueueImg_1671198448.86.jpg\",\"datePublished\":\"2022-12-16T17:17:25+00:00\",\"author\":{\"@id\":\"https:\/\/www.africa-press.net\/gabon\/#\/schema\/person\/2b1cf3cd81a31e3cd26889ca66d677f1\"},\"breadcrumb\":{\"@id\":\"https:\/\/www.africa-press.net\/gabon\/politique\/la-declaration-de-libreville-un-instrument-de-lutte-contre-le-trafic-illicite-des-biens-culturels-en-afrique-centrale#breadcrumb\"},\"inLanguage\":\"fr-FR\",\"potentialAction\":[{\"@type\":\"ReadAction\",\"target\":[\"https:\/\/www.africa-press.net\/gabon\/politique\/la-declaration-de-libreville-un-instrument-de-lutte-contre-le-trafic-illicite-des-biens-culturels-en-afrique-centrale\"]}]},{\"@type\":\"ImageObject\",\"inLanguage\":\"fr-FR\",\"@id\":\"https:\/\/www.africa-press.net\/gabon\/politique\/la-declaration-de-libreville-un-instrument-de-lutte-contre-le-trafic-illicite-des-biens-culturels-en-afrique-centrale#primaryimage\",\"url\":\"https:\/\/static.africa-press.net\/gabon\/sites\/54\/2022\/12\/postQueueImg_1671198448.86.jpg\",\"contentUrl\":\"https:\/\/static.africa-press.net\/gabon\/sites\/54\/2022\/12\/postQueueImg_1671198448.86.jpg\",\"width\":774,\"height\":569,\"caption\":\"La D\u00e9claration de Libreville\u00a0: Un instrument de lutte contre le trafic illicite des biens culturels en Afrique centrale\"},{\"@type\":\"BreadcrumbList\",\"@id\":\"https:\/\/www.africa-press.net\/gabon\/politique\/la-declaration-de-libreville-un-instrument-de-lutte-contre-le-trafic-illicite-des-biens-culturels-en-afrique-centrale#breadcrumb\",\"itemListElement\":[{\"@type\":\"ListItem\",\"position\":1,\"name\":\"Accueil\",\"item\":\"https:\/\/www.africa-press.net\/gabon\/\"},{\"@type\":\"ListItem\",\"position\":2,\"name\":\"La D\u00e9claration de Libreville\u00a0: Un instrument de lutte contre le trafic illicite des biens culturels en Afrique centrale\"}]},{\"@type\":\"WebSite\",\"@id\":\"https:\/\/www.africa-press.net\/gabon\/#website\",\"url\":\"https:\/\/www.africa-press.net\/gabon\/\",\"name\":\"Gabon\",\"description\":\"Just another Africa News Agency Sites site\",\"potentialAction\":[{\"@type\":\"SearchAction\",\"target\":{\"@type\":\"EntryPoint\",\"urlTemplate\":\"https:\/\/www.africa-press.net\/gabon\/?s={search_term_string}\"},\"query-input\":{\"@type\":\"PropertyValueSpecification\",\"valueRequired\":true,\"valueName\":\"search_term_string\"}}],\"inLanguage\":\"fr-FR\"},{\"@type\":\"Person\",\"@id\":\"https:\/\/www.africa-press.net\/gabon\/#\/schema\/person\/2b1cf3cd81a31e3cd26889ca66d677f1\",\"name\":\"cfeditorfr\"}]}<\/script>\n<!-- \/ Yoast SEO Premium plugin. -->","yoast_head_json":{"title":"La D\u00e9claration de Libreville\u00a0: Un instrument de lutte contre le trafic illicite des biens culturels en Afrique centrale - Gabon","robots":{"index":"index","follow":"follow","max-snippet":"max-snippet:-1","max-image-preview":"max-image-preview:large","max-video-preview":"max-video-preview:-1"},"canonical":"https:\/\/www.africa-press.net\/gabon\/politique\/la-declaration-de-libreville-un-instrument-de-lutte-contre-le-trafic-illicite-des-biens-culturels-en-afrique-centrale","og_locale":"fr_FR","og_type":"article","og_title":"La D\u00e9claration de Libreville\u00a0: Un instrument de lutte contre le trafic illicite des biens culturels en Afrique centrale","og_description":"Africa-Press &#8211; Gabon. Re\u0301unis a\u0300 Libreville a\u0300 l\u2019occasion d\u2019un atelier sous-re\u0301gional, les ministres en charge de la Culture des pays de l\u2019Afrique centrale ont signe\u0301, le 15 de\u0301cembre, une de\u0301claration d\u2019intention visant le renforcement de la coope\u0301ration dans la lutte contre le trafic illicite, la circulation, le retour et la restitution des biens culturels. Soutenu [&hellip;]","og_url":"https:\/\/www.africa-press.net\/gabon\/politique\/la-declaration-de-libreville-un-instrument-de-lutte-contre-le-trafic-illicite-des-biens-culturels-en-afrique-centrale","og_site_name":"Gabon","article_published_time":"2022-12-16T17:17:25+00:00","author":"cfeditorfr","twitter_card":"summary_large_image","twitter_misc":{"\u00c9crit par":"cfeditorfr","Dur\u00e9e de lecture estim\u00e9e":"3 minutes"},"schema":{"@context":"https:\/\/schema.org","@graph":[{"@type":"Article","@id":"https:\/\/www.africa-press.net\/gabon\/politique\/la-declaration-de-libreville-un-instrument-de-lutte-contre-le-trafic-illicite-des-biens-culturels-en-afrique-centrale#article","isPartOf":{"@id":"https:\/\/www.africa-press.net\/gabon\/politique\/la-declaration-de-libreville-un-instrument-de-lutte-contre-le-trafic-illicite-des-biens-culturels-en-afrique-centrale"},"author":{"name":"cfeditorfr","@id":"https:\/\/www.africa-press.net\/gabon\/#\/schema\/person\/2b1cf3cd81a31e3cd26889ca66d677f1"},"headline":"La D\u00e9claration de Libreville\u00a0: Un instrument de lutte contre le trafic illicite des biens culturels en Afrique centrale","datePublished":"2022-12-16T17:17:25+00:00","mainEntityOfPage":{"@id":"https:\/\/www.africa-press.net\/gabon\/politique\/la-declaration-de-libreville-un-instrument-de-lutte-contre-le-trafic-illicite-des-biens-culturels-en-afrique-centrale"},"wordCount":538,"commentCount":0,"image":{"@id":"https:\/\/www.africa-press.net\/gabon\/politique\/la-declaration-de-libreville-un-instrument-de-lutte-contre-le-trafic-illicite-des-biens-culturels-en-afrique-centrale#primaryimage"},"thumbnailUrl":"https:\/\/static.africa-press.net\/gabon\/sites\/54\/2022\/12\/postQueueImg_1671198448.86.jpg","keywords":["Africa Press","Africa Press-Gabon","Gabon"],"articleSection":["Communaut\u00e9","Toutes les actualit\u00e9s"],"inLanguage":"fr-FR","potentialAction":[{"@type":"CommentAction","name":"Comment","target":["https:\/\/www.africa-press.net\/gabon\/politique\/la-declaration-de-libreville-un-instrument-de-lutte-contre-le-trafic-illicite-des-biens-culturels-en-afrique-centrale#respond"]}]},{"@type":"WebPage","@id":"https:\/\/www.africa-press.net\/gabon\/politique\/la-declaration-de-libreville-un-instrument-de-lutte-contre-le-trafic-illicite-des-biens-culturels-en-afrique-centrale","url":"https:\/\/www.africa-press.net\/gabon\/politique\/la-declaration-de-libreville-un-instrument-de-lutte-contre-le-trafic-illicite-des-biens-culturels-en-afrique-centrale","name":"La D\u00e9claration de Libreville\u00a0: Un instrument de lutte contre le trafic illicite des biens culturels en Afrique centrale - Gabon","isPartOf":{"@id":"https:\/\/www.africa-press.net\/gabon\/#website"},"primaryImageOfPage":{"@id":"https:\/\/www.africa-press.net\/gabon\/politique\/la-declaration-de-libreville-un-instrument-de-lutte-contre-le-trafic-illicite-des-biens-culturels-en-afrique-centrale#primaryimage"},"image":{"@id":"https:\/\/www.africa-press.net\/gabon\/politique\/la-declaration-de-libreville-un-instrument-de-lutte-contre-le-trafic-illicite-des-biens-culturels-en-afrique-centrale#primaryimage"},"thumbnailUrl":"https:\/\/static.africa-press.net\/gabon\/sites\/54\/2022\/12\/postQueueImg_1671198448.86.jpg","datePublished":"2022-12-16T17:17:25+00:00","author":{"@id":"https:\/\/www.africa-press.net\/gabon\/#\/schema\/person\/2b1cf3cd81a31e3cd26889ca66d677f1"},"breadcrumb":{"@id":"https:\/\/www.africa-press.net\/gabon\/politique\/la-declaration-de-libreville-un-instrument-de-lutte-contre-le-trafic-illicite-des-biens-culturels-en-afrique-centrale#breadcrumb"},"inLanguage":"fr-FR","potentialAction":[{"@type":"ReadAction","target":["https:\/\/www.africa-press.net\/gabon\/politique\/la-declaration-de-libreville-un-instrument-de-lutte-contre-le-trafic-illicite-des-biens-culturels-en-afrique-centrale"]}]},{"@type":"ImageObject","inLanguage":"fr-FR","@id":"https:\/\/www.africa-press.net\/gabon\/politique\/la-declaration-de-libreville-un-instrument-de-lutte-contre-le-trafic-illicite-des-biens-culturels-en-afrique-centrale#primaryimage","url":"https:\/\/static.africa-press.net\/gabon\/sites\/54\/2022\/12\/postQueueImg_1671198448.86.jpg","contentUrl":"https:\/\/static.africa-press.net\/gabon\/sites\/54\/2022\/12\/postQueueImg_1671198448.86.jpg","width":774,"height":569,"caption":"La D\u00e9claration de Libreville\u00a0: Un instrument de lutte contre le trafic illicite des biens culturels en Afrique centrale"},{"@type":"BreadcrumbList","@id":"https:\/\/www.africa-press.net\/gabon\/politique\/la-declaration-de-libreville-un-instrument-de-lutte-contre-le-trafic-illicite-des-biens-culturels-en-afrique-centrale#breadcrumb","itemListElement":[{"@type":"ListItem","position":1,"name":"Accueil","item":"https:\/\/www.africa-press.net\/gabon\/"},{"@type":"ListItem","position":2,"name":"La D\u00e9claration de Libreville\u00a0: Un instrument de lutte contre le trafic illicite des biens culturels en Afrique centrale"}]},{"@type":"WebSite","@id":"https:\/\/www.africa-press.net\/gabon\/#website","url":"https:\/\/www.africa-press.net\/gabon\/","name":"Gabon","description":"Just another Africa News Agency Sites site","potentialAction":[{"@type":"SearchAction","target":{"@type":"EntryPoint","urlTemplate":"https:\/\/www.africa-press.net\/gabon\/?s={search_term_string}"},"query-input":{"@type":"PropertyValueSpecification","valueRequired":true,"valueName":"search_term_string"}}],"inLanguage":"fr-FR"},{"@type":"Person","@id":"https:\/\/www.africa-press.net\/gabon\/#\/schema\/person\/2b1cf3cd81a31e3cd26889ca66d677f1","name":"cfeditorfr"}]}},"_links":{"self":[{"href":"https:\/\/www.africa-press.net\/gabon\/wp-json\/wp\/v2\/posts\/13946","targetHints":{"allow":["GET"]}}],"collection":[{"href":"https:\/\/www.africa-press.net\/gabon\/wp-json\/wp\/v2\/posts"}],"about":[{"href":"https:\/\/www.africa-press.net\/gabon\/wp-json\/wp\/v2\/types\/post"}],"author":[{"embeddable":true,"href":"https:\/\/www.africa-press.net\/gabon\/wp-json\/wp\/v2\/users\/82"}],"replies":[{"embeddable":true,"href":"https:\/\/www.africa-press.net\/gabon\/wp-json\/wp\/v2\/comments?post=13946"}],"version-history":[{"count":0,"href":"https:\/\/www.africa-press.net\/gabon\/wp-json\/wp\/v2\/posts\/13946\/revisions"}],"wp:featuredmedia":[{"embeddable":true,"href":"https:\/\/www.africa-press.net\/gabon\/wp-json\/wp\/v2\/media\/13945"}],"wp:attachment":[{"href":"https:\/\/www.africa-press.net\/gabon\/wp-json\/wp\/v2\/media?parent=13946"}],"wp:term":[{"taxonomy":"category","embeddable":true,"href":"https:\/\/www.africa-press.net\/gabon\/wp-json\/wp\/v2\/categories?post=13946"},{"taxonomy":"post_tag","embeddable":true,"href":"https:\/\/www.africa-press.net\/gabon\/wp-json\/wp\/v2\/tags?post=13946"}],"curies":[{"name":"wp","href":"https:\/\/api.w.org\/{rel}","templated":true}]}}