{"id":13950,"date":"2022-12-16T17:17:39","date_gmt":"2022-12-16T17:17:39","guid":{"rendered":"https:\/\/www.africa-press.net\/gabon\/politique\/elections-2023-lopposition-republicaine-et-patriotique-en-rangs-serres"},"modified":"2022-12-16T17:17:39","modified_gmt":"2022-12-16T17:17:39","slug":"elections-2023-lopposition-republicaine-et-patriotique-en-rangs-serres","status":"publish","type":"post","link":"https:\/\/www.africa-press.net\/gabon\/politique\/elections-2023-lopposition-republicaine-et-patriotique-en-rangs-serres","title":{"rendered":"\u00c9lections 2023 : l\u2019opposition \u00abrepublicaine et patriotique\u00bb en rangs serr\u00e9s"},"content":{"rendered":"<p><span style=\"color: #ff6600\"><strong>Africa-Press &#8211; Gabon. <\/strong><\/span>Trois jours seulement apre\u0300s la rencontre initie\u0301e par l\u2019Union nationale et ses allie\u0301s, 18 partis de l\u2019opposition soutenant jusque-la\u0300 la politique d\u2019Ali Bongo se sont e\u0301galement re\u0301unis cette semaine en vue d\u2019unir leurs forces au sein du Congre\u0300s de l\u2019opposition re\u0301publicaine et patriotique (CORP) dans la perspective des e\u0301che\u0301ances e\u0301lectorales de 2023. La nouvelle structure affirme ne pas encore savoir quel candidat elle soutiendra lors de la prochaine pre\u0301sidentielle.<\/p>\n<p>Ils n\u2019ont pas entendu longtemps. A\u0300 la suite de la rencontre de l\u2019opposition militant pour l\u2019alternance organise\u0301e, lundi 12 de\u0301cembre a\u0300 Libreville, a\u0300 l\u2019initiative de Paulette Missambo, pre\u0301sidente de l\u2019Union nationale (UN), 18 partis de l\u2019opposition soutenant la politique d\u2019Ali Bongo se sont e\u0301galement re\u0301unis cette semaine dans la capitale du Gabon. L\u2019occasion pour les leaders de ces diffe\u0301rentes formations politiques de signer la charte d\u2019une convention visant la cre\u0301ation du Congre\u0300s de l\u2019opposition re\u0301publicaine et patriotique (CORP).<\/p>\n<p>Conduite par Bonaventure Nzigou Manfoumbi, pre\u0301sident du Front d\u2019e\u0301galite\u0301 re\u0301publicaine (FER), cette nouvelle structure \u00abentend \u0153uvrer a\u0300 l\u2019e\u0301dification d\u2019une socie\u0301te\u0301 nouvelle dans laquelle vivent dignement des citoyens libres, solidaires et respectueux de l\u2019E\u0301tat de droit\u00bb. Le de\u0301pute\u0301 promet e\u0301galement qu\u2019aux co\u0302te\u0301s des autorite\u0301s, quelles qu\u2019elles soient, le CORP s\u2019investira dans \u00able de\u0301veloppement inte\u0301gral du pays, la cohe\u0301sion et la solidarite\u0301 nationale, la justice sociale, le bien-e\u0302tre de tous, etc.\u00bb.<\/p>\n<p>Pas encore de candidat pour la pre\u0301sidentielle<\/p>\n<p>Officiellement, la nouvelle structure politique n\u2019a pas encore de\u0301signe\u0301 son candidat pour la pre\u0301sidentielle de 2023. Me\u0302me si l\u2019on se doute bien qu\u2019elle soutiendra le pre\u0301sident de la Re\u0301publique actuel au cas ou\u0300 il briguerait un troisie\u0300me mandat.<\/p>\n<p>Selon le porte-parole, Simon Adolph Evouna, c\u2019est au directoire du CORP que revient cette responsabilite\u0301. Le bureau actuel a en effet e\u0301te\u0301 mandate\u0301 pour \u00absigner un accord politique avec le candidat de son choix\u00bb, conforme\u0301ment aux dispositions de la convention signe\u0301e par les diffe\u0301rents membres du groupe.<\/p>\n<p><strong>Pour plus d&rsquo;informations et d&rsquo;analyses sur la <a href=\"https:\/\/www.africa-press.net\/gabon\">Gabon<\/a>, suivez <a href=\"https:\/\/www.africa-press.net\/\">Africa-Press<\/a><\/strong><\/p>\n","protected":false},"excerpt":{"rendered":"<p>Africa-Press &#8211; Gabon. Trois jours seulement apre\u0300s la rencontre initie\u0301e par l\u2019Union nationale et ses allie\u0301s, 18 partis de l\u2019opposition soutenant jusque-la\u0300 la politique d\u2019Ali Bongo se sont e\u0301galement re\u0301unis cette semaine en vue d\u2019unir leurs forces au sein du Congre\u0300s de l\u2019opposition re\u0301publicaine et patriotique (CORP) dans la perspective des e\u0301che\u0301ances e\u0301lectorales de 2023. [&hellip;]<\/p>\n","protected":false},"author":82,"featured_media":13949,"comment_status":"open","ping_status":"closed","sticky":false,"template":"","format":"standard","meta":{"footnotes":""},"categories":[2,10],"tags":[36,50,49],"class_list":["post-13950","post","type-post","status-publish","format-standard","has-post-thumbnail","hentry","category-politique","category-toutes-les-actualites","tag-africa-press","tag-africa-press-gabon","tag-gabon"],"yoast_head":"<!-- This site is optimized with the Yoast SEO Premium plugin v26.1 (Yoast SEO v27.0) - https:\/\/yoast.com\/product\/yoast-seo-premium-wordpress\/ -->\n<title>\u00c9lections 2023 : l\u2019opposition \u00abrepublicaine et patriotique\u00bb en rangs serr\u00e9s - Gabon<\/title>\n<meta name=\"robots\" content=\"index, follow, max-snippet:-1, max-image-preview:large, max-video-preview:-1\" \/>\n<link rel=\"canonical\" href=\"https:\/\/www.africa-press.net\/gabon\/politique\/elections-2023-lopposition-republicaine-et-patriotique-en-rangs-serres\" \/>\n<meta property=\"og:locale\" content=\"fr_FR\" \/>\n<meta property=\"og:type\" content=\"article\" \/>\n<meta property=\"og:title\" content=\"\u00c9lections 2023 : l\u2019opposition \u00abrepublicaine et patriotique\u00bb en rangs serr\u00e9s\" \/>\n<meta property=\"og:description\" content=\"Africa-Press &#8211; Gabon. Trois jours seulement apre\u0300s la rencontre initie\u0301e par l\u2019Union nationale et ses allie\u0301s, 18 partis de l\u2019opposition soutenant jusque-la\u0300 la politique d\u2019Ali Bongo se sont e\u0301galement re\u0301unis cette semaine en vue d\u2019unir leurs forces au sein du Congre\u0300s de l\u2019opposition re\u0301publicaine et patriotique (CORP) dans la perspective des e\u0301che\u0301ances e\u0301lectorales de 2023. [&hellip;]\" \/>\n<meta property=\"og:url\" content=\"https:\/\/www.africa-press.net\/gabon\/politique\/elections-2023-lopposition-republicaine-et-patriotique-en-rangs-serres\" \/>\n<meta property=\"og:site_name\" content=\"Gabon\" \/>\n<meta property=\"article:published_time\" content=\"2022-12-16T17:17:39+00:00\" \/>\n<meta name=\"author\" content=\"cfeditorfr\" \/>\n<meta name=\"twitter:card\" content=\"summary_large_image\" \/>\n<meta name=\"twitter:label1\" content=\"\u00c9crit par\" \/>\n\t<meta name=\"twitter:data1\" content=\"cfeditorfr\" \/>\n\t<meta name=\"twitter:label2\" content=\"Dur\u00e9e de lecture estim\u00e9e\" \/>\n\t<meta name=\"twitter:data2\" content=\"2 minutes\" \/>\n<script type=\"application\/ld+json\" class=\"yoast-schema-graph\">{\"@context\":\"https:\/\/schema.org\",\"@graph\":[{\"@type\":\"Article\",\"@id\":\"https:\/\/www.africa-press.net\/gabon\/politique\/elections-2023-lopposition-republicaine-et-patriotique-en-rangs-serres#article\",\"isPartOf\":{\"@id\":\"https:\/\/www.africa-press.net\/gabon\/politique\/elections-2023-lopposition-republicaine-et-patriotique-en-rangs-serres\"},\"author\":{\"name\":\"cfeditorfr\",\"@id\":\"https:\/\/www.africa-press.net\/gabon\/#\/schema\/person\/2b1cf3cd81a31e3cd26889ca66d677f1\"},\"headline\":\"\u00c9lections 2023 : l\u2019opposition \u00abrepublicaine et patriotique\u00bb en rangs serr\u00e9s\",\"datePublished\":\"2022-12-16T17:17:39+00:00\",\"mainEntityOfPage\":{\"@id\":\"https:\/\/www.africa-press.net\/gabon\/politique\/elections-2023-lopposition-republicaine-et-patriotique-en-rangs-serres\"},\"wordCount\":400,\"commentCount\":0,\"image\":{\"@id\":\"https:\/\/www.africa-press.net\/gabon\/politique\/elections-2023-lopposition-republicaine-et-patriotique-en-rangs-serres#primaryimage\"},\"thumbnailUrl\":\"https:\/\/static.africa-press.net\/gabon\/sites\/54\/2022\/12\/postQueueImg_1671198464.14.jpg\",\"keywords\":[\"Africa Press\",\"Africa Press-Gabon\",\"Gabon\"],\"articleSection\":[\"Politique\",\"Toutes les actualit\u00e9s\"],\"inLanguage\":\"fr-FR\",\"potentialAction\":[{\"@type\":\"CommentAction\",\"name\":\"Comment\",\"target\":[\"https:\/\/www.africa-press.net\/gabon\/politique\/elections-2023-lopposition-republicaine-et-patriotique-en-rangs-serres#respond\"]}]},{\"@type\":\"WebPage\",\"@id\":\"https:\/\/www.africa-press.net\/gabon\/politique\/elections-2023-lopposition-republicaine-et-patriotique-en-rangs-serres\",\"url\":\"https:\/\/www.africa-press.net\/gabon\/politique\/elections-2023-lopposition-republicaine-et-patriotique-en-rangs-serres\",\"name\":\"\u00c9lections 2023 : l\u2019opposition \u00abrepublicaine et patriotique\u00bb en rangs serr\u00e9s - Gabon\",\"isPartOf\":{\"@id\":\"https:\/\/www.africa-press.net\/gabon\/#website\"},\"primaryImageOfPage\":{\"@id\":\"https:\/\/www.africa-press.net\/gabon\/politique\/elections-2023-lopposition-republicaine-et-patriotique-en-rangs-serres#primaryimage\"},\"image\":{\"@id\":\"https:\/\/www.africa-press.net\/gabon\/politique\/elections-2023-lopposition-republicaine-et-patriotique-en-rangs-serres#primaryimage\"},\"thumbnailUrl\":\"https:\/\/static.africa-press.net\/gabon\/sites\/54\/2022\/12\/postQueueImg_1671198464.14.jpg\",\"datePublished\":\"2022-12-16T17:17:39+00:00\",\"author\":{\"@id\":\"https:\/\/www.africa-press.net\/gabon\/#\/schema\/person\/2b1cf3cd81a31e3cd26889ca66d677f1\"},\"breadcrumb\":{\"@id\":\"https:\/\/www.africa-press.net\/gabon\/politique\/elections-2023-lopposition-republicaine-et-patriotique-en-rangs-serres#breadcrumb\"},\"inLanguage\":\"fr-FR\",\"potentialAction\":[{\"@type\":\"ReadAction\",\"target\":[\"https:\/\/www.africa-press.net\/gabon\/politique\/elections-2023-lopposition-republicaine-et-patriotique-en-rangs-serres\"]}]},{\"@type\":\"ImageObject\",\"inLanguage\":\"fr-FR\",\"@id\":\"https:\/\/www.africa-press.net\/gabon\/politique\/elections-2023-lopposition-republicaine-et-patriotique-en-rangs-serres#primaryimage\",\"url\":\"https:\/\/static.africa-press.net\/gabon\/sites\/54\/2022\/12\/postQueueImg_1671198464.14.jpg\",\"contentUrl\":\"https:\/\/static.africa-press.net\/gabon\/sites\/54\/2022\/12\/postQueueImg_1671198464.14.jpg\",\"width\":720,\"height\":462,\"caption\":\"\u00c9lections 2023 : l\u2019opposition \u00abrepublicaine et patriotique\u00bb en rangs serr\u00e9s\"},{\"@type\":\"BreadcrumbList\",\"@id\":\"https:\/\/www.africa-press.net\/gabon\/politique\/elections-2023-lopposition-republicaine-et-patriotique-en-rangs-serres#breadcrumb\",\"itemListElement\":[{\"@type\":\"ListItem\",\"position\":1,\"name\":\"Accueil\",\"item\":\"https:\/\/www.africa-press.net\/gabon\/\"},{\"@type\":\"ListItem\",\"position\":2,\"name\":\"\u00c9lections 2023 : l\u2019opposition \u00abrepublicaine et patriotique\u00bb en rangs serr\u00e9s\"}]},{\"@type\":\"WebSite\",\"@id\":\"https:\/\/www.africa-press.net\/gabon\/#website\",\"url\":\"https:\/\/www.africa-press.net\/gabon\/\",\"name\":\"Gabon\",\"description\":\"Just another Africa News Agency Sites site\",\"potentialAction\":[{\"@type\":\"SearchAction\",\"target\":{\"@type\":\"EntryPoint\",\"urlTemplate\":\"https:\/\/www.africa-press.net\/gabon\/?s={search_term_string}\"},\"query-input\":{\"@type\":\"PropertyValueSpecification\",\"valueRequired\":true,\"valueName\":\"search_term_string\"}}],\"inLanguage\":\"fr-FR\"},{\"@type\":\"Person\",\"@id\":\"https:\/\/www.africa-press.net\/gabon\/#\/schema\/person\/2b1cf3cd81a31e3cd26889ca66d677f1\",\"name\":\"cfeditorfr\"}]}<\/script>\n<!-- \/ Yoast SEO Premium plugin. -->","yoast_head_json":{"title":"\u00c9lections 2023 : l\u2019opposition \u00abrepublicaine et patriotique\u00bb en rangs serr\u00e9s - Gabon","robots":{"index":"index","follow":"follow","max-snippet":"max-snippet:-1","max-image-preview":"max-image-preview:large","max-video-preview":"max-video-preview:-1"},"canonical":"https:\/\/www.africa-press.net\/gabon\/politique\/elections-2023-lopposition-republicaine-et-patriotique-en-rangs-serres","og_locale":"fr_FR","og_type":"article","og_title":"\u00c9lections 2023 : l\u2019opposition \u00abrepublicaine et patriotique\u00bb en rangs serr\u00e9s","og_description":"Africa-Press &#8211; Gabon. Trois jours seulement apre\u0300s la rencontre initie\u0301e par l\u2019Union nationale et ses allie\u0301s, 18 partis de l\u2019opposition soutenant jusque-la\u0300 la politique d\u2019Ali Bongo se sont e\u0301galement re\u0301unis cette semaine en vue d\u2019unir leurs forces au sein du Congre\u0300s de l\u2019opposition re\u0301publicaine et patriotique (CORP) dans la perspective des e\u0301che\u0301ances e\u0301lectorales de 2023. [&hellip;]","og_url":"https:\/\/www.africa-press.net\/gabon\/politique\/elections-2023-lopposition-republicaine-et-patriotique-en-rangs-serres","og_site_name":"Gabon","article_published_time":"2022-12-16T17:17:39+00:00","author":"cfeditorfr","twitter_card":"summary_large_image","twitter_misc":{"\u00c9crit par":"cfeditorfr","Dur\u00e9e de lecture estim\u00e9e":"2 minutes"},"schema":{"@context":"https:\/\/schema.org","@graph":[{"@type":"Article","@id":"https:\/\/www.africa-press.net\/gabon\/politique\/elections-2023-lopposition-republicaine-et-patriotique-en-rangs-serres#article","isPartOf":{"@id":"https:\/\/www.africa-press.net\/gabon\/politique\/elections-2023-lopposition-republicaine-et-patriotique-en-rangs-serres"},"author":{"name":"cfeditorfr","@id":"https:\/\/www.africa-press.net\/gabon\/#\/schema\/person\/2b1cf3cd81a31e3cd26889ca66d677f1"},"headline":"\u00c9lections 2023 : l\u2019opposition \u00abrepublicaine et patriotique\u00bb en rangs serr\u00e9s","datePublished":"2022-12-16T17:17:39+00:00","mainEntityOfPage":{"@id":"https:\/\/www.africa-press.net\/gabon\/politique\/elections-2023-lopposition-republicaine-et-patriotique-en-rangs-serres"},"wordCount":400,"commentCount":0,"image":{"@id":"https:\/\/www.africa-press.net\/gabon\/politique\/elections-2023-lopposition-republicaine-et-patriotique-en-rangs-serres#primaryimage"},"thumbnailUrl":"https:\/\/static.africa-press.net\/gabon\/sites\/54\/2022\/12\/postQueueImg_1671198464.14.jpg","keywords":["Africa Press","Africa Press-Gabon","Gabon"],"articleSection":["Politique","Toutes les actualit\u00e9s"],"inLanguage":"fr-FR","potentialAction":[{"@type":"CommentAction","name":"Comment","target":["https:\/\/www.africa-press.net\/gabon\/politique\/elections-2023-lopposition-republicaine-et-patriotique-en-rangs-serres#respond"]}]},{"@type":"WebPage","@id":"https:\/\/www.africa-press.net\/gabon\/politique\/elections-2023-lopposition-republicaine-et-patriotique-en-rangs-serres","url":"https:\/\/www.africa-press.net\/gabon\/politique\/elections-2023-lopposition-republicaine-et-patriotique-en-rangs-serres","name":"\u00c9lections 2023 : l\u2019opposition \u00abrepublicaine et patriotique\u00bb en rangs serr\u00e9s - Gabon","isPartOf":{"@id":"https:\/\/www.africa-press.net\/gabon\/#website"},"primaryImageOfPage":{"@id":"https:\/\/www.africa-press.net\/gabon\/politique\/elections-2023-lopposition-republicaine-et-patriotique-en-rangs-serres#primaryimage"},"image":{"@id":"https:\/\/www.africa-press.net\/gabon\/politique\/elections-2023-lopposition-republicaine-et-patriotique-en-rangs-serres#primaryimage"},"thumbnailUrl":"https:\/\/static.africa-press.net\/gabon\/sites\/54\/2022\/12\/postQueueImg_1671198464.14.jpg","datePublished":"2022-12-16T17:17:39+00:00","author":{"@id":"https:\/\/www.africa-press.net\/gabon\/#\/schema\/person\/2b1cf3cd81a31e3cd26889ca66d677f1"},"breadcrumb":{"@id":"https:\/\/www.africa-press.net\/gabon\/politique\/elections-2023-lopposition-republicaine-et-patriotique-en-rangs-serres#breadcrumb"},"inLanguage":"fr-FR","potentialAction":[{"@type":"ReadAction","target":["https:\/\/www.africa-press.net\/gabon\/politique\/elections-2023-lopposition-republicaine-et-patriotique-en-rangs-serres"]}]},{"@type":"ImageObject","inLanguage":"fr-FR","@id":"https:\/\/www.africa-press.net\/gabon\/politique\/elections-2023-lopposition-republicaine-et-patriotique-en-rangs-serres#primaryimage","url":"https:\/\/static.africa-press.net\/gabon\/sites\/54\/2022\/12\/postQueueImg_1671198464.14.jpg","contentUrl":"https:\/\/static.africa-press.net\/gabon\/sites\/54\/2022\/12\/postQueueImg_1671198464.14.jpg","width":720,"height":462,"caption":"\u00c9lections 2023 : l\u2019opposition \u00abrepublicaine et patriotique\u00bb en rangs serr\u00e9s"},{"@type":"BreadcrumbList","@id":"https:\/\/www.africa-press.net\/gabon\/politique\/elections-2023-lopposition-republicaine-et-patriotique-en-rangs-serres#breadcrumb","itemListElement":[{"@type":"ListItem","position":1,"name":"Accueil","item":"https:\/\/www.africa-press.net\/gabon\/"},{"@type":"ListItem","position":2,"name":"\u00c9lections 2023 : l\u2019opposition \u00abrepublicaine et patriotique\u00bb en rangs serr\u00e9s"}]},{"@type":"WebSite","@id":"https:\/\/www.africa-press.net\/gabon\/#website","url":"https:\/\/www.africa-press.net\/gabon\/","name":"Gabon","description":"Just another Africa News Agency Sites site","potentialAction":[{"@type":"SearchAction","target":{"@type":"EntryPoint","urlTemplate":"https:\/\/www.africa-press.net\/gabon\/?s={search_term_string}"},"query-input":{"@type":"PropertyValueSpecification","valueRequired":true,"valueName":"search_term_string"}}],"inLanguage":"fr-FR"},{"@type":"Person","@id":"https:\/\/www.africa-press.net\/gabon\/#\/schema\/person\/2b1cf3cd81a31e3cd26889ca66d677f1","name":"cfeditorfr"}]}},"_links":{"self":[{"href":"https:\/\/www.africa-press.net\/gabon\/wp-json\/wp\/v2\/posts\/13950","targetHints":{"allow":["GET"]}}],"collection":[{"href":"https:\/\/www.africa-press.net\/gabon\/wp-json\/wp\/v2\/posts"}],"about":[{"href":"https:\/\/www.africa-press.net\/gabon\/wp-json\/wp\/v2\/types\/post"}],"author":[{"embeddable":true,"href":"https:\/\/www.africa-press.net\/gabon\/wp-json\/wp\/v2\/users\/82"}],"replies":[{"embeddable":true,"href":"https:\/\/www.africa-press.net\/gabon\/wp-json\/wp\/v2\/comments?post=13950"}],"version-history":[{"count":0,"href":"https:\/\/www.africa-press.net\/gabon\/wp-json\/wp\/v2\/posts\/13950\/revisions"}],"wp:featuredmedia":[{"embeddable":true,"href":"https:\/\/www.africa-press.net\/gabon\/wp-json\/wp\/v2\/media\/13949"}],"wp:attachment":[{"href":"https:\/\/www.africa-press.net\/gabon\/wp-json\/wp\/v2\/media?parent=13950"}],"wp:term":[{"taxonomy":"category","embeddable":true,"href":"https:\/\/www.africa-press.net\/gabon\/wp-json\/wp\/v2\/categories?post=13950"},{"taxonomy":"post_tag","embeddable":true,"href":"https:\/\/www.africa-press.net\/gabon\/wp-json\/wp\/v2\/tags?post=13950"}],"curies":[{"name":"wp","href":"https:\/\/api.w.org\/{rel}","templated":true}]}}