{"id":13968,"date":"2022-12-17T11:17:28","date_gmt":"2022-12-17T11:17:28","guid":{"rendered":"https:\/\/www.africa-press.net\/gabon\/politique\/unite-de-lopposition-le-fond-et-la-forme"},"modified":"2022-12-17T11:17:28","modified_gmt":"2022-12-17T11:17:28","slug":"unite-de-lopposition-le-fond-et-la-forme","status":"publish","type":"post","link":"https:\/\/www.africa-press.net\/gabon\/politique\/unite-de-lopposition-le-fond-et-la-forme","title":{"rendered":"Unit\u00e9 de l\u2019opposition : Le fond et la forme"},"content":{"rendered":"<p><span style=\"color: #ff6600\"><strong>Africa-Press &#8211; Gabon. <\/strong><\/span><b>Lance\u0301e le 12 du mois courant, la dernie\u0300re initiative de l\u2019opposition n\u2019est assimilable ni au Front de l\u2019opposition pour l\u2019alternance ni a\u0300 l\u2019Union sacre\u0301e pour la patrie (USP).<\/b><\/p>\n<p>N\u2019en de\u0301plaise aux esprits chagrins, l\u2019opposition veut faire bouger les lignes. En re\u0301unissant l\u2019essentiel de ses composantes, le 12 du mois courant, elle a re\u0301affirme\u0301 son intention d\u2019avancer en rangs serre\u0301s. En associant la socie\u0301te\u0301 civile, elle a proclame\u0301 son ambition d\u2019 \u00aboffrir une perspective\u00bb au pays, indiquant vouloir \u00abre\u0301aliser l\u2019alternance de\u0301mocratique pour gouverner ensemble (&#8230;)\u00bb Concre\u0300tement, elle a pris l\u2019engagement de \u00abtravailler aux voies et moyens de mai\u0302triser puis combler les insuffisance du syste\u0300me (e\u0301lectoral) actuel\u00bb, \u00abre\u0301fle\u0301chir aux moyens de booster les inscriptions sur les listes e\u0301lectorales et faire reculer l\u2019abstention\u00bb, \u00abcontinuer (son) plaidoyer en faveur d\u2019une re\u0301forme du syste\u0300me e\u0301lectoral\u00bb et \u00abconstruire un projet rassembleur, qui redonne confiance (aux citoyens) sur le plan collectif et sur le plan individuel.\u00bb Au total, elle a affiche\u0301 son de\u0301sir de \u00abposer les bases d\u2019une unite\u0301 nouvelle, indestructible, insubmersible.\u00bb Vaste chantier&#8230;<\/p>\n<p><b>Organes transpartisans<\/b><\/p>\n<p>Dans le fond comme dans la forme, cette de\u0301marche s\u2019inscrit dans la rupture avec un certain passe\u0301. Si d\u2019aucuns ont to\u0302t fait de tracer un paralle\u0300le avec des regroupements ante\u0301rieurs, elle s\u2019en de\u0301marque ne\u0301anmoins. Principalement dans le fond. Le Front de l\u2019opposition pour l\u2019alternance ? S\u2019il avait affiche\u0301 l\u2019ambition de faire du Gabon \u00abune de\u0301mocratie ou\u0300 toutes les liberte\u0301s sont respecte\u0301es, ou\u0300 des e\u0301lections justes, transparentes et cre\u0301dibles sont une re\u0301alite\u0301\u00bb, il ne s\u2019e\u0301tait gue\u0300re penche\u0301 sur la se\u0301curisation des scrutins. Ni l\u2019observation inde\u0301pendante ni les inscriptions sur les listes e\u0301lectorales ni la formation des scrutateurs ne figuraient a\u0300 son agenda. Pis, l\u2019empressement de certains de ses membres a\u0300 se poser en candidat unique pollua l\u2019atmosphe\u0300re, transformant le de\u0301bat d\u2019ide\u0301es en querelle de personnes. L\u2019Union sacre\u0301e pour la patrie (USP) ? Elle avait certes demande\u0301 aux populations de se tenir pre\u0302tes a\u0300 donner suite aux \u00abmots d\u2019ordre\u00bb e\u0301ventuels. Mais elle s\u2019enlisa tre\u0300s vite dans la pole\u0301mique sur l\u2019e\u0301tat-civil d\u2019Ali Bongo, subordonnant me\u0302me la tenue de la pre\u0301sidentielle a\u0300 sa destitution.<\/p>\n<p>Me\u0302me si on peut en minimiser la porte\u0301e, ces diffe\u0301rences de fond emportent des conse\u0301quences de forme. Dans les tout prochains jours, on devrait en savoir davantage. Normalement, un montage institutionnel adapte\u0301 aux objectifs doit e\u0302tre conc\u0327u. Sera-t-il innovant ? Sans jouer les Nostradamus, on peut imaginer trois organes transpartisans : un premier, en charge de l\u2019observation e\u0301lectorale ; un autre, charge\u0301 de la sensibilisation du plaidoyer ou du lobbying et ; un groupe de travail sur le \u00abprogramme commun de gouvernement\u00bb. On semble a\u0300 mille lieues du Front de l\u2019opposition pour l\u2019alternance ou de l\u2019USP. Comme nous l\u2019e\u0301crivions re\u0301cemment, \u00abcontrairement a\u0300 2009 et 2016, (l\u2019opposition) donne l\u2019impression de privile\u0301gier les ide\u0301es sur les hommes\u00bb voire d\u2019\u00abavancer vers quelque chose de mieux e\u0301labore\u0301, de plus construit.\u00bb<\/p>\n<p><b>La prudence reste de mise<\/b><\/p>\n<p>Certes, on retrouve des vieux baroudeurs de la vie publique, des personnalite\u0301s re\u0301pute\u0301es pour leurs incessantes voltefaces ou pour avoir une haute opinion d\u2019elles-me\u0302mes. Mais on peut prendre acte de leur adhe\u0301sion a\u0300 l\u2019ide\u0301e. Au vu du de\u0301roulement des e\u0301ve\u0301nements, on peut les mettre face a\u0300 leurs responsabilite\u0301s et a\u0300 leur sens de la parole donne\u0301e. Lors de la mise en place du Front de l\u2019opposition pour l\u2019alternance ou de l\u2019USP, l\u2019annonce publique fut faite apre\u0300s des tractations secre\u0300tes. Cette fois-ci, l\u2019opinion est prise a\u0300 te\u0301moin, l\u2019initiative ayant e\u0301te\u0301 rendue publique avant le de\u0301but des ne\u0301gociations. Or, il est utile de le rappeler : le discre\u0301dit et le de\u0301shonneur naissent de l\u2019incapacite\u0301 a\u0300 placer l\u2019inte\u0301re\u0302t ge\u0301ne\u0301ral au-dessus des conside\u0301rations personnelles. Pour cette seule raison, nul n\u2019a inte\u0301re\u0302t a\u0300 s\u2019illustrer par des man\u0153uvres suspectes, l\u2019opinion pouvant tre\u0300s vite lui en tenir rigueur. Personne n\u2019a a\u0300 gagner a\u0300 ruser avec les principes, au risque de sombrer dans l\u2019impopularite\u0301.<\/p>\n<p>Me\u0302me en se reme\u0301morant des errements du passe\u0301, on peut difficilement assimiler l\u2019initiative en cours de construction au Front de l\u2019opposition pour l\u2019alternance ou a\u0300 l\u2019USP. Me\u0302me si la prudence reste de mise, on ne peut prendre pre\u0301texte de la pre\u0301sence de certaines personnalite\u0301s pour la condamner d\u2019avance. Les objectifs et re\u0301sultats attendus ayant e\u0301te\u0301 publiquement de\u0301cline\u0301s, les parties sont condamne\u0301es a\u0300 jouer le jeu de la transparence. En tout cas, elles doivent travailler sous la surveillance d\u2019une opinion publique a\u0300 la fois impatiente et remonte\u0301e. Si d\u2019aucuns peuvent encore sombrer dans des calculs politiciens, il restera toujours un noyau dur pour de\u0301fendre l\u2019ide\u0301e originelle. Or, a\u0300 l\u2019heure des scrutins, l\u2019opinion aura toute la liberte\u0301 de rendre a\u0300 chacun la monnaie de sa pie\u0300ce. Ayant e\u0301te\u0301 implicitement invite\u0301e a\u0300 assurer le suivi, il lui appartient aussi de jouer sa partition.<\/p>\n<p><strong>Pour plus d&rsquo;informations et d&rsquo;analyses sur la <a href=\"https:\/\/www.africa-press.net\/gabon\">Gabon<\/a>, suivez <a href=\"https:\/\/www.africa-press.net\/\">Africa-Press<\/a><\/strong><\/p>\n","protected":false},"excerpt":{"rendered":"<p>Africa-Press &#8211; Gabon. Lance\u0301e le 12 du mois courant, la dernie\u0300re initiative de l\u2019opposition n\u2019est assimilable ni au Front de l\u2019opposition pour l\u2019alternance ni a\u0300 l\u2019Union sacre\u0301e pour la patrie (USP). N\u2019en de\u0301plaise aux esprits chagrins, l\u2019opposition veut faire bouger les lignes. En re\u0301unissant l\u2019essentiel de ses composantes, le 12 du mois courant, elle a [&hellip;]<\/p>\n","protected":false},"author":82,"featured_media":13967,"comment_status":"open","ping_status":"closed","sticky":false,"template":"","format":"standard","meta":{"footnotes":""},"categories":[2,10],"tags":[36,50,49],"class_list":["post-13968","post","type-post","status-publish","format-standard","has-post-thumbnail","hentry","category-politique","category-toutes-les-actualites","tag-africa-press","tag-africa-press-gabon","tag-gabon"],"yoast_head":"<!-- This site is optimized with the Yoast SEO Premium plugin v26.1 (Yoast SEO v27.0) - https:\/\/yoast.com\/product\/yoast-seo-premium-wordpress\/ -->\n<title>Unit\u00e9 de l\u2019opposition : Le fond et la forme - Gabon<\/title>\n<meta name=\"robots\" content=\"index, follow, max-snippet:-1, max-image-preview:large, max-video-preview:-1\" \/>\n<link rel=\"canonical\" href=\"https:\/\/www.africa-press.net\/gabon\/politique\/unite-de-lopposition-le-fond-et-la-forme\" \/>\n<meta property=\"og:locale\" content=\"fr_FR\" \/>\n<meta property=\"og:type\" content=\"article\" \/>\n<meta property=\"og:title\" content=\"Unit\u00e9 de l\u2019opposition : Le fond et la forme\" \/>\n<meta property=\"og:description\" content=\"Africa-Press &#8211; Gabon. Lance\u0301e le 12 du mois courant, la dernie\u0300re initiative de l\u2019opposition n\u2019est assimilable ni au Front de l\u2019opposition pour l\u2019alternance ni a\u0300 l\u2019Union sacre\u0301e pour la patrie (USP). N\u2019en de\u0301plaise aux esprits chagrins, l\u2019opposition veut faire bouger les lignes. En re\u0301unissant l\u2019essentiel de ses composantes, le 12 du mois courant, elle a [&hellip;]\" \/>\n<meta property=\"og:url\" content=\"https:\/\/www.africa-press.net\/gabon\/politique\/unite-de-lopposition-le-fond-et-la-forme\" \/>\n<meta property=\"og:site_name\" content=\"Gabon\" \/>\n<meta property=\"article:published_time\" content=\"2022-12-17T11:17:28+00:00\" \/>\n<meta name=\"author\" content=\"cfeditorfr\" \/>\n<meta name=\"twitter:card\" content=\"summary_large_image\" \/>\n<meta name=\"twitter:label1\" content=\"\u00c9crit par\" \/>\n\t<meta name=\"twitter:data1\" content=\"cfeditorfr\" \/>\n\t<meta name=\"twitter:label2\" content=\"Dur\u00e9e de lecture estim\u00e9e\" \/>\n\t<meta name=\"twitter:data2\" content=\"5 minutes\" \/>\n<script type=\"application\/ld+json\" class=\"yoast-schema-graph\">{\"@context\":\"https:\/\/schema.org\",\"@graph\":[{\"@type\":\"Article\",\"@id\":\"https:\/\/www.africa-press.net\/gabon\/politique\/unite-de-lopposition-le-fond-et-la-forme#article\",\"isPartOf\":{\"@id\":\"https:\/\/www.africa-press.net\/gabon\/politique\/unite-de-lopposition-le-fond-et-la-forme\"},\"author\":{\"name\":\"cfeditorfr\",\"@id\":\"https:\/\/www.africa-press.net\/gabon\/#\/schema\/person\/2b1cf3cd81a31e3cd26889ca66d677f1\"},\"headline\":\"Unit\u00e9 de l\u2019opposition : Le fond et la forme\",\"datePublished\":\"2022-12-17T11:17:28+00:00\",\"mainEntityOfPage\":{\"@id\":\"https:\/\/www.africa-press.net\/gabon\/politique\/unite-de-lopposition-le-fond-et-la-forme\"},\"wordCount\":948,\"commentCount\":0,\"image\":{\"@id\":\"https:\/\/www.africa-press.net\/gabon\/politique\/unite-de-lopposition-le-fond-et-la-forme#primaryimage\"},\"thumbnailUrl\":\"https:\/\/static.africa-press.net\/gabon\/sites\/54\/2022\/12\/postQueueImg_1671263252.12.jpg\",\"keywords\":[\"Africa Press\",\"Africa Press-Gabon\",\"Gabon\"],\"articleSection\":[\"Politique\",\"Toutes les actualit\u00e9s\"],\"inLanguage\":\"fr-FR\",\"potentialAction\":[{\"@type\":\"CommentAction\",\"name\":\"Comment\",\"target\":[\"https:\/\/www.africa-press.net\/gabon\/politique\/unite-de-lopposition-le-fond-et-la-forme#respond\"]}]},{\"@type\":\"WebPage\",\"@id\":\"https:\/\/www.africa-press.net\/gabon\/politique\/unite-de-lopposition-le-fond-et-la-forme\",\"url\":\"https:\/\/www.africa-press.net\/gabon\/politique\/unite-de-lopposition-le-fond-et-la-forme\",\"name\":\"Unit\u00e9 de l\u2019opposition : Le fond et la forme - Gabon\",\"isPartOf\":{\"@id\":\"https:\/\/www.africa-press.net\/gabon\/#website\"},\"primaryImageOfPage\":{\"@id\":\"https:\/\/www.africa-press.net\/gabon\/politique\/unite-de-lopposition-le-fond-et-la-forme#primaryimage\"},\"image\":{\"@id\":\"https:\/\/www.africa-press.net\/gabon\/politique\/unite-de-lopposition-le-fond-et-la-forme#primaryimage\"},\"thumbnailUrl\":\"https:\/\/static.africa-press.net\/gabon\/sites\/54\/2022\/12\/postQueueImg_1671263252.12.jpg\",\"datePublished\":\"2022-12-17T11:17:28+00:00\",\"author\":{\"@id\":\"https:\/\/www.africa-press.net\/gabon\/#\/schema\/person\/2b1cf3cd81a31e3cd26889ca66d677f1\"},\"breadcrumb\":{\"@id\":\"https:\/\/www.africa-press.net\/gabon\/politique\/unite-de-lopposition-le-fond-et-la-forme#breadcrumb\"},\"inLanguage\":\"fr-FR\",\"potentialAction\":[{\"@type\":\"ReadAction\",\"target\":[\"https:\/\/www.africa-press.net\/gabon\/politique\/unite-de-lopposition-le-fond-et-la-forme\"]}]},{\"@type\":\"ImageObject\",\"inLanguage\":\"fr-FR\",\"@id\":\"https:\/\/www.africa-press.net\/gabon\/politique\/unite-de-lopposition-le-fond-et-la-forme#primaryimage\",\"url\":\"https:\/\/static.africa-press.net\/gabon\/sites\/54\/2022\/12\/postQueueImg_1671263252.12.jpg\",\"contentUrl\":\"https:\/\/static.africa-press.net\/gabon\/sites\/54\/2022\/12\/postQueueImg_1671263252.12.jpg\",\"width\":720,\"height\":480,\"caption\":\"Unit\u00e9 de l\u2019opposition : Le fond et la forme\"},{\"@type\":\"BreadcrumbList\",\"@id\":\"https:\/\/www.africa-press.net\/gabon\/politique\/unite-de-lopposition-le-fond-et-la-forme#breadcrumb\",\"itemListElement\":[{\"@type\":\"ListItem\",\"position\":1,\"name\":\"Accueil\",\"item\":\"https:\/\/www.africa-press.net\/gabon\/\"},{\"@type\":\"ListItem\",\"position\":2,\"name\":\"Unit\u00e9 de l\u2019opposition : Le fond et la forme\"}]},{\"@type\":\"WebSite\",\"@id\":\"https:\/\/www.africa-press.net\/gabon\/#website\",\"url\":\"https:\/\/www.africa-press.net\/gabon\/\",\"name\":\"Gabon\",\"description\":\"Just another Africa News Agency Sites site\",\"potentialAction\":[{\"@type\":\"SearchAction\",\"target\":{\"@type\":\"EntryPoint\",\"urlTemplate\":\"https:\/\/www.africa-press.net\/gabon\/?s={search_term_string}\"},\"query-input\":{\"@type\":\"PropertyValueSpecification\",\"valueRequired\":true,\"valueName\":\"search_term_string\"}}],\"inLanguage\":\"fr-FR\"},{\"@type\":\"Person\",\"@id\":\"https:\/\/www.africa-press.net\/gabon\/#\/schema\/person\/2b1cf3cd81a31e3cd26889ca66d677f1\",\"name\":\"cfeditorfr\"}]}<\/script>\n<!-- \/ Yoast SEO Premium plugin. -->","yoast_head_json":{"title":"Unit\u00e9 de l\u2019opposition : Le fond et la forme - Gabon","robots":{"index":"index","follow":"follow","max-snippet":"max-snippet:-1","max-image-preview":"max-image-preview:large","max-video-preview":"max-video-preview:-1"},"canonical":"https:\/\/www.africa-press.net\/gabon\/politique\/unite-de-lopposition-le-fond-et-la-forme","og_locale":"fr_FR","og_type":"article","og_title":"Unit\u00e9 de l\u2019opposition : Le fond et la forme","og_description":"Africa-Press &#8211; Gabon. Lance\u0301e le 12 du mois courant, la dernie\u0300re initiative de l\u2019opposition n\u2019est assimilable ni au Front de l\u2019opposition pour l\u2019alternance ni a\u0300 l\u2019Union sacre\u0301e pour la patrie (USP). N\u2019en de\u0301plaise aux esprits chagrins, l\u2019opposition veut faire bouger les lignes. En re\u0301unissant l\u2019essentiel de ses composantes, le 12 du mois courant, elle a [&hellip;]","og_url":"https:\/\/www.africa-press.net\/gabon\/politique\/unite-de-lopposition-le-fond-et-la-forme","og_site_name":"Gabon","article_published_time":"2022-12-17T11:17:28+00:00","author":"cfeditorfr","twitter_card":"summary_large_image","twitter_misc":{"\u00c9crit par":"cfeditorfr","Dur\u00e9e de lecture estim\u00e9e":"5 minutes"},"schema":{"@context":"https:\/\/schema.org","@graph":[{"@type":"Article","@id":"https:\/\/www.africa-press.net\/gabon\/politique\/unite-de-lopposition-le-fond-et-la-forme#article","isPartOf":{"@id":"https:\/\/www.africa-press.net\/gabon\/politique\/unite-de-lopposition-le-fond-et-la-forme"},"author":{"name":"cfeditorfr","@id":"https:\/\/www.africa-press.net\/gabon\/#\/schema\/person\/2b1cf3cd81a31e3cd26889ca66d677f1"},"headline":"Unit\u00e9 de l\u2019opposition : Le fond et la forme","datePublished":"2022-12-17T11:17:28+00:00","mainEntityOfPage":{"@id":"https:\/\/www.africa-press.net\/gabon\/politique\/unite-de-lopposition-le-fond-et-la-forme"},"wordCount":948,"commentCount":0,"image":{"@id":"https:\/\/www.africa-press.net\/gabon\/politique\/unite-de-lopposition-le-fond-et-la-forme#primaryimage"},"thumbnailUrl":"https:\/\/static.africa-press.net\/gabon\/sites\/54\/2022\/12\/postQueueImg_1671263252.12.jpg","keywords":["Africa Press","Africa Press-Gabon","Gabon"],"articleSection":["Politique","Toutes les actualit\u00e9s"],"inLanguage":"fr-FR","potentialAction":[{"@type":"CommentAction","name":"Comment","target":["https:\/\/www.africa-press.net\/gabon\/politique\/unite-de-lopposition-le-fond-et-la-forme#respond"]}]},{"@type":"WebPage","@id":"https:\/\/www.africa-press.net\/gabon\/politique\/unite-de-lopposition-le-fond-et-la-forme","url":"https:\/\/www.africa-press.net\/gabon\/politique\/unite-de-lopposition-le-fond-et-la-forme","name":"Unit\u00e9 de l\u2019opposition : Le fond et la forme - Gabon","isPartOf":{"@id":"https:\/\/www.africa-press.net\/gabon\/#website"},"primaryImageOfPage":{"@id":"https:\/\/www.africa-press.net\/gabon\/politique\/unite-de-lopposition-le-fond-et-la-forme#primaryimage"},"image":{"@id":"https:\/\/www.africa-press.net\/gabon\/politique\/unite-de-lopposition-le-fond-et-la-forme#primaryimage"},"thumbnailUrl":"https:\/\/static.africa-press.net\/gabon\/sites\/54\/2022\/12\/postQueueImg_1671263252.12.jpg","datePublished":"2022-12-17T11:17:28+00:00","author":{"@id":"https:\/\/www.africa-press.net\/gabon\/#\/schema\/person\/2b1cf3cd81a31e3cd26889ca66d677f1"},"breadcrumb":{"@id":"https:\/\/www.africa-press.net\/gabon\/politique\/unite-de-lopposition-le-fond-et-la-forme#breadcrumb"},"inLanguage":"fr-FR","potentialAction":[{"@type":"ReadAction","target":["https:\/\/www.africa-press.net\/gabon\/politique\/unite-de-lopposition-le-fond-et-la-forme"]}]},{"@type":"ImageObject","inLanguage":"fr-FR","@id":"https:\/\/www.africa-press.net\/gabon\/politique\/unite-de-lopposition-le-fond-et-la-forme#primaryimage","url":"https:\/\/static.africa-press.net\/gabon\/sites\/54\/2022\/12\/postQueueImg_1671263252.12.jpg","contentUrl":"https:\/\/static.africa-press.net\/gabon\/sites\/54\/2022\/12\/postQueueImg_1671263252.12.jpg","width":720,"height":480,"caption":"Unit\u00e9 de l\u2019opposition : Le fond et la forme"},{"@type":"BreadcrumbList","@id":"https:\/\/www.africa-press.net\/gabon\/politique\/unite-de-lopposition-le-fond-et-la-forme#breadcrumb","itemListElement":[{"@type":"ListItem","position":1,"name":"Accueil","item":"https:\/\/www.africa-press.net\/gabon\/"},{"@type":"ListItem","position":2,"name":"Unit\u00e9 de l\u2019opposition : Le fond et la forme"}]},{"@type":"WebSite","@id":"https:\/\/www.africa-press.net\/gabon\/#website","url":"https:\/\/www.africa-press.net\/gabon\/","name":"Gabon","description":"Just another Africa News Agency Sites site","potentialAction":[{"@type":"SearchAction","target":{"@type":"EntryPoint","urlTemplate":"https:\/\/www.africa-press.net\/gabon\/?s={search_term_string}"},"query-input":{"@type":"PropertyValueSpecification","valueRequired":true,"valueName":"search_term_string"}}],"inLanguage":"fr-FR"},{"@type":"Person","@id":"https:\/\/www.africa-press.net\/gabon\/#\/schema\/person\/2b1cf3cd81a31e3cd26889ca66d677f1","name":"cfeditorfr"}]}},"_links":{"self":[{"href":"https:\/\/www.africa-press.net\/gabon\/wp-json\/wp\/v2\/posts\/13968","targetHints":{"allow":["GET"]}}],"collection":[{"href":"https:\/\/www.africa-press.net\/gabon\/wp-json\/wp\/v2\/posts"}],"about":[{"href":"https:\/\/www.africa-press.net\/gabon\/wp-json\/wp\/v2\/types\/post"}],"author":[{"embeddable":true,"href":"https:\/\/www.africa-press.net\/gabon\/wp-json\/wp\/v2\/users\/82"}],"replies":[{"embeddable":true,"href":"https:\/\/www.africa-press.net\/gabon\/wp-json\/wp\/v2\/comments?post=13968"}],"version-history":[{"count":0,"href":"https:\/\/www.africa-press.net\/gabon\/wp-json\/wp\/v2\/posts\/13968\/revisions"}],"wp:featuredmedia":[{"embeddable":true,"href":"https:\/\/www.africa-press.net\/gabon\/wp-json\/wp\/v2\/media\/13967"}],"wp:attachment":[{"href":"https:\/\/www.africa-press.net\/gabon\/wp-json\/wp\/v2\/media?parent=13968"}],"wp:term":[{"taxonomy":"category","embeddable":true,"href":"https:\/\/www.africa-press.net\/gabon\/wp-json\/wp\/v2\/categories?post=13968"},{"taxonomy":"post_tag","embeddable":true,"href":"https:\/\/www.africa-press.net\/gabon\/wp-json\/wp\/v2\/tags?post=13968"}],"curies":[{"name":"wp","href":"https:\/\/api.w.org\/{rel}","templated":true}]}}