{"id":13972,"date":"2022-12-17T11:17:52","date_gmt":"2022-12-17T11:17:52","guid":{"rendered":"https:\/\/www.africa-press.net\/gabon\/politique\/aboumi-jean-bosco-ndjounga-renoue-avec-sa-base-politique-apres-son-accident-de-circulation"},"modified":"2022-12-17T11:17:52","modified_gmt":"2022-12-17T11:17:52","slug":"aboumi-jean-bosco-ndjounga-renoue-avec-sa-base-politique-apres-son-accident-de-circulation","status":"publish","type":"post","link":"https:\/\/www.africa-press.net\/gabon\/politique\/aboumi-jean-bosco-ndjounga-renoue-avec-sa-base-politique-apres-son-accident-de-circulation","title":{"rendered":"Aboumi\u00a0: Jean Bosco Ndjounga renoue avec sa base politique apr\u00e8s son accident de circulation"},"content":{"rendered":"<p><span style=\"color: #ff6600\"><strong>Africa-Press &#8211; Gabon. <\/strong><\/span><b>Victime le 14 aou\u0302t dernier d\u2019un terrible accident de circulation alors qu\u2019il se rendait dans le de\u0301partement de Bayi Brikolo (Aboumi) dans la province du Haut Ogooue\u0301 pour son compte rendu parlementaire, le de\u0301pute\u0301 Jean Bosco Ndjounga a re\u0301cemment renoue\u0301 avec sa base e\u0301lectorale. <\/b><\/p>\n<p>Les populations du de\u0301partement de Bayi Brikolo ont accueilli dans la ferveur le de\u0301pute\u0301 Jean Bosco Ndjounga. Re\u0301cemment, l\u2019e\u0301lu a\u0300 l\u2019Assemble\u0301e nationale au compte du Parti De\u0301mocratique Gabonais (PDG, au pouvoir) est alle\u0301 communier avec sa base e\u0301lectorale. Une tourne\u0301e qui intervient quatre mois apre\u0300s le terrible accident dont il e\u0301tait victime, alors me\u0302me qu\u2019il se rendait a\u0300 Aboumi et ses environs pour des activite\u0301s constitutionnelles.<\/p>\n<p>L\u2019honorable Jean Bosco Ndjounga et certains occupants du ve\u0301hicule qui le conduisait dans son giron politique avaient e\u0301te\u0301 victime d\u2019un accident de circulation l\u2019e\u0301loignant de sa base pendant quelques mois, le temps d\u2019une convalescence conse\u0301cutive a\u0300 la fracture d\u2019un membre infe\u0301rieur.<\/p>\n<p>D\u2019Ontogo a\u0300 Youma en passant par Obori et les diffe\u0301rents quartiers de la commune d\u2019Aboumi, le de\u0301pute\u0301 a bien fait son retour, a\u0300 en juger par la forte mobilisation dresse\u0301e a\u0300 chaque e\u0301tape de son pe\u0301riple. Cris de joie, danses traditionnelles du terroir ont rythme\u0301 les diffe\u0301rents passages de celui qui \u0153uvre pour le de\u0301veloppement du de\u0301partement de Bayi Brikolo a\u0300 l\u2019Assemble\u0301e Nationale. Un se\u0301jour qu\u2019il a d\u2019ailleurs mis a\u0300 profit pour remercier le Tre\u0300s Haut pour l\u2019avoir e\u0301pargne\u0301 du pire lors de cette e\u0301preuve difficile et l\u2019ensemble des personnes qui ont \u0153uvre\u0301 par des prie\u0300res pour leur re\u0301tablissement.<\/p>\n<p>Profitant donc de ce bref se\u0301jour, Jean Bosco Ndjounga a fait un compte rendu parlementaire diffe\u0301re\u0301 des activite\u0301s parlementaires durant la session unique de l\u2019anne\u0301e 2021-2022. Il s\u2019est agi notamment de 16 textes examine\u0301s par la Commission des lois, des affaires administratives et des droits de l\u2019homme ; de 12 textes de la commission de la sante\u0301, de l\u2019e\u0301ducation, des affaires sociales et culturelles, de 4 textes de la commission des affaires e\u0301conomiques, de la production et du de\u0301veloppement ; de 8 textes de la commission des finances, du budget et de la comptabilite\u0301 publique ; de 2 textes de la commission de l\u2019ame\u0301nagement du territoire, des infrastructures et des travaux publics ; de 4 textes de la commission de l\u2019environnement et 7 textes examine\u0301s par la commission des affaires e\u0301trange\u0300res.<\/p>\n<p>Avant de prendre conge\u0301 de sa base e\u0301lectorale et politique, Jean Bosco Ndjounga par ailleurs Membre du bureau politique du Parti au pouvoir a fait un don en mate\u0301riel didactique aux bureaux des fe\u0301de\u0301rations PDG de sa circonscription politique. Un geste bien accueilli pour des nombreux militants qui ont re\u0301affirme\u0301 leur soutien au Pre\u0301sident de cette formation politique, Ali Bongo Ondimba. Le membre du bureau politique a saisi cette perche pour demander aux pe\u0301de\u0301gistes de Bayi Brikolo d\u2019e\u0302tre vigilants, un appel qui s\u2019inscrit dans la perspective de l\u2019e\u0301lection pre\u0301sidentielle d\u2019aou\u0302t 2023.<\/p>\n<p><b>Antoine Relaxe<\/b><\/p>\n<p><strong>Pour plus d&rsquo;informations et d&rsquo;analyses sur la <a href=\"https:\/\/www.africa-press.net\/gabon\">Gabon<\/a>, suivez <a href=\"https:\/\/www.africa-press.net\/\">Africa-Press<\/a><\/strong><\/p>\n","protected":false},"excerpt":{"rendered":"<p>Africa-Press &#8211; Gabon. Victime le 14 aou\u0302t dernier d\u2019un terrible accident de circulation alors qu\u2019il se rendait dans le de\u0301partement de Bayi Brikolo (Aboumi) dans la province du Haut Ogooue\u0301 pour son compte rendu parlementaire, le de\u0301pute\u0301 Jean Bosco Ndjounga a re\u0301cemment renoue\u0301 avec sa base e\u0301lectorale. Les populations du de\u0301partement de Bayi Brikolo ont [&hellip;]<\/p>\n","protected":false},"author":82,"featured_media":13971,"comment_status":"open","ping_status":"closed","sticky":false,"template":"","format":"standard","meta":{"footnotes":""},"categories":[2,10],"tags":[36,50,49],"class_list":["post-13972","post","type-post","status-publish","format-standard","has-post-thumbnail","hentry","category-politique","category-toutes-les-actualites","tag-africa-press","tag-africa-press-gabon","tag-gabon"],"yoast_head":"<!-- This site is optimized with the Yoast SEO Premium plugin v26.1 (Yoast SEO v27.0) - https:\/\/yoast.com\/product\/yoast-seo-premium-wordpress\/ -->\n<title>Aboumi\u00a0: Jean Bosco Ndjounga renoue avec sa base politique apr\u00e8s son accident de circulation - Gabon<\/title>\n<meta name=\"robots\" content=\"index, follow, max-snippet:-1, max-image-preview:large, max-video-preview:-1\" \/>\n<link rel=\"canonical\" href=\"https:\/\/www.africa-press.net\/gabon\/politique\/aboumi-jean-bosco-ndjounga-renoue-avec-sa-base-politique-apres-son-accident-de-circulation\" \/>\n<meta property=\"og:locale\" content=\"fr_FR\" \/>\n<meta property=\"og:type\" content=\"article\" \/>\n<meta property=\"og:title\" content=\"Aboumi\u00a0: Jean Bosco Ndjounga renoue avec sa base politique apr\u00e8s son accident de circulation\" \/>\n<meta property=\"og:description\" content=\"Africa-Press &#8211; Gabon. Victime le 14 aou\u0302t dernier d\u2019un terrible accident de circulation alors qu\u2019il se rendait dans le de\u0301partement de Bayi Brikolo (Aboumi) dans la province du Haut Ogooue\u0301 pour son compte rendu parlementaire, le de\u0301pute\u0301 Jean Bosco Ndjounga a re\u0301cemment renoue\u0301 avec sa base e\u0301lectorale. Les populations du de\u0301partement de Bayi Brikolo ont [&hellip;]\" \/>\n<meta property=\"og:url\" content=\"https:\/\/www.africa-press.net\/gabon\/politique\/aboumi-jean-bosco-ndjounga-renoue-avec-sa-base-politique-apres-son-accident-de-circulation\" \/>\n<meta property=\"og:site_name\" content=\"Gabon\" \/>\n<meta property=\"article:published_time\" content=\"2022-12-17T11:17:52+00:00\" \/>\n<meta name=\"author\" content=\"cfeditorfr\" \/>\n<meta name=\"twitter:card\" content=\"summary_large_image\" \/>\n<meta name=\"twitter:label1\" content=\"\u00c9crit par\" \/>\n\t<meta name=\"twitter:data1\" content=\"cfeditorfr\" \/>\n\t<meta name=\"twitter:label2\" content=\"Dur\u00e9e de lecture estim\u00e9e\" \/>\n\t<meta name=\"twitter:data2\" content=\"3 minutes\" \/>\n<script type=\"application\/ld+json\" class=\"yoast-schema-graph\">{\"@context\":\"https:\/\/schema.org\",\"@graph\":[{\"@type\":\"Article\",\"@id\":\"https:\/\/www.africa-press.net\/gabon\/politique\/aboumi-jean-bosco-ndjounga-renoue-avec-sa-base-politique-apres-son-accident-de-circulation#article\",\"isPartOf\":{\"@id\":\"https:\/\/www.africa-press.net\/gabon\/politique\/aboumi-jean-bosco-ndjounga-renoue-avec-sa-base-politique-apres-son-accident-de-circulation\"},\"author\":{\"name\":\"cfeditorfr\",\"@id\":\"https:\/\/www.africa-press.net\/gabon\/#\/schema\/person\/2b1cf3cd81a31e3cd26889ca66d677f1\"},\"headline\":\"Aboumi\u00a0: Jean Bosco Ndjounga renoue avec sa base politique apr\u00e8s son accident de circulation\",\"datePublished\":\"2022-12-17T11:17:52+00:00\",\"mainEntityOfPage\":{\"@id\":\"https:\/\/www.africa-press.net\/gabon\/politique\/aboumi-jean-bosco-ndjounga-renoue-avec-sa-base-politique-apres-son-accident-de-circulation\"},\"wordCount\":579,\"commentCount\":0,\"image\":{\"@id\":\"https:\/\/www.africa-press.net\/gabon\/politique\/aboumi-jean-bosco-ndjounga-renoue-avec-sa-base-politique-apres-son-accident-de-circulation#primaryimage\"},\"thumbnailUrl\":\"https:\/\/static.africa-press.net\/gabon\/sites\/54\/2022\/12\/postQueueImg_1671263284.41.jpg\",\"keywords\":[\"Africa Press\",\"Africa Press-Gabon\",\"Gabon\"],\"articleSection\":[\"Politique\",\"Toutes les actualit\u00e9s\"],\"inLanguage\":\"fr-FR\",\"potentialAction\":[{\"@type\":\"CommentAction\",\"name\":\"Comment\",\"target\":[\"https:\/\/www.africa-press.net\/gabon\/politique\/aboumi-jean-bosco-ndjounga-renoue-avec-sa-base-politique-apres-son-accident-de-circulation#respond\"]}]},{\"@type\":\"WebPage\",\"@id\":\"https:\/\/www.africa-press.net\/gabon\/politique\/aboumi-jean-bosco-ndjounga-renoue-avec-sa-base-politique-apres-son-accident-de-circulation\",\"url\":\"https:\/\/www.africa-press.net\/gabon\/politique\/aboumi-jean-bosco-ndjounga-renoue-avec-sa-base-politique-apres-son-accident-de-circulation\",\"name\":\"Aboumi\u00a0: Jean Bosco Ndjounga renoue avec sa base politique apr\u00e8s son accident de circulation - Gabon\",\"isPartOf\":{\"@id\":\"https:\/\/www.africa-press.net\/gabon\/#website\"},\"primaryImageOfPage\":{\"@id\":\"https:\/\/www.africa-press.net\/gabon\/politique\/aboumi-jean-bosco-ndjounga-renoue-avec-sa-base-politique-apres-son-accident-de-circulation#primaryimage\"},\"image\":{\"@id\":\"https:\/\/www.africa-press.net\/gabon\/politique\/aboumi-jean-bosco-ndjounga-renoue-avec-sa-base-politique-apres-son-accident-de-circulation#primaryimage\"},\"thumbnailUrl\":\"https:\/\/static.africa-press.net\/gabon\/sites\/54\/2022\/12\/postQueueImg_1671263284.41.jpg\",\"datePublished\":\"2022-12-17T11:17:52+00:00\",\"author\":{\"@id\":\"https:\/\/www.africa-press.net\/gabon\/#\/schema\/person\/2b1cf3cd81a31e3cd26889ca66d677f1\"},\"breadcrumb\":{\"@id\":\"https:\/\/www.africa-press.net\/gabon\/politique\/aboumi-jean-bosco-ndjounga-renoue-avec-sa-base-politique-apres-son-accident-de-circulation#breadcrumb\"},\"inLanguage\":\"fr-FR\",\"potentialAction\":[{\"@type\":\"ReadAction\",\"target\":[\"https:\/\/www.africa-press.net\/gabon\/politique\/aboumi-jean-bosco-ndjounga-renoue-avec-sa-base-politique-apres-son-accident-de-circulation\"]}]},{\"@type\":\"ImageObject\",\"inLanguage\":\"fr-FR\",\"@id\":\"https:\/\/www.africa-press.net\/gabon\/politique\/aboumi-jean-bosco-ndjounga-renoue-avec-sa-base-politique-apres-son-accident-de-circulation#primaryimage\",\"url\":\"https:\/\/static.africa-press.net\/gabon\/sites\/54\/2022\/12\/postQueueImg_1671263284.41.jpg\",\"contentUrl\":\"https:\/\/static.africa-press.net\/gabon\/sites\/54\/2022\/12\/postQueueImg_1671263284.41.jpg\",\"width\":720,\"height\":371,\"caption\":\"Aboumi\u00a0: Jean Bosco Ndjounga renoue avec sa base politique apr\u00e8s son accident de circulation\"},{\"@type\":\"BreadcrumbList\",\"@id\":\"https:\/\/www.africa-press.net\/gabon\/politique\/aboumi-jean-bosco-ndjounga-renoue-avec-sa-base-politique-apres-son-accident-de-circulation#breadcrumb\",\"itemListElement\":[{\"@type\":\"ListItem\",\"position\":1,\"name\":\"Accueil\",\"item\":\"https:\/\/www.africa-press.net\/gabon\/\"},{\"@type\":\"ListItem\",\"position\":2,\"name\":\"Aboumi\u00a0: Jean Bosco Ndjounga renoue avec sa base politique apr\u00e8s son accident de circulation\"}]},{\"@type\":\"WebSite\",\"@id\":\"https:\/\/www.africa-press.net\/gabon\/#website\",\"url\":\"https:\/\/www.africa-press.net\/gabon\/\",\"name\":\"Gabon\",\"description\":\"Just another Africa News Agency Sites site\",\"potentialAction\":[{\"@type\":\"SearchAction\",\"target\":{\"@type\":\"EntryPoint\",\"urlTemplate\":\"https:\/\/www.africa-press.net\/gabon\/?s={search_term_string}\"},\"query-input\":{\"@type\":\"PropertyValueSpecification\",\"valueRequired\":true,\"valueName\":\"search_term_string\"}}],\"inLanguage\":\"fr-FR\"},{\"@type\":\"Person\",\"@id\":\"https:\/\/www.africa-press.net\/gabon\/#\/schema\/person\/2b1cf3cd81a31e3cd26889ca66d677f1\",\"name\":\"cfeditorfr\"}]}<\/script>\n<!-- \/ Yoast SEO Premium plugin. -->","yoast_head_json":{"title":"Aboumi\u00a0: Jean Bosco Ndjounga renoue avec sa base politique apr\u00e8s son accident de circulation - Gabon","robots":{"index":"index","follow":"follow","max-snippet":"max-snippet:-1","max-image-preview":"max-image-preview:large","max-video-preview":"max-video-preview:-1"},"canonical":"https:\/\/www.africa-press.net\/gabon\/politique\/aboumi-jean-bosco-ndjounga-renoue-avec-sa-base-politique-apres-son-accident-de-circulation","og_locale":"fr_FR","og_type":"article","og_title":"Aboumi\u00a0: Jean Bosco Ndjounga renoue avec sa base politique apr\u00e8s son accident de circulation","og_description":"Africa-Press &#8211; Gabon. Victime le 14 aou\u0302t dernier d\u2019un terrible accident de circulation alors qu\u2019il se rendait dans le de\u0301partement de Bayi Brikolo (Aboumi) dans la province du Haut Ogooue\u0301 pour son compte rendu parlementaire, le de\u0301pute\u0301 Jean Bosco Ndjounga a re\u0301cemment renoue\u0301 avec sa base e\u0301lectorale. Les populations du de\u0301partement de Bayi Brikolo ont [&hellip;]","og_url":"https:\/\/www.africa-press.net\/gabon\/politique\/aboumi-jean-bosco-ndjounga-renoue-avec-sa-base-politique-apres-son-accident-de-circulation","og_site_name":"Gabon","article_published_time":"2022-12-17T11:17:52+00:00","author":"cfeditorfr","twitter_card":"summary_large_image","twitter_misc":{"\u00c9crit par":"cfeditorfr","Dur\u00e9e de lecture estim\u00e9e":"3 minutes"},"schema":{"@context":"https:\/\/schema.org","@graph":[{"@type":"Article","@id":"https:\/\/www.africa-press.net\/gabon\/politique\/aboumi-jean-bosco-ndjounga-renoue-avec-sa-base-politique-apres-son-accident-de-circulation#article","isPartOf":{"@id":"https:\/\/www.africa-press.net\/gabon\/politique\/aboumi-jean-bosco-ndjounga-renoue-avec-sa-base-politique-apres-son-accident-de-circulation"},"author":{"name":"cfeditorfr","@id":"https:\/\/www.africa-press.net\/gabon\/#\/schema\/person\/2b1cf3cd81a31e3cd26889ca66d677f1"},"headline":"Aboumi\u00a0: Jean Bosco Ndjounga renoue avec sa base politique apr\u00e8s son accident de circulation","datePublished":"2022-12-17T11:17:52+00:00","mainEntityOfPage":{"@id":"https:\/\/www.africa-press.net\/gabon\/politique\/aboumi-jean-bosco-ndjounga-renoue-avec-sa-base-politique-apres-son-accident-de-circulation"},"wordCount":579,"commentCount":0,"image":{"@id":"https:\/\/www.africa-press.net\/gabon\/politique\/aboumi-jean-bosco-ndjounga-renoue-avec-sa-base-politique-apres-son-accident-de-circulation#primaryimage"},"thumbnailUrl":"https:\/\/static.africa-press.net\/gabon\/sites\/54\/2022\/12\/postQueueImg_1671263284.41.jpg","keywords":["Africa Press","Africa Press-Gabon","Gabon"],"articleSection":["Politique","Toutes les actualit\u00e9s"],"inLanguage":"fr-FR","potentialAction":[{"@type":"CommentAction","name":"Comment","target":["https:\/\/www.africa-press.net\/gabon\/politique\/aboumi-jean-bosco-ndjounga-renoue-avec-sa-base-politique-apres-son-accident-de-circulation#respond"]}]},{"@type":"WebPage","@id":"https:\/\/www.africa-press.net\/gabon\/politique\/aboumi-jean-bosco-ndjounga-renoue-avec-sa-base-politique-apres-son-accident-de-circulation","url":"https:\/\/www.africa-press.net\/gabon\/politique\/aboumi-jean-bosco-ndjounga-renoue-avec-sa-base-politique-apres-son-accident-de-circulation","name":"Aboumi\u00a0: Jean Bosco Ndjounga renoue avec sa base politique apr\u00e8s son accident de circulation - Gabon","isPartOf":{"@id":"https:\/\/www.africa-press.net\/gabon\/#website"},"primaryImageOfPage":{"@id":"https:\/\/www.africa-press.net\/gabon\/politique\/aboumi-jean-bosco-ndjounga-renoue-avec-sa-base-politique-apres-son-accident-de-circulation#primaryimage"},"image":{"@id":"https:\/\/www.africa-press.net\/gabon\/politique\/aboumi-jean-bosco-ndjounga-renoue-avec-sa-base-politique-apres-son-accident-de-circulation#primaryimage"},"thumbnailUrl":"https:\/\/static.africa-press.net\/gabon\/sites\/54\/2022\/12\/postQueueImg_1671263284.41.jpg","datePublished":"2022-12-17T11:17:52+00:00","author":{"@id":"https:\/\/www.africa-press.net\/gabon\/#\/schema\/person\/2b1cf3cd81a31e3cd26889ca66d677f1"},"breadcrumb":{"@id":"https:\/\/www.africa-press.net\/gabon\/politique\/aboumi-jean-bosco-ndjounga-renoue-avec-sa-base-politique-apres-son-accident-de-circulation#breadcrumb"},"inLanguage":"fr-FR","potentialAction":[{"@type":"ReadAction","target":["https:\/\/www.africa-press.net\/gabon\/politique\/aboumi-jean-bosco-ndjounga-renoue-avec-sa-base-politique-apres-son-accident-de-circulation"]}]},{"@type":"ImageObject","inLanguage":"fr-FR","@id":"https:\/\/www.africa-press.net\/gabon\/politique\/aboumi-jean-bosco-ndjounga-renoue-avec-sa-base-politique-apres-son-accident-de-circulation#primaryimage","url":"https:\/\/static.africa-press.net\/gabon\/sites\/54\/2022\/12\/postQueueImg_1671263284.41.jpg","contentUrl":"https:\/\/static.africa-press.net\/gabon\/sites\/54\/2022\/12\/postQueueImg_1671263284.41.jpg","width":720,"height":371,"caption":"Aboumi\u00a0: Jean Bosco Ndjounga renoue avec sa base politique apr\u00e8s son accident de circulation"},{"@type":"BreadcrumbList","@id":"https:\/\/www.africa-press.net\/gabon\/politique\/aboumi-jean-bosco-ndjounga-renoue-avec-sa-base-politique-apres-son-accident-de-circulation#breadcrumb","itemListElement":[{"@type":"ListItem","position":1,"name":"Accueil","item":"https:\/\/www.africa-press.net\/gabon\/"},{"@type":"ListItem","position":2,"name":"Aboumi\u00a0: Jean Bosco Ndjounga renoue avec sa base politique apr\u00e8s son accident de circulation"}]},{"@type":"WebSite","@id":"https:\/\/www.africa-press.net\/gabon\/#website","url":"https:\/\/www.africa-press.net\/gabon\/","name":"Gabon","description":"Just another Africa News Agency Sites site","potentialAction":[{"@type":"SearchAction","target":{"@type":"EntryPoint","urlTemplate":"https:\/\/www.africa-press.net\/gabon\/?s={search_term_string}"},"query-input":{"@type":"PropertyValueSpecification","valueRequired":true,"valueName":"search_term_string"}}],"inLanguage":"fr-FR"},{"@type":"Person","@id":"https:\/\/www.africa-press.net\/gabon\/#\/schema\/person\/2b1cf3cd81a31e3cd26889ca66d677f1","name":"cfeditorfr"}]}},"_links":{"self":[{"href":"https:\/\/www.africa-press.net\/gabon\/wp-json\/wp\/v2\/posts\/13972","targetHints":{"allow":["GET"]}}],"collection":[{"href":"https:\/\/www.africa-press.net\/gabon\/wp-json\/wp\/v2\/posts"}],"about":[{"href":"https:\/\/www.africa-press.net\/gabon\/wp-json\/wp\/v2\/types\/post"}],"author":[{"embeddable":true,"href":"https:\/\/www.africa-press.net\/gabon\/wp-json\/wp\/v2\/users\/82"}],"replies":[{"embeddable":true,"href":"https:\/\/www.africa-press.net\/gabon\/wp-json\/wp\/v2\/comments?post=13972"}],"version-history":[{"count":0,"href":"https:\/\/www.africa-press.net\/gabon\/wp-json\/wp\/v2\/posts\/13972\/revisions"}],"wp:featuredmedia":[{"embeddable":true,"href":"https:\/\/www.africa-press.net\/gabon\/wp-json\/wp\/v2\/media\/13971"}],"wp:attachment":[{"href":"https:\/\/www.africa-press.net\/gabon\/wp-json\/wp\/v2\/media?parent=13972"}],"wp:term":[{"taxonomy":"category","embeddable":true,"href":"https:\/\/www.africa-press.net\/gabon\/wp-json\/wp\/v2\/categories?post=13972"},{"taxonomy":"post_tag","embeddable":true,"href":"https:\/\/www.africa-press.net\/gabon\/wp-json\/wp\/v2\/tags?post=13972"}],"curies":[{"name":"wp","href":"https:\/\/api.w.org\/{rel}","templated":true}]}}