{"id":14014,"date":"2022-12-18T20:05:01","date_gmt":"2022-12-18T20:05:01","guid":{"rendered":"https:\/\/www.africa-press.net\/gabon\/politique\/dialogue-politique-une-delegation-de-lunion-europeenne-a-lassemblee-nationale"},"modified":"2022-12-18T20:05:01","modified_gmt":"2022-12-18T20:05:01","slug":"dialogue-politique-une-delegation-de-lunion-europeenne-a-lassemblee-nationale","status":"publish","type":"post","link":"https:\/\/www.africa-press.net\/gabon\/politique\/dialogue-politique-une-delegation-de-lunion-europeenne-a-lassemblee-nationale","title":{"rendered":"Dialogue politique :  Une d\u00e9l\u00e9gation de l\u2019Union europ\u00e9enne \u00e0 l\u2019Assembl\u00e9e nationale"},"content":{"rendered":"<p><span style=\"color: #ff6600\"><strong>Africa-Press &#8211; Gabon. <\/strong><\/span><b>Le pre\u0301sident de l\u2019Assemble\u0301e nationale, Faustin Boukoubi, a re\u0301cemment devise\u0301 avec une forte de\u0301le\u0301gation d\u2019ambassadeurs de l\u2019Union europe\u0301enne (UE) conduite par Rosario Bento Pais, repre\u0301sentante de l\u2019UE pour Sao Tome\u0301-et-Principe et la CEEAC. Objectif : faire le point, entre autres, sur la situation politique, socio-e\u0301conomique actuelle du pays, dans le cadre du dialogue politique permanent entre les institutions gabonaises et le partenaire international. <\/b><\/p>\n<p>Une de\u0301le\u0301gation de l\u2019Union europe\u0301enne (UE) emmene\u0301e par l\u2019ambassadrice et chef de de\u0301le\u0301gation, Rosario Bento Pais, a e\u0301te\u0301 rec\u0327ue, le 14 de\u0301cembre par le pre\u0301sident de l\u2019Assemble\u0301e nationale. Le groupe et leurs interlocuteurs ont e\u0301voque\u0301 les questions politiques, sociales et e\u0301conomiques, ainsi que les perspectives pour le renforcement de la coope\u0301ration et de la diplomatie parlementaire.<\/p>\n<p>Au-dela\u0300 de ses missions traditionnelles d\u2019examen et de contro\u0302le de la politique e\u0301trange\u0300re mene\u0301e par le gouvernement, l\u2019Assemble\u0301e nationale est e\u0301galement engage\u0301e dans plusieurs autres nouvelles voies : de\u0301veloppement de la coope\u0301ration juridique et institutionnelle, accueil de personnalite\u0301s e\u0301trange\u0300res, participation a\u0300 de nombreuses missions d\u2019information a\u0300 l\u2019e\u0301tranger. La diplomatie parlementaire gabonaise agissante est donc en branle et c\u2019est dans ce sens que Faustin Boukoubi et ses collaborateurs ont devise\u0301 avec les membres de l\u2019UE.<\/p>\n<p>La visite des de\u0301le\u0301gue\u0301s de l\u2019UE avait donc pour but de faire le point sur la situation, politique, socio-e\u0301conomique du pays, tout en e\u0301voquant les e\u0301changes informels qui se font, re\u0301gulie\u0300rement dans l\u2019anne\u0301e, entre les diffe\u0301rentes institutions. \u00abC\u2019e\u0301tait un e\u0301change tre\u0300s utile pour exactement faire le point et savoir quel est notre accompagnement au Gabon, quels sont les besoins et en tant que Maison du peuple, mesurer la tempe\u0301rature de la population en sachant qu\u2019il y a eu la Covid-19, la crise en Ukraine\u00bb, a fait savoir l\u2019Ambassadrice de l\u2019UE.<\/p>\n<p>Le Qatargate, dossier de corruption qui ternit l\u2019image du parlement europe\u0301en, la lutte contre le changement climatique, le combat pour l\u2019e\u0301galite\u0301 homme et femme, la formation professionnelle et la cre\u0301ation des emplois, ont e\u0301galement e\u0301te\u0301 e\u0301voque\u0301s lors de ces e\u0301changes. Le ro\u0302le du Gabon dans le bassin du Congo et son impact sur la sce\u0300ne internationale, de me\u0302me que son leadership sur plusieurs questions multilate\u0301rales ont de me\u0302me e\u0301te\u0301 salue\u0301s par la de\u0301le\u0301gation de l\u2019UE qui a re\u0301ite\u0301re\u0301 sa volonte\u0301 de continuer a\u0300 travailler avec le Gabon et a\u0300 lui apporter son appui si ne\u0301cessaire.<\/p>\n<p><strong>Pour plus d&rsquo;informations et d&rsquo;analyses sur la <a href=\"https:\/\/www.africa-press.net\/gabon\">Gabon<\/a>, suivez <a href=\"https:\/\/www.africa-press.net\/\">Africa-Press<\/a><\/strong><\/p>\n","protected":false},"excerpt":{"rendered":"<p>Africa-Press &#8211; Gabon. Le pre\u0301sident de l\u2019Assemble\u0301e nationale, Faustin Boukoubi, a re\u0301cemment devise\u0301 avec une forte de\u0301le\u0301gation d\u2019ambassadeurs de l\u2019Union europe\u0301enne (UE) conduite par Rosario Bento Pais, repre\u0301sentante de l\u2019UE pour Sao Tome\u0301-et-Principe et la CEEAC. Objectif : faire le point, entre autres, sur la situation politique, socio-e\u0301conomique actuelle du pays, dans le cadre du [&hellip;]<\/p>\n","protected":false},"author":82,"featured_media":14013,"comment_status":"open","ping_status":"closed","sticky":false,"template":"","format":"standard","meta":{"footnotes":""},"categories":[2,10],"tags":[36,50,49],"class_list":["post-14014","post","type-post","status-publish","format-standard","has-post-thumbnail","hentry","category-politique","category-toutes-les-actualites","tag-africa-press","tag-africa-press-gabon","tag-gabon"],"yoast_head":"<!-- This site is optimized with the Yoast SEO Premium plugin v26.1 (Yoast SEO v27.0) - https:\/\/yoast.com\/product\/yoast-seo-premium-wordpress\/ -->\n<title>Dialogue politique : Une d\u00e9l\u00e9gation de l\u2019Union europ\u00e9enne \u00e0 l\u2019Assembl\u00e9e nationale - Gabon<\/title>\n<meta name=\"robots\" content=\"index, follow, max-snippet:-1, max-image-preview:large, max-video-preview:-1\" \/>\n<link rel=\"canonical\" href=\"https:\/\/www.africa-press.net\/gabon\/politique\/dialogue-politique-une-delegation-de-lunion-europeenne-a-lassemblee-nationale\" \/>\n<meta property=\"og:locale\" content=\"fr_FR\" \/>\n<meta property=\"og:type\" content=\"article\" \/>\n<meta property=\"og:title\" content=\"Dialogue politique : Une d\u00e9l\u00e9gation de l\u2019Union europ\u00e9enne \u00e0 l\u2019Assembl\u00e9e nationale\" \/>\n<meta property=\"og:description\" content=\"Africa-Press &#8211; Gabon. Le pre\u0301sident de l\u2019Assemble\u0301e nationale, Faustin Boukoubi, a re\u0301cemment devise\u0301 avec une forte de\u0301le\u0301gation d\u2019ambassadeurs de l\u2019Union europe\u0301enne (UE) conduite par Rosario Bento Pais, repre\u0301sentante de l\u2019UE pour Sao Tome\u0301-et-Principe et la CEEAC. Objectif : faire le point, entre autres, sur la situation politique, socio-e\u0301conomique actuelle du pays, dans le cadre du [&hellip;]\" \/>\n<meta property=\"og:url\" content=\"https:\/\/www.africa-press.net\/gabon\/politique\/dialogue-politique-une-delegation-de-lunion-europeenne-a-lassemblee-nationale\" \/>\n<meta property=\"og:site_name\" content=\"Gabon\" \/>\n<meta property=\"article:published_time\" content=\"2022-12-18T20:05:01+00:00\" \/>\n<meta name=\"author\" content=\"cfeditorfr\" \/>\n<meta name=\"twitter:card\" content=\"summary_large_image\" \/>\n<meta name=\"twitter:label1\" content=\"\u00c9crit par\" \/>\n\t<meta name=\"twitter:data1\" content=\"cfeditorfr\" \/>\n\t<meta name=\"twitter:label2\" content=\"Dur\u00e9e de lecture estim\u00e9e\" \/>\n\t<meta name=\"twitter:data2\" content=\"2 minutes\" \/>\n<script type=\"application\/ld+json\" class=\"yoast-schema-graph\">{\"@context\":\"https:\/\/schema.org\",\"@graph\":[{\"@type\":\"Article\",\"@id\":\"https:\/\/www.africa-press.net\/gabon\/politique\/dialogue-politique-une-delegation-de-lunion-europeenne-a-lassemblee-nationale#article\",\"isPartOf\":{\"@id\":\"https:\/\/www.africa-press.net\/gabon\/politique\/dialogue-politique-une-delegation-de-lunion-europeenne-a-lassemblee-nationale\"},\"author\":{\"name\":\"cfeditorfr\",\"@id\":\"https:\/\/www.africa-press.net\/gabon\/#\/schema\/person\/2b1cf3cd81a31e3cd26889ca66d677f1\"},\"headline\":\"Dialogue politique : Une d\u00e9l\u00e9gation de l\u2019Union europ\u00e9enne \u00e0 l\u2019Assembl\u00e9e nationale\",\"datePublished\":\"2022-12-18T20:05:01+00:00\",\"mainEntityOfPage\":{\"@id\":\"https:\/\/www.africa-press.net\/gabon\/politique\/dialogue-politique-une-delegation-de-lunion-europeenne-a-lassemblee-nationale\"},\"wordCount\":497,\"commentCount\":0,\"image\":{\"@id\":\"https:\/\/www.africa-press.net\/gabon\/politique\/dialogue-politique-une-delegation-de-lunion-europeenne-a-lassemblee-nationale#primaryimage\"},\"thumbnailUrl\":\"https:\/\/static.africa-press.net\/gabon\/sites\/54\/2022\/12\/postQueueImg_1671381305.00.jpg\",\"keywords\":[\"Africa Press\",\"Africa Press-Gabon\",\"Gabon\"],\"articleSection\":[\"Politique\",\"Toutes les actualit\u00e9s\"],\"inLanguage\":\"fr-FR\",\"potentialAction\":[{\"@type\":\"CommentAction\",\"name\":\"Comment\",\"target\":[\"https:\/\/www.africa-press.net\/gabon\/politique\/dialogue-politique-une-delegation-de-lunion-europeenne-a-lassemblee-nationale#respond\"]}]},{\"@type\":\"WebPage\",\"@id\":\"https:\/\/www.africa-press.net\/gabon\/politique\/dialogue-politique-une-delegation-de-lunion-europeenne-a-lassemblee-nationale\",\"url\":\"https:\/\/www.africa-press.net\/gabon\/politique\/dialogue-politique-une-delegation-de-lunion-europeenne-a-lassemblee-nationale\",\"name\":\"Dialogue politique : Une d\u00e9l\u00e9gation de l\u2019Union europ\u00e9enne \u00e0 l\u2019Assembl\u00e9e nationale - Gabon\",\"isPartOf\":{\"@id\":\"https:\/\/www.africa-press.net\/gabon\/#website\"},\"primaryImageOfPage\":{\"@id\":\"https:\/\/www.africa-press.net\/gabon\/politique\/dialogue-politique-une-delegation-de-lunion-europeenne-a-lassemblee-nationale#primaryimage\"},\"image\":{\"@id\":\"https:\/\/www.africa-press.net\/gabon\/politique\/dialogue-politique-une-delegation-de-lunion-europeenne-a-lassemblee-nationale#primaryimage\"},\"thumbnailUrl\":\"https:\/\/static.africa-press.net\/gabon\/sites\/54\/2022\/12\/postQueueImg_1671381305.00.jpg\",\"datePublished\":\"2022-12-18T20:05:01+00:00\",\"author\":{\"@id\":\"https:\/\/www.africa-press.net\/gabon\/#\/schema\/person\/2b1cf3cd81a31e3cd26889ca66d677f1\"},\"breadcrumb\":{\"@id\":\"https:\/\/www.africa-press.net\/gabon\/politique\/dialogue-politique-une-delegation-de-lunion-europeenne-a-lassemblee-nationale#breadcrumb\"},\"inLanguage\":\"fr-FR\",\"potentialAction\":[{\"@type\":\"ReadAction\",\"target\":[\"https:\/\/www.africa-press.net\/gabon\/politique\/dialogue-politique-une-delegation-de-lunion-europeenne-a-lassemblee-nationale\"]}]},{\"@type\":\"ImageObject\",\"inLanguage\":\"fr-FR\",\"@id\":\"https:\/\/www.africa-press.net\/gabon\/politique\/dialogue-politique-une-delegation-de-lunion-europeenne-a-lassemblee-nationale#primaryimage\",\"url\":\"https:\/\/static.africa-press.net\/gabon\/sites\/54\/2022\/12\/postQueueImg_1671381305.00.jpg\",\"contentUrl\":\"https:\/\/static.africa-press.net\/gabon\/sites\/54\/2022\/12\/postQueueImg_1671381305.00.jpg\",\"width\":720,\"height\":522,\"caption\":\"Dialogue politique : Une d\u00e9l\u00e9gation de l\u2019Union europ\u00e9enne \u00e0 l\u2019Assembl\u00e9e nationale\"},{\"@type\":\"BreadcrumbList\",\"@id\":\"https:\/\/www.africa-press.net\/gabon\/politique\/dialogue-politique-une-delegation-de-lunion-europeenne-a-lassemblee-nationale#breadcrumb\",\"itemListElement\":[{\"@type\":\"ListItem\",\"position\":1,\"name\":\"Accueil\",\"item\":\"https:\/\/www.africa-press.net\/gabon\/\"},{\"@type\":\"ListItem\",\"position\":2,\"name\":\"Dialogue politique : Une d\u00e9l\u00e9gation de l\u2019Union europ\u00e9enne \u00e0 l\u2019Assembl\u00e9e nationale\"}]},{\"@type\":\"WebSite\",\"@id\":\"https:\/\/www.africa-press.net\/gabon\/#website\",\"url\":\"https:\/\/www.africa-press.net\/gabon\/\",\"name\":\"Gabon\",\"description\":\"Just another Africa News Agency Sites site\",\"potentialAction\":[{\"@type\":\"SearchAction\",\"target\":{\"@type\":\"EntryPoint\",\"urlTemplate\":\"https:\/\/www.africa-press.net\/gabon\/?s={search_term_string}\"},\"query-input\":{\"@type\":\"PropertyValueSpecification\",\"valueRequired\":true,\"valueName\":\"search_term_string\"}}],\"inLanguage\":\"fr-FR\"},{\"@type\":\"Person\",\"@id\":\"https:\/\/www.africa-press.net\/gabon\/#\/schema\/person\/2b1cf3cd81a31e3cd26889ca66d677f1\",\"name\":\"cfeditorfr\"}]}<\/script>\n<!-- \/ Yoast SEO Premium plugin. -->","yoast_head_json":{"title":"Dialogue politique : Une d\u00e9l\u00e9gation de l\u2019Union europ\u00e9enne \u00e0 l\u2019Assembl\u00e9e nationale - Gabon","robots":{"index":"index","follow":"follow","max-snippet":"max-snippet:-1","max-image-preview":"max-image-preview:large","max-video-preview":"max-video-preview:-1"},"canonical":"https:\/\/www.africa-press.net\/gabon\/politique\/dialogue-politique-une-delegation-de-lunion-europeenne-a-lassemblee-nationale","og_locale":"fr_FR","og_type":"article","og_title":"Dialogue politique : Une d\u00e9l\u00e9gation de l\u2019Union europ\u00e9enne \u00e0 l\u2019Assembl\u00e9e nationale","og_description":"Africa-Press &#8211; Gabon. Le pre\u0301sident de l\u2019Assemble\u0301e nationale, Faustin Boukoubi, a re\u0301cemment devise\u0301 avec une forte de\u0301le\u0301gation d\u2019ambassadeurs de l\u2019Union europe\u0301enne (UE) conduite par Rosario Bento Pais, repre\u0301sentante de l\u2019UE pour Sao Tome\u0301-et-Principe et la CEEAC. Objectif : faire le point, entre autres, sur la situation politique, socio-e\u0301conomique actuelle du pays, dans le cadre du [&hellip;]","og_url":"https:\/\/www.africa-press.net\/gabon\/politique\/dialogue-politique-une-delegation-de-lunion-europeenne-a-lassemblee-nationale","og_site_name":"Gabon","article_published_time":"2022-12-18T20:05:01+00:00","author":"cfeditorfr","twitter_card":"summary_large_image","twitter_misc":{"\u00c9crit par":"cfeditorfr","Dur\u00e9e de lecture estim\u00e9e":"2 minutes"},"schema":{"@context":"https:\/\/schema.org","@graph":[{"@type":"Article","@id":"https:\/\/www.africa-press.net\/gabon\/politique\/dialogue-politique-une-delegation-de-lunion-europeenne-a-lassemblee-nationale#article","isPartOf":{"@id":"https:\/\/www.africa-press.net\/gabon\/politique\/dialogue-politique-une-delegation-de-lunion-europeenne-a-lassemblee-nationale"},"author":{"name":"cfeditorfr","@id":"https:\/\/www.africa-press.net\/gabon\/#\/schema\/person\/2b1cf3cd81a31e3cd26889ca66d677f1"},"headline":"Dialogue politique : Une d\u00e9l\u00e9gation de l\u2019Union europ\u00e9enne \u00e0 l\u2019Assembl\u00e9e nationale","datePublished":"2022-12-18T20:05:01+00:00","mainEntityOfPage":{"@id":"https:\/\/www.africa-press.net\/gabon\/politique\/dialogue-politique-une-delegation-de-lunion-europeenne-a-lassemblee-nationale"},"wordCount":497,"commentCount":0,"image":{"@id":"https:\/\/www.africa-press.net\/gabon\/politique\/dialogue-politique-une-delegation-de-lunion-europeenne-a-lassemblee-nationale#primaryimage"},"thumbnailUrl":"https:\/\/static.africa-press.net\/gabon\/sites\/54\/2022\/12\/postQueueImg_1671381305.00.jpg","keywords":["Africa Press","Africa Press-Gabon","Gabon"],"articleSection":["Politique","Toutes les actualit\u00e9s"],"inLanguage":"fr-FR","potentialAction":[{"@type":"CommentAction","name":"Comment","target":["https:\/\/www.africa-press.net\/gabon\/politique\/dialogue-politique-une-delegation-de-lunion-europeenne-a-lassemblee-nationale#respond"]}]},{"@type":"WebPage","@id":"https:\/\/www.africa-press.net\/gabon\/politique\/dialogue-politique-une-delegation-de-lunion-europeenne-a-lassemblee-nationale","url":"https:\/\/www.africa-press.net\/gabon\/politique\/dialogue-politique-une-delegation-de-lunion-europeenne-a-lassemblee-nationale","name":"Dialogue politique : Une d\u00e9l\u00e9gation de l\u2019Union europ\u00e9enne \u00e0 l\u2019Assembl\u00e9e nationale - Gabon","isPartOf":{"@id":"https:\/\/www.africa-press.net\/gabon\/#website"},"primaryImageOfPage":{"@id":"https:\/\/www.africa-press.net\/gabon\/politique\/dialogue-politique-une-delegation-de-lunion-europeenne-a-lassemblee-nationale#primaryimage"},"image":{"@id":"https:\/\/www.africa-press.net\/gabon\/politique\/dialogue-politique-une-delegation-de-lunion-europeenne-a-lassemblee-nationale#primaryimage"},"thumbnailUrl":"https:\/\/static.africa-press.net\/gabon\/sites\/54\/2022\/12\/postQueueImg_1671381305.00.jpg","datePublished":"2022-12-18T20:05:01+00:00","author":{"@id":"https:\/\/www.africa-press.net\/gabon\/#\/schema\/person\/2b1cf3cd81a31e3cd26889ca66d677f1"},"breadcrumb":{"@id":"https:\/\/www.africa-press.net\/gabon\/politique\/dialogue-politique-une-delegation-de-lunion-europeenne-a-lassemblee-nationale#breadcrumb"},"inLanguage":"fr-FR","potentialAction":[{"@type":"ReadAction","target":["https:\/\/www.africa-press.net\/gabon\/politique\/dialogue-politique-une-delegation-de-lunion-europeenne-a-lassemblee-nationale"]}]},{"@type":"ImageObject","inLanguage":"fr-FR","@id":"https:\/\/www.africa-press.net\/gabon\/politique\/dialogue-politique-une-delegation-de-lunion-europeenne-a-lassemblee-nationale#primaryimage","url":"https:\/\/static.africa-press.net\/gabon\/sites\/54\/2022\/12\/postQueueImg_1671381305.00.jpg","contentUrl":"https:\/\/static.africa-press.net\/gabon\/sites\/54\/2022\/12\/postQueueImg_1671381305.00.jpg","width":720,"height":522,"caption":"Dialogue politique : Une d\u00e9l\u00e9gation de l\u2019Union europ\u00e9enne \u00e0 l\u2019Assembl\u00e9e nationale"},{"@type":"BreadcrumbList","@id":"https:\/\/www.africa-press.net\/gabon\/politique\/dialogue-politique-une-delegation-de-lunion-europeenne-a-lassemblee-nationale#breadcrumb","itemListElement":[{"@type":"ListItem","position":1,"name":"Accueil","item":"https:\/\/www.africa-press.net\/gabon\/"},{"@type":"ListItem","position":2,"name":"Dialogue politique : Une d\u00e9l\u00e9gation de l\u2019Union europ\u00e9enne \u00e0 l\u2019Assembl\u00e9e nationale"}]},{"@type":"WebSite","@id":"https:\/\/www.africa-press.net\/gabon\/#website","url":"https:\/\/www.africa-press.net\/gabon\/","name":"Gabon","description":"Just another Africa News Agency Sites site","potentialAction":[{"@type":"SearchAction","target":{"@type":"EntryPoint","urlTemplate":"https:\/\/www.africa-press.net\/gabon\/?s={search_term_string}"},"query-input":{"@type":"PropertyValueSpecification","valueRequired":true,"valueName":"search_term_string"}}],"inLanguage":"fr-FR"},{"@type":"Person","@id":"https:\/\/www.africa-press.net\/gabon\/#\/schema\/person\/2b1cf3cd81a31e3cd26889ca66d677f1","name":"cfeditorfr"}]}},"_links":{"self":[{"href":"https:\/\/www.africa-press.net\/gabon\/wp-json\/wp\/v2\/posts\/14014","targetHints":{"allow":["GET"]}}],"collection":[{"href":"https:\/\/www.africa-press.net\/gabon\/wp-json\/wp\/v2\/posts"}],"about":[{"href":"https:\/\/www.africa-press.net\/gabon\/wp-json\/wp\/v2\/types\/post"}],"author":[{"embeddable":true,"href":"https:\/\/www.africa-press.net\/gabon\/wp-json\/wp\/v2\/users\/82"}],"replies":[{"embeddable":true,"href":"https:\/\/www.africa-press.net\/gabon\/wp-json\/wp\/v2\/comments?post=14014"}],"version-history":[{"count":0,"href":"https:\/\/www.africa-press.net\/gabon\/wp-json\/wp\/v2\/posts\/14014\/revisions"}],"wp:featuredmedia":[{"embeddable":true,"href":"https:\/\/www.africa-press.net\/gabon\/wp-json\/wp\/v2\/media\/14013"}],"wp:attachment":[{"href":"https:\/\/www.africa-press.net\/gabon\/wp-json\/wp\/v2\/media?parent=14014"}],"wp:term":[{"taxonomy":"category","embeddable":true,"href":"https:\/\/www.africa-press.net\/gabon\/wp-json\/wp\/v2\/categories?post=14014"},{"taxonomy":"post_tag","embeddable":true,"href":"https:\/\/www.africa-press.net\/gabon\/wp-json\/wp\/v2\/tags?post=14014"}],"curies":[{"name":"wp","href":"https:\/\/api.w.org\/{rel}","templated":true}]}}