{"id":14016,"date":"2022-12-18T20:05:08","date_gmt":"2022-12-18T20:05:08","guid":{"rendered":"https:\/\/www.africa-press.net\/gabon\/politique\/affaire-nzouba-ndama-suspense-jusquau-23-decembre"},"modified":"2022-12-18T20:05:08","modified_gmt":"2022-12-18T20:05:08","slug":"affaire-nzouba-ndama-suspense-jusquau-23-decembre","status":"publish","type":"post","link":"https:\/\/www.africa-press.net\/gabon\/politique\/affaire-nzouba-ndama-suspense-jusquau-23-decembre","title":{"rendered":"Affaire Nzouba Ndama : Suspense jusqu\u2019au 23 d\u00e9cembre"},"content":{"rendered":"<p><span style=\"color: #ff6600\"><strong>Africa-Press &#8211; Gabon. <\/strong><\/span><b>L\u2019ancien pre\u0301sident de l\u2019Assemble\u0301e nationale, Guy Nzouba Ndama, par ailleurs pre\u0301sident de Les De\u0301mocrates, e\u0301tait a\u0300 la barre le 16 de\u0301cembre, a\u0300 la Cour d\u2019appel judiciaire de Franceville, dans le Haut-Ogooue\u0301. Comparaissant, en appel, dans une affaire de \u00abtransport d\u2019argent non de\u0301clare\u0301\u00bb, de transport de marchandises prohibe\u0301es et contrebande, il devra encore attendre jusqu\u2019au 23 de\u0301cembre avant d\u2019e\u0302tre fixe\u0301 sur son sort. Il risque trois mois de prison avec sursis et la perte totale de son argent.<\/b><\/p>\n<p>Une nouvelle audience, en appel, dans le proce\u0300s de l\u2019opposant Guy Nzouba Ndama s\u2019est tenue le 16 de\u0301cembre a\u0300 la Cour d\u2019appel de Franceville, dans la province du Haut-Ogooue\u0301. Au terme des auditions et des plaidoiries des deux parties, le verdict a e\u0301te\u0301 renvoye\u0301 au 23 de\u0301cembre prochain. Le ministe\u0300re public requiert toutefois a\u0300 son encontre trois (3) mois d\u2019emprisonnement avec sursis.<\/p>\n<p>Interpelle\u0301 mi-septembre dernier, de retour du Congo Brazzaville, avec plus d\u2019un milliard de francs CFA en argent liquide, l\u2019ancien pre\u0301sident de l\u2019Assemble\u0301e nationale comparait depuis lors pour transport de marchandises prohibe\u0301es et contrebande. A l\u2019issue des de\u0301bats au Tribunal correctionnel, le 18 octobre dernier, le parquet de la Re\u0301publique avait aussito\u0302t fait appel. Le ministe\u0300re public ayant disqualifie\u0301 la premie\u0300re infraction en de\u0301tention irre\u0301gulie\u0300re des marchandises prohibe\u0301es et requalifie\u0301 la contrebande en de\u0301lit de blanchiment des capitaux.<\/p>\n<p>Dans ses re\u0301quisitions, rapporte l\u2019Agence gabonaise de presse (AGP), le procureur ge\u0301ne\u0301ral de la Cour d\u2019Appel judiciaire de Franceville, Eddy Minang, a demande\u0301 que le leader de Les De\u0301mocrates soit de\u0301clare\u0301 coupable de de\u0301lit de de\u0301tention irre\u0301gulie\u0300re des fonds, de marchandises prohibe\u0301es, de de\u0301lit de contrebande. Il a requis trois 3 mois d\u2019emprisonnement avec sursis, assortis d\u2019une amende au montant de la saisie.<\/p>\n<p>Naturellement, les avocats de la de\u0301fense ont rejete\u0301 les infractions mises en e\u0301vidences et re\u0301ite\u0301re\u0301 le fait que l\u2019infraction n\u2019est pas constitue\u0301e. Ils ont ainsi laisse\u0301 entendre que le proce\u0300s sur l\u2019infraction douanie\u0300re pour lequel le pre\u0301venu est poursuivi ne tient pas. Ce, au regard des dispositions du Code des douanes. Par conse\u0301quence, ils ont rejete\u0301 la condamnation.<\/p>\n<p>La journe\u0301e du 23 de\u0301cembre devrait fixer les uns et les autres sur l\u2019issue de ce proce\u0300s, d\u2019autant plus que lors d\u2019une de\u0301claration le 15 du mois courant, le pre\u0301sident honoraire des De\u0301mocrates, Se\u0301raphin Akure-Davain, mettait en garde contre \u00abune condamnation politique dont les conse\u0301quences sur la paix sociale et civile dans ce pays restent fortement a\u0300 redouter\u00bb.<\/p>\n<p><strong>Pour plus d&rsquo;informations et d&rsquo;analyses sur la <a href=\"https:\/\/www.africa-press.net\/gabon\">Gabon<\/a>, suivez <a href=\"https:\/\/www.africa-press.net\/\">Africa-Press<\/a><\/strong><\/p>\n","protected":false},"excerpt":{"rendered":"<p>Africa-Press &#8211; Gabon. L\u2019ancien pre\u0301sident de l\u2019Assemble\u0301e nationale, Guy Nzouba Ndama, par ailleurs pre\u0301sident de Les De\u0301mocrates, e\u0301tait a\u0300 la barre le 16 de\u0301cembre, a\u0300 la Cour d\u2019appel judiciaire de Franceville, dans le Haut-Ogooue\u0301. Comparaissant, en appel, dans une affaire de \u00abtransport d\u2019argent non de\u0301clare\u0301\u00bb, de transport de marchandises prohibe\u0301es et contrebande, il devra encore [&hellip;]<\/p>\n","protected":false},"author":82,"featured_media":14015,"comment_status":"open","ping_status":"closed","sticky":false,"template":"","format":"standard","meta":{"footnotes":""},"categories":[2,10],"tags":[36,50,49],"class_list":["post-14016","post","type-post","status-publish","format-standard","has-post-thumbnail","hentry","category-politique","category-toutes-les-actualites","tag-africa-press","tag-africa-press-gabon","tag-gabon"],"yoast_head":"<!-- This site is optimized with the Yoast SEO Premium plugin v26.1 (Yoast SEO v27.0) - https:\/\/yoast.com\/product\/yoast-seo-premium-wordpress\/ -->\n<title>Affaire Nzouba Ndama : Suspense jusqu\u2019au 23 d\u00e9cembre - Gabon<\/title>\n<meta name=\"robots\" content=\"index, follow, max-snippet:-1, max-image-preview:large, max-video-preview:-1\" \/>\n<link rel=\"canonical\" href=\"https:\/\/www.africa-press.net\/gabon\/politique\/affaire-nzouba-ndama-suspense-jusquau-23-decembre\" \/>\n<meta property=\"og:locale\" content=\"fr_FR\" \/>\n<meta property=\"og:type\" content=\"article\" \/>\n<meta property=\"og:title\" content=\"Affaire Nzouba Ndama : Suspense jusqu\u2019au 23 d\u00e9cembre\" \/>\n<meta property=\"og:description\" content=\"Africa-Press &#8211; Gabon. L\u2019ancien pre\u0301sident de l\u2019Assemble\u0301e nationale, Guy Nzouba Ndama, par ailleurs pre\u0301sident de Les De\u0301mocrates, e\u0301tait a\u0300 la barre le 16 de\u0301cembre, a\u0300 la Cour d\u2019appel judiciaire de Franceville, dans le Haut-Ogooue\u0301. Comparaissant, en appel, dans une affaire de \u00abtransport d\u2019argent non de\u0301clare\u0301\u00bb, de transport de marchandises prohibe\u0301es et contrebande, il devra encore [&hellip;]\" \/>\n<meta property=\"og:url\" content=\"https:\/\/www.africa-press.net\/gabon\/politique\/affaire-nzouba-ndama-suspense-jusquau-23-decembre\" \/>\n<meta property=\"og:site_name\" content=\"Gabon\" \/>\n<meta property=\"article:published_time\" content=\"2022-12-18T20:05:08+00:00\" \/>\n<meta name=\"author\" content=\"cfeditorfr\" \/>\n<meta name=\"twitter:card\" content=\"summary_large_image\" \/>\n<meta name=\"twitter:label1\" content=\"\u00c9crit par\" \/>\n\t<meta name=\"twitter:data1\" content=\"cfeditorfr\" \/>\n\t<meta name=\"twitter:label2\" content=\"Dur\u00e9e de lecture estim\u00e9e\" \/>\n\t<meta name=\"twitter:data2\" content=\"2 minutes\" \/>\n<script type=\"application\/ld+json\" class=\"yoast-schema-graph\">{\"@context\":\"https:\/\/schema.org\",\"@graph\":[{\"@type\":\"Article\",\"@id\":\"https:\/\/www.africa-press.net\/gabon\/politique\/affaire-nzouba-ndama-suspense-jusquau-23-decembre#article\",\"isPartOf\":{\"@id\":\"https:\/\/www.africa-press.net\/gabon\/politique\/affaire-nzouba-ndama-suspense-jusquau-23-decembre\"},\"author\":{\"name\":\"cfeditorfr\",\"@id\":\"https:\/\/www.africa-press.net\/gabon\/#\/schema\/person\/2b1cf3cd81a31e3cd26889ca66d677f1\"},\"headline\":\"Affaire Nzouba Ndama : Suspense jusqu\u2019au 23 d\u00e9cembre\",\"datePublished\":\"2022-12-18T20:05:08+00:00\",\"mainEntityOfPage\":{\"@id\":\"https:\/\/www.africa-press.net\/gabon\/politique\/affaire-nzouba-ndama-suspense-jusquau-23-decembre\"},\"wordCount\":489,\"commentCount\":0,\"image\":{\"@id\":\"https:\/\/www.africa-press.net\/gabon\/politique\/affaire-nzouba-ndama-suspense-jusquau-23-decembre#primaryimage\"},\"thumbnailUrl\":\"https:\/\/static.africa-press.net\/gabon\/sites\/54\/2022\/12\/postQueueImg_1671381327.91.jpg\",\"keywords\":[\"Africa Press\",\"Africa Press-Gabon\",\"Gabon\"],\"articleSection\":[\"Politique\",\"Toutes les actualit\u00e9s\"],\"inLanguage\":\"fr-FR\",\"potentialAction\":[{\"@type\":\"CommentAction\",\"name\":\"Comment\",\"target\":[\"https:\/\/www.africa-press.net\/gabon\/politique\/affaire-nzouba-ndama-suspense-jusquau-23-decembre#respond\"]}]},{\"@type\":\"WebPage\",\"@id\":\"https:\/\/www.africa-press.net\/gabon\/politique\/affaire-nzouba-ndama-suspense-jusquau-23-decembre\",\"url\":\"https:\/\/www.africa-press.net\/gabon\/politique\/affaire-nzouba-ndama-suspense-jusquau-23-decembre\",\"name\":\"Affaire Nzouba Ndama : Suspense jusqu\u2019au 23 d\u00e9cembre - Gabon\",\"isPartOf\":{\"@id\":\"https:\/\/www.africa-press.net\/gabon\/#website\"},\"primaryImageOfPage\":{\"@id\":\"https:\/\/www.africa-press.net\/gabon\/politique\/affaire-nzouba-ndama-suspense-jusquau-23-decembre#primaryimage\"},\"image\":{\"@id\":\"https:\/\/www.africa-press.net\/gabon\/politique\/affaire-nzouba-ndama-suspense-jusquau-23-decembre#primaryimage\"},\"thumbnailUrl\":\"https:\/\/static.africa-press.net\/gabon\/sites\/54\/2022\/12\/postQueueImg_1671381327.91.jpg\",\"datePublished\":\"2022-12-18T20:05:08+00:00\",\"author\":{\"@id\":\"https:\/\/www.africa-press.net\/gabon\/#\/schema\/person\/2b1cf3cd81a31e3cd26889ca66d677f1\"},\"breadcrumb\":{\"@id\":\"https:\/\/www.africa-press.net\/gabon\/politique\/affaire-nzouba-ndama-suspense-jusquau-23-decembre#breadcrumb\"},\"inLanguage\":\"fr-FR\",\"potentialAction\":[{\"@type\":\"ReadAction\",\"target\":[\"https:\/\/www.africa-press.net\/gabon\/politique\/affaire-nzouba-ndama-suspense-jusquau-23-decembre\"]}]},{\"@type\":\"ImageObject\",\"inLanguage\":\"fr-FR\",\"@id\":\"https:\/\/www.africa-press.net\/gabon\/politique\/affaire-nzouba-ndama-suspense-jusquau-23-decembre#primaryimage\",\"url\":\"https:\/\/static.africa-press.net\/gabon\/sites\/54\/2022\/12\/postQueueImg_1671381327.91.jpg\",\"contentUrl\":\"https:\/\/static.africa-press.net\/gabon\/sites\/54\/2022\/12\/postQueueImg_1671381327.91.jpg\",\"width\":720,\"height\":438,\"caption\":\"Affaire Nzouba Ndama : Suspense jusqu\u2019au 23 d\u00e9cembre\"},{\"@type\":\"BreadcrumbList\",\"@id\":\"https:\/\/www.africa-press.net\/gabon\/politique\/affaire-nzouba-ndama-suspense-jusquau-23-decembre#breadcrumb\",\"itemListElement\":[{\"@type\":\"ListItem\",\"position\":1,\"name\":\"Accueil\",\"item\":\"https:\/\/www.africa-press.net\/gabon\/\"},{\"@type\":\"ListItem\",\"position\":2,\"name\":\"Affaire Nzouba Ndama : Suspense jusqu\u2019au 23 d\u00e9cembre\"}]},{\"@type\":\"WebSite\",\"@id\":\"https:\/\/www.africa-press.net\/gabon\/#website\",\"url\":\"https:\/\/www.africa-press.net\/gabon\/\",\"name\":\"Gabon\",\"description\":\"Just another Africa News Agency Sites site\",\"potentialAction\":[{\"@type\":\"SearchAction\",\"target\":{\"@type\":\"EntryPoint\",\"urlTemplate\":\"https:\/\/www.africa-press.net\/gabon\/?s={search_term_string}\"},\"query-input\":{\"@type\":\"PropertyValueSpecification\",\"valueRequired\":true,\"valueName\":\"search_term_string\"}}],\"inLanguage\":\"fr-FR\"},{\"@type\":\"Person\",\"@id\":\"https:\/\/www.africa-press.net\/gabon\/#\/schema\/person\/2b1cf3cd81a31e3cd26889ca66d677f1\",\"name\":\"cfeditorfr\"}]}<\/script>\n<!-- \/ Yoast SEO Premium plugin. -->","yoast_head_json":{"title":"Affaire Nzouba Ndama : Suspense jusqu\u2019au 23 d\u00e9cembre - Gabon","robots":{"index":"index","follow":"follow","max-snippet":"max-snippet:-1","max-image-preview":"max-image-preview:large","max-video-preview":"max-video-preview:-1"},"canonical":"https:\/\/www.africa-press.net\/gabon\/politique\/affaire-nzouba-ndama-suspense-jusquau-23-decembre","og_locale":"fr_FR","og_type":"article","og_title":"Affaire Nzouba Ndama : Suspense jusqu\u2019au 23 d\u00e9cembre","og_description":"Africa-Press &#8211; Gabon. L\u2019ancien pre\u0301sident de l\u2019Assemble\u0301e nationale, Guy Nzouba Ndama, par ailleurs pre\u0301sident de Les De\u0301mocrates, e\u0301tait a\u0300 la barre le 16 de\u0301cembre, a\u0300 la Cour d\u2019appel judiciaire de Franceville, dans le Haut-Ogooue\u0301. Comparaissant, en appel, dans une affaire de \u00abtransport d\u2019argent non de\u0301clare\u0301\u00bb, de transport de marchandises prohibe\u0301es et contrebande, il devra encore [&hellip;]","og_url":"https:\/\/www.africa-press.net\/gabon\/politique\/affaire-nzouba-ndama-suspense-jusquau-23-decembre","og_site_name":"Gabon","article_published_time":"2022-12-18T20:05:08+00:00","author":"cfeditorfr","twitter_card":"summary_large_image","twitter_misc":{"\u00c9crit par":"cfeditorfr","Dur\u00e9e de lecture estim\u00e9e":"2 minutes"},"schema":{"@context":"https:\/\/schema.org","@graph":[{"@type":"Article","@id":"https:\/\/www.africa-press.net\/gabon\/politique\/affaire-nzouba-ndama-suspense-jusquau-23-decembre#article","isPartOf":{"@id":"https:\/\/www.africa-press.net\/gabon\/politique\/affaire-nzouba-ndama-suspense-jusquau-23-decembre"},"author":{"name":"cfeditorfr","@id":"https:\/\/www.africa-press.net\/gabon\/#\/schema\/person\/2b1cf3cd81a31e3cd26889ca66d677f1"},"headline":"Affaire Nzouba Ndama : Suspense jusqu\u2019au 23 d\u00e9cembre","datePublished":"2022-12-18T20:05:08+00:00","mainEntityOfPage":{"@id":"https:\/\/www.africa-press.net\/gabon\/politique\/affaire-nzouba-ndama-suspense-jusquau-23-decembre"},"wordCount":489,"commentCount":0,"image":{"@id":"https:\/\/www.africa-press.net\/gabon\/politique\/affaire-nzouba-ndama-suspense-jusquau-23-decembre#primaryimage"},"thumbnailUrl":"https:\/\/static.africa-press.net\/gabon\/sites\/54\/2022\/12\/postQueueImg_1671381327.91.jpg","keywords":["Africa Press","Africa Press-Gabon","Gabon"],"articleSection":["Politique","Toutes les actualit\u00e9s"],"inLanguage":"fr-FR","potentialAction":[{"@type":"CommentAction","name":"Comment","target":["https:\/\/www.africa-press.net\/gabon\/politique\/affaire-nzouba-ndama-suspense-jusquau-23-decembre#respond"]}]},{"@type":"WebPage","@id":"https:\/\/www.africa-press.net\/gabon\/politique\/affaire-nzouba-ndama-suspense-jusquau-23-decembre","url":"https:\/\/www.africa-press.net\/gabon\/politique\/affaire-nzouba-ndama-suspense-jusquau-23-decembre","name":"Affaire Nzouba Ndama : Suspense jusqu\u2019au 23 d\u00e9cembre - Gabon","isPartOf":{"@id":"https:\/\/www.africa-press.net\/gabon\/#website"},"primaryImageOfPage":{"@id":"https:\/\/www.africa-press.net\/gabon\/politique\/affaire-nzouba-ndama-suspense-jusquau-23-decembre#primaryimage"},"image":{"@id":"https:\/\/www.africa-press.net\/gabon\/politique\/affaire-nzouba-ndama-suspense-jusquau-23-decembre#primaryimage"},"thumbnailUrl":"https:\/\/static.africa-press.net\/gabon\/sites\/54\/2022\/12\/postQueueImg_1671381327.91.jpg","datePublished":"2022-12-18T20:05:08+00:00","author":{"@id":"https:\/\/www.africa-press.net\/gabon\/#\/schema\/person\/2b1cf3cd81a31e3cd26889ca66d677f1"},"breadcrumb":{"@id":"https:\/\/www.africa-press.net\/gabon\/politique\/affaire-nzouba-ndama-suspense-jusquau-23-decembre#breadcrumb"},"inLanguage":"fr-FR","potentialAction":[{"@type":"ReadAction","target":["https:\/\/www.africa-press.net\/gabon\/politique\/affaire-nzouba-ndama-suspense-jusquau-23-decembre"]}]},{"@type":"ImageObject","inLanguage":"fr-FR","@id":"https:\/\/www.africa-press.net\/gabon\/politique\/affaire-nzouba-ndama-suspense-jusquau-23-decembre#primaryimage","url":"https:\/\/static.africa-press.net\/gabon\/sites\/54\/2022\/12\/postQueueImg_1671381327.91.jpg","contentUrl":"https:\/\/static.africa-press.net\/gabon\/sites\/54\/2022\/12\/postQueueImg_1671381327.91.jpg","width":720,"height":438,"caption":"Affaire Nzouba Ndama : Suspense jusqu\u2019au 23 d\u00e9cembre"},{"@type":"BreadcrumbList","@id":"https:\/\/www.africa-press.net\/gabon\/politique\/affaire-nzouba-ndama-suspense-jusquau-23-decembre#breadcrumb","itemListElement":[{"@type":"ListItem","position":1,"name":"Accueil","item":"https:\/\/www.africa-press.net\/gabon\/"},{"@type":"ListItem","position":2,"name":"Affaire Nzouba Ndama : Suspense jusqu\u2019au 23 d\u00e9cembre"}]},{"@type":"WebSite","@id":"https:\/\/www.africa-press.net\/gabon\/#website","url":"https:\/\/www.africa-press.net\/gabon\/","name":"Gabon","description":"Just another Africa News Agency Sites site","potentialAction":[{"@type":"SearchAction","target":{"@type":"EntryPoint","urlTemplate":"https:\/\/www.africa-press.net\/gabon\/?s={search_term_string}"},"query-input":{"@type":"PropertyValueSpecification","valueRequired":true,"valueName":"search_term_string"}}],"inLanguage":"fr-FR"},{"@type":"Person","@id":"https:\/\/www.africa-press.net\/gabon\/#\/schema\/person\/2b1cf3cd81a31e3cd26889ca66d677f1","name":"cfeditorfr"}]}},"_links":{"self":[{"href":"https:\/\/www.africa-press.net\/gabon\/wp-json\/wp\/v2\/posts\/14016","targetHints":{"allow":["GET"]}}],"collection":[{"href":"https:\/\/www.africa-press.net\/gabon\/wp-json\/wp\/v2\/posts"}],"about":[{"href":"https:\/\/www.africa-press.net\/gabon\/wp-json\/wp\/v2\/types\/post"}],"author":[{"embeddable":true,"href":"https:\/\/www.africa-press.net\/gabon\/wp-json\/wp\/v2\/users\/82"}],"replies":[{"embeddable":true,"href":"https:\/\/www.africa-press.net\/gabon\/wp-json\/wp\/v2\/comments?post=14016"}],"version-history":[{"count":0,"href":"https:\/\/www.africa-press.net\/gabon\/wp-json\/wp\/v2\/posts\/14016\/revisions"}],"wp:featuredmedia":[{"embeddable":true,"href":"https:\/\/www.africa-press.net\/gabon\/wp-json\/wp\/v2\/media\/14015"}],"wp:attachment":[{"href":"https:\/\/www.africa-press.net\/gabon\/wp-json\/wp\/v2\/media?parent=14016"}],"wp:term":[{"taxonomy":"category","embeddable":true,"href":"https:\/\/www.africa-press.net\/gabon\/wp-json\/wp\/v2\/categories?post=14016"},{"taxonomy":"post_tag","embeddable":true,"href":"https:\/\/www.africa-press.net\/gabon\/wp-json\/wp\/v2\/tags?post=14016"}],"curies":[{"name":"wp","href":"https:\/\/api.w.org\/{rel}","templated":true}]}}