{"id":14045,"date":"2022-12-19T17:53:36","date_gmt":"2022-12-19T17:53:36","guid":{"rendered":"https:\/\/www.africa-press.net\/gabon\/politique\/gabon-depuis-sa-cellule-jean-remy-yama-clarifie-sa-situation-carcerale"},"modified":"2022-12-19T17:53:36","modified_gmt":"2022-12-19T17:53:36","slug":"gabon-depuis-sa-cellule-jean-remy-yama-clarifie-sa-situation-carcerale","status":"publish","type":"post","link":"https:\/\/www.africa-press.net\/gabon\/toutes-les-actualites\/gabon-depuis-sa-cellule-jean-remy-yama-clarifie-sa-situation-carcerale","title":{"rendered":"Gabon\u00a0: Depuis sa cellule, Jean R\u00e9my Yama clarifie sa situation carc\u00e9rale"},"content":{"rendered":"<p><span style=\"color: #ff6600\"><strong>Africa-Press &#8211; Gabon. <\/strong><\/span><b>De\u0301tenu a\u0300 la prison centrale de Libreville depuis le 2 mars dernier, suite a\u0300 son arrestation le 27 fe\u0301vrier 2022, a\u0300 l\u2019ae\u0301roport international Le\u0301on Mba de Libreville, le pre\u0301sident du Syndicat national des enseignants et chercheurs (SNEC) et pre\u0301sident de la confe\u0301de\u0301ration syndicale Dynamique unitaire a participe\u0301 a\u0300 la confe\u0301rence de presse de ses avocats, organise\u0301e le 17 de\u0301cembre 2022, a\u0300 la Chambre de commerce. Apre\u0300s neuf mois de silence et d\u2019attente pour que ses conseils jouent pleinement leur ro\u0302le, Jean Re\u0301my Yama s\u2019est permis, par la voix d\u2019un membre de sa famille, de clarifier sa situation carce\u0301rale. Dans sa de\u0301claration publie\u0301e inte\u0301gralement ci-apre\u0300s, il assure e\u0302tre un prisonnier politique, victime d\u2019un acharnement judiciaire sous l\u2019instigation du pouvoir en place, sollicite la communaute\u0301 internationale pour qu\u2019elle mette sa famille a\u0300 l\u2019abri des repre\u0301sailles de ses bourreaux et aux institutionnels et personnes morales qu\u2019elles lui viennent financie\u0300rement en aide pour mieux supporter sa traverse\u0301e du de\u0301sert, non sans promettre de ne de\u0301cevoir personne a\u0300 travers son combat pour la de\u0301fense ve\u0301ritable des droits de l\u2019homme, des liberte\u0301s, des inte\u0301re\u0302ts des travailleurs, des retraite\u0301s et des citoyens. Lecture. <\/b><br \/>\n<b>De\u0301claration de Jean Re\u0301my Yama du samedi 17 de\u0301cembre 2022<\/b><\/p>\n<p>Je suis heureux de la tenue de cette confe\u0301rence de presse qui est un moment important pour moi, car il permet de clarifier ma situation carce\u0301rale qui atteindra, dix mois le 2 janvier 2023. Je remercie mes avocats qui se battent sans rela\u0302che pour ma libe\u0301ration, et surtout pour l\u2019application stricte de la loi sans aucune autre conside\u0301ration sociale, politique ou religieuse. Il est clairement e\u0301tabli que je suis un prisonnier politique et non un prisonnier de droit commun.<\/p>\n<p>Faut-il qu\u2019a\u0300 la veille de chaque e\u0301lection pre\u0301sidentielle, je sois toujours perse\u0301cute\u0301 ? Un an avant les e\u0301lections pre\u0301sidentielles du mois d\u2019aou\u0302t 2016, la cabale contre moi avait de\u0301ja\u0300 e\u0301te\u0301 de\u0301clenche\u0301e. En 2015, on m\u2019a accuse\u0301 d\u2019avoir de\u0301tourne\u0301 3 milliards de francs CFA destine\u0301s a\u0300 la viabilisation du terrain des enseignants. La brigade financie\u0300re de la police judiciaire et la Cour des Comptes m\u2019ont auditionne\u0301 et mene\u0301 leurs enque\u0302tes. Ce qui m\u2019ame\u0300nera en prison et me fera passer les pre\u0301sidentielles d\u2019aou\u0302t 2016 derrie\u0300re les barreaux, ce sont les accusations de troubles a\u0300 l\u2019ordre public et destruction des biens. Je suis donc arre\u0302te\u0301 le 09 juillet 2016 et remis en liberte\u0301 provisoire deux mois apre\u0300s la proclamation des re\u0301sultats. Jusqu\u2019a\u0300 ce jour l\u2019instruction est toujours en cours.<\/p>\n<p>Sept ans apre\u0300s, a\u0300 la veille des e\u0301lections pre\u0301sidentielles d\u2019aou\u0302t 2023, je suis encore arre\u0302te\u0301 est poursuivi pour les me\u0302mes faits qu\u2019en 2015 a\u0300 savoir, de\u0301tournement de fonds publics. Les me\u0302mes fonds donne\u0301s a\u0300 la SCI serpentin en 2011 et 2013 pour lesquelles en 2015 on m\u2019accusait de\u0301ja\u0300 de de\u0301tournement. Me\u0302me sans l\u2019intervention des avocats, aujourd\u2019hui, n\u2019est-ce pas e\u0301vident que je suis victime d\u2019un acharnement judiciaire sous l\u2019instigation du pouvoir en place ? Je suis un prisonnier politique, prisonnier, du parti au pouvoir, c\u2019est-a\u0300-dire prisonnier du PDG et des pe\u0301de\u0301gistes. Beaucoup se cachent derrie\u0300re le principe de la non-inge\u0301rence dans les affaires judiciaires. Maintenant qu\u2019il est clairement e\u0301tabli que les raisons de mon incarce\u0301ration sont politiques et non judiciaires, qu\u2019allez-vous faire, vous qui e\u0302tes : Ma famille biologique : la tribu de ma me\u0300re Bassomba et allie\u0301s, la tribu de mon pe\u0300re Boudzengue et allie\u0301s, la tribu de mon grand-pe\u0300re maternel, Maghamba et allie\u0301s, la tribu de mon grand-pe\u0300re paternel Mboundou et allie\u0301s, ma famille d\u2019alliance (Moanda, Champingo, etc.), ma famille professionnelle et syndicale, les de\u0301fenseurs des droits de l\u2019homme (OSC, Religieux, Diplomates&#8230;) ?<\/p>\n<p>Je suis conscient du pouvoir de l\u2019argent sur les individus, surtout en cette pe\u0301riode e\u0301lectorale. Chacun cherche a\u0300 mettre sa famille, a\u0300 l\u2019abri de la mise\u0300re, du besoin et de la peur. Je suis conscient du pouvoir des relations bilate\u0301rales et des accords commerciaux entre E\u0301tats, mettant souvent au second plan les questions de violation des droits de l\u2019homme. Les accords de pe\u0302che et autres priment sur la condition d\u2019un seul homme. Je sollicite ne\u0301anmoins de la communaute\u0301 internationale, qu\u2019elle mette ma famille a\u0300 l\u2019abri des repre\u0301sailles de mes bourreaux ; car a\u0300 pre\u0301sent je peux affirmer qu\u2019ils sont de\u0301termine\u0301s a\u0300 me faire mal, tre\u0300s mal. J\u2019interpelle les hommes de Dieu sur leurs responsabilite\u0301s dans les de\u0301rives que nous observons. Vous savez a\u0300 qui vous rendez compte. Si le pouvoir me perse\u0301cute et si la perse\u0301cution s\u2019intensifie a\u0300 la veille de chaque e\u0301lection pre\u0301sidentielle, c\u2019est a\u0300 cause de mon combat, pour la de\u0301fense ve\u0301ritable des droits de l\u2019homme, des liberte\u0301s, des inte\u0301re\u0302ts des travailleurs, des retraite\u0301s et des citoyens. Mon combat pour ces valeurs pendant la pe\u0301riode e\u0301lectorale serait contre-productif aupre\u0300s de ceux qui de\u0301fendent le contraire, et veulent asservir les travailleurs, les retraite\u0301s et le peuple. Je ne renoncerai jamais a\u0300 mes convictions. Elles ne sont dirige\u0301es contre personne, c\u2019est ma nature, c\u2019est en moi je ne peux pas m\u2019en de\u0301faire.<\/p>\n<p>S\u2019agissant de mon e\u0301tat de sante\u0301, les rapports sont accablants, mais le pouvoir judiciaire ferme les yeux. Il est clair que le procureur de la Re\u0301publique, le juge d\u2019instruction et leur commanditaire espe\u0300rent que mon e\u0301tat de sante\u0301 se de\u0301te\u0301riore pendant ma de\u0301tention. Que dire de ma radiation qui est intervenue une semaine apre\u0300s mon incarce\u0301ration. Je suis incarce\u0301re\u0301 le 2 mars 2022 et le 25 mars suivant j\u2019e\u0301tais radie\u0301 des effectifs de la fonction publique. Lorsqu\u2019on saisit le premier ministre a\u0300 deux reprises par voie d\u2019huissier de justice les 1er et 11 avril 2022, c\u2019est le silence total. Bizarrement, le 11 octobre 2022, je suis notifie\u0301 par huissier de justice a\u0300 la prison centrale de Libreville, me remettant les documents suivants : Attestation de cessation de\u0301finitive de service (pour re\u0301gularisation) signe\u0301e du Secre\u0301taire ge\u0301ne\u0301ral de l\u2019Enseignement supe\u0301rieur le 1er de\u0301cembre 2021), la lettre du secre\u0301taire ge\u0301ne\u0301ral de l\u2019Enseignement supe\u0301rieur du 24 janvier 2022, me notifiant l\u2019arre\u0302te\u0301 002 portant re\u0301vocation du premier ministre, l\u2019arre\u0302te\u0301 du premier ministre du 20 janvier 2022 me radiant de la fonction publique.<\/p>\n<p>Les documents sont signe\u0301s en de\u0301cembre 2021et janvier 2022, et c\u2019est le 11 octobre 2022 qu\u2019on me les notifie, soit 10 mois apre\u0300s. L\u2019autre fait troublant est qu\u2019entre de\u0301cembre 2021 et fe\u0301vrier 2022, j\u2019avais des rencontres re\u0301gulie\u0300res avec le ministre de l\u2019Enseignement supe\u0301rieur et le Secre\u0301taire ge\u0301ne\u0301ral, dans le cadre du dialogue social en ma qualite\u0301 de pre\u0301sident du Syndicat national des enseignants et chercheurs (SNEC). Les documents sont en re\u0301alite\u0301 antidate\u0301s. Pourquoi un tel acharnement par le re\u0301gime en place contre ma personne ? Son objectif est de me briser psychologiquement et financie\u0300rement dans l\u2019espoir que je me repente et renonce a\u0300 mes convictions. C\u2019est pourquoi, je n\u2019ai pas honte de vous demander de l\u2019aide. En effet, depuis mon incarce\u0301ration vous avez manifeste\u0301 votre solidarite\u0301 en m\u2019apportant un ve\u0301ritable soutien financier. Ainsi vous m\u2019avez aide\u0301 a\u0300 payer mes charges de loyers et des frais de scolarite\u0301 de mes enfants. C\u2019est ici l\u2019occasion de vous pre\u0301senter mes since\u0300res remerciements. Je vous exhorte donc a\u0300 garder cet e\u0301lan de solidarite\u0301 en continuant de m\u2019apporter votre aide dont j\u2019ai grand besoin dans cette traverse\u0301e du de\u0301sert.<\/p>\n<p>Aux institutionnels et personnes morales, je vous prie de bien vouloir rejoindre les ONG dans ce me\u0302me e\u0301lan de solidarite\u0301, aux particuliers, vous avez trois possibilite\u0301s : m\u2019aider par l\u2019interme\u0301diaire de la confe\u0301de\u0301ration syndicale Dynamique unitaire dont je suis le pre\u0301sident, au nume\u0301ro Airtel Money suivant : 077 50 02 98 ; vous pouvez e\u0301galement m\u2019aider par mon te\u0301le\u0301phone dont le nume\u0301ro Airtel Money est 077 17 33 59.<\/p>\n<p>Vous qui avez confiance en Dynamique unitaire et moi, sachez qu\u2019on ne vous de\u0301cevra pas. Je prie Dieu de continuer de me soutenir quel que soit les tribulations par lesquelles je pourrai passer, afin que nous soyons toujours dignes de la confiance et de l\u2019espe\u0301rance place\u0301es en nous pour la de\u0301fense des inte\u0301re\u0302ts des travailleurs, des retraite\u0301s et du peuple.<\/p>\n<p><b>Que Dieu vous be\u0301nisse<\/b><br \/>\n<b>Que Dieu be\u0301nisse, Dynamique Unitaire<\/b><br \/>\n<b>Que Dieu be\u0301nisse, le Gabon<\/b><br \/>\n<b>Libreville le 17 de\u0301cembre 2022<\/b><\/p>\n<p><strong>Pour plus d&rsquo;informations et d&rsquo;analyses sur la <a href=\"https:\/\/www.africa-press.net\/gabon\">Gabon<\/a>, suivez <a href=\"https:\/\/www.africa-press.net\/\">Africa-Press<\/a><\/strong><\/p>\n","protected":false},"excerpt":{"rendered":"<p>Africa-Press &#8211; Gabon. De\u0301tenu a\u0300 la prison centrale de Libreville depuis le 2 mars dernier, suite a\u0300 son arrestation le 27 fe\u0301vrier 2022, a\u0300 l\u2019ae\u0301roport international Le\u0301on Mba de Libreville, le pre\u0301sident du Syndicat national des enseignants et chercheurs (SNEC) et pre\u0301sident de la confe\u0301de\u0301ration syndicale Dynamique unitaire a participe\u0301 a\u0300 la confe\u0301rence de presse [&hellip;]<\/p>\n","protected":false},"author":82,"featured_media":14044,"comment_status":"open","ping_status":"closed","sticky":false,"template":"","format":"standard","meta":{"footnotes":""},"categories":[21,10],"tags":[36,50,49],"class_list":["post-14045","post","type-post","status-publish","format-standard","has-post-thumbnail","hentry","category-communaute","category-toutes-les-actualites","tag-africa-press","tag-africa-press-gabon","tag-gabon"],"yoast_head":"<!-- This site is optimized with the Yoast SEO Premium plugin v26.1 (Yoast SEO v27.0) - https:\/\/yoast.com\/product\/yoast-seo-premium-wordpress\/ -->\n<title>Gabon\u00a0: Depuis sa cellule, Jean R\u00e9my Yama clarifie sa situation carc\u00e9rale - Gabon<\/title>\n<meta name=\"robots\" content=\"index, follow, max-snippet:-1, max-image-preview:large, max-video-preview:-1\" \/>\n<link rel=\"canonical\" href=\"https:\/\/www.africa-press.net\/gabon\/politique\/gabon-depuis-sa-cellule-jean-remy-yama-clarifie-sa-situation-carcerale\" \/>\n<meta property=\"og:locale\" content=\"fr_FR\" \/>\n<meta property=\"og:type\" content=\"article\" \/>\n<meta property=\"og:title\" content=\"Gabon\u00a0: Depuis sa cellule, Jean R\u00e9my Yama clarifie sa situation carc\u00e9rale\" \/>\n<meta property=\"og:description\" content=\"Africa-Press &#8211; Gabon. De\u0301tenu a\u0300 la prison centrale de Libreville depuis le 2 mars dernier, suite a\u0300 son arrestation le 27 fe\u0301vrier 2022, a\u0300 l\u2019ae\u0301roport international Le\u0301on Mba de Libreville, le pre\u0301sident du Syndicat national des enseignants et chercheurs (SNEC) et pre\u0301sident de la confe\u0301de\u0301ration syndicale Dynamique unitaire a participe\u0301 a\u0300 la confe\u0301rence de presse [&hellip;]\" \/>\n<meta property=\"og:url\" content=\"https:\/\/www.africa-press.net\/gabon\/politique\/gabon-depuis-sa-cellule-jean-remy-yama-clarifie-sa-situation-carcerale\" \/>\n<meta property=\"og:site_name\" content=\"Gabon\" \/>\n<meta property=\"article:published_time\" content=\"2022-12-19T17:53:36+00:00\" \/>\n<meta name=\"author\" content=\"cfeditorfr\" \/>\n<meta name=\"twitter:card\" content=\"summary_large_image\" \/>\n<meta name=\"twitter:label1\" content=\"\u00c9crit par\" \/>\n\t<meta name=\"twitter:data1\" content=\"cfeditorfr\" \/>\n\t<meta name=\"twitter:label2\" content=\"Dur\u00e9e de lecture estim\u00e9e\" \/>\n\t<meta name=\"twitter:data2\" content=\"8 minutes\" \/>\n<script type=\"application\/ld+json\" class=\"yoast-schema-graph\">{\"@context\":\"https:\/\/schema.org\",\"@graph\":[{\"@type\":\"Article\",\"@id\":\"https:\/\/www.africa-press.net\/gabon\/politique\/gabon-depuis-sa-cellule-jean-remy-yama-clarifie-sa-situation-carcerale#article\",\"isPartOf\":{\"@id\":\"https:\/\/www.africa-press.net\/gabon\/politique\/gabon-depuis-sa-cellule-jean-remy-yama-clarifie-sa-situation-carcerale\"},\"author\":{\"name\":\"cfeditorfr\",\"@id\":\"https:\/\/www.africa-press.net\/gabon\/#\/schema\/person\/2b1cf3cd81a31e3cd26889ca66d677f1\"},\"headline\":\"Gabon\u00a0: Depuis sa cellule, Jean R\u00e9my Yama clarifie sa situation carc\u00e9rale\",\"datePublished\":\"2022-12-19T17:53:36+00:00\",\"mainEntityOfPage\":{\"@id\":\"https:\/\/www.africa-press.net\/gabon\/politique\/gabon-depuis-sa-cellule-jean-remy-yama-clarifie-sa-situation-carcerale\"},\"wordCount\":1557,\"commentCount\":0,\"image\":{\"@id\":\"https:\/\/www.africa-press.net\/gabon\/politique\/gabon-depuis-sa-cellule-jean-remy-yama-clarifie-sa-situation-carcerale#primaryimage\"},\"thumbnailUrl\":\"https:\/\/static.africa-press.net\/gabon\/sites\/54\/2022\/12\/postQueueImg_1671459827.69.jpg\",\"keywords\":[\"Africa Press\",\"Africa Press-Gabon\",\"Gabon\"],\"articleSection\":[\"Communaut\u00e9\",\"Toutes les actualit\u00e9s\"],\"inLanguage\":\"fr-FR\",\"potentialAction\":[{\"@type\":\"CommentAction\",\"name\":\"Comment\",\"target\":[\"https:\/\/www.africa-press.net\/gabon\/politique\/gabon-depuis-sa-cellule-jean-remy-yama-clarifie-sa-situation-carcerale#respond\"]}]},{\"@type\":\"WebPage\",\"@id\":\"https:\/\/www.africa-press.net\/gabon\/politique\/gabon-depuis-sa-cellule-jean-remy-yama-clarifie-sa-situation-carcerale\",\"url\":\"https:\/\/www.africa-press.net\/gabon\/politique\/gabon-depuis-sa-cellule-jean-remy-yama-clarifie-sa-situation-carcerale\",\"name\":\"Gabon\u00a0: Depuis sa cellule, Jean R\u00e9my Yama clarifie sa situation carc\u00e9rale - Gabon\",\"isPartOf\":{\"@id\":\"https:\/\/www.africa-press.net\/gabon\/#website\"},\"primaryImageOfPage\":{\"@id\":\"https:\/\/www.africa-press.net\/gabon\/politique\/gabon-depuis-sa-cellule-jean-remy-yama-clarifie-sa-situation-carcerale#primaryimage\"},\"image\":{\"@id\":\"https:\/\/www.africa-press.net\/gabon\/politique\/gabon-depuis-sa-cellule-jean-remy-yama-clarifie-sa-situation-carcerale#primaryimage\"},\"thumbnailUrl\":\"https:\/\/static.africa-press.net\/gabon\/sites\/54\/2022\/12\/postQueueImg_1671459827.69.jpg\",\"datePublished\":\"2022-12-19T17:53:36+00:00\",\"author\":{\"@id\":\"https:\/\/www.africa-press.net\/gabon\/#\/schema\/person\/2b1cf3cd81a31e3cd26889ca66d677f1\"},\"breadcrumb\":{\"@id\":\"https:\/\/www.africa-press.net\/gabon\/politique\/gabon-depuis-sa-cellule-jean-remy-yama-clarifie-sa-situation-carcerale#breadcrumb\"},\"inLanguage\":\"fr-FR\",\"potentialAction\":[{\"@type\":\"ReadAction\",\"target\":[\"https:\/\/www.africa-press.net\/gabon\/politique\/gabon-depuis-sa-cellule-jean-remy-yama-clarifie-sa-situation-carcerale\"]}]},{\"@type\":\"ImageObject\",\"inLanguage\":\"fr-FR\",\"@id\":\"https:\/\/www.africa-press.net\/gabon\/politique\/gabon-depuis-sa-cellule-jean-remy-yama-clarifie-sa-situation-carcerale#primaryimage\",\"url\":\"https:\/\/static.africa-press.net\/gabon\/sites\/54\/2022\/12\/postQueueImg_1671459827.69.jpg\",\"contentUrl\":\"https:\/\/static.africa-press.net\/gabon\/sites\/54\/2022\/12\/postQueueImg_1671459827.69.jpg\",\"width\":720,\"height\":517,\"caption\":\"Gabon\u00a0: Depuis sa cellule, Jean R\u00e9my Yama clarifie sa situation carc\u00e9rale\"},{\"@type\":\"BreadcrumbList\",\"@id\":\"https:\/\/www.africa-press.net\/gabon\/politique\/gabon-depuis-sa-cellule-jean-remy-yama-clarifie-sa-situation-carcerale#breadcrumb\",\"itemListElement\":[{\"@type\":\"ListItem\",\"position\":1,\"name\":\"Accueil\",\"item\":\"https:\/\/www.africa-press.net\/gabon\/\"},{\"@type\":\"ListItem\",\"position\":2,\"name\":\"Gabon\u00a0: Depuis sa cellule, Jean R\u00e9my Yama clarifie sa situation carc\u00e9rale\"}]},{\"@type\":\"WebSite\",\"@id\":\"https:\/\/www.africa-press.net\/gabon\/#website\",\"url\":\"https:\/\/www.africa-press.net\/gabon\/\",\"name\":\"Gabon\",\"description\":\"Just another Africa News Agency Sites site\",\"potentialAction\":[{\"@type\":\"SearchAction\",\"target\":{\"@type\":\"EntryPoint\",\"urlTemplate\":\"https:\/\/www.africa-press.net\/gabon\/?s={search_term_string}\"},\"query-input\":{\"@type\":\"PropertyValueSpecification\",\"valueRequired\":true,\"valueName\":\"search_term_string\"}}],\"inLanguage\":\"fr-FR\"},{\"@type\":\"Person\",\"@id\":\"https:\/\/www.africa-press.net\/gabon\/#\/schema\/person\/2b1cf3cd81a31e3cd26889ca66d677f1\",\"name\":\"cfeditorfr\"}]}<\/script>\n<!-- \/ Yoast SEO Premium plugin. -->","yoast_head_json":{"title":"Gabon\u00a0: Depuis sa cellule, Jean R\u00e9my Yama clarifie sa situation carc\u00e9rale - Gabon","robots":{"index":"index","follow":"follow","max-snippet":"max-snippet:-1","max-image-preview":"max-image-preview:large","max-video-preview":"max-video-preview:-1"},"canonical":"https:\/\/www.africa-press.net\/gabon\/politique\/gabon-depuis-sa-cellule-jean-remy-yama-clarifie-sa-situation-carcerale","og_locale":"fr_FR","og_type":"article","og_title":"Gabon\u00a0: Depuis sa cellule, Jean R\u00e9my Yama clarifie sa situation carc\u00e9rale","og_description":"Africa-Press &#8211; Gabon. De\u0301tenu a\u0300 la prison centrale de Libreville depuis le 2 mars dernier, suite a\u0300 son arrestation le 27 fe\u0301vrier 2022, a\u0300 l\u2019ae\u0301roport international Le\u0301on Mba de Libreville, le pre\u0301sident du Syndicat national des enseignants et chercheurs (SNEC) et pre\u0301sident de la confe\u0301de\u0301ration syndicale Dynamique unitaire a participe\u0301 a\u0300 la confe\u0301rence de presse [&hellip;]","og_url":"https:\/\/www.africa-press.net\/gabon\/politique\/gabon-depuis-sa-cellule-jean-remy-yama-clarifie-sa-situation-carcerale","og_site_name":"Gabon","article_published_time":"2022-12-19T17:53:36+00:00","author":"cfeditorfr","twitter_card":"summary_large_image","twitter_misc":{"\u00c9crit par":"cfeditorfr","Dur\u00e9e de lecture estim\u00e9e":"8 minutes"},"schema":{"@context":"https:\/\/schema.org","@graph":[{"@type":"Article","@id":"https:\/\/www.africa-press.net\/gabon\/politique\/gabon-depuis-sa-cellule-jean-remy-yama-clarifie-sa-situation-carcerale#article","isPartOf":{"@id":"https:\/\/www.africa-press.net\/gabon\/politique\/gabon-depuis-sa-cellule-jean-remy-yama-clarifie-sa-situation-carcerale"},"author":{"name":"cfeditorfr","@id":"https:\/\/www.africa-press.net\/gabon\/#\/schema\/person\/2b1cf3cd81a31e3cd26889ca66d677f1"},"headline":"Gabon\u00a0: Depuis sa cellule, Jean R\u00e9my Yama clarifie sa situation carc\u00e9rale","datePublished":"2022-12-19T17:53:36+00:00","mainEntityOfPage":{"@id":"https:\/\/www.africa-press.net\/gabon\/politique\/gabon-depuis-sa-cellule-jean-remy-yama-clarifie-sa-situation-carcerale"},"wordCount":1557,"commentCount":0,"image":{"@id":"https:\/\/www.africa-press.net\/gabon\/politique\/gabon-depuis-sa-cellule-jean-remy-yama-clarifie-sa-situation-carcerale#primaryimage"},"thumbnailUrl":"https:\/\/static.africa-press.net\/gabon\/sites\/54\/2022\/12\/postQueueImg_1671459827.69.jpg","keywords":["Africa Press","Africa Press-Gabon","Gabon"],"articleSection":["Communaut\u00e9","Toutes les actualit\u00e9s"],"inLanguage":"fr-FR","potentialAction":[{"@type":"CommentAction","name":"Comment","target":["https:\/\/www.africa-press.net\/gabon\/politique\/gabon-depuis-sa-cellule-jean-remy-yama-clarifie-sa-situation-carcerale#respond"]}]},{"@type":"WebPage","@id":"https:\/\/www.africa-press.net\/gabon\/politique\/gabon-depuis-sa-cellule-jean-remy-yama-clarifie-sa-situation-carcerale","url":"https:\/\/www.africa-press.net\/gabon\/politique\/gabon-depuis-sa-cellule-jean-remy-yama-clarifie-sa-situation-carcerale","name":"Gabon\u00a0: Depuis sa cellule, Jean R\u00e9my Yama clarifie sa situation carc\u00e9rale - Gabon","isPartOf":{"@id":"https:\/\/www.africa-press.net\/gabon\/#website"},"primaryImageOfPage":{"@id":"https:\/\/www.africa-press.net\/gabon\/politique\/gabon-depuis-sa-cellule-jean-remy-yama-clarifie-sa-situation-carcerale#primaryimage"},"image":{"@id":"https:\/\/www.africa-press.net\/gabon\/politique\/gabon-depuis-sa-cellule-jean-remy-yama-clarifie-sa-situation-carcerale#primaryimage"},"thumbnailUrl":"https:\/\/static.africa-press.net\/gabon\/sites\/54\/2022\/12\/postQueueImg_1671459827.69.jpg","datePublished":"2022-12-19T17:53:36+00:00","author":{"@id":"https:\/\/www.africa-press.net\/gabon\/#\/schema\/person\/2b1cf3cd81a31e3cd26889ca66d677f1"},"breadcrumb":{"@id":"https:\/\/www.africa-press.net\/gabon\/politique\/gabon-depuis-sa-cellule-jean-remy-yama-clarifie-sa-situation-carcerale#breadcrumb"},"inLanguage":"fr-FR","potentialAction":[{"@type":"ReadAction","target":["https:\/\/www.africa-press.net\/gabon\/politique\/gabon-depuis-sa-cellule-jean-remy-yama-clarifie-sa-situation-carcerale"]}]},{"@type":"ImageObject","inLanguage":"fr-FR","@id":"https:\/\/www.africa-press.net\/gabon\/politique\/gabon-depuis-sa-cellule-jean-remy-yama-clarifie-sa-situation-carcerale#primaryimage","url":"https:\/\/static.africa-press.net\/gabon\/sites\/54\/2022\/12\/postQueueImg_1671459827.69.jpg","contentUrl":"https:\/\/static.africa-press.net\/gabon\/sites\/54\/2022\/12\/postQueueImg_1671459827.69.jpg","width":720,"height":517,"caption":"Gabon\u00a0: Depuis sa cellule, Jean R\u00e9my Yama clarifie sa situation carc\u00e9rale"},{"@type":"BreadcrumbList","@id":"https:\/\/www.africa-press.net\/gabon\/politique\/gabon-depuis-sa-cellule-jean-remy-yama-clarifie-sa-situation-carcerale#breadcrumb","itemListElement":[{"@type":"ListItem","position":1,"name":"Accueil","item":"https:\/\/www.africa-press.net\/gabon\/"},{"@type":"ListItem","position":2,"name":"Gabon\u00a0: Depuis sa cellule, Jean R\u00e9my Yama clarifie sa situation carc\u00e9rale"}]},{"@type":"WebSite","@id":"https:\/\/www.africa-press.net\/gabon\/#website","url":"https:\/\/www.africa-press.net\/gabon\/","name":"Gabon","description":"Just another Africa News Agency Sites site","potentialAction":[{"@type":"SearchAction","target":{"@type":"EntryPoint","urlTemplate":"https:\/\/www.africa-press.net\/gabon\/?s={search_term_string}"},"query-input":{"@type":"PropertyValueSpecification","valueRequired":true,"valueName":"search_term_string"}}],"inLanguage":"fr-FR"},{"@type":"Person","@id":"https:\/\/www.africa-press.net\/gabon\/#\/schema\/person\/2b1cf3cd81a31e3cd26889ca66d677f1","name":"cfeditorfr"}]}},"_links":{"self":[{"href":"https:\/\/www.africa-press.net\/gabon\/wp-json\/wp\/v2\/posts\/14045","targetHints":{"allow":["GET"]}}],"collection":[{"href":"https:\/\/www.africa-press.net\/gabon\/wp-json\/wp\/v2\/posts"}],"about":[{"href":"https:\/\/www.africa-press.net\/gabon\/wp-json\/wp\/v2\/types\/post"}],"author":[{"embeddable":true,"href":"https:\/\/www.africa-press.net\/gabon\/wp-json\/wp\/v2\/users\/82"}],"replies":[{"embeddable":true,"href":"https:\/\/www.africa-press.net\/gabon\/wp-json\/wp\/v2\/comments?post=14045"}],"version-history":[{"count":0,"href":"https:\/\/www.africa-press.net\/gabon\/wp-json\/wp\/v2\/posts\/14045\/revisions"}],"wp:featuredmedia":[{"embeddable":true,"href":"https:\/\/www.africa-press.net\/gabon\/wp-json\/wp\/v2\/media\/14044"}],"wp:attachment":[{"href":"https:\/\/www.africa-press.net\/gabon\/wp-json\/wp\/v2\/media?parent=14045"}],"wp:term":[{"taxonomy":"category","embeddable":true,"href":"https:\/\/www.africa-press.net\/gabon\/wp-json\/wp\/v2\/categories?post=14045"},{"taxonomy":"post_tag","embeddable":true,"href":"https:\/\/www.africa-press.net\/gabon\/wp-json\/wp\/v2\/tags?post=14045"}],"curies":[{"name":"wp","href":"https:\/\/api.w.org\/{rel}","templated":true}]}}