{"id":14055,"date":"2022-12-19T17:54:31","date_gmt":"2022-12-19T17:54:31","guid":{"rendered":"https:\/\/www.africa-press.net\/gabon\/politique\/gabon-politica-pour-lengagement-politique-des-femmes"},"modified":"2022-12-19T17:54:31","modified_gmt":"2022-12-19T17:54:31","slug":"gabon-politica-pour-lengagement-politique-des-femmes","status":"publish","type":"post","link":"https:\/\/www.africa-press.net\/gabon\/politique\/gabon-politica-pour-lengagement-politique-des-femmes","title":{"rendered":"Gabon : Politica, pour l\u2019engagement politique des femmes"},"content":{"rendered":"<p><span style=\"color: #ff6600\"><strong>Africa-Press &#8211; Gabon. <\/strong><\/span>L\u2019incubateur <b>Politica <\/b>a organise\u0301, samedi 17 de\u0301cembre a\u0300 Libreville, une nouvelle sortie en vue d\u2019inviter les femmes a\u0300 s\u2019engager davantage en politique pour une meilleure inclusion dans les instances de\u0301cisionnelles du pays. Anime\u0301 par le Dr Wenceslas Mamboundou, politologue, le cafe\u0301 politique a fait salle comble a\u0300 l\u2019auditorium du ministe\u0300re des Eaux et Fore\u0302ts.<\/p>\n<p>Reprise des activite\u0301s pour Politica apre\u0300s la crise sanitaire lie\u0301e au Covid-19. Samedi dernier, l\u2019auditorium du ministe\u0300re des Eaux et Fore\u0302ts a fait salle comble a\u0300 l\u2019occasion du cafe\u0301 politique de l\u2019incubateur organise\u0301 sous le the\u0300me \u00abEngagement politique des femmes et inclusion dans les instances de prise de de\u0301cision\u00bb. Comme formateur, le Dr Wenceslas Mamboundou, politologue, membre du Groupe d\u2019e\u0301tudes politiques et de de\u0301fense (GREPO\/IRSH). Gise\u0300le Akoghet, e\u0301pse Ndoutoume Essone et Leaticia Carmella Diweckou, toutes deux anciennes ministres de\u0301le\u0301gue\u0301es, ont anime\u0301 le panel de partage d\u2019expe\u0301rience en tant que femme leaders politiques.<\/p>\n<p>\u00abLa femme a un ro\u0302le central a\u0300 jouer dans le de\u0301veloppement de son pays, mais paradoxalement, elle occupe une place marginale sur l\u2019e\u0301chiquier politique. Conscientes de la faiblesse de son engagement, mais aussi de celui des jeunes qui repre\u0301sentent pourtant pre\u0300s de 65% de la population gabonaise, nous avons de\u0301cide\u0301 de cre\u0301er Politica, un incubateur qui vise a\u0300 former ces deux tranches non ne\u0301gligeables de la population gabonaise\u00bb, a de\u0301clare\u0301 a\u0300 l\u2019ouverture du cafe\u0301 politique Paola Minkue, pre\u0301sidente dudit incubateur, qui n\u2019a pas manque\u0301 de rappeler les efforts consentis par les autorite\u0301s gabonaises, Ali Bongo en te\u0302te, pour une plus grande inclusion des femmes et des jeunes en politique, notamment par l\u2019instauration, en septembre 2016, d\u2019un quota aux e\u0301lections politiques a\u0300 leur profit.<\/p>\n<p>Politica, bien plus que la formation<\/p>\n<p>Sa pre\u0301sidente a tenu a\u0300 indiquer lors de cette nouvelle sortie que \u00abl\u2019action de Politica ne se limite pas a\u0300 la formation\u00bb. Cre\u0301e\u0301 en 2017, l\u2019incubateur se donne surtout pour mission de \u00absusciter (chez les femmes et les jeunes) de vraies vocations, de re\u0301elles aspirations et de fermes de\u0301terminations a\u0300 s\u2019impliquer pour faire bouger les lignes dans notre pays\u00bb.<\/p>\n<p>\u00abNous voulons e\u0301quiper les femmes et les jeunes pour le leadership politique. Nous voulons promouvoir et favoriser [leur] inclusion dans les instances de\u0301cisionnelles de notre pays. Bref, j\u2019ai souvent entendu dire que la politique est tel un virus qui, lorsqu\u2019il vous attrape, ne peut plus vous quitter. C\u2019est ce virus que Politica ambitionne d\u2019inoculer en chaque femme et en chaque jeune afin que chacun joue pleinement son ro\u0302le\u00bb, a de\u0301clare\u0301 Paola Minkue.<\/p>\n<p>Forte de ses 17 anne\u0301es d\u2019engagement politique, la pre\u0301sidente de Politica entend, aux co\u0302te\u0301s de ses collaborateurs et partenaires, poursuivre l\u2019action de l\u2019incubateur en 2023 par la mise en place de divers cadres d\u2019e\u0301changes : cafe\u0301s politiques, forums, confe\u0301rences, formations. \u00abNous sommes de\u0301termine\u0301es a\u0300 \u0153uvrer sans rela\u0302che pour l\u2019e\u0301closion et l\u2019e\u0301panouissement de ces acteurs politiques d\u2019e\u0301lite.\u00bb<\/p>\n<p><strong>Pour plus d&rsquo;informations et d&rsquo;analyses sur la <a href=\"https:\/\/www.africa-press.net\/gabon\">Gabon<\/a>, suivez <a href=\"https:\/\/www.africa-press.net\/\">Africa-Press<\/a><\/strong><\/p>\n","protected":false},"excerpt":{"rendered":"<p>Africa-Press &#8211; Gabon. L\u2019incubateur Politica a organise\u0301, samedi 17 de\u0301cembre a\u0300 Libreville, une nouvelle sortie en vue d\u2019inviter les femmes a\u0300 s\u2019engager davantage en politique pour une meilleure inclusion dans les instances de\u0301cisionnelles du pays. Anime\u0301 par le Dr Wenceslas Mamboundou, politologue, le cafe\u0301 politique a fait salle comble a\u0300 l\u2019auditorium du ministe\u0300re des Eaux [&hellip;]<\/p>\n","protected":false},"author":82,"featured_media":14054,"comment_status":"open","ping_status":"closed","sticky":false,"template":"","format":"standard","meta":{"footnotes":""},"categories":[2,10],"tags":[36,50,49],"class_list":["post-14055","post","type-post","status-publish","format-standard","has-post-thumbnail","hentry","category-politique","category-toutes-les-actualites","tag-africa-press","tag-africa-press-gabon","tag-gabon"],"yoast_head":"<!-- This site is optimized with the Yoast SEO Premium plugin v26.1 (Yoast SEO v27.0) - https:\/\/yoast.com\/product\/yoast-seo-premium-wordpress\/ -->\n<title>Gabon : Politica, pour l\u2019engagement politique des femmes - Gabon<\/title>\n<meta name=\"robots\" content=\"index, follow, max-snippet:-1, max-image-preview:large, max-video-preview:-1\" \/>\n<link rel=\"canonical\" href=\"https:\/\/www.africa-press.net\/gabon\/politique\/gabon-politica-pour-lengagement-politique-des-femmes\" \/>\n<meta property=\"og:locale\" content=\"fr_FR\" \/>\n<meta property=\"og:type\" content=\"article\" \/>\n<meta property=\"og:title\" content=\"Gabon : Politica, pour l\u2019engagement politique des femmes\" \/>\n<meta property=\"og:description\" content=\"Africa-Press &#8211; Gabon. L\u2019incubateur Politica a organise\u0301, samedi 17 de\u0301cembre a\u0300 Libreville, une nouvelle sortie en vue d\u2019inviter les femmes a\u0300 s\u2019engager davantage en politique pour une meilleure inclusion dans les instances de\u0301cisionnelles du pays. Anime\u0301 par le Dr Wenceslas Mamboundou, politologue, le cafe\u0301 politique a fait salle comble a\u0300 l\u2019auditorium du ministe\u0300re des Eaux [&hellip;]\" \/>\n<meta property=\"og:url\" content=\"https:\/\/www.africa-press.net\/gabon\/politique\/gabon-politica-pour-lengagement-politique-des-femmes\" \/>\n<meta property=\"og:site_name\" content=\"Gabon\" \/>\n<meta property=\"article:published_time\" content=\"2022-12-19T17:54:31+00:00\" \/>\n<meta name=\"author\" content=\"cfeditorfr\" \/>\n<meta name=\"twitter:card\" content=\"summary_large_image\" \/>\n<meta name=\"twitter:label1\" content=\"\u00c9crit par\" \/>\n\t<meta name=\"twitter:data1\" content=\"cfeditorfr\" \/>\n\t<meta name=\"twitter:label2\" content=\"Dur\u00e9e de lecture estim\u00e9e\" \/>\n\t<meta name=\"twitter:data2\" content=\"3 minutes\" \/>\n<script type=\"application\/ld+json\" class=\"yoast-schema-graph\">{\"@context\":\"https:\/\/schema.org\",\"@graph\":[{\"@type\":\"Article\",\"@id\":\"https:\/\/www.africa-press.net\/gabon\/politique\/gabon-politica-pour-lengagement-politique-des-femmes#article\",\"isPartOf\":{\"@id\":\"https:\/\/www.africa-press.net\/gabon\/politique\/gabon-politica-pour-lengagement-politique-des-femmes\"},\"author\":{\"name\":\"cfeditorfr\",\"@id\":\"https:\/\/www.africa-press.net\/gabon\/#\/schema\/person\/2b1cf3cd81a31e3cd26889ca66d677f1\"},\"headline\":\"Gabon : Politica, pour l\u2019engagement politique des femmes\",\"datePublished\":\"2022-12-19T17:54:31+00:00\",\"mainEntityOfPage\":{\"@id\":\"https:\/\/www.africa-press.net\/gabon\/politique\/gabon-politica-pour-lengagement-politique-des-femmes\"},\"wordCount\":560,\"commentCount\":0,\"image\":{\"@id\":\"https:\/\/www.africa-press.net\/gabon\/politique\/gabon-politica-pour-lengagement-politique-des-femmes#primaryimage\"},\"thumbnailUrl\":\"https:\/\/static.africa-press.net\/gabon\/sites\/54\/2022\/12\/postQueueImg_1671459877.51.jpg\",\"keywords\":[\"Africa Press\",\"Africa Press-Gabon\",\"Gabon\"],\"articleSection\":[\"Politique\",\"Toutes les actualit\u00e9s\"],\"inLanguage\":\"fr-FR\",\"potentialAction\":[{\"@type\":\"CommentAction\",\"name\":\"Comment\",\"target\":[\"https:\/\/www.africa-press.net\/gabon\/politique\/gabon-politica-pour-lengagement-politique-des-femmes#respond\"]}]},{\"@type\":\"WebPage\",\"@id\":\"https:\/\/www.africa-press.net\/gabon\/politique\/gabon-politica-pour-lengagement-politique-des-femmes\",\"url\":\"https:\/\/www.africa-press.net\/gabon\/politique\/gabon-politica-pour-lengagement-politique-des-femmes\",\"name\":\"Gabon : Politica, pour l\u2019engagement politique des femmes - Gabon\",\"isPartOf\":{\"@id\":\"https:\/\/www.africa-press.net\/gabon\/#website\"},\"primaryImageOfPage\":{\"@id\":\"https:\/\/www.africa-press.net\/gabon\/politique\/gabon-politica-pour-lengagement-politique-des-femmes#primaryimage\"},\"image\":{\"@id\":\"https:\/\/www.africa-press.net\/gabon\/politique\/gabon-politica-pour-lengagement-politique-des-femmes#primaryimage\"},\"thumbnailUrl\":\"https:\/\/static.africa-press.net\/gabon\/sites\/54\/2022\/12\/postQueueImg_1671459877.51.jpg\",\"datePublished\":\"2022-12-19T17:54:31+00:00\",\"author\":{\"@id\":\"https:\/\/www.africa-press.net\/gabon\/#\/schema\/person\/2b1cf3cd81a31e3cd26889ca66d677f1\"},\"breadcrumb\":{\"@id\":\"https:\/\/www.africa-press.net\/gabon\/politique\/gabon-politica-pour-lengagement-politique-des-femmes#breadcrumb\"},\"inLanguage\":\"fr-FR\",\"potentialAction\":[{\"@type\":\"ReadAction\",\"target\":[\"https:\/\/www.africa-press.net\/gabon\/politique\/gabon-politica-pour-lengagement-politique-des-femmes\"]}]},{\"@type\":\"ImageObject\",\"inLanguage\":\"fr-FR\",\"@id\":\"https:\/\/www.africa-press.net\/gabon\/politique\/gabon-politica-pour-lengagement-politique-des-femmes#primaryimage\",\"url\":\"https:\/\/static.africa-press.net\/gabon\/sites\/54\/2022\/12\/postQueueImg_1671459877.51.jpg\",\"contentUrl\":\"https:\/\/static.africa-press.net\/gabon\/sites\/54\/2022\/12\/postQueueImg_1671459877.51.jpg\",\"width\":720,\"height\":421,\"caption\":\"Gabon : Politica, pour l\u2019engagement politique des femmes\"},{\"@type\":\"BreadcrumbList\",\"@id\":\"https:\/\/www.africa-press.net\/gabon\/politique\/gabon-politica-pour-lengagement-politique-des-femmes#breadcrumb\",\"itemListElement\":[{\"@type\":\"ListItem\",\"position\":1,\"name\":\"Accueil\",\"item\":\"https:\/\/www.africa-press.net\/gabon\/\"},{\"@type\":\"ListItem\",\"position\":2,\"name\":\"Gabon : Politica, pour l\u2019engagement politique des femmes\"}]},{\"@type\":\"WebSite\",\"@id\":\"https:\/\/www.africa-press.net\/gabon\/#website\",\"url\":\"https:\/\/www.africa-press.net\/gabon\/\",\"name\":\"Gabon\",\"description\":\"Just another Africa News Agency Sites site\",\"potentialAction\":[{\"@type\":\"SearchAction\",\"target\":{\"@type\":\"EntryPoint\",\"urlTemplate\":\"https:\/\/www.africa-press.net\/gabon\/?s={search_term_string}\"},\"query-input\":{\"@type\":\"PropertyValueSpecification\",\"valueRequired\":true,\"valueName\":\"search_term_string\"}}],\"inLanguage\":\"fr-FR\"},{\"@type\":\"Person\",\"@id\":\"https:\/\/www.africa-press.net\/gabon\/#\/schema\/person\/2b1cf3cd81a31e3cd26889ca66d677f1\",\"name\":\"cfeditorfr\"}]}<\/script>\n<!-- \/ Yoast SEO Premium plugin. -->","yoast_head_json":{"title":"Gabon : Politica, pour l\u2019engagement politique des femmes - Gabon","robots":{"index":"index","follow":"follow","max-snippet":"max-snippet:-1","max-image-preview":"max-image-preview:large","max-video-preview":"max-video-preview:-1"},"canonical":"https:\/\/www.africa-press.net\/gabon\/politique\/gabon-politica-pour-lengagement-politique-des-femmes","og_locale":"fr_FR","og_type":"article","og_title":"Gabon : Politica, pour l\u2019engagement politique des femmes","og_description":"Africa-Press &#8211; Gabon. L\u2019incubateur Politica a organise\u0301, samedi 17 de\u0301cembre a\u0300 Libreville, une nouvelle sortie en vue d\u2019inviter les femmes a\u0300 s\u2019engager davantage en politique pour une meilleure inclusion dans les instances de\u0301cisionnelles du pays. Anime\u0301 par le Dr Wenceslas Mamboundou, politologue, le cafe\u0301 politique a fait salle comble a\u0300 l\u2019auditorium du ministe\u0300re des Eaux [&hellip;]","og_url":"https:\/\/www.africa-press.net\/gabon\/politique\/gabon-politica-pour-lengagement-politique-des-femmes","og_site_name":"Gabon","article_published_time":"2022-12-19T17:54:31+00:00","author":"cfeditorfr","twitter_card":"summary_large_image","twitter_misc":{"\u00c9crit par":"cfeditorfr","Dur\u00e9e de lecture estim\u00e9e":"3 minutes"},"schema":{"@context":"https:\/\/schema.org","@graph":[{"@type":"Article","@id":"https:\/\/www.africa-press.net\/gabon\/politique\/gabon-politica-pour-lengagement-politique-des-femmes#article","isPartOf":{"@id":"https:\/\/www.africa-press.net\/gabon\/politique\/gabon-politica-pour-lengagement-politique-des-femmes"},"author":{"name":"cfeditorfr","@id":"https:\/\/www.africa-press.net\/gabon\/#\/schema\/person\/2b1cf3cd81a31e3cd26889ca66d677f1"},"headline":"Gabon : Politica, pour l\u2019engagement politique des femmes","datePublished":"2022-12-19T17:54:31+00:00","mainEntityOfPage":{"@id":"https:\/\/www.africa-press.net\/gabon\/politique\/gabon-politica-pour-lengagement-politique-des-femmes"},"wordCount":560,"commentCount":0,"image":{"@id":"https:\/\/www.africa-press.net\/gabon\/politique\/gabon-politica-pour-lengagement-politique-des-femmes#primaryimage"},"thumbnailUrl":"https:\/\/static.africa-press.net\/gabon\/sites\/54\/2022\/12\/postQueueImg_1671459877.51.jpg","keywords":["Africa Press","Africa Press-Gabon","Gabon"],"articleSection":["Politique","Toutes les actualit\u00e9s"],"inLanguage":"fr-FR","potentialAction":[{"@type":"CommentAction","name":"Comment","target":["https:\/\/www.africa-press.net\/gabon\/politique\/gabon-politica-pour-lengagement-politique-des-femmes#respond"]}]},{"@type":"WebPage","@id":"https:\/\/www.africa-press.net\/gabon\/politique\/gabon-politica-pour-lengagement-politique-des-femmes","url":"https:\/\/www.africa-press.net\/gabon\/politique\/gabon-politica-pour-lengagement-politique-des-femmes","name":"Gabon : Politica, pour l\u2019engagement politique des femmes - Gabon","isPartOf":{"@id":"https:\/\/www.africa-press.net\/gabon\/#website"},"primaryImageOfPage":{"@id":"https:\/\/www.africa-press.net\/gabon\/politique\/gabon-politica-pour-lengagement-politique-des-femmes#primaryimage"},"image":{"@id":"https:\/\/www.africa-press.net\/gabon\/politique\/gabon-politica-pour-lengagement-politique-des-femmes#primaryimage"},"thumbnailUrl":"https:\/\/static.africa-press.net\/gabon\/sites\/54\/2022\/12\/postQueueImg_1671459877.51.jpg","datePublished":"2022-12-19T17:54:31+00:00","author":{"@id":"https:\/\/www.africa-press.net\/gabon\/#\/schema\/person\/2b1cf3cd81a31e3cd26889ca66d677f1"},"breadcrumb":{"@id":"https:\/\/www.africa-press.net\/gabon\/politique\/gabon-politica-pour-lengagement-politique-des-femmes#breadcrumb"},"inLanguage":"fr-FR","potentialAction":[{"@type":"ReadAction","target":["https:\/\/www.africa-press.net\/gabon\/politique\/gabon-politica-pour-lengagement-politique-des-femmes"]}]},{"@type":"ImageObject","inLanguage":"fr-FR","@id":"https:\/\/www.africa-press.net\/gabon\/politique\/gabon-politica-pour-lengagement-politique-des-femmes#primaryimage","url":"https:\/\/static.africa-press.net\/gabon\/sites\/54\/2022\/12\/postQueueImg_1671459877.51.jpg","contentUrl":"https:\/\/static.africa-press.net\/gabon\/sites\/54\/2022\/12\/postQueueImg_1671459877.51.jpg","width":720,"height":421,"caption":"Gabon : Politica, pour l\u2019engagement politique des femmes"},{"@type":"BreadcrumbList","@id":"https:\/\/www.africa-press.net\/gabon\/politique\/gabon-politica-pour-lengagement-politique-des-femmes#breadcrumb","itemListElement":[{"@type":"ListItem","position":1,"name":"Accueil","item":"https:\/\/www.africa-press.net\/gabon\/"},{"@type":"ListItem","position":2,"name":"Gabon : Politica, pour l\u2019engagement politique des femmes"}]},{"@type":"WebSite","@id":"https:\/\/www.africa-press.net\/gabon\/#website","url":"https:\/\/www.africa-press.net\/gabon\/","name":"Gabon","description":"Just another Africa News Agency Sites site","potentialAction":[{"@type":"SearchAction","target":{"@type":"EntryPoint","urlTemplate":"https:\/\/www.africa-press.net\/gabon\/?s={search_term_string}"},"query-input":{"@type":"PropertyValueSpecification","valueRequired":true,"valueName":"search_term_string"}}],"inLanguage":"fr-FR"},{"@type":"Person","@id":"https:\/\/www.africa-press.net\/gabon\/#\/schema\/person\/2b1cf3cd81a31e3cd26889ca66d677f1","name":"cfeditorfr"}]}},"_links":{"self":[{"href":"https:\/\/www.africa-press.net\/gabon\/wp-json\/wp\/v2\/posts\/14055","targetHints":{"allow":["GET"]}}],"collection":[{"href":"https:\/\/www.africa-press.net\/gabon\/wp-json\/wp\/v2\/posts"}],"about":[{"href":"https:\/\/www.africa-press.net\/gabon\/wp-json\/wp\/v2\/types\/post"}],"author":[{"embeddable":true,"href":"https:\/\/www.africa-press.net\/gabon\/wp-json\/wp\/v2\/users\/82"}],"replies":[{"embeddable":true,"href":"https:\/\/www.africa-press.net\/gabon\/wp-json\/wp\/v2\/comments?post=14055"}],"version-history":[{"count":0,"href":"https:\/\/www.africa-press.net\/gabon\/wp-json\/wp\/v2\/posts\/14055\/revisions"}],"wp:featuredmedia":[{"embeddable":true,"href":"https:\/\/www.africa-press.net\/gabon\/wp-json\/wp\/v2\/media\/14054"}],"wp:attachment":[{"href":"https:\/\/www.africa-press.net\/gabon\/wp-json\/wp\/v2\/media?parent=14055"}],"wp:term":[{"taxonomy":"category","embeddable":true,"href":"https:\/\/www.africa-press.net\/gabon\/wp-json\/wp\/v2\/categories?post=14055"},{"taxonomy":"post_tag","embeddable":true,"href":"https:\/\/www.africa-press.net\/gabon\/wp-json\/wp\/v2\/tags?post=14055"}],"curies":[{"name":"wp","href":"https:\/\/api.w.org\/{rel}","templated":true}]}}