{"id":14057,"date":"2022-12-19T17:54:41","date_gmt":"2022-12-19T17:54:41","guid":{"rendered":"https:\/\/www.africa-press.net\/gabon\/politique\/gabon-la-lippades-se-profile-pour-les-echeances-electorales-de-2023"},"modified":"2022-12-19T17:54:41","modified_gmt":"2022-12-19T17:54:41","slug":"gabon-la-lippades-se-profile-pour-les-echeances-electorales-de-2023","status":"publish","type":"post","link":"https:\/\/www.africa-press.net\/gabon\/politique\/gabon-la-lippades-se-profile-pour-les-echeances-electorales-de-2023","title":{"rendered":"Gabon\u00a0: La Lippades se profile pour les \u00e9ch\u00e9ances \u00e9lectorales de 2023"},"content":{"rendered":"<p><span style=\"color: #ff6600\"><strong>Africa-Press &#8211; Gabon. <\/strong><\/span><b>Un nouveau regroupement de 12 partis politiques de l\u2019opposition de\u0301nomme\u0301 Ligue panafricaine et patriotique de de\u0301fense de la souverainete\u0301 (Lippades) vient d\u2019e\u0302tre porte\u0301 sur les fonts baptismaux. Le pre\u0301sident de l\u2019Union nationale des forgerons (Unaf), Thierry d\u2019Argendieu Kombila, en est le pre\u0301sident.<\/b><\/p>\n<p>Les pions politiques sont en train de bouger dans le pays, neuf mois avant l\u2019e\u0301lection pre\u0301sidentielle de 2023, les locales et les le\u0301gislatives. Un regroupement de 12 partis de l\u2019opposition, de\u0301nomme\u0301 la Ligue panafricaine et patriotique de de\u0301fense de la souverainete\u0301 (Lippades) vient de voir le jour avec pour objectif de : maintenir les valeurs de justice sociale, de solidarite\u0301 nationale, d\u2019inte\u0301grite\u0301 et de cre\u0301dibilite\u0301 des processus e\u0301lectoraux, mais e\u0301galement de lutte pour la consolidation et le respect de l\u2019E\u0301tat de droit.<\/p>\n<p>La pre\u0301sentation officielle de cette structure, qui se pre\u0301sente comme un cadre de concertation, un laboratoire d\u2019ide\u0301es visant a\u0300 impulser le changement a\u0300 la te\u0302te du pouvoir, a e\u0301te\u0301 faite le 18 de\u0301cembre dans la commune d\u2019Akanda. Il s\u2019agit des partis ci-apre\u0300s : le Bloc des partis unis (BPU), le Forum pour la Re\u0301publique gabonaise (FRG), le Parti national e\u0301cologique (Gabon vert), l\u2019Union de\u0301mocratique et sociale (UDS), l\u2019Union nationale des forgerons (Unaf), l\u2019Union nationale pour la de\u0301mocratie et le progre\u0300s (URDP), les Forces patriotiques unies (FPU), le Mouvement de redressement national (Morena), le Rassemblement des de\u0301mocrates progressistes du Gabon (RDPG), l\u2019Union et solidarite\u0301 (US), l\u2019Union pour la solidarite\u0301 et le de\u0301veloppement (USD) et l\u2019E\u0301nergie du peuple inde\u0301pendant (EPI).<\/p>\n<p>Selon ses membres fondateurs, la Lippades entend promouvoir et donner un souffle nouveau a\u0300 la culture et a\u0300 la pratique de\u0301mocratique, structurer et former l\u2019opinion nationale a\u0300 l\u2019engagement et a\u0300 la participation politique et a\u0300 l\u2019e\u0301veil au libre exercice des liberte\u0301s publiques et politiques. \u00abC\u2019est une association de compe\u0301tence, nous ne sommes pas une ge\u0301ne\u0301ration spontane\u0301e. Nous avons fait notre parcours, nous avons conduit les ai\u0302ne\u0301s, nous les avons entendus, nous avons e\u0301te\u0301 a\u0300 leur e\u0301cole. D\u2019ici le 25 de\u0301cembre, si rien n\u2019est fait, nous dirons trop, c\u2019est trop. Il faut qu\u2019une autre ge\u0301ne\u0301ration prenne le relais dans l\u2019opposition\u00bb, a de\u0301clare\u0301 le pre\u0301sident de la Lippades, Thierry d\u2019Argendieu Kombila.<\/p>\n<p>Lanc\u0327ant un appel aux patriotes et re\u0301publicains, a\u0300 venir travailler avec eux au sein de la Lippades pour trouver ensemble des strate\u0301gies qui sortiront le Gabon des difficulte\u0301s dans lesquels il se trouve depuis de longues anne\u0301es, le porte-parole de cette plateforme politique, Heinz Essongue, par ailleurs, pre\u0301sident du Bloc des partis unis (BPU), affirme que la Lippades entend donner de sa voix sur la sce\u0300ne politique nationale et internationale, en initiant une rupture avec les anciennes pratiques d\u2019autres fois, et faire la politique autrement. \u00abSi nous avons regroupe\u0301 nos forces et nos ge\u0301nies pour les mettre au service de la lutte pour la de\u0301mocratie et le changement, nous y sommes suffisamment pre\u0301pare\u0301s afin de faire face a\u0300 tous ces de\u0301fis auxquels notre pays est confronte\u0301. De\u0301fis auxquels, toutes les forces vives ont inte\u0301re\u0302t a\u0300 se mettre pour les relever, car il y va de l\u2019avenir de notre pays\u00bb, a-t-il de\u0301clare\u0301.<\/p>\n<p>L\u2019obtention du renouvellement du bureau du Centre gabonais des e\u0301lections (CGE), le renouvellement du bureau du Conseil national de la de\u0301mocratie (CND) et la re\u0301vision de la liste e\u0301lectorale constituent la premie\u0300re bataille de la Lippades.<\/p>\n<p>Pour le pre\u0301sident de la confe\u0301rence des pre\u0301sidents de la Lippades, Jean de dieu Moukagni Iwangou, ce regroupement veut inte\u0301grer des hommes inte\u0300gres et cohe\u0301rents qui s\u2019appuient sur des forces politiques se\u0301rieuses, pragmatiques et me\u0301thodiques. \u00abC\u2019est une plateforme de base a\u0300 partie de laquelle nous pouvons mener nos combats de manie\u0300re since\u0300re parce que nous ne sommes infe\u0301ode\u0301s a\u0300 personne et c\u2019est dans ce cadre-la\u0300 que se mesure le degre\u0301 de conviction des uns et des autres. Nous restons libres de nos ide\u0301es et de nos ide\u0301aux\u00bb.<\/p>\n<p><strong>Pour plus d&rsquo;informations et d&rsquo;analyses sur la <a href=\"https:\/\/www.africa-press.net\/gabon\">Gabon<\/a>, suivez <a href=\"https:\/\/www.africa-press.net\/\">Africa-Press<\/a><\/strong><\/p>\n","protected":false},"excerpt":{"rendered":"<p>Africa-Press &#8211; Gabon. Un nouveau regroupement de 12 partis politiques de l\u2019opposition de\u0301nomme\u0301 Ligue panafricaine et patriotique de de\u0301fense de la souverainete\u0301 (Lippades) vient d\u2019e\u0302tre porte\u0301 sur les fonts baptismaux. Le pre\u0301sident de l\u2019Union nationale des forgerons (Unaf), Thierry d\u2019Argendieu Kombila, en est le pre\u0301sident. Les pions politiques sont en train de bouger dans le [&hellip;]<\/p>\n","protected":false},"author":82,"featured_media":14056,"comment_status":"open","ping_status":"closed","sticky":false,"template":"","format":"standard","meta":{"footnotes":""},"categories":[2,10],"tags":[36,50,49],"class_list":["post-14057","post","type-post","status-publish","format-standard","has-post-thumbnail","hentry","category-politique","category-toutes-les-actualites","tag-africa-press","tag-africa-press-gabon","tag-gabon"],"yoast_head":"<!-- This site is optimized with the Yoast SEO Premium plugin v26.1 (Yoast SEO v27.0) - https:\/\/yoast.com\/product\/yoast-seo-premium-wordpress\/ -->\n<title>Gabon\u00a0: La Lippades se profile pour les \u00e9ch\u00e9ances \u00e9lectorales de 2023 - Gabon<\/title>\n<meta name=\"robots\" content=\"index, follow, max-snippet:-1, max-image-preview:large, max-video-preview:-1\" \/>\n<link rel=\"canonical\" href=\"https:\/\/www.africa-press.net\/gabon\/politique\/gabon-la-lippades-se-profile-pour-les-echeances-electorales-de-2023\" \/>\n<meta property=\"og:locale\" content=\"fr_FR\" \/>\n<meta property=\"og:type\" content=\"article\" \/>\n<meta property=\"og:title\" content=\"Gabon\u00a0: La Lippades se profile pour les \u00e9ch\u00e9ances \u00e9lectorales de 2023\" \/>\n<meta property=\"og:description\" content=\"Africa-Press &#8211; Gabon. Un nouveau regroupement de 12 partis politiques de l\u2019opposition de\u0301nomme\u0301 Ligue panafricaine et patriotique de de\u0301fense de la souverainete\u0301 (Lippades) vient d\u2019e\u0302tre porte\u0301 sur les fonts baptismaux. Le pre\u0301sident de l\u2019Union nationale des forgerons (Unaf), Thierry d\u2019Argendieu Kombila, en est le pre\u0301sident. Les pions politiques sont en train de bouger dans le [&hellip;]\" \/>\n<meta property=\"og:url\" content=\"https:\/\/www.africa-press.net\/gabon\/politique\/gabon-la-lippades-se-profile-pour-les-echeances-electorales-de-2023\" \/>\n<meta property=\"og:site_name\" content=\"Gabon\" \/>\n<meta property=\"article:published_time\" content=\"2022-12-19T17:54:41+00:00\" \/>\n<meta name=\"author\" content=\"cfeditorfr\" \/>\n<meta name=\"twitter:card\" content=\"summary_large_image\" \/>\n<meta name=\"twitter:label1\" content=\"\u00c9crit par\" \/>\n\t<meta name=\"twitter:data1\" content=\"cfeditorfr\" \/>\n\t<meta name=\"twitter:label2\" content=\"Dur\u00e9e de lecture estim\u00e9e\" \/>\n\t<meta name=\"twitter:data2\" content=\"4 minutes\" \/>\n<script type=\"application\/ld+json\" class=\"yoast-schema-graph\">{\"@context\":\"https:\/\/schema.org\",\"@graph\":[{\"@type\":\"Article\",\"@id\":\"https:\/\/www.africa-press.net\/gabon\/politique\/gabon-la-lippades-se-profile-pour-les-echeances-electorales-de-2023#article\",\"isPartOf\":{\"@id\":\"https:\/\/www.africa-press.net\/gabon\/politique\/gabon-la-lippades-se-profile-pour-les-echeances-electorales-de-2023\"},\"author\":{\"name\":\"cfeditorfr\",\"@id\":\"https:\/\/www.africa-press.net\/gabon\/#\/schema\/person\/2b1cf3cd81a31e3cd26889ca66d677f1\"},\"headline\":\"Gabon\u00a0: La Lippades se profile pour les \u00e9ch\u00e9ances \u00e9lectorales de 2023\",\"datePublished\":\"2022-12-19T17:54:41+00:00\",\"mainEntityOfPage\":{\"@id\":\"https:\/\/www.africa-press.net\/gabon\/politique\/gabon-la-lippades-se-profile-pour-les-echeances-electorales-de-2023\"},\"wordCount\":759,\"commentCount\":0,\"image\":{\"@id\":\"https:\/\/www.africa-press.net\/gabon\/politique\/gabon-la-lippades-se-profile-pour-les-echeances-electorales-de-2023#primaryimage\"},\"thumbnailUrl\":\"https:\/\/static.africa-press.net\/gabon\/sites\/54\/2022\/12\/postQueueImg_1671459884.87.jpg\",\"keywords\":[\"Africa Press\",\"Africa Press-Gabon\",\"Gabon\"],\"articleSection\":[\"Politique\",\"Toutes les actualit\u00e9s\"],\"inLanguage\":\"fr-FR\",\"potentialAction\":[{\"@type\":\"CommentAction\",\"name\":\"Comment\",\"target\":[\"https:\/\/www.africa-press.net\/gabon\/politique\/gabon-la-lippades-se-profile-pour-les-echeances-electorales-de-2023#respond\"]}]},{\"@type\":\"WebPage\",\"@id\":\"https:\/\/www.africa-press.net\/gabon\/politique\/gabon-la-lippades-se-profile-pour-les-echeances-electorales-de-2023\",\"url\":\"https:\/\/www.africa-press.net\/gabon\/politique\/gabon-la-lippades-se-profile-pour-les-echeances-electorales-de-2023\",\"name\":\"Gabon\u00a0: La Lippades se profile pour les \u00e9ch\u00e9ances \u00e9lectorales de 2023 - Gabon\",\"isPartOf\":{\"@id\":\"https:\/\/www.africa-press.net\/gabon\/#website\"},\"primaryImageOfPage\":{\"@id\":\"https:\/\/www.africa-press.net\/gabon\/politique\/gabon-la-lippades-se-profile-pour-les-echeances-electorales-de-2023#primaryimage\"},\"image\":{\"@id\":\"https:\/\/www.africa-press.net\/gabon\/politique\/gabon-la-lippades-se-profile-pour-les-echeances-electorales-de-2023#primaryimage\"},\"thumbnailUrl\":\"https:\/\/static.africa-press.net\/gabon\/sites\/54\/2022\/12\/postQueueImg_1671459884.87.jpg\",\"datePublished\":\"2022-12-19T17:54:41+00:00\",\"author\":{\"@id\":\"https:\/\/www.africa-press.net\/gabon\/#\/schema\/person\/2b1cf3cd81a31e3cd26889ca66d677f1\"},\"breadcrumb\":{\"@id\":\"https:\/\/www.africa-press.net\/gabon\/politique\/gabon-la-lippades-se-profile-pour-les-echeances-electorales-de-2023#breadcrumb\"},\"inLanguage\":\"fr-FR\",\"potentialAction\":[{\"@type\":\"ReadAction\",\"target\":[\"https:\/\/www.africa-press.net\/gabon\/politique\/gabon-la-lippades-se-profile-pour-les-echeances-electorales-de-2023\"]}]},{\"@type\":\"ImageObject\",\"inLanguage\":\"fr-FR\",\"@id\":\"https:\/\/www.africa-press.net\/gabon\/politique\/gabon-la-lippades-se-profile-pour-les-echeances-electorales-de-2023#primaryimage\",\"url\":\"https:\/\/static.africa-press.net\/gabon\/sites\/54\/2022\/12\/postQueueImg_1671459884.87.jpg\",\"contentUrl\":\"https:\/\/static.africa-press.net\/gabon\/sites\/54\/2022\/12\/postQueueImg_1671459884.87.jpg\",\"width\":720,\"height\":540,\"caption\":\"Gabon\u00a0: La Lippades se profile pour les \u00e9ch\u00e9ances \u00e9lectorales de 2023\"},{\"@type\":\"BreadcrumbList\",\"@id\":\"https:\/\/www.africa-press.net\/gabon\/politique\/gabon-la-lippades-se-profile-pour-les-echeances-electorales-de-2023#breadcrumb\",\"itemListElement\":[{\"@type\":\"ListItem\",\"position\":1,\"name\":\"Accueil\",\"item\":\"https:\/\/www.africa-press.net\/gabon\/\"},{\"@type\":\"ListItem\",\"position\":2,\"name\":\"Gabon\u00a0: La Lippades se profile pour les \u00e9ch\u00e9ances \u00e9lectorales de 2023\"}]},{\"@type\":\"WebSite\",\"@id\":\"https:\/\/www.africa-press.net\/gabon\/#website\",\"url\":\"https:\/\/www.africa-press.net\/gabon\/\",\"name\":\"Gabon\",\"description\":\"Just another Africa News Agency Sites site\",\"potentialAction\":[{\"@type\":\"SearchAction\",\"target\":{\"@type\":\"EntryPoint\",\"urlTemplate\":\"https:\/\/www.africa-press.net\/gabon\/?s={search_term_string}\"},\"query-input\":{\"@type\":\"PropertyValueSpecification\",\"valueRequired\":true,\"valueName\":\"search_term_string\"}}],\"inLanguage\":\"fr-FR\"},{\"@type\":\"Person\",\"@id\":\"https:\/\/www.africa-press.net\/gabon\/#\/schema\/person\/2b1cf3cd81a31e3cd26889ca66d677f1\",\"name\":\"cfeditorfr\"}]}<\/script>\n<!-- \/ Yoast SEO Premium plugin. -->","yoast_head_json":{"title":"Gabon\u00a0: La Lippades se profile pour les \u00e9ch\u00e9ances \u00e9lectorales de 2023 - Gabon","robots":{"index":"index","follow":"follow","max-snippet":"max-snippet:-1","max-image-preview":"max-image-preview:large","max-video-preview":"max-video-preview:-1"},"canonical":"https:\/\/www.africa-press.net\/gabon\/politique\/gabon-la-lippades-se-profile-pour-les-echeances-electorales-de-2023","og_locale":"fr_FR","og_type":"article","og_title":"Gabon\u00a0: La Lippades se profile pour les \u00e9ch\u00e9ances \u00e9lectorales de 2023","og_description":"Africa-Press &#8211; Gabon. Un nouveau regroupement de 12 partis politiques de l\u2019opposition de\u0301nomme\u0301 Ligue panafricaine et patriotique de de\u0301fense de la souverainete\u0301 (Lippades) vient d\u2019e\u0302tre porte\u0301 sur les fonts baptismaux. Le pre\u0301sident de l\u2019Union nationale des forgerons (Unaf), Thierry d\u2019Argendieu Kombila, en est le pre\u0301sident. Les pions politiques sont en train de bouger dans le [&hellip;]","og_url":"https:\/\/www.africa-press.net\/gabon\/politique\/gabon-la-lippades-se-profile-pour-les-echeances-electorales-de-2023","og_site_name":"Gabon","article_published_time":"2022-12-19T17:54:41+00:00","author":"cfeditorfr","twitter_card":"summary_large_image","twitter_misc":{"\u00c9crit par":"cfeditorfr","Dur\u00e9e de lecture estim\u00e9e":"4 minutes"},"schema":{"@context":"https:\/\/schema.org","@graph":[{"@type":"Article","@id":"https:\/\/www.africa-press.net\/gabon\/politique\/gabon-la-lippades-se-profile-pour-les-echeances-electorales-de-2023#article","isPartOf":{"@id":"https:\/\/www.africa-press.net\/gabon\/politique\/gabon-la-lippades-se-profile-pour-les-echeances-electorales-de-2023"},"author":{"name":"cfeditorfr","@id":"https:\/\/www.africa-press.net\/gabon\/#\/schema\/person\/2b1cf3cd81a31e3cd26889ca66d677f1"},"headline":"Gabon\u00a0: La Lippades se profile pour les \u00e9ch\u00e9ances \u00e9lectorales de 2023","datePublished":"2022-12-19T17:54:41+00:00","mainEntityOfPage":{"@id":"https:\/\/www.africa-press.net\/gabon\/politique\/gabon-la-lippades-se-profile-pour-les-echeances-electorales-de-2023"},"wordCount":759,"commentCount":0,"image":{"@id":"https:\/\/www.africa-press.net\/gabon\/politique\/gabon-la-lippades-se-profile-pour-les-echeances-electorales-de-2023#primaryimage"},"thumbnailUrl":"https:\/\/static.africa-press.net\/gabon\/sites\/54\/2022\/12\/postQueueImg_1671459884.87.jpg","keywords":["Africa Press","Africa Press-Gabon","Gabon"],"articleSection":["Politique","Toutes les actualit\u00e9s"],"inLanguage":"fr-FR","potentialAction":[{"@type":"CommentAction","name":"Comment","target":["https:\/\/www.africa-press.net\/gabon\/politique\/gabon-la-lippades-se-profile-pour-les-echeances-electorales-de-2023#respond"]}]},{"@type":"WebPage","@id":"https:\/\/www.africa-press.net\/gabon\/politique\/gabon-la-lippades-se-profile-pour-les-echeances-electorales-de-2023","url":"https:\/\/www.africa-press.net\/gabon\/politique\/gabon-la-lippades-se-profile-pour-les-echeances-electorales-de-2023","name":"Gabon\u00a0: La Lippades se profile pour les \u00e9ch\u00e9ances \u00e9lectorales de 2023 - Gabon","isPartOf":{"@id":"https:\/\/www.africa-press.net\/gabon\/#website"},"primaryImageOfPage":{"@id":"https:\/\/www.africa-press.net\/gabon\/politique\/gabon-la-lippades-se-profile-pour-les-echeances-electorales-de-2023#primaryimage"},"image":{"@id":"https:\/\/www.africa-press.net\/gabon\/politique\/gabon-la-lippades-se-profile-pour-les-echeances-electorales-de-2023#primaryimage"},"thumbnailUrl":"https:\/\/static.africa-press.net\/gabon\/sites\/54\/2022\/12\/postQueueImg_1671459884.87.jpg","datePublished":"2022-12-19T17:54:41+00:00","author":{"@id":"https:\/\/www.africa-press.net\/gabon\/#\/schema\/person\/2b1cf3cd81a31e3cd26889ca66d677f1"},"breadcrumb":{"@id":"https:\/\/www.africa-press.net\/gabon\/politique\/gabon-la-lippades-se-profile-pour-les-echeances-electorales-de-2023#breadcrumb"},"inLanguage":"fr-FR","potentialAction":[{"@type":"ReadAction","target":["https:\/\/www.africa-press.net\/gabon\/politique\/gabon-la-lippades-se-profile-pour-les-echeances-electorales-de-2023"]}]},{"@type":"ImageObject","inLanguage":"fr-FR","@id":"https:\/\/www.africa-press.net\/gabon\/politique\/gabon-la-lippades-se-profile-pour-les-echeances-electorales-de-2023#primaryimage","url":"https:\/\/static.africa-press.net\/gabon\/sites\/54\/2022\/12\/postQueueImg_1671459884.87.jpg","contentUrl":"https:\/\/static.africa-press.net\/gabon\/sites\/54\/2022\/12\/postQueueImg_1671459884.87.jpg","width":720,"height":540,"caption":"Gabon\u00a0: La Lippades se profile pour les \u00e9ch\u00e9ances \u00e9lectorales de 2023"},{"@type":"BreadcrumbList","@id":"https:\/\/www.africa-press.net\/gabon\/politique\/gabon-la-lippades-se-profile-pour-les-echeances-electorales-de-2023#breadcrumb","itemListElement":[{"@type":"ListItem","position":1,"name":"Accueil","item":"https:\/\/www.africa-press.net\/gabon\/"},{"@type":"ListItem","position":2,"name":"Gabon\u00a0: La Lippades se profile pour les \u00e9ch\u00e9ances \u00e9lectorales de 2023"}]},{"@type":"WebSite","@id":"https:\/\/www.africa-press.net\/gabon\/#website","url":"https:\/\/www.africa-press.net\/gabon\/","name":"Gabon","description":"Just another Africa News Agency Sites site","potentialAction":[{"@type":"SearchAction","target":{"@type":"EntryPoint","urlTemplate":"https:\/\/www.africa-press.net\/gabon\/?s={search_term_string}"},"query-input":{"@type":"PropertyValueSpecification","valueRequired":true,"valueName":"search_term_string"}}],"inLanguage":"fr-FR"},{"@type":"Person","@id":"https:\/\/www.africa-press.net\/gabon\/#\/schema\/person\/2b1cf3cd81a31e3cd26889ca66d677f1","name":"cfeditorfr"}]}},"_links":{"self":[{"href":"https:\/\/www.africa-press.net\/gabon\/wp-json\/wp\/v2\/posts\/14057","targetHints":{"allow":["GET"]}}],"collection":[{"href":"https:\/\/www.africa-press.net\/gabon\/wp-json\/wp\/v2\/posts"}],"about":[{"href":"https:\/\/www.africa-press.net\/gabon\/wp-json\/wp\/v2\/types\/post"}],"author":[{"embeddable":true,"href":"https:\/\/www.africa-press.net\/gabon\/wp-json\/wp\/v2\/users\/82"}],"replies":[{"embeddable":true,"href":"https:\/\/www.africa-press.net\/gabon\/wp-json\/wp\/v2\/comments?post=14057"}],"version-history":[{"count":0,"href":"https:\/\/www.africa-press.net\/gabon\/wp-json\/wp\/v2\/posts\/14057\/revisions"}],"wp:featuredmedia":[{"embeddable":true,"href":"https:\/\/www.africa-press.net\/gabon\/wp-json\/wp\/v2\/media\/14056"}],"wp:attachment":[{"href":"https:\/\/www.africa-press.net\/gabon\/wp-json\/wp\/v2\/media?parent=14057"}],"wp:term":[{"taxonomy":"category","embeddable":true,"href":"https:\/\/www.africa-press.net\/gabon\/wp-json\/wp\/v2\/categories?post=14057"},{"taxonomy":"post_tag","embeddable":true,"href":"https:\/\/www.africa-press.net\/gabon\/wp-json\/wp\/v2\/tags?post=14057"}],"curies":[{"name":"wp","href":"https:\/\/api.w.org\/{rel}","templated":true}]}}