{"id":14073,"date":"2022-12-20T12:40:40","date_gmt":"2022-12-20T12:40:40","guid":{"rendered":"https:\/\/www.africa-press.net\/gabon\/politique\/ali-bongo-invite-le-pape-francois-au-gabon"},"modified":"2022-12-20T12:40:40","modified_gmt":"2022-12-20T12:40:40","slug":"ali-bongo-invite-le-pape-francois-au-gabon","status":"publish","type":"post","link":"https:\/\/www.africa-press.net\/gabon\/politique\/ali-bongo-invite-le-pape-francois-au-gabon","title":{"rendered":"Ali Bongo invite le Pape Fran\u00e7ois au Gabon"},"content":{"rendered":"<p><span style=\"color: #ff6600\"><strong>Africa-Press &#8211; Gabon. <\/strong><\/span><b>Le pre\u0301sident gabonais, Ali Bongo Ondimba, un musulman qui pratique un islam tole\u0301rant a re\u0301ite\u0301re\u0301 lundi son invitation au Pape Franc\u0327ois a\u0300 effectuer une visite officielle au Gabon, indique un communique\u0301 de la pre\u0301sidence gabonaise.<\/b><\/p>\n<p>Le nume\u0301ro un gabonais a renouvele\u0301 cette invitation au cours d\u2019une audience qu\u2019il a accorde\u0301 a\u0300 Son Eminence Cardinal Pietro Parolin, Secre\u0301taire d\u2019Etat du Saint-Sie\u0300ge en se\u0301jour au Gabon.<\/p>\n<p>Au terme de l\u2019audience au palais du bord de mer de Libreville, l\u2019Emissaire du Saint Pe\u0300re a e\u0301te\u0301 e\u0301leve\u0301 au grade de Commandeur dans l\u2019Ordre de l\u2019Etoile Equatoriale par le chef de l\u2019Etat gabonais.<\/p>\n<p>Les deux hommes ont notamment parle\u0301 de l\u2019Enseignement catholique (l\u2019une des plus anciennes et la plus re\u0301pute\u0301e dans le pays), la Sante\u0301, le Social, les Consultations diplomatiques entres autres sujets.<\/p>\n<p>Ali Bongo et son ho\u0302te ont e\u0301galement aborde\u0301 la ce\u0301le\u0301bration du 40e\u0300me anniversaire de la visite en Terre gabonaise du Saint Pontife, le Pape Jean Paul ll au Gabon et le 25e\u0300me anniversaire de la signature de l\u2019Accord-cadre entre le Gabon et le Saint-Sie\u0300ge.<\/p>\n<p>Le pre\u0301sident gabonais s\u2019est rendu au Vatican a\u0300 plusieurs reprises. La dernie\u0300re fois c\u2019e\u0301tait en avril 2022.<\/p>\n<p><b>Marie Dorothe\u0301e<\/b><\/p>\n<p><strong>Pour plus d&rsquo;informations et d&rsquo;analyses sur la <a href=\"https:\/\/www.africa-press.net\/gabon\">Gabon<\/a>, suivez <a href=\"https:\/\/www.africa-press.net\/\">Africa-Press<\/a><\/strong><\/p>\n","protected":false},"excerpt":{"rendered":"<p>Africa-Press &#8211; Gabon. Le pre\u0301sident gabonais, Ali Bongo Ondimba, un musulman qui pratique un islam tole\u0301rant a re\u0301ite\u0301re\u0301 lundi son invitation au Pape Franc\u0327ois a\u0300 effectuer une visite officielle au Gabon, indique un communique\u0301 de la pre\u0301sidence gabonaise. Le nume\u0301ro un gabonais a renouvele\u0301 cette invitation au cours d\u2019une audience qu\u2019il a accorde\u0301 a\u0300 Son [&hellip;]<\/p>\n","protected":false},"author":82,"featured_media":14072,"comment_status":"open","ping_status":"closed","sticky":false,"template":"","format":"standard","meta":{"footnotes":""},"categories":[2,10],"tags":[36,50,49],"class_list":["post-14073","post","type-post","status-publish","format-standard","has-post-thumbnail","hentry","category-politique","category-toutes-les-actualites","tag-africa-press","tag-africa-press-gabon","tag-gabon"],"yoast_head":"<!-- This site is optimized with the Yoast SEO Premium plugin v26.1 (Yoast SEO v27.0) - https:\/\/yoast.com\/product\/yoast-seo-premium-wordpress\/ -->\n<title>Ali Bongo invite le Pape Fran\u00e7ois au Gabon - Gabon<\/title>\n<meta name=\"robots\" content=\"index, follow, max-snippet:-1, max-image-preview:large, max-video-preview:-1\" \/>\n<link rel=\"canonical\" href=\"https:\/\/www.africa-press.net\/gabon\/politique\/ali-bongo-invite-le-pape-francois-au-gabon\" \/>\n<meta property=\"og:locale\" content=\"fr_FR\" \/>\n<meta property=\"og:type\" content=\"article\" \/>\n<meta property=\"og:title\" content=\"Ali Bongo invite le Pape Fran\u00e7ois au Gabon\" \/>\n<meta property=\"og:description\" content=\"Africa-Press &#8211; Gabon. Le pre\u0301sident gabonais, Ali Bongo Ondimba, un musulman qui pratique un islam tole\u0301rant a re\u0301ite\u0301re\u0301 lundi son invitation au Pape Franc\u0327ois a\u0300 effectuer une visite officielle au Gabon, indique un communique\u0301 de la pre\u0301sidence gabonaise. Le nume\u0301ro un gabonais a renouvele\u0301 cette invitation au cours d\u2019une audience qu\u2019il a accorde\u0301 a\u0300 Son [&hellip;]\" \/>\n<meta property=\"og:url\" content=\"https:\/\/www.africa-press.net\/gabon\/politique\/ali-bongo-invite-le-pape-francois-au-gabon\" \/>\n<meta property=\"og:site_name\" content=\"Gabon\" \/>\n<meta property=\"article:published_time\" content=\"2022-12-20T12:40:40+00:00\" \/>\n<meta name=\"author\" content=\"cfeditorfr\" \/>\n<meta name=\"twitter:card\" content=\"summary_large_image\" \/>\n<meta name=\"twitter:label1\" content=\"\u00c9crit par\" \/>\n\t<meta name=\"twitter:data1\" content=\"cfeditorfr\" \/>\n\t<meta name=\"twitter:label2\" content=\"Dur\u00e9e de lecture estim\u00e9e\" \/>\n\t<meta name=\"twitter:data2\" content=\"1 minute\" \/>\n<script type=\"application\/ld+json\" class=\"yoast-schema-graph\">{\"@context\":\"https:\/\/schema.org\",\"@graph\":[{\"@type\":\"Article\",\"@id\":\"https:\/\/www.africa-press.net\/gabon\/politique\/ali-bongo-invite-le-pape-francois-au-gabon#article\",\"isPartOf\":{\"@id\":\"https:\/\/www.africa-press.net\/gabon\/politique\/ali-bongo-invite-le-pape-francois-au-gabon\"},\"author\":{\"name\":\"cfeditorfr\",\"@id\":\"https:\/\/www.africa-press.net\/gabon\/#\/schema\/person\/2b1cf3cd81a31e3cd26889ca66d677f1\"},\"headline\":\"Ali Bongo invite le Pape Fran\u00e7ois au Gabon\",\"datePublished\":\"2022-12-20T12:40:40+00:00\",\"mainEntityOfPage\":{\"@id\":\"https:\/\/www.africa-press.net\/gabon\/politique\/ali-bongo-invite-le-pape-francois-au-gabon\"},\"wordCount\":253,\"commentCount\":0,\"image\":{\"@id\":\"https:\/\/www.africa-press.net\/gabon\/politique\/ali-bongo-invite-le-pape-francois-au-gabon#primaryimage\"},\"thumbnailUrl\":\"https:\/\/static.africa-press.net\/gabon\/sites\/54\/2022\/12\/postQueueImg_1671527445.92.jpg\",\"keywords\":[\"Africa Press\",\"Africa Press-Gabon\",\"Gabon\"],\"articleSection\":[\"Politique\",\"Toutes les actualit\u00e9s\"],\"inLanguage\":\"fr-FR\",\"potentialAction\":[{\"@type\":\"CommentAction\",\"name\":\"Comment\",\"target\":[\"https:\/\/www.africa-press.net\/gabon\/politique\/ali-bongo-invite-le-pape-francois-au-gabon#respond\"]}]},{\"@type\":\"WebPage\",\"@id\":\"https:\/\/www.africa-press.net\/gabon\/politique\/ali-bongo-invite-le-pape-francois-au-gabon\",\"url\":\"https:\/\/www.africa-press.net\/gabon\/politique\/ali-bongo-invite-le-pape-francois-au-gabon\",\"name\":\"Ali Bongo invite le Pape Fran\u00e7ois au Gabon - Gabon\",\"isPartOf\":{\"@id\":\"https:\/\/www.africa-press.net\/gabon\/#website\"},\"primaryImageOfPage\":{\"@id\":\"https:\/\/www.africa-press.net\/gabon\/politique\/ali-bongo-invite-le-pape-francois-au-gabon#primaryimage\"},\"image\":{\"@id\":\"https:\/\/www.africa-press.net\/gabon\/politique\/ali-bongo-invite-le-pape-francois-au-gabon#primaryimage\"},\"thumbnailUrl\":\"https:\/\/static.africa-press.net\/gabon\/sites\/54\/2022\/12\/postQueueImg_1671527445.92.jpg\",\"datePublished\":\"2022-12-20T12:40:40+00:00\",\"author\":{\"@id\":\"https:\/\/www.africa-press.net\/gabon\/#\/schema\/person\/2b1cf3cd81a31e3cd26889ca66d677f1\"},\"breadcrumb\":{\"@id\":\"https:\/\/www.africa-press.net\/gabon\/politique\/ali-bongo-invite-le-pape-francois-au-gabon#breadcrumb\"},\"inLanguage\":\"fr-FR\",\"potentialAction\":[{\"@type\":\"ReadAction\",\"target\":[\"https:\/\/www.africa-press.net\/gabon\/politique\/ali-bongo-invite-le-pape-francois-au-gabon\"]}]},{\"@type\":\"ImageObject\",\"inLanguage\":\"fr-FR\",\"@id\":\"https:\/\/www.africa-press.net\/gabon\/politique\/ali-bongo-invite-le-pape-francois-au-gabon#primaryimage\",\"url\":\"https:\/\/static.africa-press.net\/gabon\/sites\/54\/2022\/12\/postQueueImg_1671527445.92.jpg\",\"contentUrl\":\"https:\/\/static.africa-press.net\/gabon\/sites\/54\/2022\/12\/postQueueImg_1671527445.92.jpg\",\"width\":1080,\"height\":728,\"caption\":\"Ali Bongo invite le Pape Fran\u00e7ois au Gabon\"},{\"@type\":\"BreadcrumbList\",\"@id\":\"https:\/\/www.africa-press.net\/gabon\/politique\/ali-bongo-invite-le-pape-francois-au-gabon#breadcrumb\",\"itemListElement\":[{\"@type\":\"ListItem\",\"position\":1,\"name\":\"Accueil\",\"item\":\"https:\/\/www.africa-press.net\/gabon\/\"},{\"@type\":\"ListItem\",\"position\":2,\"name\":\"Ali Bongo invite le Pape Fran\u00e7ois au Gabon\"}]},{\"@type\":\"WebSite\",\"@id\":\"https:\/\/www.africa-press.net\/gabon\/#website\",\"url\":\"https:\/\/www.africa-press.net\/gabon\/\",\"name\":\"Gabon\",\"description\":\"Just another Africa News Agency Sites site\",\"potentialAction\":[{\"@type\":\"SearchAction\",\"target\":{\"@type\":\"EntryPoint\",\"urlTemplate\":\"https:\/\/www.africa-press.net\/gabon\/?s={search_term_string}\"},\"query-input\":{\"@type\":\"PropertyValueSpecification\",\"valueRequired\":true,\"valueName\":\"search_term_string\"}}],\"inLanguage\":\"fr-FR\"},{\"@type\":\"Person\",\"@id\":\"https:\/\/www.africa-press.net\/gabon\/#\/schema\/person\/2b1cf3cd81a31e3cd26889ca66d677f1\",\"name\":\"cfeditorfr\"}]}<\/script>\n<!-- \/ Yoast SEO Premium plugin. -->","yoast_head_json":{"title":"Ali Bongo invite le Pape Fran\u00e7ois au Gabon - Gabon","robots":{"index":"index","follow":"follow","max-snippet":"max-snippet:-1","max-image-preview":"max-image-preview:large","max-video-preview":"max-video-preview:-1"},"canonical":"https:\/\/www.africa-press.net\/gabon\/politique\/ali-bongo-invite-le-pape-francois-au-gabon","og_locale":"fr_FR","og_type":"article","og_title":"Ali Bongo invite le Pape Fran\u00e7ois au Gabon","og_description":"Africa-Press &#8211; Gabon. Le pre\u0301sident gabonais, Ali Bongo Ondimba, un musulman qui pratique un islam tole\u0301rant a re\u0301ite\u0301re\u0301 lundi son invitation au Pape Franc\u0327ois a\u0300 effectuer une visite officielle au Gabon, indique un communique\u0301 de la pre\u0301sidence gabonaise. Le nume\u0301ro un gabonais a renouvele\u0301 cette invitation au cours d\u2019une audience qu\u2019il a accorde\u0301 a\u0300 Son [&hellip;]","og_url":"https:\/\/www.africa-press.net\/gabon\/politique\/ali-bongo-invite-le-pape-francois-au-gabon","og_site_name":"Gabon","article_published_time":"2022-12-20T12:40:40+00:00","author":"cfeditorfr","twitter_card":"summary_large_image","twitter_misc":{"\u00c9crit par":"cfeditorfr","Dur\u00e9e de lecture estim\u00e9e":"1 minute"},"schema":{"@context":"https:\/\/schema.org","@graph":[{"@type":"Article","@id":"https:\/\/www.africa-press.net\/gabon\/politique\/ali-bongo-invite-le-pape-francois-au-gabon#article","isPartOf":{"@id":"https:\/\/www.africa-press.net\/gabon\/politique\/ali-bongo-invite-le-pape-francois-au-gabon"},"author":{"name":"cfeditorfr","@id":"https:\/\/www.africa-press.net\/gabon\/#\/schema\/person\/2b1cf3cd81a31e3cd26889ca66d677f1"},"headline":"Ali Bongo invite le Pape Fran\u00e7ois au Gabon","datePublished":"2022-12-20T12:40:40+00:00","mainEntityOfPage":{"@id":"https:\/\/www.africa-press.net\/gabon\/politique\/ali-bongo-invite-le-pape-francois-au-gabon"},"wordCount":253,"commentCount":0,"image":{"@id":"https:\/\/www.africa-press.net\/gabon\/politique\/ali-bongo-invite-le-pape-francois-au-gabon#primaryimage"},"thumbnailUrl":"https:\/\/static.africa-press.net\/gabon\/sites\/54\/2022\/12\/postQueueImg_1671527445.92.jpg","keywords":["Africa Press","Africa Press-Gabon","Gabon"],"articleSection":["Politique","Toutes les actualit\u00e9s"],"inLanguage":"fr-FR","potentialAction":[{"@type":"CommentAction","name":"Comment","target":["https:\/\/www.africa-press.net\/gabon\/politique\/ali-bongo-invite-le-pape-francois-au-gabon#respond"]}]},{"@type":"WebPage","@id":"https:\/\/www.africa-press.net\/gabon\/politique\/ali-bongo-invite-le-pape-francois-au-gabon","url":"https:\/\/www.africa-press.net\/gabon\/politique\/ali-bongo-invite-le-pape-francois-au-gabon","name":"Ali Bongo invite le Pape Fran\u00e7ois au Gabon - Gabon","isPartOf":{"@id":"https:\/\/www.africa-press.net\/gabon\/#website"},"primaryImageOfPage":{"@id":"https:\/\/www.africa-press.net\/gabon\/politique\/ali-bongo-invite-le-pape-francois-au-gabon#primaryimage"},"image":{"@id":"https:\/\/www.africa-press.net\/gabon\/politique\/ali-bongo-invite-le-pape-francois-au-gabon#primaryimage"},"thumbnailUrl":"https:\/\/static.africa-press.net\/gabon\/sites\/54\/2022\/12\/postQueueImg_1671527445.92.jpg","datePublished":"2022-12-20T12:40:40+00:00","author":{"@id":"https:\/\/www.africa-press.net\/gabon\/#\/schema\/person\/2b1cf3cd81a31e3cd26889ca66d677f1"},"breadcrumb":{"@id":"https:\/\/www.africa-press.net\/gabon\/politique\/ali-bongo-invite-le-pape-francois-au-gabon#breadcrumb"},"inLanguage":"fr-FR","potentialAction":[{"@type":"ReadAction","target":["https:\/\/www.africa-press.net\/gabon\/politique\/ali-bongo-invite-le-pape-francois-au-gabon"]}]},{"@type":"ImageObject","inLanguage":"fr-FR","@id":"https:\/\/www.africa-press.net\/gabon\/politique\/ali-bongo-invite-le-pape-francois-au-gabon#primaryimage","url":"https:\/\/static.africa-press.net\/gabon\/sites\/54\/2022\/12\/postQueueImg_1671527445.92.jpg","contentUrl":"https:\/\/static.africa-press.net\/gabon\/sites\/54\/2022\/12\/postQueueImg_1671527445.92.jpg","width":1080,"height":728,"caption":"Ali Bongo invite le Pape Fran\u00e7ois au Gabon"},{"@type":"BreadcrumbList","@id":"https:\/\/www.africa-press.net\/gabon\/politique\/ali-bongo-invite-le-pape-francois-au-gabon#breadcrumb","itemListElement":[{"@type":"ListItem","position":1,"name":"Accueil","item":"https:\/\/www.africa-press.net\/gabon\/"},{"@type":"ListItem","position":2,"name":"Ali Bongo invite le Pape Fran\u00e7ois au Gabon"}]},{"@type":"WebSite","@id":"https:\/\/www.africa-press.net\/gabon\/#website","url":"https:\/\/www.africa-press.net\/gabon\/","name":"Gabon","description":"Just another Africa News Agency Sites site","potentialAction":[{"@type":"SearchAction","target":{"@type":"EntryPoint","urlTemplate":"https:\/\/www.africa-press.net\/gabon\/?s={search_term_string}"},"query-input":{"@type":"PropertyValueSpecification","valueRequired":true,"valueName":"search_term_string"}}],"inLanguage":"fr-FR"},{"@type":"Person","@id":"https:\/\/www.africa-press.net\/gabon\/#\/schema\/person\/2b1cf3cd81a31e3cd26889ca66d677f1","name":"cfeditorfr"}]}},"_links":{"self":[{"href":"https:\/\/www.africa-press.net\/gabon\/wp-json\/wp\/v2\/posts\/14073","targetHints":{"allow":["GET"]}}],"collection":[{"href":"https:\/\/www.africa-press.net\/gabon\/wp-json\/wp\/v2\/posts"}],"about":[{"href":"https:\/\/www.africa-press.net\/gabon\/wp-json\/wp\/v2\/types\/post"}],"author":[{"embeddable":true,"href":"https:\/\/www.africa-press.net\/gabon\/wp-json\/wp\/v2\/users\/82"}],"replies":[{"embeddable":true,"href":"https:\/\/www.africa-press.net\/gabon\/wp-json\/wp\/v2\/comments?post=14073"}],"version-history":[{"count":0,"href":"https:\/\/www.africa-press.net\/gabon\/wp-json\/wp\/v2\/posts\/14073\/revisions"}],"wp:featuredmedia":[{"embeddable":true,"href":"https:\/\/www.africa-press.net\/gabon\/wp-json\/wp\/v2\/media\/14072"}],"wp:attachment":[{"href":"https:\/\/www.africa-press.net\/gabon\/wp-json\/wp\/v2\/media?parent=14073"}],"wp:term":[{"taxonomy":"category","embeddable":true,"href":"https:\/\/www.africa-press.net\/gabon\/wp-json\/wp\/v2\/categories?post=14073"},{"taxonomy":"post_tag","embeddable":true,"href":"https:\/\/www.africa-press.net\/gabon\/wp-json\/wp\/v2\/tags?post=14073"}],"curies":[{"name":"wp","href":"https:\/\/api.w.org\/{rel}","templated":true}]}}