{"id":14077,"date":"2022-12-20T12:40:55","date_gmt":"2022-12-20T12:40:55","guid":{"rendered":"https:\/\/www.africa-press.net\/gabon\/politique\/jean-remy-yama-est-un-prisonnier-politique-selon-ses-avocats"},"modified":"2022-12-20T12:40:55","modified_gmt":"2022-12-20T12:40:55","slug":"jean-remy-yama-est-un-prisonnier-politique-selon-ses-avocats","status":"publish","type":"post","link":"https:\/\/www.africa-press.net\/gabon\/toutes-les-actualites\/jean-remy-yama-est-un-prisonnier-politique-selon-ses-avocats","title":{"rendered":"Jean R\u00e9my Yama est un prisonnier politique, selon ses avocats"},"content":{"rendered":"<p><span style=\"color: #ff6600\"><strong>Africa-Press &#8211; Gabon. <\/strong><\/span><b>Mai\u0302tres Anges Kevin Nzingou et Franc\u0327ois Meyer, avocats conseils de Jean Re\u0301my Yama, en de\u0301tention pre\u0301ventive depuis le 02 mars 2022 a\u0300 la prison centrale de Libreville, ont de\u0301nonce\u0301 cette incarce\u0301ration qui viole la loi, laquelle transforme, selon eux, le pre\u0301venu en prisonnier politique.<\/b><br \/>\n<b>Mai\u0302tres Anges Kevin Nzingou et Franc\u0327ois Meyer, avocats conseils de Jean Re\u0301my Yama, en de\u0301tention pre\u0301ventive depuis le 02 mars 2022 a\u0300 la prison centrale de Libreville, ont de\u0301nonce\u0301 cette incarce\u0301ration qui viole la loi, laquelle transforme, selon eux, le pre\u0301venu en prisonnier politique.<\/b><\/p>\n<p>\u00ab Nous conseil de Jean Re\u0301my YAMA de\u0301clarons que notre client n\u2019est plus un prisonnier de droit commun, nous affirmons de fac\u0327on solennelle qu\u2019il est un prisonnier politique. Car il n\u2019existe aucune disposition du code pe\u0301nal qui justifierait sa de\u0301tention en ce jour \u00bb, a fustige\u0301 M. Meyer dans une confe\u0301rence de presse le weekend e\u0301coule\u0301.<\/p>\n<p>Le pre\u0301sident de Dynamique unitaire (DU), puissante confe\u0301de\u0301ration syndicale des agents de l\u2019Etat, est poursuivi pour une affaire suppose\u0301e \u00bbd\u2019abus de confiance \u00bb dans l\u2019affaire SCI Serpentin. Coge\u0301rant de cette entreprise commise dans la construction des habitations des enseignants et chercheurs gabonais sur un ilot offert gracieusement par le feu Pre\u0301sident Omar Bongo, le mis en cause aurait encaisse\u0301 l\u2019argent d\u2019un des acque\u0301reurs sans livrer la maison. Pour ses avocats, le dossier est vide est que leur client devait e\u0302tre libe\u0301re\u0301 depuis, sans condition.<\/p>\n<p>\u00ab Nous avocats, nous ne savons pas de\u0301fendre un prisonnier politique dans le code pe\u0301nal et de proce\u0301dure pe\u0301nale que nous utilisons constamment ; il n\u2019 y a aucune disposition dans ce sens sur le plan judiciaire ou juridique quels que soient le temps et le moment \u00bb, a-t-il souligne\u0301.<\/p>\n<p><b>Antoine Relaxe<\/b><\/p>\n<p><strong>Pour plus d&rsquo;informations et d&rsquo;analyses sur la <a href=\"https:\/\/www.africa-press.net\/gabon\">Gabon<\/a>, suivez <a href=\"https:\/\/www.africa-press.net\/\">Africa-Press<\/a><\/strong><\/p>\n","protected":false},"excerpt":{"rendered":"<p>Africa-Press &#8211; Gabon. Mai\u0302tres Anges Kevin Nzingou et Franc\u0327ois Meyer, avocats conseils de Jean Re\u0301my Yama, en de\u0301tention pre\u0301ventive depuis le 02 mars 2022 a\u0300 la prison centrale de Libreville, ont de\u0301nonce\u0301 cette incarce\u0301ration qui viole la loi, laquelle transforme, selon eux, le pre\u0301venu en prisonnier politique. Mai\u0302tres Anges Kevin Nzingou et Franc\u0327ois Meyer, avocats [&hellip;]<\/p>\n","protected":false},"author":82,"featured_media":14076,"comment_status":"open","ping_status":"closed","sticky":false,"template":"","format":"standard","meta":{"footnotes":""},"categories":[21,10],"tags":[36,50,49],"class_list":["post-14077","post","type-post","status-publish","format-standard","has-post-thumbnail","hentry","category-communaute","category-toutes-les-actualites","tag-africa-press","tag-africa-press-gabon","tag-gabon"],"yoast_head":"<!-- This site is optimized with the Yoast SEO Premium plugin v26.1 (Yoast SEO v27.0) - https:\/\/yoast.com\/product\/yoast-seo-premium-wordpress\/ -->\n<title>Jean R\u00e9my Yama est un prisonnier politique, selon ses avocats - Gabon<\/title>\n<meta name=\"robots\" content=\"index, follow, max-snippet:-1, max-image-preview:large, max-video-preview:-1\" \/>\n<link rel=\"canonical\" href=\"https:\/\/www.africa-press.net\/gabon\/politique\/jean-remy-yama-est-un-prisonnier-politique-selon-ses-avocats\" \/>\n<meta property=\"og:locale\" content=\"fr_FR\" \/>\n<meta property=\"og:type\" content=\"article\" \/>\n<meta property=\"og:title\" content=\"Jean R\u00e9my Yama est un prisonnier politique, selon ses avocats\" \/>\n<meta property=\"og:description\" content=\"Africa-Press &#8211; Gabon. Mai\u0302tres Anges Kevin Nzingou et Franc\u0327ois Meyer, avocats conseils de Jean Re\u0301my Yama, en de\u0301tention pre\u0301ventive depuis le 02 mars 2022 a\u0300 la prison centrale de Libreville, ont de\u0301nonce\u0301 cette incarce\u0301ration qui viole la loi, laquelle transforme, selon eux, le pre\u0301venu en prisonnier politique. Mai\u0302tres Anges Kevin Nzingou et Franc\u0327ois Meyer, avocats [&hellip;]\" \/>\n<meta property=\"og:url\" content=\"https:\/\/www.africa-press.net\/gabon\/politique\/jean-remy-yama-est-un-prisonnier-politique-selon-ses-avocats\" \/>\n<meta property=\"og:site_name\" content=\"Gabon\" \/>\n<meta property=\"article:published_time\" content=\"2022-12-20T12:40:55+00:00\" \/>\n<meta name=\"author\" content=\"cfeditorfr\" \/>\n<meta name=\"twitter:card\" content=\"summary_large_image\" \/>\n<meta name=\"twitter:label1\" content=\"\u00c9crit par\" \/>\n\t<meta name=\"twitter:data1\" content=\"cfeditorfr\" \/>\n\t<meta name=\"twitter:label2\" content=\"Dur\u00e9e de lecture estim\u00e9e\" \/>\n\t<meta name=\"twitter:data2\" content=\"2 minutes\" \/>\n<script type=\"application\/ld+json\" class=\"yoast-schema-graph\">{\"@context\":\"https:\/\/schema.org\",\"@graph\":[{\"@type\":\"Article\",\"@id\":\"https:\/\/www.africa-press.net\/gabon\/politique\/jean-remy-yama-est-un-prisonnier-politique-selon-ses-avocats#article\",\"isPartOf\":{\"@id\":\"https:\/\/www.africa-press.net\/gabon\/politique\/jean-remy-yama-est-un-prisonnier-politique-selon-ses-avocats\"},\"author\":{\"name\":\"cfeditorfr\",\"@id\":\"https:\/\/www.africa-press.net\/gabon\/#\/schema\/person\/2b1cf3cd81a31e3cd26889ca66d677f1\"},\"headline\":\"Jean R\u00e9my Yama est un prisonnier politique, selon ses avocats\",\"datePublished\":\"2022-12-20T12:40:55+00:00\",\"mainEntityOfPage\":{\"@id\":\"https:\/\/www.africa-press.net\/gabon\/politique\/jean-remy-yama-est-un-prisonnier-politique-selon-ses-avocats\"},\"wordCount\":340,\"commentCount\":0,\"image\":{\"@id\":\"https:\/\/www.africa-press.net\/gabon\/politique\/jean-remy-yama-est-un-prisonnier-politique-selon-ses-avocats#primaryimage\"},\"thumbnailUrl\":\"https:\/\/static.africa-press.net\/gabon\/sites\/54\/2022\/12\/postQueueImg_1671527457.76.jpg\",\"keywords\":[\"Africa Press\",\"Africa Press-Gabon\",\"Gabon\"],\"articleSection\":[\"Communaut\u00e9\",\"Toutes les actualit\u00e9s\"],\"inLanguage\":\"fr-FR\",\"potentialAction\":[{\"@type\":\"CommentAction\",\"name\":\"Comment\",\"target\":[\"https:\/\/www.africa-press.net\/gabon\/politique\/jean-remy-yama-est-un-prisonnier-politique-selon-ses-avocats#respond\"]}]},{\"@type\":\"WebPage\",\"@id\":\"https:\/\/www.africa-press.net\/gabon\/politique\/jean-remy-yama-est-un-prisonnier-politique-selon-ses-avocats\",\"url\":\"https:\/\/www.africa-press.net\/gabon\/politique\/jean-remy-yama-est-un-prisonnier-politique-selon-ses-avocats\",\"name\":\"Jean R\u00e9my Yama est un prisonnier politique, selon ses avocats - Gabon\",\"isPartOf\":{\"@id\":\"https:\/\/www.africa-press.net\/gabon\/#website\"},\"primaryImageOfPage\":{\"@id\":\"https:\/\/www.africa-press.net\/gabon\/politique\/jean-remy-yama-est-un-prisonnier-politique-selon-ses-avocats#primaryimage\"},\"image\":{\"@id\":\"https:\/\/www.africa-press.net\/gabon\/politique\/jean-remy-yama-est-un-prisonnier-politique-selon-ses-avocats#primaryimage\"},\"thumbnailUrl\":\"https:\/\/static.africa-press.net\/gabon\/sites\/54\/2022\/12\/postQueueImg_1671527457.76.jpg\",\"datePublished\":\"2022-12-20T12:40:55+00:00\",\"author\":{\"@id\":\"https:\/\/www.africa-press.net\/gabon\/#\/schema\/person\/2b1cf3cd81a31e3cd26889ca66d677f1\"},\"breadcrumb\":{\"@id\":\"https:\/\/www.africa-press.net\/gabon\/politique\/jean-remy-yama-est-un-prisonnier-politique-selon-ses-avocats#breadcrumb\"},\"inLanguage\":\"fr-FR\",\"potentialAction\":[{\"@type\":\"ReadAction\",\"target\":[\"https:\/\/www.africa-press.net\/gabon\/politique\/jean-remy-yama-est-un-prisonnier-politique-selon-ses-avocats\"]}]},{\"@type\":\"ImageObject\",\"inLanguage\":\"fr-FR\",\"@id\":\"https:\/\/www.africa-press.net\/gabon\/politique\/jean-remy-yama-est-un-prisonnier-politique-selon-ses-avocats#primaryimage\",\"url\":\"https:\/\/static.africa-press.net\/gabon\/sites\/54\/2022\/12\/postQueueImg_1671527457.76.jpg\",\"contentUrl\":\"https:\/\/static.africa-press.net\/gabon\/sites\/54\/2022\/12\/postQueueImg_1671527457.76.jpg\",\"width\":851,\"height\":565,\"caption\":\"Jean R\u00e9my Yama est un prisonnier politique, selon ses avocats\"},{\"@type\":\"BreadcrumbList\",\"@id\":\"https:\/\/www.africa-press.net\/gabon\/politique\/jean-remy-yama-est-un-prisonnier-politique-selon-ses-avocats#breadcrumb\",\"itemListElement\":[{\"@type\":\"ListItem\",\"position\":1,\"name\":\"Accueil\",\"item\":\"https:\/\/www.africa-press.net\/gabon\/\"},{\"@type\":\"ListItem\",\"position\":2,\"name\":\"Jean R\u00e9my Yama est un prisonnier politique, selon ses avocats\"}]},{\"@type\":\"WebSite\",\"@id\":\"https:\/\/www.africa-press.net\/gabon\/#website\",\"url\":\"https:\/\/www.africa-press.net\/gabon\/\",\"name\":\"Gabon\",\"description\":\"Just another Africa News Agency Sites site\",\"potentialAction\":[{\"@type\":\"SearchAction\",\"target\":{\"@type\":\"EntryPoint\",\"urlTemplate\":\"https:\/\/www.africa-press.net\/gabon\/?s={search_term_string}\"},\"query-input\":{\"@type\":\"PropertyValueSpecification\",\"valueRequired\":true,\"valueName\":\"search_term_string\"}}],\"inLanguage\":\"fr-FR\"},{\"@type\":\"Person\",\"@id\":\"https:\/\/www.africa-press.net\/gabon\/#\/schema\/person\/2b1cf3cd81a31e3cd26889ca66d677f1\",\"name\":\"cfeditorfr\"}]}<\/script>\n<!-- \/ Yoast SEO Premium plugin. -->","yoast_head_json":{"title":"Jean R\u00e9my Yama est un prisonnier politique, selon ses avocats - Gabon","robots":{"index":"index","follow":"follow","max-snippet":"max-snippet:-1","max-image-preview":"max-image-preview:large","max-video-preview":"max-video-preview:-1"},"canonical":"https:\/\/www.africa-press.net\/gabon\/politique\/jean-remy-yama-est-un-prisonnier-politique-selon-ses-avocats","og_locale":"fr_FR","og_type":"article","og_title":"Jean R\u00e9my Yama est un prisonnier politique, selon ses avocats","og_description":"Africa-Press &#8211; Gabon. Mai\u0302tres Anges Kevin Nzingou et Franc\u0327ois Meyer, avocats conseils de Jean Re\u0301my Yama, en de\u0301tention pre\u0301ventive depuis le 02 mars 2022 a\u0300 la prison centrale de Libreville, ont de\u0301nonce\u0301 cette incarce\u0301ration qui viole la loi, laquelle transforme, selon eux, le pre\u0301venu en prisonnier politique. Mai\u0302tres Anges Kevin Nzingou et Franc\u0327ois Meyer, avocats [&hellip;]","og_url":"https:\/\/www.africa-press.net\/gabon\/politique\/jean-remy-yama-est-un-prisonnier-politique-selon-ses-avocats","og_site_name":"Gabon","article_published_time":"2022-12-20T12:40:55+00:00","author":"cfeditorfr","twitter_card":"summary_large_image","twitter_misc":{"\u00c9crit par":"cfeditorfr","Dur\u00e9e de lecture estim\u00e9e":"2 minutes"},"schema":{"@context":"https:\/\/schema.org","@graph":[{"@type":"Article","@id":"https:\/\/www.africa-press.net\/gabon\/politique\/jean-remy-yama-est-un-prisonnier-politique-selon-ses-avocats#article","isPartOf":{"@id":"https:\/\/www.africa-press.net\/gabon\/politique\/jean-remy-yama-est-un-prisonnier-politique-selon-ses-avocats"},"author":{"name":"cfeditorfr","@id":"https:\/\/www.africa-press.net\/gabon\/#\/schema\/person\/2b1cf3cd81a31e3cd26889ca66d677f1"},"headline":"Jean R\u00e9my Yama est un prisonnier politique, selon ses avocats","datePublished":"2022-12-20T12:40:55+00:00","mainEntityOfPage":{"@id":"https:\/\/www.africa-press.net\/gabon\/politique\/jean-remy-yama-est-un-prisonnier-politique-selon-ses-avocats"},"wordCount":340,"commentCount":0,"image":{"@id":"https:\/\/www.africa-press.net\/gabon\/politique\/jean-remy-yama-est-un-prisonnier-politique-selon-ses-avocats#primaryimage"},"thumbnailUrl":"https:\/\/static.africa-press.net\/gabon\/sites\/54\/2022\/12\/postQueueImg_1671527457.76.jpg","keywords":["Africa Press","Africa Press-Gabon","Gabon"],"articleSection":["Communaut\u00e9","Toutes les actualit\u00e9s"],"inLanguage":"fr-FR","potentialAction":[{"@type":"CommentAction","name":"Comment","target":["https:\/\/www.africa-press.net\/gabon\/politique\/jean-remy-yama-est-un-prisonnier-politique-selon-ses-avocats#respond"]}]},{"@type":"WebPage","@id":"https:\/\/www.africa-press.net\/gabon\/politique\/jean-remy-yama-est-un-prisonnier-politique-selon-ses-avocats","url":"https:\/\/www.africa-press.net\/gabon\/politique\/jean-remy-yama-est-un-prisonnier-politique-selon-ses-avocats","name":"Jean R\u00e9my Yama est un prisonnier politique, selon ses avocats - Gabon","isPartOf":{"@id":"https:\/\/www.africa-press.net\/gabon\/#website"},"primaryImageOfPage":{"@id":"https:\/\/www.africa-press.net\/gabon\/politique\/jean-remy-yama-est-un-prisonnier-politique-selon-ses-avocats#primaryimage"},"image":{"@id":"https:\/\/www.africa-press.net\/gabon\/politique\/jean-remy-yama-est-un-prisonnier-politique-selon-ses-avocats#primaryimage"},"thumbnailUrl":"https:\/\/static.africa-press.net\/gabon\/sites\/54\/2022\/12\/postQueueImg_1671527457.76.jpg","datePublished":"2022-12-20T12:40:55+00:00","author":{"@id":"https:\/\/www.africa-press.net\/gabon\/#\/schema\/person\/2b1cf3cd81a31e3cd26889ca66d677f1"},"breadcrumb":{"@id":"https:\/\/www.africa-press.net\/gabon\/politique\/jean-remy-yama-est-un-prisonnier-politique-selon-ses-avocats#breadcrumb"},"inLanguage":"fr-FR","potentialAction":[{"@type":"ReadAction","target":["https:\/\/www.africa-press.net\/gabon\/politique\/jean-remy-yama-est-un-prisonnier-politique-selon-ses-avocats"]}]},{"@type":"ImageObject","inLanguage":"fr-FR","@id":"https:\/\/www.africa-press.net\/gabon\/politique\/jean-remy-yama-est-un-prisonnier-politique-selon-ses-avocats#primaryimage","url":"https:\/\/static.africa-press.net\/gabon\/sites\/54\/2022\/12\/postQueueImg_1671527457.76.jpg","contentUrl":"https:\/\/static.africa-press.net\/gabon\/sites\/54\/2022\/12\/postQueueImg_1671527457.76.jpg","width":851,"height":565,"caption":"Jean R\u00e9my Yama est un prisonnier politique, selon ses avocats"},{"@type":"BreadcrumbList","@id":"https:\/\/www.africa-press.net\/gabon\/politique\/jean-remy-yama-est-un-prisonnier-politique-selon-ses-avocats#breadcrumb","itemListElement":[{"@type":"ListItem","position":1,"name":"Accueil","item":"https:\/\/www.africa-press.net\/gabon\/"},{"@type":"ListItem","position":2,"name":"Jean R\u00e9my Yama est un prisonnier politique, selon ses avocats"}]},{"@type":"WebSite","@id":"https:\/\/www.africa-press.net\/gabon\/#website","url":"https:\/\/www.africa-press.net\/gabon\/","name":"Gabon","description":"Just another Africa News Agency Sites site","potentialAction":[{"@type":"SearchAction","target":{"@type":"EntryPoint","urlTemplate":"https:\/\/www.africa-press.net\/gabon\/?s={search_term_string}"},"query-input":{"@type":"PropertyValueSpecification","valueRequired":true,"valueName":"search_term_string"}}],"inLanguage":"fr-FR"},{"@type":"Person","@id":"https:\/\/www.africa-press.net\/gabon\/#\/schema\/person\/2b1cf3cd81a31e3cd26889ca66d677f1","name":"cfeditorfr"}]}},"_links":{"self":[{"href":"https:\/\/www.africa-press.net\/gabon\/wp-json\/wp\/v2\/posts\/14077","targetHints":{"allow":["GET"]}}],"collection":[{"href":"https:\/\/www.africa-press.net\/gabon\/wp-json\/wp\/v2\/posts"}],"about":[{"href":"https:\/\/www.africa-press.net\/gabon\/wp-json\/wp\/v2\/types\/post"}],"author":[{"embeddable":true,"href":"https:\/\/www.africa-press.net\/gabon\/wp-json\/wp\/v2\/users\/82"}],"replies":[{"embeddable":true,"href":"https:\/\/www.africa-press.net\/gabon\/wp-json\/wp\/v2\/comments?post=14077"}],"version-history":[{"count":0,"href":"https:\/\/www.africa-press.net\/gabon\/wp-json\/wp\/v2\/posts\/14077\/revisions"}],"wp:featuredmedia":[{"embeddable":true,"href":"https:\/\/www.africa-press.net\/gabon\/wp-json\/wp\/v2\/media\/14076"}],"wp:attachment":[{"href":"https:\/\/www.africa-press.net\/gabon\/wp-json\/wp\/v2\/media?parent=14077"}],"wp:term":[{"taxonomy":"category","embeddable":true,"href":"https:\/\/www.africa-press.net\/gabon\/wp-json\/wp\/v2\/categories?post=14077"},{"taxonomy":"post_tag","embeddable":true,"href":"https:\/\/www.africa-press.net\/gabon\/wp-json\/wp\/v2\/tags?post=14077"}],"curies":[{"name":"wp","href":"https:\/\/api.w.org\/{rel}","templated":true}]}}