{"id":14081,"date":"2022-12-20T12:41:14","date_gmt":"2022-12-20T12:41:14","guid":{"rendered":"https:\/\/www.africa-press.net\/gabon\/politique\/noel-le-traineau-de-long-otima-atterrit-au-haut-ogooue"},"modified":"2022-12-20T12:41:14","modified_gmt":"2022-12-20T12:41:14","slug":"noel-le-traineau-de-long-otima-atterrit-au-haut-ogooue","status":"publish","type":"post","link":"https:\/\/www.africa-press.net\/gabon\/toutes-les-actualites\/noel-le-traineau-de-long-otima-atterrit-au-haut-ogooue","title":{"rendered":"No\u00ebl \u00a0: Le tra\u00eeneau de l\u2019ONG Otima atterrit au Haut-Ogoou\u00e9"},"content":{"rendered":"<p><span style=\"color: #ff6600\"><strong>Africa-Press &#8211; Gabon. <\/strong><\/span><b>Les enfants hospitalise\u0301s au sein du Centre hospitalier re\u0301gional Amissa Bongo et les pensionnaires de l\u2019orphelinat \u00abHozanna la Gloire\u00bb, dans la province du Haut-Ogooue\u0301, ont ce\u0301le\u0301bre\u0301 en anticipe\u0301 le 17 de\u0301cembre dernier, avec alle\u0301gresse la fe\u0302te de la nativite\u0301. Jeux, danses, chants et de\u0301gustations ont e\u0301gaye\u0301 ce moment de partage initie\u0301 par l\u2019ONG Otima, sous le the\u0300me : \u00abPremie\u0300re action d\u2019OTIMA dans le Haut-Ogooue\u0301\u00bb.<\/b><\/p>\n<p>La pe\u0301riode de Noe\u0308l est pour un enfant, une pe\u0301riode de fe\u0302te et de joie qu\u2019il peut ce\u0301le\u0301brer, entoure\u0301e de sa famille. Pour un enfant de\u0301muni, il s\u2019agit d\u2019une pe\u0301riode difficile pendant laquelle sa diffe\u0301rence et ses carences se font beaucoup sentir. C\u2019est pour cela que l\u2019ONG Otima (qui signifie le \u00abC\u0153ur\u00bb dans plusieurs langues de la province du Haut-Ogooue\u0301) a organise\u0301 l\u2019e\u0301ve\u0301nement de\u0301nomme\u0301 \u00abPremie\u0300re action d\u2019OTIMA dans le Haut-Ogooue\u0301\u00bb le 17 de\u0301cembre dernier.<\/p>\n<p>Il s\u2019agissait pour les acteurs de cette ONG, de quitter le Grand Libreville pour aider et apporter de la joie aux enfants du Haut-Ogooue\u0301, leur permettre de vivre l\u2019esprit familial de Noe\u0308l en sortant de leur me\u0301nage de vie quotidienne a\u0300 travers la distribution de cadeaux, se\u0301ances de danse, de jeux, repas&#8230; Ce fut un grand moment de partage et de re\u0301jouissance fort appre\u0301cie\u0301 de cette population vulne\u0301rable. Ces enfants de\u0301favorise\u0301s ont pu connai\u0302tre la joie de vivre Noe\u0308l en recevant leurs cadeaux comme tout autre enfant.<\/p>\n<p>Cre\u0301e\u0301e il y a deux ans, l\u2019association Otima dont ses membres fondateurs, Noureddin Bongo Valentin et son e\u0301pouse Le\u0301a Bongo Valentin me\u0300nent des actions de de\u0301fense des droits de l\u2019enfant au Gabon intervient dans la plupart des centres d\u2019accueil pour offrir l\u2019acce\u0300s au soin gra\u0302ce a\u0300 des consultations me\u0301dicales gratuites, la fourniture de kits scolaires complets, la prise en charge de la scolarite\u0301 dans des e\u0301tablissements publics ou prive\u0301s, mais e\u0301galement dans la re\u0301fection des ba\u0302timents&#8230;<\/p>\n<p><strong>Pour plus d&rsquo;informations et d&rsquo;analyses sur la <a href=\"https:\/\/www.africa-press.net\/gabon\">Gabon<\/a>, suivez <a href=\"https:\/\/www.africa-press.net\/\">Africa-Press<\/a><\/strong><\/p>\n","protected":false},"excerpt":{"rendered":"<p>Africa-Press &#8211; Gabon. Les enfants hospitalise\u0301s au sein du Centre hospitalier re\u0301gional Amissa Bongo et les pensionnaires de l\u2019orphelinat \u00abHozanna la Gloire\u00bb, dans la province du Haut-Ogooue\u0301, ont ce\u0301le\u0301bre\u0301 en anticipe\u0301 le 17 de\u0301cembre dernier, avec alle\u0301gresse la fe\u0302te de la nativite\u0301. Jeux, danses, chants et de\u0301gustations ont e\u0301gaye\u0301 ce moment de partage initie\u0301 par [&hellip;]<\/p>\n","protected":false},"author":82,"featured_media":14080,"comment_status":"open","ping_status":"closed","sticky":false,"template":"","format":"standard","meta":{"footnotes":""},"categories":[21,10],"tags":[36,50,49],"class_list":["post-14081","post","type-post","status-publish","format-standard","has-post-thumbnail","hentry","category-communaute","category-toutes-les-actualites","tag-africa-press","tag-africa-press-gabon","tag-gabon"],"yoast_head":"<!-- This site is optimized with the Yoast SEO Premium plugin v26.1 (Yoast SEO v27.0) - https:\/\/yoast.com\/product\/yoast-seo-premium-wordpress\/ -->\n<title>No\u00ebl \u00a0: Le tra\u00eeneau de l\u2019ONG Otima atterrit au Haut-Ogoou\u00e9 - Gabon<\/title>\n<meta name=\"robots\" content=\"index, follow, max-snippet:-1, max-image-preview:large, max-video-preview:-1\" \/>\n<link rel=\"canonical\" href=\"https:\/\/www.africa-press.net\/gabon\/politique\/noel-le-traineau-de-long-otima-atterrit-au-haut-ogooue\" \/>\n<meta property=\"og:locale\" content=\"fr_FR\" \/>\n<meta property=\"og:type\" content=\"article\" \/>\n<meta property=\"og:title\" content=\"No\u00ebl \u00a0: Le tra\u00eeneau de l\u2019ONG Otima atterrit au Haut-Ogoou\u00e9\" \/>\n<meta property=\"og:description\" content=\"Africa-Press &#8211; Gabon. Les enfants hospitalise\u0301s au sein du Centre hospitalier re\u0301gional Amissa Bongo et les pensionnaires de l\u2019orphelinat \u00abHozanna la Gloire\u00bb, dans la province du Haut-Ogooue\u0301, ont ce\u0301le\u0301bre\u0301 en anticipe\u0301 le 17 de\u0301cembre dernier, avec alle\u0301gresse la fe\u0302te de la nativite\u0301. Jeux, danses, chants et de\u0301gustations ont e\u0301gaye\u0301 ce moment de partage initie\u0301 par [&hellip;]\" \/>\n<meta property=\"og:url\" content=\"https:\/\/www.africa-press.net\/gabon\/politique\/noel-le-traineau-de-long-otima-atterrit-au-haut-ogooue\" \/>\n<meta property=\"og:site_name\" content=\"Gabon\" \/>\n<meta property=\"article:published_time\" content=\"2022-12-20T12:41:14+00:00\" \/>\n<meta name=\"author\" content=\"cfeditorfr\" \/>\n<meta name=\"twitter:card\" content=\"summary_large_image\" \/>\n<meta name=\"twitter:label1\" content=\"\u00c9crit par\" \/>\n\t<meta name=\"twitter:data1\" content=\"cfeditorfr\" \/>\n\t<meta name=\"twitter:label2\" content=\"Dur\u00e9e de lecture estim\u00e9e\" \/>\n\t<meta name=\"twitter:data2\" content=\"2 minutes\" \/>\n<script type=\"application\/ld+json\" class=\"yoast-schema-graph\">{\"@context\":\"https:\/\/schema.org\",\"@graph\":[{\"@type\":\"Article\",\"@id\":\"https:\/\/www.africa-press.net\/gabon\/politique\/noel-le-traineau-de-long-otima-atterrit-au-haut-ogooue#article\",\"isPartOf\":{\"@id\":\"https:\/\/www.africa-press.net\/gabon\/politique\/noel-le-traineau-de-long-otima-atterrit-au-haut-ogooue\"},\"author\":{\"name\":\"cfeditorfr\",\"@id\":\"https:\/\/www.africa-press.net\/gabon\/#\/schema\/person\/2b1cf3cd81a31e3cd26889ca66d677f1\"},\"headline\":\"No\u00ebl \u00a0: Le tra\u00eeneau de l\u2019ONG Otima atterrit au Haut-Ogoou\u00e9\",\"datePublished\":\"2022-12-20T12:41:14+00:00\",\"mainEntityOfPage\":{\"@id\":\"https:\/\/www.africa-press.net\/gabon\/politique\/noel-le-traineau-de-long-otima-atterrit-au-haut-ogooue\"},\"wordCount\":392,\"commentCount\":0,\"image\":{\"@id\":\"https:\/\/www.africa-press.net\/gabon\/politique\/noel-le-traineau-de-long-otima-atterrit-au-haut-ogooue#primaryimage\"},\"thumbnailUrl\":\"https:\/\/static.africa-press.net\/gabon\/sites\/54\/2022\/12\/postQueueImg_1671527476.48.jpg\",\"keywords\":[\"Africa Press\",\"Africa Press-Gabon\",\"Gabon\"],\"articleSection\":[\"Communaut\u00e9\",\"Toutes les actualit\u00e9s\"],\"inLanguage\":\"fr-FR\",\"potentialAction\":[{\"@type\":\"CommentAction\",\"name\":\"Comment\",\"target\":[\"https:\/\/www.africa-press.net\/gabon\/politique\/noel-le-traineau-de-long-otima-atterrit-au-haut-ogooue#respond\"]}]},{\"@type\":\"WebPage\",\"@id\":\"https:\/\/www.africa-press.net\/gabon\/politique\/noel-le-traineau-de-long-otima-atterrit-au-haut-ogooue\",\"url\":\"https:\/\/www.africa-press.net\/gabon\/politique\/noel-le-traineau-de-long-otima-atterrit-au-haut-ogooue\",\"name\":\"No\u00ebl \u00a0: Le tra\u00eeneau de l\u2019ONG Otima atterrit au Haut-Ogoou\u00e9 - Gabon\",\"isPartOf\":{\"@id\":\"https:\/\/www.africa-press.net\/gabon\/#website\"},\"primaryImageOfPage\":{\"@id\":\"https:\/\/www.africa-press.net\/gabon\/politique\/noel-le-traineau-de-long-otima-atterrit-au-haut-ogooue#primaryimage\"},\"image\":{\"@id\":\"https:\/\/www.africa-press.net\/gabon\/politique\/noel-le-traineau-de-long-otima-atterrit-au-haut-ogooue#primaryimage\"},\"thumbnailUrl\":\"https:\/\/static.africa-press.net\/gabon\/sites\/54\/2022\/12\/postQueueImg_1671527476.48.jpg\",\"datePublished\":\"2022-12-20T12:41:14+00:00\",\"author\":{\"@id\":\"https:\/\/www.africa-press.net\/gabon\/#\/schema\/person\/2b1cf3cd81a31e3cd26889ca66d677f1\"},\"breadcrumb\":{\"@id\":\"https:\/\/www.africa-press.net\/gabon\/politique\/noel-le-traineau-de-long-otima-atterrit-au-haut-ogooue#breadcrumb\"},\"inLanguage\":\"fr-FR\",\"potentialAction\":[{\"@type\":\"ReadAction\",\"target\":[\"https:\/\/www.africa-press.net\/gabon\/politique\/noel-le-traineau-de-long-otima-atterrit-au-haut-ogooue\"]}]},{\"@type\":\"ImageObject\",\"inLanguage\":\"fr-FR\",\"@id\":\"https:\/\/www.africa-press.net\/gabon\/politique\/noel-le-traineau-de-long-otima-atterrit-au-haut-ogooue#primaryimage\",\"url\":\"https:\/\/static.africa-press.net\/gabon\/sites\/54\/2022\/12\/postQueueImg_1671527476.48.jpg\",\"contentUrl\":\"https:\/\/static.africa-press.net\/gabon\/sites\/54\/2022\/12\/postQueueImg_1671527476.48.jpg\",\"width\":720,\"height\":508,\"caption\":\"No\u00ebl \u00a0: Le tra\u00eeneau de l\u2019ONG Otima atterrit au Haut-Ogoou\u00e9\"},{\"@type\":\"BreadcrumbList\",\"@id\":\"https:\/\/www.africa-press.net\/gabon\/politique\/noel-le-traineau-de-long-otima-atterrit-au-haut-ogooue#breadcrumb\",\"itemListElement\":[{\"@type\":\"ListItem\",\"position\":1,\"name\":\"Accueil\",\"item\":\"https:\/\/www.africa-press.net\/gabon\/\"},{\"@type\":\"ListItem\",\"position\":2,\"name\":\"No\u00ebl \u00a0: Le tra\u00eeneau de l\u2019ONG Otima atterrit au Haut-Ogoou\u00e9\"}]},{\"@type\":\"WebSite\",\"@id\":\"https:\/\/www.africa-press.net\/gabon\/#website\",\"url\":\"https:\/\/www.africa-press.net\/gabon\/\",\"name\":\"Gabon\",\"description\":\"Just another Africa News Agency Sites site\",\"potentialAction\":[{\"@type\":\"SearchAction\",\"target\":{\"@type\":\"EntryPoint\",\"urlTemplate\":\"https:\/\/www.africa-press.net\/gabon\/?s={search_term_string}\"},\"query-input\":{\"@type\":\"PropertyValueSpecification\",\"valueRequired\":true,\"valueName\":\"search_term_string\"}}],\"inLanguage\":\"fr-FR\"},{\"@type\":\"Person\",\"@id\":\"https:\/\/www.africa-press.net\/gabon\/#\/schema\/person\/2b1cf3cd81a31e3cd26889ca66d677f1\",\"name\":\"cfeditorfr\"}]}<\/script>\n<!-- \/ Yoast SEO Premium plugin. -->","yoast_head_json":{"title":"No\u00ebl \u00a0: Le tra\u00eeneau de l\u2019ONG Otima atterrit au Haut-Ogoou\u00e9 - Gabon","robots":{"index":"index","follow":"follow","max-snippet":"max-snippet:-1","max-image-preview":"max-image-preview:large","max-video-preview":"max-video-preview:-1"},"canonical":"https:\/\/www.africa-press.net\/gabon\/politique\/noel-le-traineau-de-long-otima-atterrit-au-haut-ogooue","og_locale":"fr_FR","og_type":"article","og_title":"No\u00ebl \u00a0: Le tra\u00eeneau de l\u2019ONG Otima atterrit au Haut-Ogoou\u00e9","og_description":"Africa-Press &#8211; Gabon. Les enfants hospitalise\u0301s au sein du Centre hospitalier re\u0301gional Amissa Bongo et les pensionnaires de l\u2019orphelinat \u00abHozanna la Gloire\u00bb, dans la province du Haut-Ogooue\u0301, ont ce\u0301le\u0301bre\u0301 en anticipe\u0301 le 17 de\u0301cembre dernier, avec alle\u0301gresse la fe\u0302te de la nativite\u0301. Jeux, danses, chants et de\u0301gustations ont e\u0301gaye\u0301 ce moment de partage initie\u0301 par [&hellip;]","og_url":"https:\/\/www.africa-press.net\/gabon\/politique\/noel-le-traineau-de-long-otima-atterrit-au-haut-ogooue","og_site_name":"Gabon","article_published_time":"2022-12-20T12:41:14+00:00","author":"cfeditorfr","twitter_card":"summary_large_image","twitter_misc":{"\u00c9crit par":"cfeditorfr","Dur\u00e9e de lecture estim\u00e9e":"2 minutes"},"schema":{"@context":"https:\/\/schema.org","@graph":[{"@type":"Article","@id":"https:\/\/www.africa-press.net\/gabon\/politique\/noel-le-traineau-de-long-otima-atterrit-au-haut-ogooue#article","isPartOf":{"@id":"https:\/\/www.africa-press.net\/gabon\/politique\/noel-le-traineau-de-long-otima-atterrit-au-haut-ogooue"},"author":{"name":"cfeditorfr","@id":"https:\/\/www.africa-press.net\/gabon\/#\/schema\/person\/2b1cf3cd81a31e3cd26889ca66d677f1"},"headline":"No\u00ebl \u00a0: Le tra\u00eeneau de l\u2019ONG Otima atterrit au Haut-Ogoou\u00e9","datePublished":"2022-12-20T12:41:14+00:00","mainEntityOfPage":{"@id":"https:\/\/www.africa-press.net\/gabon\/politique\/noel-le-traineau-de-long-otima-atterrit-au-haut-ogooue"},"wordCount":392,"commentCount":0,"image":{"@id":"https:\/\/www.africa-press.net\/gabon\/politique\/noel-le-traineau-de-long-otima-atterrit-au-haut-ogooue#primaryimage"},"thumbnailUrl":"https:\/\/static.africa-press.net\/gabon\/sites\/54\/2022\/12\/postQueueImg_1671527476.48.jpg","keywords":["Africa Press","Africa Press-Gabon","Gabon"],"articleSection":["Communaut\u00e9","Toutes les actualit\u00e9s"],"inLanguage":"fr-FR","potentialAction":[{"@type":"CommentAction","name":"Comment","target":["https:\/\/www.africa-press.net\/gabon\/politique\/noel-le-traineau-de-long-otima-atterrit-au-haut-ogooue#respond"]}]},{"@type":"WebPage","@id":"https:\/\/www.africa-press.net\/gabon\/politique\/noel-le-traineau-de-long-otima-atterrit-au-haut-ogooue","url":"https:\/\/www.africa-press.net\/gabon\/politique\/noel-le-traineau-de-long-otima-atterrit-au-haut-ogooue","name":"No\u00ebl \u00a0: Le tra\u00eeneau de l\u2019ONG Otima atterrit au Haut-Ogoou\u00e9 - Gabon","isPartOf":{"@id":"https:\/\/www.africa-press.net\/gabon\/#website"},"primaryImageOfPage":{"@id":"https:\/\/www.africa-press.net\/gabon\/politique\/noel-le-traineau-de-long-otima-atterrit-au-haut-ogooue#primaryimage"},"image":{"@id":"https:\/\/www.africa-press.net\/gabon\/politique\/noel-le-traineau-de-long-otima-atterrit-au-haut-ogooue#primaryimage"},"thumbnailUrl":"https:\/\/static.africa-press.net\/gabon\/sites\/54\/2022\/12\/postQueueImg_1671527476.48.jpg","datePublished":"2022-12-20T12:41:14+00:00","author":{"@id":"https:\/\/www.africa-press.net\/gabon\/#\/schema\/person\/2b1cf3cd81a31e3cd26889ca66d677f1"},"breadcrumb":{"@id":"https:\/\/www.africa-press.net\/gabon\/politique\/noel-le-traineau-de-long-otima-atterrit-au-haut-ogooue#breadcrumb"},"inLanguage":"fr-FR","potentialAction":[{"@type":"ReadAction","target":["https:\/\/www.africa-press.net\/gabon\/politique\/noel-le-traineau-de-long-otima-atterrit-au-haut-ogooue"]}]},{"@type":"ImageObject","inLanguage":"fr-FR","@id":"https:\/\/www.africa-press.net\/gabon\/politique\/noel-le-traineau-de-long-otima-atterrit-au-haut-ogooue#primaryimage","url":"https:\/\/static.africa-press.net\/gabon\/sites\/54\/2022\/12\/postQueueImg_1671527476.48.jpg","contentUrl":"https:\/\/static.africa-press.net\/gabon\/sites\/54\/2022\/12\/postQueueImg_1671527476.48.jpg","width":720,"height":508,"caption":"No\u00ebl \u00a0: Le tra\u00eeneau de l\u2019ONG Otima atterrit au Haut-Ogoou\u00e9"},{"@type":"BreadcrumbList","@id":"https:\/\/www.africa-press.net\/gabon\/politique\/noel-le-traineau-de-long-otima-atterrit-au-haut-ogooue#breadcrumb","itemListElement":[{"@type":"ListItem","position":1,"name":"Accueil","item":"https:\/\/www.africa-press.net\/gabon\/"},{"@type":"ListItem","position":2,"name":"No\u00ebl \u00a0: Le tra\u00eeneau de l\u2019ONG Otima atterrit au Haut-Ogoou\u00e9"}]},{"@type":"WebSite","@id":"https:\/\/www.africa-press.net\/gabon\/#website","url":"https:\/\/www.africa-press.net\/gabon\/","name":"Gabon","description":"Just another Africa News Agency Sites site","potentialAction":[{"@type":"SearchAction","target":{"@type":"EntryPoint","urlTemplate":"https:\/\/www.africa-press.net\/gabon\/?s={search_term_string}"},"query-input":{"@type":"PropertyValueSpecification","valueRequired":true,"valueName":"search_term_string"}}],"inLanguage":"fr-FR"},{"@type":"Person","@id":"https:\/\/www.africa-press.net\/gabon\/#\/schema\/person\/2b1cf3cd81a31e3cd26889ca66d677f1","name":"cfeditorfr"}]}},"_links":{"self":[{"href":"https:\/\/www.africa-press.net\/gabon\/wp-json\/wp\/v2\/posts\/14081","targetHints":{"allow":["GET"]}}],"collection":[{"href":"https:\/\/www.africa-press.net\/gabon\/wp-json\/wp\/v2\/posts"}],"about":[{"href":"https:\/\/www.africa-press.net\/gabon\/wp-json\/wp\/v2\/types\/post"}],"author":[{"embeddable":true,"href":"https:\/\/www.africa-press.net\/gabon\/wp-json\/wp\/v2\/users\/82"}],"replies":[{"embeddable":true,"href":"https:\/\/www.africa-press.net\/gabon\/wp-json\/wp\/v2\/comments?post=14081"}],"version-history":[{"count":0,"href":"https:\/\/www.africa-press.net\/gabon\/wp-json\/wp\/v2\/posts\/14081\/revisions"}],"wp:featuredmedia":[{"embeddable":true,"href":"https:\/\/www.africa-press.net\/gabon\/wp-json\/wp\/v2\/media\/14080"}],"wp:attachment":[{"href":"https:\/\/www.africa-press.net\/gabon\/wp-json\/wp\/v2\/media?parent=14081"}],"wp:term":[{"taxonomy":"category","embeddable":true,"href":"https:\/\/www.africa-press.net\/gabon\/wp-json\/wp\/v2\/categories?post=14081"},{"taxonomy":"post_tag","embeddable":true,"href":"https:\/\/www.africa-press.net\/gabon\/wp-json\/wp\/v2\/tags?post=14081"}],"curies":[{"name":"wp","href":"https:\/\/api.w.org\/{rel}","templated":true}]}}