{"id":14083,"date":"2022-12-20T12:41:19","date_gmt":"2022-12-20T12:41:19","guid":{"rendered":"https:\/\/www.africa-press.net\/gabon\/politique\/gabon-la-promotion-rene-aboghe-ella-de-luil-desormais-sur-le-marche-de-lemploi"},"modified":"2022-12-20T12:41:19","modified_gmt":"2022-12-20T12:41:19","slug":"gabon-la-promotion-rene-aboghe-ella-de-luil-desormais-sur-le-marche-de-lemploi","status":"publish","type":"post","link":"https:\/\/www.africa-press.net\/gabon\/economie\/gabon-la-promotion-rene-aboghe-ella-de-luil-desormais-sur-le-marche-de-lemploi","title":{"rendered":"Gabon\u00a0: La promotion \u00abRen\u00e9 Abogh\u00e9 Ella\u00bb de l\u2019UIL d\u00e9sormais sur le march\u00e9 de l\u2019emploi"},"content":{"rendered":"<p><span style=\"color: #ff6600\"><strong>Africa-Press &#8211; Gabon. <\/strong><\/span>L\u2019Universite\u0301 Internationale de Libreville (UIL), situe\u0301e dans le complexe de l\u2019Institution internationale Berthe et Jean, a\u0300 Essassa (23 kilome\u0300tres de Libreville) a consacre\u0301 ce lundi 19 de\u0301cembre, sa 6e promotion baptise\u0301e Rene\u0301 Aboghe\u0301 Ella, du nom du Premier pre\u0301sident de la Cour des comptes. 102 e\u0301tudiants des licences et masters ont ainsi rec\u0327u leur diplo\u0302me lors d\u2019une ce\u0301re\u0301monie rehausse\u0301e par la pre\u0301sence de la pre\u0301sidente du Conseil de surveillance de cette universite\u0301, la pre\u0301sidente de la Cour constitutionnelle, Commandeur de l\u2019Ordre international des palmes acade\u0301miques (Cames), la Dre Marie-Madeleine Mborantsuo.<\/p>\n<p>La 6e promotion du cycle de licence et la 3e promotion du cycle Master recherche de l\u2019Universite\u0301 Internationale de Libreville (UIL), e\u0301tablissement du complexe de l\u2019Institution internationale Berthe et Jean a\u0300 Essassa, ont rec\u0327u le 19 de\u0301cembre leurs parchemins. Baptise\u0301e \u00abRene\u0301 Aboghe\u0301 Ella\u00bb en hommage au premier pre\u0301sident de la Cour des comptes, ancien pre\u0301sident de la Commission nationale e\u0301lectorale autonome et permanente (Cenap), cette promotion de 102 e\u0301tudiants conclut ainsi un chapitre de leur vie et entame de\u0301sormais une nouvelle e\u0301tape dans leur parcours.<\/p>\n<p>Conse\u0301cration d\u2019anne\u0301es de travail et d\u2019efforts<\/p>\n<p>Issus de l\u2019Institut supe\u0301rieur de gestion et d\u2019E\u0301conomie applique\u0301e (ISGEA), de la Faculte\u0301 de droit et de Science politique (FDSP) et en Cycle Master recherche, ces e\u0301tudiants ont rec\u0327u tous les honneurs relatifs aux sacrifices qu\u2019ils ont consentir pendant toutes leurs anne\u0301es de formation. Raison pour laquelle, la pre\u0301sidente du Conseil de surveillance, la Dre Marie-Madeleine Mborantsuo, indique dans la note de pre\u0301sentation de cette remise de parchemin que leur \u00abdiplo\u0302me repre\u0301sente la conse\u0301cration d\u2019anne\u0301es de travail et d\u2019efforts\u00bb. \u00abVous pouvez e\u0302tre tre\u0300s fiers d\u2019un succe\u0300s qui te\u0301moigne de votre de\u0301termination et de votre capacite\u0301 a\u0300 relever les de\u0301fis\u00bb, laisse-t-elle entendre.<\/p>\n<p>E\u0301tablissement prive\u0301 d\u2019enseignement supe\u0301rieur d\u2019utilite\u0301 publique, a\u0300 vocation scientifique, technologique et professionnelle, visant la promotion du de\u0301veloppement durable, l\u2019UIL a ouvert ses portes le 18 novembre 2014. Elle se positionne aujourd\u2019hui comme fleuron de la formation universitaire en Afrique en ge\u0301ne\u0301ral et au Gabon en particulier. Sa devise : \u00abSavoir-Etre, Savoir-Faire\u00bb. Le professeur Jacques Franc\u0327ois Mavoungou, Recteur de cette Universite\u0301, fait savoir qu\u2019elle \u00abse construit de fac\u0327on continue, pierre apre\u0300s pierre, avec patience, abne\u0301gation, mais surtout de\u0301termination\u00bb. \u00abElle a ouvert ses portes dans l\u2019optique de proposer une palette d\u2019offres de formations innovantes qui sont en ade\u0301quation avec les besoins du secteur productif, bassin d\u2019emploi de la jeunesse\u00bb, a-t-il de\u0301clare\u0301.<\/p>\n<p>Au ministre de l\u2019Enseignement supe\u0301rieur et de la Recherche repre\u0301sente\u0301 par son de\u0301le\u0301gue\u0301, Max-Samuel Oboumadjogo, il a salue\u0301 l\u2019implication du gouvernement au co\u0302te\u0301 des prive\u0301s. \u00abMonsieur le ministre, en prenant l\u2019initiative d\u2019accompagner l\u2019initiative prive\u0301e, a\u0300 travers vos plans d\u2019action, vous montrez une fois encore que la formation et la recherche scientifique constituent des piliers de de\u0301veloppement socio-e\u0301conomique de notre pays. La formation et la recherche doivent se faire de fac\u0327on comple\u0301mentaire, concerte\u0301e et harmonieuse dans les e\u0301tablissements prive\u0301s et publics de l\u2019enseignement supe\u0301rieur de notre pays\u00bb.<\/p>\n<p>\u00abCeux qui re\u0302vent changent le monde, ceux qui ne re\u0302vent pas, c\u2019est le monde qui les change\u00bb<\/p>\n<p>Le Recteur de l\u2019UIL en a ainsi profite\u0301 pour indiquer que son e\u0301tablissement travaille avec l\u2019Universite\u0301 des sciences de la sante\u0301 (USS) pour former, de fac\u0327on concomitante les me\u0301decins et les pharmaciens dans les deux universite\u0301s. \u00abEn effet, depuis la rentre\u0301e 2022, l\u2019UIL be\u0301ne\u0301ficie d\u2019un important appui de l\u2019USS pour mettre en \u0153uvre les filie\u0300res de me\u0301decines et de pharmacie\u00bb, a-t-il laisse\u0301 entendre.<\/p>\n<p>Du parrain de cette 6e promotion qui arrive apre\u0300s d\u2019autres prestigieuses personnalite\u0301s telles qu\u2019Heri Claude Oyima de la BGFI, Faustin Boukoubi de l\u2019Assemble\u0301e nationale ou me\u0302me Marie-Madeleine Mborantsuo de la Cour constitutionnelle, le professeur Mavoungou parle d\u2019\u00abun homme discret, re\u0301serve\u0301, fide\u0300le, loyal et surtout travailleur\u00bb, tandis qu\u2019aux laure\u0301ats de cette promotion Rene\u0301 Aboghe\u0301 Ella, il a fait savoir que \u00abla ce\u0301re\u0301monie de remise de diplo\u0302me est un e\u0301ve\u0301nement fe\u0301de\u0301rateur pour notre institution. Elle conclut un chapitre de votre vie et vous ouvre grandement les portes de votre avenir professionnel\u00bb.<\/p>\n<p>Fe\u0301licitant les laure\u0301ats, le ministre de\u0301le\u0301gue\u0301 a\u0300 l\u2019Enseignement supe\u0301rieur, Max-Samuel Oboumadjogo leur a demande\u0301 de re\u0302ver. \u00abOser re\u0302ver aussi grand que vous le pourrez, parce que quelqu\u2019un l\u2019a dit, ceux qui re\u0302vent changent le monde, ceux qui ne re\u0302vent pas, c\u2019est le monde qui les change\u00bb, a-t-il dit avant de prodiguer quelques conseils, assurant a\u0300 ses filleuls son entie\u0300re disponibilite\u0301 a\u0300 les aider et a\u0300 les soutenir dans la mesure du possible.<\/p>\n<p>Durant cette ce\u0301re\u0301monie, un vibrant hommage a e\u0301te\u0301 rendu au Dr Carles Luce Donald Kambangoye, cofondateur de l\u2019UIL disparu en 2014.<\/p>\n<p><strong>Pour plus d&rsquo;informations et d&rsquo;analyses sur la <a href=\"https:\/\/www.africa-press.net\/gabon\">Gabon<\/a>, suivez <a href=\"https:\/\/www.africa-press.net\/\">Africa-Press<\/a><\/strong><\/p>\n","protected":false},"excerpt":{"rendered":"<p>Africa-Press &#8211; Gabon. L\u2019Universite\u0301 Internationale de Libreville (UIL), situe\u0301e dans le complexe de l\u2019Institution internationale Berthe et Jean, a\u0300 Essassa (23 kilome\u0300tres de Libreville) a consacre\u0301 ce lundi 19 de\u0301cembre, sa 6e promotion baptise\u0301e Rene\u0301 Aboghe\u0301 Ella, du nom du Premier pre\u0301sident de la Cour des comptes. 102 e\u0301tudiants des licences et masters ont ainsi [&hellip;]<\/p>\n","protected":false},"author":82,"featured_media":14082,"comment_status":"open","ping_status":"closed","sticky":false,"template":"","format":"standard","meta":{"footnotes":""},"categories":[3,10],"tags":[36,50,49],"class_list":["post-14083","post","type-post","status-publish","format-standard","has-post-thumbnail","hentry","category-economie","category-toutes-les-actualites","tag-africa-press","tag-africa-press-gabon","tag-gabon"],"yoast_head":"<!-- This site is optimized with the Yoast SEO Premium plugin v26.1 (Yoast SEO v27.0) - https:\/\/yoast.com\/product\/yoast-seo-premium-wordpress\/ -->\n<title>Gabon\u00a0: La promotion \u00abRen\u00e9 Abogh\u00e9 Ella\u00bb de l\u2019UIL d\u00e9sormais sur le march\u00e9 de l\u2019emploi - Gabon<\/title>\n<meta name=\"robots\" content=\"index, follow, max-snippet:-1, max-image-preview:large, max-video-preview:-1\" \/>\n<link rel=\"canonical\" href=\"https:\/\/www.africa-press.net\/gabon\/politique\/gabon-la-promotion-rene-aboghe-ella-de-luil-desormais-sur-le-marche-de-lemploi\" \/>\n<meta property=\"og:locale\" content=\"fr_FR\" \/>\n<meta property=\"og:type\" content=\"article\" \/>\n<meta property=\"og:title\" content=\"Gabon\u00a0: La promotion \u00abRen\u00e9 Abogh\u00e9 Ella\u00bb de l\u2019UIL d\u00e9sormais sur le march\u00e9 de l\u2019emploi\" \/>\n<meta property=\"og:description\" content=\"Africa-Press &#8211; Gabon. L\u2019Universite\u0301 Internationale de Libreville (UIL), situe\u0301e dans le complexe de l\u2019Institution internationale Berthe et Jean, a\u0300 Essassa (23 kilome\u0300tres de Libreville) a consacre\u0301 ce lundi 19 de\u0301cembre, sa 6e promotion baptise\u0301e Rene\u0301 Aboghe\u0301 Ella, du nom du Premier pre\u0301sident de la Cour des comptes. 102 e\u0301tudiants des licences et masters ont ainsi [&hellip;]\" \/>\n<meta property=\"og:url\" content=\"https:\/\/www.africa-press.net\/gabon\/politique\/gabon-la-promotion-rene-aboghe-ella-de-luil-desormais-sur-le-marche-de-lemploi\" \/>\n<meta property=\"og:site_name\" content=\"Gabon\" \/>\n<meta property=\"article:published_time\" content=\"2022-12-20T12:41:19+00:00\" \/>\n<meta name=\"author\" content=\"cfeditorfr\" \/>\n<meta name=\"twitter:card\" content=\"summary_large_image\" \/>\n<meta name=\"twitter:label1\" content=\"\u00c9crit par\" \/>\n\t<meta name=\"twitter:data1\" content=\"cfeditorfr\" \/>\n\t<meta name=\"twitter:label2\" content=\"Dur\u00e9e de lecture estim\u00e9e\" \/>\n\t<meta name=\"twitter:data2\" content=\"4 minutes\" \/>\n<script type=\"application\/ld+json\" class=\"yoast-schema-graph\">{\"@context\":\"https:\/\/schema.org\",\"@graph\":[{\"@type\":\"Article\",\"@id\":\"https:\/\/www.africa-press.net\/gabon\/politique\/gabon-la-promotion-rene-aboghe-ella-de-luil-desormais-sur-le-marche-de-lemploi#article\",\"isPartOf\":{\"@id\":\"https:\/\/www.africa-press.net\/gabon\/politique\/gabon-la-promotion-rene-aboghe-ella-de-luil-desormais-sur-le-marche-de-lemploi\"},\"author\":{\"name\":\"cfeditorfr\",\"@id\":\"https:\/\/www.africa-press.net\/gabon\/#\/schema\/person\/2b1cf3cd81a31e3cd26889ca66d677f1\"},\"headline\":\"Gabon\u00a0: La promotion \u00abRen\u00e9 Abogh\u00e9 Ella\u00bb de l\u2019UIL d\u00e9sormais sur le march\u00e9 de l\u2019emploi\",\"datePublished\":\"2022-12-20T12:41:19+00:00\",\"mainEntityOfPage\":{\"@id\":\"https:\/\/www.africa-press.net\/gabon\/politique\/gabon-la-promotion-rene-aboghe-ella-de-luil-desormais-sur-le-marche-de-lemploi\"},\"wordCount\":916,\"commentCount\":0,\"image\":{\"@id\":\"https:\/\/www.africa-press.net\/gabon\/politique\/gabon-la-promotion-rene-aboghe-ella-de-luil-desormais-sur-le-marche-de-lemploi#primaryimage\"},\"thumbnailUrl\":\"https:\/\/static.africa-press.net\/gabon\/sites\/54\/2022\/12\/postQueueImg_1671527482.61.jpg\",\"keywords\":[\"Africa Press\",\"Africa Press-Gabon\",\"Gabon\"],\"articleSection\":[\"\u00c9conomie\",\"Toutes les actualit\u00e9s\"],\"inLanguage\":\"fr-FR\",\"potentialAction\":[{\"@type\":\"CommentAction\",\"name\":\"Comment\",\"target\":[\"https:\/\/www.africa-press.net\/gabon\/politique\/gabon-la-promotion-rene-aboghe-ella-de-luil-desormais-sur-le-marche-de-lemploi#respond\"]}]},{\"@type\":\"WebPage\",\"@id\":\"https:\/\/www.africa-press.net\/gabon\/politique\/gabon-la-promotion-rene-aboghe-ella-de-luil-desormais-sur-le-marche-de-lemploi\",\"url\":\"https:\/\/www.africa-press.net\/gabon\/politique\/gabon-la-promotion-rene-aboghe-ella-de-luil-desormais-sur-le-marche-de-lemploi\",\"name\":\"Gabon\u00a0: La promotion \u00abRen\u00e9 Abogh\u00e9 Ella\u00bb de l\u2019UIL d\u00e9sormais sur le march\u00e9 de l\u2019emploi - Gabon\",\"isPartOf\":{\"@id\":\"https:\/\/www.africa-press.net\/gabon\/#website\"},\"primaryImageOfPage\":{\"@id\":\"https:\/\/www.africa-press.net\/gabon\/politique\/gabon-la-promotion-rene-aboghe-ella-de-luil-desormais-sur-le-marche-de-lemploi#primaryimage\"},\"image\":{\"@id\":\"https:\/\/www.africa-press.net\/gabon\/politique\/gabon-la-promotion-rene-aboghe-ella-de-luil-desormais-sur-le-marche-de-lemploi#primaryimage\"},\"thumbnailUrl\":\"https:\/\/static.africa-press.net\/gabon\/sites\/54\/2022\/12\/postQueueImg_1671527482.61.jpg\",\"datePublished\":\"2022-12-20T12:41:19+00:00\",\"author\":{\"@id\":\"https:\/\/www.africa-press.net\/gabon\/#\/schema\/person\/2b1cf3cd81a31e3cd26889ca66d677f1\"},\"breadcrumb\":{\"@id\":\"https:\/\/www.africa-press.net\/gabon\/politique\/gabon-la-promotion-rene-aboghe-ella-de-luil-desormais-sur-le-marche-de-lemploi#breadcrumb\"},\"inLanguage\":\"fr-FR\",\"potentialAction\":[{\"@type\":\"ReadAction\",\"target\":[\"https:\/\/www.africa-press.net\/gabon\/politique\/gabon-la-promotion-rene-aboghe-ella-de-luil-desormais-sur-le-marche-de-lemploi\"]}]},{\"@type\":\"ImageObject\",\"inLanguage\":\"fr-FR\",\"@id\":\"https:\/\/www.africa-press.net\/gabon\/politique\/gabon-la-promotion-rene-aboghe-ella-de-luil-desormais-sur-le-marche-de-lemploi#primaryimage\",\"url\":\"https:\/\/static.africa-press.net\/gabon\/sites\/54\/2022\/12\/postQueueImg_1671527482.61.jpg\",\"contentUrl\":\"https:\/\/static.africa-press.net\/gabon\/sites\/54\/2022\/12\/postQueueImg_1671527482.61.jpg\",\"width\":720,\"height\":384,\"caption\":\"Gabon\u00a0: La promotion \u00abRen\u00e9 Abogh\u00e9 Ella\u00bb de l\u2019UIL d\u00e9sormais sur le march\u00e9 de l\u2019emploi\"},{\"@type\":\"BreadcrumbList\",\"@id\":\"https:\/\/www.africa-press.net\/gabon\/politique\/gabon-la-promotion-rene-aboghe-ella-de-luil-desormais-sur-le-marche-de-lemploi#breadcrumb\",\"itemListElement\":[{\"@type\":\"ListItem\",\"position\":1,\"name\":\"Accueil\",\"item\":\"https:\/\/www.africa-press.net\/gabon\/\"},{\"@type\":\"ListItem\",\"position\":2,\"name\":\"Gabon\u00a0: La promotion \u00abRen\u00e9 Abogh\u00e9 Ella\u00bb de l\u2019UIL d\u00e9sormais sur le march\u00e9 de l\u2019emploi\"}]},{\"@type\":\"WebSite\",\"@id\":\"https:\/\/www.africa-press.net\/gabon\/#website\",\"url\":\"https:\/\/www.africa-press.net\/gabon\/\",\"name\":\"Gabon\",\"description\":\"Just another Africa News Agency Sites site\",\"potentialAction\":[{\"@type\":\"SearchAction\",\"target\":{\"@type\":\"EntryPoint\",\"urlTemplate\":\"https:\/\/www.africa-press.net\/gabon\/?s={search_term_string}\"},\"query-input\":{\"@type\":\"PropertyValueSpecification\",\"valueRequired\":true,\"valueName\":\"search_term_string\"}}],\"inLanguage\":\"fr-FR\"},{\"@type\":\"Person\",\"@id\":\"https:\/\/www.africa-press.net\/gabon\/#\/schema\/person\/2b1cf3cd81a31e3cd26889ca66d677f1\",\"name\":\"cfeditorfr\"}]}<\/script>\n<!-- \/ Yoast SEO Premium plugin. -->","yoast_head_json":{"title":"Gabon\u00a0: La promotion \u00abRen\u00e9 Abogh\u00e9 Ella\u00bb de l\u2019UIL d\u00e9sormais sur le march\u00e9 de l\u2019emploi - Gabon","robots":{"index":"index","follow":"follow","max-snippet":"max-snippet:-1","max-image-preview":"max-image-preview:large","max-video-preview":"max-video-preview:-1"},"canonical":"https:\/\/www.africa-press.net\/gabon\/politique\/gabon-la-promotion-rene-aboghe-ella-de-luil-desormais-sur-le-marche-de-lemploi","og_locale":"fr_FR","og_type":"article","og_title":"Gabon\u00a0: La promotion \u00abRen\u00e9 Abogh\u00e9 Ella\u00bb de l\u2019UIL d\u00e9sormais sur le march\u00e9 de l\u2019emploi","og_description":"Africa-Press &#8211; Gabon. L\u2019Universite\u0301 Internationale de Libreville (UIL), situe\u0301e dans le complexe de l\u2019Institution internationale Berthe et Jean, a\u0300 Essassa (23 kilome\u0300tres de Libreville) a consacre\u0301 ce lundi 19 de\u0301cembre, sa 6e promotion baptise\u0301e Rene\u0301 Aboghe\u0301 Ella, du nom du Premier pre\u0301sident de la Cour des comptes. 102 e\u0301tudiants des licences et masters ont ainsi [&hellip;]","og_url":"https:\/\/www.africa-press.net\/gabon\/politique\/gabon-la-promotion-rene-aboghe-ella-de-luil-desormais-sur-le-marche-de-lemploi","og_site_name":"Gabon","article_published_time":"2022-12-20T12:41:19+00:00","author":"cfeditorfr","twitter_card":"summary_large_image","twitter_misc":{"\u00c9crit par":"cfeditorfr","Dur\u00e9e de lecture estim\u00e9e":"4 minutes"},"schema":{"@context":"https:\/\/schema.org","@graph":[{"@type":"Article","@id":"https:\/\/www.africa-press.net\/gabon\/politique\/gabon-la-promotion-rene-aboghe-ella-de-luil-desormais-sur-le-marche-de-lemploi#article","isPartOf":{"@id":"https:\/\/www.africa-press.net\/gabon\/politique\/gabon-la-promotion-rene-aboghe-ella-de-luil-desormais-sur-le-marche-de-lemploi"},"author":{"name":"cfeditorfr","@id":"https:\/\/www.africa-press.net\/gabon\/#\/schema\/person\/2b1cf3cd81a31e3cd26889ca66d677f1"},"headline":"Gabon\u00a0: La promotion \u00abRen\u00e9 Abogh\u00e9 Ella\u00bb de l\u2019UIL d\u00e9sormais sur le march\u00e9 de l\u2019emploi","datePublished":"2022-12-20T12:41:19+00:00","mainEntityOfPage":{"@id":"https:\/\/www.africa-press.net\/gabon\/politique\/gabon-la-promotion-rene-aboghe-ella-de-luil-desormais-sur-le-marche-de-lemploi"},"wordCount":916,"commentCount":0,"image":{"@id":"https:\/\/www.africa-press.net\/gabon\/politique\/gabon-la-promotion-rene-aboghe-ella-de-luil-desormais-sur-le-marche-de-lemploi#primaryimage"},"thumbnailUrl":"https:\/\/static.africa-press.net\/gabon\/sites\/54\/2022\/12\/postQueueImg_1671527482.61.jpg","keywords":["Africa Press","Africa Press-Gabon","Gabon"],"articleSection":["\u00c9conomie","Toutes les actualit\u00e9s"],"inLanguage":"fr-FR","potentialAction":[{"@type":"CommentAction","name":"Comment","target":["https:\/\/www.africa-press.net\/gabon\/politique\/gabon-la-promotion-rene-aboghe-ella-de-luil-desormais-sur-le-marche-de-lemploi#respond"]}]},{"@type":"WebPage","@id":"https:\/\/www.africa-press.net\/gabon\/politique\/gabon-la-promotion-rene-aboghe-ella-de-luil-desormais-sur-le-marche-de-lemploi","url":"https:\/\/www.africa-press.net\/gabon\/politique\/gabon-la-promotion-rene-aboghe-ella-de-luil-desormais-sur-le-marche-de-lemploi","name":"Gabon\u00a0: La promotion \u00abRen\u00e9 Abogh\u00e9 Ella\u00bb de l\u2019UIL d\u00e9sormais sur le march\u00e9 de l\u2019emploi - Gabon","isPartOf":{"@id":"https:\/\/www.africa-press.net\/gabon\/#website"},"primaryImageOfPage":{"@id":"https:\/\/www.africa-press.net\/gabon\/politique\/gabon-la-promotion-rene-aboghe-ella-de-luil-desormais-sur-le-marche-de-lemploi#primaryimage"},"image":{"@id":"https:\/\/www.africa-press.net\/gabon\/politique\/gabon-la-promotion-rene-aboghe-ella-de-luil-desormais-sur-le-marche-de-lemploi#primaryimage"},"thumbnailUrl":"https:\/\/static.africa-press.net\/gabon\/sites\/54\/2022\/12\/postQueueImg_1671527482.61.jpg","datePublished":"2022-12-20T12:41:19+00:00","author":{"@id":"https:\/\/www.africa-press.net\/gabon\/#\/schema\/person\/2b1cf3cd81a31e3cd26889ca66d677f1"},"breadcrumb":{"@id":"https:\/\/www.africa-press.net\/gabon\/politique\/gabon-la-promotion-rene-aboghe-ella-de-luil-desormais-sur-le-marche-de-lemploi#breadcrumb"},"inLanguage":"fr-FR","potentialAction":[{"@type":"ReadAction","target":["https:\/\/www.africa-press.net\/gabon\/politique\/gabon-la-promotion-rene-aboghe-ella-de-luil-desormais-sur-le-marche-de-lemploi"]}]},{"@type":"ImageObject","inLanguage":"fr-FR","@id":"https:\/\/www.africa-press.net\/gabon\/politique\/gabon-la-promotion-rene-aboghe-ella-de-luil-desormais-sur-le-marche-de-lemploi#primaryimage","url":"https:\/\/static.africa-press.net\/gabon\/sites\/54\/2022\/12\/postQueueImg_1671527482.61.jpg","contentUrl":"https:\/\/static.africa-press.net\/gabon\/sites\/54\/2022\/12\/postQueueImg_1671527482.61.jpg","width":720,"height":384,"caption":"Gabon\u00a0: La promotion \u00abRen\u00e9 Abogh\u00e9 Ella\u00bb de l\u2019UIL d\u00e9sormais sur le march\u00e9 de l\u2019emploi"},{"@type":"BreadcrumbList","@id":"https:\/\/www.africa-press.net\/gabon\/politique\/gabon-la-promotion-rene-aboghe-ella-de-luil-desormais-sur-le-marche-de-lemploi#breadcrumb","itemListElement":[{"@type":"ListItem","position":1,"name":"Accueil","item":"https:\/\/www.africa-press.net\/gabon\/"},{"@type":"ListItem","position":2,"name":"Gabon\u00a0: La promotion \u00abRen\u00e9 Abogh\u00e9 Ella\u00bb de l\u2019UIL d\u00e9sormais sur le march\u00e9 de l\u2019emploi"}]},{"@type":"WebSite","@id":"https:\/\/www.africa-press.net\/gabon\/#website","url":"https:\/\/www.africa-press.net\/gabon\/","name":"Gabon","description":"Just another Africa News Agency Sites site","potentialAction":[{"@type":"SearchAction","target":{"@type":"EntryPoint","urlTemplate":"https:\/\/www.africa-press.net\/gabon\/?s={search_term_string}"},"query-input":{"@type":"PropertyValueSpecification","valueRequired":true,"valueName":"search_term_string"}}],"inLanguage":"fr-FR"},{"@type":"Person","@id":"https:\/\/www.africa-press.net\/gabon\/#\/schema\/person\/2b1cf3cd81a31e3cd26889ca66d677f1","name":"cfeditorfr"}]}},"_links":{"self":[{"href":"https:\/\/www.africa-press.net\/gabon\/wp-json\/wp\/v2\/posts\/14083","targetHints":{"allow":["GET"]}}],"collection":[{"href":"https:\/\/www.africa-press.net\/gabon\/wp-json\/wp\/v2\/posts"}],"about":[{"href":"https:\/\/www.africa-press.net\/gabon\/wp-json\/wp\/v2\/types\/post"}],"author":[{"embeddable":true,"href":"https:\/\/www.africa-press.net\/gabon\/wp-json\/wp\/v2\/users\/82"}],"replies":[{"embeddable":true,"href":"https:\/\/www.africa-press.net\/gabon\/wp-json\/wp\/v2\/comments?post=14083"}],"version-history":[{"count":0,"href":"https:\/\/www.africa-press.net\/gabon\/wp-json\/wp\/v2\/posts\/14083\/revisions"}],"wp:featuredmedia":[{"embeddable":true,"href":"https:\/\/www.africa-press.net\/gabon\/wp-json\/wp\/v2\/media\/14082"}],"wp:attachment":[{"href":"https:\/\/www.africa-press.net\/gabon\/wp-json\/wp\/v2\/media?parent=14083"}],"wp:term":[{"taxonomy":"category","embeddable":true,"href":"https:\/\/www.africa-press.net\/gabon\/wp-json\/wp\/v2\/categories?post=14083"},{"taxonomy":"post_tag","embeddable":true,"href":"https:\/\/www.africa-press.net\/gabon\/wp-json\/wp\/v2\/tags?post=14083"}],"curies":[{"name":"wp","href":"https:\/\/api.w.org\/{rel}","templated":true}]}}