{"id":14085,"date":"2022-12-20T12:41:26","date_gmt":"2022-12-20T12:41:26","guid":{"rendered":"https:\/\/www.africa-press.net\/gabon\/politique\/cooperation-ali-bongo-tient-toujours-a-la-visite-du-pape-francois-au-gabon"},"modified":"2022-12-20T12:41:26","modified_gmt":"2022-12-20T12:41:26","slug":"cooperation-ali-bongo-tient-toujours-a-la-visite-du-pape-francois-au-gabon","status":"publish","type":"post","link":"https:\/\/www.africa-press.net\/gabon\/politique\/cooperation-ali-bongo-tient-toujours-a-la-visite-du-pape-francois-au-gabon","title":{"rendered":"Coop\u00e9ration : Ali Bongo tient toujours \u00e0 la visite du Pape Fran\u00e7ois au Gabon"},"content":{"rendered":"<p><span style=\"color: #ff6600\"><strong>Africa-Press &#8211; Gabon. <\/strong><\/span>A\u0300 la faveur de l\u2019audience qu\u2019il a accorde\u0301e lundi au Cardinal Pietro Parolin, secre\u0301taire d\u2019E\u0301tat du Vatican, le pre\u0301sident gabonais a re\u0301ite\u0301re\u0301 son invitation a\u0300 l\u2019adresse du souverain pontife pour une visite au Gabon.<\/p>\n<p>Apre\u0300s qu\u2019il l\u2019a rec\u0327u, le 28 avril dernier, en la Bibliothe\u0300que du Palais apostolique du Vatican, Ali Bongo continue d\u2019espe\u0301rer rendre la pareille au Pape Franc\u0327ois. A\u0300 la faveur de l\u2019audience qu\u2019il a accorde\u0301e au Cardinal Pietro Parolin, secre\u0301taire d\u2019E\u0301tat du Saint-Sie\u0300ge, le 19 de\u0301cembre a\u0300 Libreville, le pre\u0301sident gabonais a re\u0301ite\u0301re\u0301 son invitation au souverain pontife pour une visite au Gabon.<\/p>\n<p>Depuis son e\u0301lection, le 13 mars 2013, en le Saint-Pe\u0300re n\u2019a effectue\u0301 aucune visite en Afrique jusqu\u2019a\u0300 lors. Pre\u0301vus en juillet dernier, ses voyages en RDC et au Soudan du Sud avaient e\u0301te\u0301 reporte\u0301s sine die en raison d\u2019un proble\u0300me de sante\u0301 du Pape. Ali Bongo espe\u0300re donc que son pays sera un des premiers du continent visite\u0301s par Franc\u0327ois 1er.<\/p>\n<p>En attendant, avec l\u2019e\u0301missaire du souverain pontife, il a e\u0301voque\u0301 la question de la redynamisation de relations bilate\u0301rales entre le Gabon et le Vatican dans les domaines aussi varie\u0301s que l\u2019enseignement catholique, la sante\u0301, le social, les consultations diplomatiques, etc., rapporte le communique\u0301 de la pre\u0301sidence de la Re\u0301publique. Les deux hommes ont e\u0301galement aborde\u0301 la ce\u0301le\u0301bration du 40e anniversaire de la visite au Gabon du Pape Jean-Paul II et le 25e anniversaire de la signature de l\u2019Accord-cadre entre le Gabon et Saint-Sie\u0300ge.<\/p>\n<p>Au terme de leur entretien, le chef de l\u2019E\u0301tat a e\u0301leve\u0301 le Cardinal Pietro Parolin au grade de Commandeur dans l\u2019Ordre de l\u2019E\u0301toile e\u0301quatoriale.<\/p>\n<p><strong>Pour plus d&rsquo;informations et d&rsquo;analyses sur la <a href=\"https:\/\/www.africa-press.net\/gabon\">Gabon<\/a>, suivez <a href=\"https:\/\/www.africa-press.net\/\">Africa-Press<\/a><\/strong><\/p>\n","protected":false},"excerpt":{"rendered":"<p>Africa-Press &#8211; Gabon. A\u0300 la faveur de l\u2019audience qu\u2019il a accorde\u0301e lundi au Cardinal Pietro Parolin, secre\u0301taire d\u2019E\u0301tat du Vatican, le pre\u0301sident gabonais a re\u0301ite\u0301re\u0301 son invitation a\u0300 l\u2019adresse du souverain pontife pour une visite au Gabon. Apre\u0300s qu\u2019il l\u2019a rec\u0327u, le 28 avril dernier, en la Bibliothe\u0300que du Palais apostolique du Vatican, Ali Bongo [&hellip;]<\/p>\n","protected":false},"author":82,"featured_media":14084,"comment_status":"open","ping_status":"closed","sticky":false,"template":"","format":"standard","meta":{"footnotes":""},"categories":[2,10],"tags":[36,50,49],"class_list":["post-14085","post","type-post","status-publish","format-standard","has-post-thumbnail","hentry","category-politique","category-toutes-les-actualites","tag-africa-press","tag-africa-press-gabon","tag-gabon"],"yoast_head":"<!-- This site is optimized with the Yoast SEO Premium plugin v26.1 (Yoast SEO v27.0) - https:\/\/yoast.com\/product\/yoast-seo-premium-wordpress\/ -->\n<title>Coop\u00e9ration : Ali Bongo tient toujours \u00e0 la visite du Pape Fran\u00e7ois au Gabon - Gabon<\/title>\n<meta name=\"robots\" content=\"index, follow, max-snippet:-1, max-image-preview:large, max-video-preview:-1\" \/>\n<link rel=\"canonical\" href=\"https:\/\/www.africa-press.net\/gabon\/politique\/cooperation-ali-bongo-tient-toujours-a-la-visite-du-pape-francois-au-gabon\" \/>\n<meta property=\"og:locale\" content=\"fr_FR\" \/>\n<meta property=\"og:type\" content=\"article\" \/>\n<meta property=\"og:title\" content=\"Coop\u00e9ration : Ali Bongo tient toujours \u00e0 la visite du Pape Fran\u00e7ois au Gabon\" \/>\n<meta property=\"og:description\" content=\"Africa-Press &#8211; Gabon. A\u0300 la faveur de l\u2019audience qu\u2019il a accorde\u0301e lundi au Cardinal Pietro Parolin, secre\u0301taire d\u2019E\u0301tat du Vatican, le pre\u0301sident gabonais a re\u0301ite\u0301re\u0301 son invitation a\u0300 l\u2019adresse du souverain pontife pour une visite au Gabon. Apre\u0300s qu\u2019il l\u2019a rec\u0327u, le 28 avril dernier, en la Bibliothe\u0300que du Palais apostolique du Vatican, Ali Bongo [&hellip;]\" \/>\n<meta property=\"og:url\" content=\"https:\/\/www.africa-press.net\/gabon\/politique\/cooperation-ali-bongo-tient-toujours-a-la-visite-du-pape-francois-au-gabon\" \/>\n<meta property=\"og:site_name\" content=\"Gabon\" \/>\n<meta property=\"article:published_time\" content=\"2022-12-20T12:41:26+00:00\" \/>\n<meta name=\"author\" content=\"cfeditorfr\" \/>\n<meta name=\"twitter:card\" content=\"summary_large_image\" \/>\n<meta name=\"twitter:label1\" content=\"\u00c9crit par\" \/>\n\t<meta name=\"twitter:data1\" content=\"cfeditorfr\" \/>\n\t<meta name=\"twitter:label2\" content=\"Dur\u00e9e de lecture estim\u00e9e\" \/>\n\t<meta name=\"twitter:data2\" content=\"2 minutes\" \/>\n<script type=\"application\/ld+json\" class=\"yoast-schema-graph\">{\"@context\":\"https:\/\/schema.org\",\"@graph\":[{\"@type\":\"Article\",\"@id\":\"https:\/\/www.africa-press.net\/gabon\/politique\/cooperation-ali-bongo-tient-toujours-a-la-visite-du-pape-francois-au-gabon#article\",\"isPartOf\":{\"@id\":\"https:\/\/www.africa-press.net\/gabon\/politique\/cooperation-ali-bongo-tient-toujours-a-la-visite-du-pape-francois-au-gabon\"},\"author\":{\"name\":\"cfeditorfr\",\"@id\":\"https:\/\/www.africa-press.net\/gabon\/#\/schema\/person\/2b1cf3cd81a31e3cd26889ca66d677f1\"},\"headline\":\"Coop\u00e9ration : Ali Bongo tient toujours \u00e0 la visite du Pape Fran\u00e7ois au Gabon\",\"datePublished\":\"2022-12-20T12:41:26+00:00\",\"mainEntityOfPage\":{\"@id\":\"https:\/\/www.africa-press.net\/gabon\/politique\/cooperation-ali-bongo-tient-toujours-a-la-visite-du-pape-francois-au-gabon\"},\"wordCount\":350,\"commentCount\":0,\"image\":{\"@id\":\"https:\/\/www.africa-press.net\/gabon\/politique\/cooperation-ali-bongo-tient-toujours-a-la-visite-du-pape-francois-au-gabon#primaryimage\"},\"thumbnailUrl\":\"https:\/\/static.africa-press.net\/gabon\/sites\/54\/2022\/12\/postQueueImg_1671527489.43.jpg\",\"keywords\":[\"Africa Press\",\"Africa Press-Gabon\",\"Gabon\"],\"articleSection\":[\"Politique\",\"Toutes les actualit\u00e9s\"],\"inLanguage\":\"fr-FR\",\"potentialAction\":[{\"@type\":\"CommentAction\",\"name\":\"Comment\",\"target\":[\"https:\/\/www.africa-press.net\/gabon\/politique\/cooperation-ali-bongo-tient-toujours-a-la-visite-du-pape-francois-au-gabon#respond\"]}]},{\"@type\":\"WebPage\",\"@id\":\"https:\/\/www.africa-press.net\/gabon\/politique\/cooperation-ali-bongo-tient-toujours-a-la-visite-du-pape-francois-au-gabon\",\"url\":\"https:\/\/www.africa-press.net\/gabon\/politique\/cooperation-ali-bongo-tient-toujours-a-la-visite-du-pape-francois-au-gabon\",\"name\":\"Coop\u00e9ration : Ali Bongo tient toujours \u00e0 la visite du Pape Fran\u00e7ois au Gabon - Gabon\",\"isPartOf\":{\"@id\":\"https:\/\/www.africa-press.net\/gabon\/#website\"},\"primaryImageOfPage\":{\"@id\":\"https:\/\/www.africa-press.net\/gabon\/politique\/cooperation-ali-bongo-tient-toujours-a-la-visite-du-pape-francois-au-gabon#primaryimage\"},\"image\":{\"@id\":\"https:\/\/www.africa-press.net\/gabon\/politique\/cooperation-ali-bongo-tient-toujours-a-la-visite-du-pape-francois-au-gabon#primaryimage\"},\"thumbnailUrl\":\"https:\/\/static.africa-press.net\/gabon\/sites\/54\/2022\/12\/postQueueImg_1671527489.43.jpg\",\"datePublished\":\"2022-12-20T12:41:26+00:00\",\"author\":{\"@id\":\"https:\/\/www.africa-press.net\/gabon\/#\/schema\/person\/2b1cf3cd81a31e3cd26889ca66d677f1\"},\"breadcrumb\":{\"@id\":\"https:\/\/www.africa-press.net\/gabon\/politique\/cooperation-ali-bongo-tient-toujours-a-la-visite-du-pape-francois-au-gabon#breadcrumb\"},\"inLanguage\":\"fr-FR\",\"potentialAction\":[{\"@type\":\"ReadAction\",\"target\":[\"https:\/\/www.africa-press.net\/gabon\/politique\/cooperation-ali-bongo-tient-toujours-a-la-visite-du-pape-francois-au-gabon\"]}]},{\"@type\":\"ImageObject\",\"inLanguage\":\"fr-FR\",\"@id\":\"https:\/\/www.africa-press.net\/gabon\/politique\/cooperation-ali-bongo-tient-toujours-a-la-visite-du-pape-francois-au-gabon#primaryimage\",\"url\":\"https:\/\/static.africa-press.net\/gabon\/sites\/54\/2022\/12\/postQueueImg_1671527489.43.jpg\",\"contentUrl\":\"https:\/\/static.africa-press.net\/gabon\/sites\/54\/2022\/12\/postQueueImg_1671527489.43.jpg\",\"width\":720,\"height\":470,\"caption\":\"Coop\u00e9ration : Ali Bongo tient toujours \u00e0 la visite du Pape Fran\u00e7ois au Gabon\"},{\"@type\":\"BreadcrumbList\",\"@id\":\"https:\/\/www.africa-press.net\/gabon\/politique\/cooperation-ali-bongo-tient-toujours-a-la-visite-du-pape-francois-au-gabon#breadcrumb\",\"itemListElement\":[{\"@type\":\"ListItem\",\"position\":1,\"name\":\"Accueil\",\"item\":\"https:\/\/www.africa-press.net\/gabon\/\"},{\"@type\":\"ListItem\",\"position\":2,\"name\":\"Coop\u00e9ration : Ali Bongo tient toujours \u00e0 la visite du Pape Fran\u00e7ois au Gabon\"}]},{\"@type\":\"WebSite\",\"@id\":\"https:\/\/www.africa-press.net\/gabon\/#website\",\"url\":\"https:\/\/www.africa-press.net\/gabon\/\",\"name\":\"Gabon\",\"description\":\"Just another Africa News Agency Sites site\",\"potentialAction\":[{\"@type\":\"SearchAction\",\"target\":{\"@type\":\"EntryPoint\",\"urlTemplate\":\"https:\/\/www.africa-press.net\/gabon\/?s={search_term_string}\"},\"query-input\":{\"@type\":\"PropertyValueSpecification\",\"valueRequired\":true,\"valueName\":\"search_term_string\"}}],\"inLanguage\":\"fr-FR\"},{\"@type\":\"Person\",\"@id\":\"https:\/\/www.africa-press.net\/gabon\/#\/schema\/person\/2b1cf3cd81a31e3cd26889ca66d677f1\",\"name\":\"cfeditorfr\"}]}<\/script>\n<!-- \/ Yoast SEO Premium plugin. -->","yoast_head_json":{"title":"Coop\u00e9ration : Ali Bongo tient toujours \u00e0 la visite du Pape Fran\u00e7ois au Gabon - Gabon","robots":{"index":"index","follow":"follow","max-snippet":"max-snippet:-1","max-image-preview":"max-image-preview:large","max-video-preview":"max-video-preview:-1"},"canonical":"https:\/\/www.africa-press.net\/gabon\/politique\/cooperation-ali-bongo-tient-toujours-a-la-visite-du-pape-francois-au-gabon","og_locale":"fr_FR","og_type":"article","og_title":"Coop\u00e9ration : Ali Bongo tient toujours \u00e0 la visite du Pape Fran\u00e7ois au Gabon","og_description":"Africa-Press &#8211; Gabon. A\u0300 la faveur de l\u2019audience qu\u2019il a accorde\u0301e lundi au Cardinal Pietro Parolin, secre\u0301taire d\u2019E\u0301tat du Vatican, le pre\u0301sident gabonais a re\u0301ite\u0301re\u0301 son invitation a\u0300 l\u2019adresse du souverain pontife pour une visite au Gabon. Apre\u0300s qu\u2019il l\u2019a rec\u0327u, le 28 avril dernier, en la Bibliothe\u0300que du Palais apostolique du Vatican, Ali Bongo [&hellip;]","og_url":"https:\/\/www.africa-press.net\/gabon\/politique\/cooperation-ali-bongo-tient-toujours-a-la-visite-du-pape-francois-au-gabon","og_site_name":"Gabon","article_published_time":"2022-12-20T12:41:26+00:00","author":"cfeditorfr","twitter_card":"summary_large_image","twitter_misc":{"\u00c9crit par":"cfeditorfr","Dur\u00e9e de lecture estim\u00e9e":"2 minutes"},"schema":{"@context":"https:\/\/schema.org","@graph":[{"@type":"Article","@id":"https:\/\/www.africa-press.net\/gabon\/politique\/cooperation-ali-bongo-tient-toujours-a-la-visite-du-pape-francois-au-gabon#article","isPartOf":{"@id":"https:\/\/www.africa-press.net\/gabon\/politique\/cooperation-ali-bongo-tient-toujours-a-la-visite-du-pape-francois-au-gabon"},"author":{"name":"cfeditorfr","@id":"https:\/\/www.africa-press.net\/gabon\/#\/schema\/person\/2b1cf3cd81a31e3cd26889ca66d677f1"},"headline":"Coop\u00e9ration : Ali Bongo tient toujours \u00e0 la visite du Pape Fran\u00e7ois au Gabon","datePublished":"2022-12-20T12:41:26+00:00","mainEntityOfPage":{"@id":"https:\/\/www.africa-press.net\/gabon\/politique\/cooperation-ali-bongo-tient-toujours-a-la-visite-du-pape-francois-au-gabon"},"wordCount":350,"commentCount":0,"image":{"@id":"https:\/\/www.africa-press.net\/gabon\/politique\/cooperation-ali-bongo-tient-toujours-a-la-visite-du-pape-francois-au-gabon#primaryimage"},"thumbnailUrl":"https:\/\/static.africa-press.net\/gabon\/sites\/54\/2022\/12\/postQueueImg_1671527489.43.jpg","keywords":["Africa Press","Africa Press-Gabon","Gabon"],"articleSection":["Politique","Toutes les actualit\u00e9s"],"inLanguage":"fr-FR","potentialAction":[{"@type":"CommentAction","name":"Comment","target":["https:\/\/www.africa-press.net\/gabon\/politique\/cooperation-ali-bongo-tient-toujours-a-la-visite-du-pape-francois-au-gabon#respond"]}]},{"@type":"WebPage","@id":"https:\/\/www.africa-press.net\/gabon\/politique\/cooperation-ali-bongo-tient-toujours-a-la-visite-du-pape-francois-au-gabon","url":"https:\/\/www.africa-press.net\/gabon\/politique\/cooperation-ali-bongo-tient-toujours-a-la-visite-du-pape-francois-au-gabon","name":"Coop\u00e9ration : Ali Bongo tient toujours \u00e0 la visite du Pape Fran\u00e7ois au Gabon - Gabon","isPartOf":{"@id":"https:\/\/www.africa-press.net\/gabon\/#website"},"primaryImageOfPage":{"@id":"https:\/\/www.africa-press.net\/gabon\/politique\/cooperation-ali-bongo-tient-toujours-a-la-visite-du-pape-francois-au-gabon#primaryimage"},"image":{"@id":"https:\/\/www.africa-press.net\/gabon\/politique\/cooperation-ali-bongo-tient-toujours-a-la-visite-du-pape-francois-au-gabon#primaryimage"},"thumbnailUrl":"https:\/\/static.africa-press.net\/gabon\/sites\/54\/2022\/12\/postQueueImg_1671527489.43.jpg","datePublished":"2022-12-20T12:41:26+00:00","author":{"@id":"https:\/\/www.africa-press.net\/gabon\/#\/schema\/person\/2b1cf3cd81a31e3cd26889ca66d677f1"},"breadcrumb":{"@id":"https:\/\/www.africa-press.net\/gabon\/politique\/cooperation-ali-bongo-tient-toujours-a-la-visite-du-pape-francois-au-gabon#breadcrumb"},"inLanguage":"fr-FR","potentialAction":[{"@type":"ReadAction","target":["https:\/\/www.africa-press.net\/gabon\/politique\/cooperation-ali-bongo-tient-toujours-a-la-visite-du-pape-francois-au-gabon"]}]},{"@type":"ImageObject","inLanguage":"fr-FR","@id":"https:\/\/www.africa-press.net\/gabon\/politique\/cooperation-ali-bongo-tient-toujours-a-la-visite-du-pape-francois-au-gabon#primaryimage","url":"https:\/\/static.africa-press.net\/gabon\/sites\/54\/2022\/12\/postQueueImg_1671527489.43.jpg","contentUrl":"https:\/\/static.africa-press.net\/gabon\/sites\/54\/2022\/12\/postQueueImg_1671527489.43.jpg","width":720,"height":470,"caption":"Coop\u00e9ration : Ali Bongo tient toujours \u00e0 la visite du Pape Fran\u00e7ois au Gabon"},{"@type":"BreadcrumbList","@id":"https:\/\/www.africa-press.net\/gabon\/politique\/cooperation-ali-bongo-tient-toujours-a-la-visite-du-pape-francois-au-gabon#breadcrumb","itemListElement":[{"@type":"ListItem","position":1,"name":"Accueil","item":"https:\/\/www.africa-press.net\/gabon\/"},{"@type":"ListItem","position":2,"name":"Coop\u00e9ration : Ali Bongo tient toujours \u00e0 la visite du Pape Fran\u00e7ois au Gabon"}]},{"@type":"WebSite","@id":"https:\/\/www.africa-press.net\/gabon\/#website","url":"https:\/\/www.africa-press.net\/gabon\/","name":"Gabon","description":"Just another Africa News Agency Sites site","potentialAction":[{"@type":"SearchAction","target":{"@type":"EntryPoint","urlTemplate":"https:\/\/www.africa-press.net\/gabon\/?s={search_term_string}"},"query-input":{"@type":"PropertyValueSpecification","valueRequired":true,"valueName":"search_term_string"}}],"inLanguage":"fr-FR"},{"@type":"Person","@id":"https:\/\/www.africa-press.net\/gabon\/#\/schema\/person\/2b1cf3cd81a31e3cd26889ca66d677f1","name":"cfeditorfr"}]}},"_links":{"self":[{"href":"https:\/\/www.africa-press.net\/gabon\/wp-json\/wp\/v2\/posts\/14085","targetHints":{"allow":["GET"]}}],"collection":[{"href":"https:\/\/www.africa-press.net\/gabon\/wp-json\/wp\/v2\/posts"}],"about":[{"href":"https:\/\/www.africa-press.net\/gabon\/wp-json\/wp\/v2\/types\/post"}],"author":[{"embeddable":true,"href":"https:\/\/www.africa-press.net\/gabon\/wp-json\/wp\/v2\/users\/82"}],"replies":[{"embeddable":true,"href":"https:\/\/www.africa-press.net\/gabon\/wp-json\/wp\/v2\/comments?post=14085"}],"version-history":[{"count":0,"href":"https:\/\/www.africa-press.net\/gabon\/wp-json\/wp\/v2\/posts\/14085\/revisions"}],"wp:featuredmedia":[{"embeddable":true,"href":"https:\/\/www.africa-press.net\/gabon\/wp-json\/wp\/v2\/media\/14084"}],"wp:attachment":[{"href":"https:\/\/www.africa-press.net\/gabon\/wp-json\/wp\/v2\/media?parent=14085"}],"wp:term":[{"taxonomy":"category","embeddable":true,"href":"https:\/\/www.africa-press.net\/gabon\/wp-json\/wp\/v2\/categories?post=14085"},{"taxonomy":"post_tag","embeddable":true,"href":"https:\/\/www.africa-press.net\/gabon\/wp-json\/wp\/v2\/tags?post=14085"}],"curies":[{"name":"wp","href":"https:\/\/api.w.org\/{rel}","templated":true}]}}