{"id":14156,"date":"2022-12-21T12:12:02","date_gmt":"2022-12-21T12:12:02","guid":{"rendered":"https:\/\/www.africa-press.net\/gabon\/politique\/gabon-le-pape-francois-rehabilite-entierement-lancien-dispensaire-de-caritas-a-libreville"},"modified":"2022-12-21T12:12:02","modified_gmt":"2022-12-21T12:12:02","slug":"gabon-le-pape-francois-rehabilite-entierement-lancien-dispensaire-de-caritas-a-libreville","status":"publish","type":"post","link":"https:\/\/www.africa-press.net\/gabon\/toutes-les-actualites\/gabon-le-pape-francois-rehabilite-entierement-lancien-dispensaire-de-caritas-a-libreville","title":{"rendered":"Gabon : le Pape Fran\u00e7ois r\u00e9habilite enti\u00e8rement l\u2019ancien dispensaire de Caritas \u00e0 Libreville"},"content":{"rendered":"<p><span style=\"color: #ff6600\"><strong>Africa-Press &#8211; Gabon. <\/strong><\/span>A\u0300 la place de l\u2019ancien Dispensaire de Caritas sis a\u0300 la valle\u0301e Sainte-Marie a\u0300 Libreville, un centre de sante\u0301 entie\u0300rement e\u0301quipe\u0301 \u00abgra\u0302ce a\u0300 la charite\u0301 du Pape Franc\u0327ois\u00bb a e\u0301te\u0301 inaugure\u0301 cette semaine par le ministre de la Sante\u0301 et le Cardinal Pietro Parolin, secre\u0301taire d\u2019E\u0301tat du Vatican.<\/p>\n<p>Si l\u2019e\u0301tablissement avait souffert il y a quelques anne\u0301es d\u2019une mauvaise publicite\u0301 en raison des critiques de certains patients et leurs parents, c\u2019est de\u0301sormais du passe\u0301. Le dispensaire de Caritas n\u2019existe plus. Il a laisse\u0301 place depuis cette semaine au Centre de sante\u0301 Caritas.<\/p>\n<p>La nouvelle structure inaugure\u0301e, lundi 19 de\u0301cembre, par le ministre de la Sante\u0301 Dr Guy Patrick Obiang Ndong et le Cardinal Pietro Parolin, secre\u0301taire d\u2019E\u0301tat du Vatican, a entie\u0300rement e\u0301te\u0301 \u00abre\u0301habilite\u0301e et e\u0301quipe\u0301e gra\u0302ce a\u0300 la charite\u0301 du Pape Franc\u0327ois et a\u0300 l\u2019association Amici e dame dell\u2019avvocatella\u2019\u00bb, lit-on sur la plaque inaugurale de\u0301voile\u0301e par les deux hommes. Elle offrira des soins en consultation externe, en sante\u0301 maternelle et infantile, en vaccination des enfants de 0 a\u0300 11 mois conforme\u0301ment au programme vaccinal de l\u2019OMS ainsi qu\u2019en consultation post et pre\u0301natale, informe le ministe\u0300re de la Sante\u0301 et des Affaires sociales.<\/p>\n<p>Le Centre de sante\u0301 Caritas, qui dispose d\u2019un laboratoire moderne pour le diagnostic me\u0301dical, fournira e\u0301galement des soins spe\u0301cialise\u0301s en gyne\u0301cologie, me\u0301decine ge\u0301ne\u0301rale, petite chirurgie et de\u0301pistage des cancers du col de l\u2019ute\u0301rus seront e\u0301galement offerts aux patients.<\/p>\n<p><strong>Pour plus d&rsquo;informations et d&rsquo;analyses sur la <a href=\"https:\/\/www.africa-press.net\/gabon\">Gabon<\/a>, suivez <a href=\"https:\/\/www.africa-press.net\/\">Africa-Press<\/a><\/strong><\/p>\n","protected":false},"excerpt":{"rendered":"<p>Africa-Press &#8211; Gabon. A\u0300 la place de l\u2019ancien Dispensaire de Caritas sis a\u0300 la valle\u0301e Sainte-Marie a\u0300 Libreville, un centre de sante\u0301 entie\u0300rement e\u0301quipe\u0301 \u00abgra\u0302ce a\u0300 la charite\u0301 du Pape Franc\u0327ois\u00bb a e\u0301te\u0301 inaugure\u0301 cette semaine par le ministre de la Sante\u0301 et le Cardinal Pietro Parolin, secre\u0301taire d\u2019E\u0301tat du Vatican. Si l\u2019e\u0301tablissement avait souffert [&hellip;]<\/p>\n","protected":false},"author":82,"featured_media":14155,"comment_status":"open","ping_status":"closed","sticky":false,"template":"","format":"standard","meta":{"footnotes":""},"categories":[21,10],"tags":[36,50,49],"class_list":["post-14156","post","type-post","status-publish","format-standard","has-post-thumbnail","hentry","category-communaute","category-toutes-les-actualites","tag-africa-press","tag-africa-press-gabon","tag-gabon"],"yoast_head":"<!-- This site is optimized with the Yoast SEO Premium plugin v26.1 (Yoast SEO v27.0) - https:\/\/yoast.com\/product\/yoast-seo-premium-wordpress\/ -->\n<title>Gabon : le Pape Fran\u00e7ois r\u00e9habilite enti\u00e8rement l\u2019ancien dispensaire de Caritas \u00e0 Libreville - Gabon<\/title>\n<meta name=\"robots\" content=\"index, follow, max-snippet:-1, max-image-preview:large, max-video-preview:-1\" \/>\n<link rel=\"canonical\" href=\"https:\/\/www.africa-press.net\/gabon\/politique\/gabon-le-pape-francois-rehabilite-entierement-lancien-dispensaire-de-caritas-a-libreville\" \/>\n<meta property=\"og:locale\" content=\"fr_FR\" \/>\n<meta property=\"og:type\" content=\"article\" \/>\n<meta property=\"og:title\" content=\"Gabon : le Pape Fran\u00e7ois r\u00e9habilite enti\u00e8rement l\u2019ancien dispensaire de Caritas \u00e0 Libreville\" \/>\n<meta property=\"og:description\" content=\"Africa-Press &#8211; Gabon. A\u0300 la place de l\u2019ancien Dispensaire de Caritas sis a\u0300 la valle\u0301e Sainte-Marie a\u0300 Libreville, un centre de sante\u0301 entie\u0300rement e\u0301quipe\u0301 \u00abgra\u0302ce a\u0300 la charite\u0301 du Pape Franc\u0327ois\u00bb a e\u0301te\u0301 inaugure\u0301 cette semaine par le ministre de la Sante\u0301 et le Cardinal Pietro Parolin, secre\u0301taire d\u2019E\u0301tat du Vatican. Si l\u2019e\u0301tablissement avait souffert [&hellip;]\" \/>\n<meta property=\"og:url\" content=\"https:\/\/www.africa-press.net\/gabon\/politique\/gabon-le-pape-francois-rehabilite-entierement-lancien-dispensaire-de-caritas-a-libreville\" \/>\n<meta property=\"og:site_name\" content=\"Gabon\" \/>\n<meta property=\"article:published_time\" content=\"2022-12-21T12:12:02+00:00\" \/>\n<meta name=\"author\" content=\"cfeditorfr\" \/>\n<meta name=\"twitter:card\" content=\"summary_large_image\" \/>\n<meta name=\"twitter:label1\" content=\"\u00c9crit par\" \/>\n\t<meta name=\"twitter:data1\" content=\"cfeditorfr\" \/>\n\t<meta name=\"twitter:label2\" content=\"Dur\u00e9e de lecture estim\u00e9e\" \/>\n\t<meta name=\"twitter:data2\" content=\"1 minute\" \/>\n<script type=\"application\/ld+json\" class=\"yoast-schema-graph\">{\"@context\":\"https:\/\/schema.org\",\"@graph\":[{\"@type\":\"Article\",\"@id\":\"https:\/\/www.africa-press.net\/gabon\/politique\/gabon-le-pape-francois-rehabilite-entierement-lancien-dispensaire-de-caritas-a-libreville#article\",\"isPartOf\":{\"@id\":\"https:\/\/www.africa-press.net\/gabon\/politique\/gabon-le-pape-francois-rehabilite-entierement-lancien-dispensaire-de-caritas-a-libreville\"},\"author\":{\"name\":\"cfeditorfr\",\"@id\":\"https:\/\/www.africa-press.net\/gabon\/#\/schema\/person\/2b1cf3cd81a31e3cd26889ca66d677f1\"},\"headline\":\"Gabon : le Pape Fran\u00e7ois r\u00e9habilite enti\u00e8rement l\u2019ancien dispensaire de Caritas \u00e0 Libreville\",\"datePublished\":\"2022-12-21T12:12:02+00:00\",\"mainEntityOfPage\":{\"@id\":\"https:\/\/www.africa-press.net\/gabon\/politique\/gabon-le-pape-francois-rehabilite-entierement-lancien-dispensaire-de-caritas-a-libreville\"},\"wordCount\":309,\"commentCount\":0,\"image\":{\"@id\":\"https:\/\/www.africa-press.net\/gabon\/politique\/gabon-le-pape-francois-rehabilite-entierement-lancien-dispensaire-de-caritas-a-libreville#primaryimage\"},\"thumbnailUrl\":\"https:\/\/static.africa-press.net\/gabon\/sites\/54\/2022\/12\/postQueueImg_1671612126.82.jpg\",\"keywords\":[\"Africa Press\",\"Africa Press-Gabon\",\"Gabon\"],\"articleSection\":[\"Communaut\u00e9\",\"Toutes les actualit\u00e9s\"],\"inLanguage\":\"fr-FR\",\"potentialAction\":[{\"@type\":\"CommentAction\",\"name\":\"Comment\",\"target\":[\"https:\/\/www.africa-press.net\/gabon\/politique\/gabon-le-pape-francois-rehabilite-entierement-lancien-dispensaire-de-caritas-a-libreville#respond\"]}]},{\"@type\":\"WebPage\",\"@id\":\"https:\/\/www.africa-press.net\/gabon\/politique\/gabon-le-pape-francois-rehabilite-entierement-lancien-dispensaire-de-caritas-a-libreville\",\"url\":\"https:\/\/www.africa-press.net\/gabon\/politique\/gabon-le-pape-francois-rehabilite-entierement-lancien-dispensaire-de-caritas-a-libreville\",\"name\":\"Gabon : le Pape Fran\u00e7ois r\u00e9habilite enti\u00e8rement l\u2019ancien dispensaire de Caritas \u00e0 Libreville - Gabon\",\"isPartOf\":{\"@id\":\"https:\/\/www.africa-press.net\/gabon\/#website\"},\"primaryImageOfPage\":{\"@id\":\"https:\/\/www.africa-press.net\/gabon\/politique\/gabon-le-pape-francois-rehabilite-entierement-lancien-dispensaire-de-caritas-a-libreville#primaryimage\"},\"image\":{\"@id\":\"https:\/\/www.africa-press.net\/gabon\/politique\/gabon-le-pape-francois-rehabilite-entierement-lancien-dispensaire-de-caritas-a-libreville#primaryimage\"},\"thumbnailUrl\":\"https:\/\/static.africa-press.net\/gabon\/sites\/54\/2022\/12\/postQueueImg_1671612126.82.jpg\",\"datePublished\":\"2022-12-21T12:12:02+00:00\",\"author\":{\"@id\":\"https:\/\/www.africa-press.net\/gabon\/#\/schema\/person\/2b1cf3cd81a31e3cd26889ca66d677f1\"},\"breadcrumb\":{\"@id\":\"https:\/\/www.africa-press.net\/gabon\/politique\/gabon-le-pape-francois-rehabilite-entierement-lancien-dispensaire-de-caritas-a-libreville#breadcrumb\"},\"inLanguage\":\"fr-FR\",\"potentialAction\":[{\"@type\":\"ReadAction\",\"target\":[\"https:\/\/www.africa-press.net\/gabon\/politique\/gabon-le-pape-francois-rehabilite-entierement-lancien-dispensaire-de-caritas-a-libreville\"]}]},{\"@type\":\"ImageObject\",\"inLanguage\":\"fr-FR\",\"@id\":\"https:\/\/www.africa-press.net\/gabon\/politique\/gabon-le-pape-francois-rehabilite-entierement-lancien-dispensaire-de-caritas-a-libreville#primaryimage\",\"url\":\"https:\/\/static.africa-press.net\/gabon\/sites\/54\/2022\/12\/postQueueImg_1671612126.82.jpg\",\"contentUrl\":\"https:\/\/static.africa-press.net\/gabon\/sites\/54\/2022\/12\/postQueueImg_1671612126.82.jpg\",\"width\":720,\"height\":456,\"caption\":\"Gabon : le Pape Fran\u00e7ois r\u00e9habilite enti\u00e8rement l\u2019ancien dispensaire de Caritas \u00e0 Libreville\"},{\"@type\":\"BreadcrumbList\",\"@id\":\"https:\/\/www.africa-press.net\/gabon\/politique\/gabon-le-pape-francois-rehabilite-entierement-lancien-dispensaire-de-caritas-a-libreville#breadcrumb\",\"itemListElement\":[{\"@type\":\"ListItem\",\"position\":1,\"name\":\"Accueil\",\"item\":\"https:\/\/www.africa-press.net\/gabon\/\"},{\"@type\":\"ListItem\",\"position\":2,\"name\":\"Gabon : le Pape Fran\u00e7ois r\u00e9habilite enti\u00e8rement l\u2019ancien dispensaire de Caritas \u00e0 Libreville\"}]},{\"@type\":\"WebSite\",\"@id\":\"https:\/\/www.africa-press.net\/gabon\/#website\",\"url\":\"https:\/\/www.africa-press.net\/gabon\/\",\"name\":\"Gabon\",\"description\":\"Just another Africa News Agency Sites site\",\"potentialAction\":[{\"@type\":\"SearchAction\",\"target\":{\"@type\":\"EntryPoint\",\"urlTemplate\":\"https:\/\/www.africa-press.net\/gabon\/?s={search_term_string}\"},\"query-input\":{\"@type\":\"PropertyValueSpecification\",\"valueRequired\":true,\"valueName\":\"search_term_string\"}}],\"inLanguage\":\"fr-FR\"},{\"@type\":\"Person\",\"@id\":\"https:\/\/www.africa-press.net\/gabon\/#\/schema\/person\/2b1cf3cd81a31e3cd26889ca66d677f1\",\"name\":\"cfeditorfr\"}]}<\/script>\n<!-- \/ Yoast SEO Premium plugin. -->","yoast_head_json":{"title":"Gabon : le Pape Fran\u00e7ois r\u00e9habilite enti\u00e8rement l\u2019ancien dispensaire de Caritas \u00e0 Libreville - Gabon","robots":{"index":"index","follow":"follow","max-snippet":"max-snippet:-1","max-image-preview":"max-image-preview:large","max-video-preview":"max-video-preview:-1"},"canonical":"https:\/\/www.africa-press.net\/gabon\/politique\/gabon-le-pape-francois-rehabilite-entierement-lancien-dispensaire-de-caritas-a-libreville","og_locale":"fr_FR","og_type":"article","og_title":"Gabon : le Pape Fran\u00e7ois r\u00e9habilite enti\u00e8rement l\u2019ancien dispensaire de Caritas \u00e0 Libreville","og_description":"Africa-Press &#8211; Gabon. A\u0300 la place de l\u2019ancien Dispensaire de Caritas sis a\u0300 la valle\u0301e Sainte-Marie a\u0300 Libreville, un centre de sante\u0301 entie\u0300rement e\u0301quipe\u0301 \u00abgra\u0302ce a\u0300 la charite\u0301 du Pape Franc\u0327ois\u00bb a e\u0301te\u0301 inaugure\u0301 cette semaine par le ministre de la Sante\u0301 et le Cardinal Pietro Parolin, secre\u0301taire d\u2019E\u0301tat du Vatican. Si l\u2019e\u0301tablissement avait souffert [&hellip;]","og_url":"https:\/\/www.africa-press.net\/gabon\/politique\/gabon-le-pape-francois-rehabilite-entierement-lancien-dispensaire-de-caritas-a-libreville","og_site_name":"Gabon","article_published_time":"2022-12-21T12:12:02+00:00","author":"cfeditorfr","twitter_card":"summary_large_image","twitter_misc":{"\u00c9crit par":"cfeditorfr","Dur\u00e9e de lecture estim\u00e9e":"1 minute"},"schema":{"@context":"https:\/\/schema.org","@graph":[{"@type":"Article","@id":"https:\/\/www.africa-press.net\/gabon\/politique\/gabon-le-pape-francois-rehabilite-entierement-lancien-dispensaire-de-caritas-a-libreville#article","isPartOf":{"@id":"https:\/\/www.africa-press.net\/gabon\/politique\/gabon-le-pape-francois-rehabilite-entierement-lancien-dispensaire-de-caritas-a-libreville"},"author":{"name":"cfeditorfr","@id":"https:\/\/www.africa-press.net\/gabon\/#\/schema\/person\/2b1cf3cd81a31e3cd26889ca66d677f1"},"headline":"Gabon : le Pape Fran\u00e7ois r\u00e9habilite enti\u00e8rement l\u2019ancien dispensaire de Caritas \u00e0 Libreville","datePublished":"2022-12-21T12:12:02+00:00","mainEntityOfPage":{"@id":"https:\/\/www.africa-press.net\/gabon\/politique\/gabon-le-pape-francois-rehabilite-entierement-lancien-dispensaire-de-caritas-a-libreville"},"wordCount":309,"commentCount":0,"image":{"@id":"https:\/\/www.africa-press.net\/gabon\/politique\/gabon-le-pape-francois-rehabilite-entierement-lancien-dispensaire-de-caritas-a-libreville#primaryimage"},"thumbnailUrl":"https:\/\/static.africa-press.net\/gabon\/sites\/54\/2022\/12\/postQueueImg_1671612126.82.jpg","keywords":["Africa Press","Africa Press-Gabon","Gabon"],"articleSection":["Communaut\u00e9","Toutes les actualit\u00e9s"],"inLanguage":"fr-FR","potentialAction":[{"@type":"CommentAction","name":"Comment","target":["https:\/\/www.africa-press.net\/gabon\/politique\/gabon-le-pape-francois-rehabilite-entierement-lancien-dispensaire-de-caritas-a-libreville#respond"]}]},{"@type":"WebPage","@id":"https:\/\/www.africa-press.net\/gabon\/politique\/gabon-le-pape-francois-rehabilite-entierement-lancien-dispensaire-de-caritas-a-libreville","url":"https:\/\/www.africa-press.net\/gabon\/politique\/gabon-le-pape-francois-rehabilite-entierement-lancien-dispensaire-de-caritas-a-libreville","name":"Gabon : le Pape Fran\u00e7ois r\u00e9habilite enti\u00e8rement l\u2019ancien dispensaire de Caritas \u00e0 Libreville - Gabon","isPartOf":{"@id":"https:\/\/www.africa-press.net\/gabon\/#website"},"primaryImageOfPage":{"@id":"https:\/\/www.africa-press.net\/gabon\/politique\/gabon-le-pape-francois-rehabilite-entierement-lancien-dispensaire-de-caritas-a-libreville#primaryimage"},"image":{"@id":"https:\/\/www.africa-press.net\/gabon\/politique\/gabon-le-pape-francois-rehabilite-entierement-lancien-dispensaire-de-caritas-a-libreville#primaryimage"},"thumbnailUrl":"https:\/\/static.africa-press.net\/gabon\/sites\/54\/2022\/12\/postQueueImg_1671612126.82.jpg","datePublished":"2022-12-21T12:12:02+00:00","author":{"@id":"https:\/\/www.africa-press.net\/gabon\/#\/schema\/person\/2b1cf3cd81a31e3cd26889ca66d677f1"},"breadcrumb":{"@id":"https:\/\/www.africa-press.net\/gabon\/politique\/gabon-le-pape-francois-rehabilite-entierement-lancien-dispensaire-de-caritas-a-libreville#breadcrumb"},"inLanguage":"fr-FR","potentialAction":[{"@type":"ReadAction","target":["https:\/\/www.africa-press.net\/gabon\/politique\/gabon-le-pape-francois-rehabilite-entierement-lancien-dispensaire-de-caritas-a-libreville"]}]},{"@type":"ImageObject","inLanguage":"fr-FR","@id":"https:\/\/www.africa-press.net\/gabon\/politique\/gabon-le-pape-francois-rehabilite-entierement-lancien-dispensaire-de-caritas-a-libreville#primaryimage","url":"https:\/\/static.africa-press.net\/gabon\/sites\/54\/2022\/12\/postQueueImg_1671612126.82.jpg","contentUrl":"https:\/\/static.africa-press.net\/gabon\/sites\/54\/2022\/12\/postQueueImg_1671612126.82.jpg","width":720,"height":456,"caption":"Gabon : le Pape Fran\u00e7ois r\u00e9habilite enti\u00e8rement l\u2019ancien dispensaire de Caritas \u00e0 Libreville"},{"@type":"BreadcrumbList","@id":"https:\/\/www.africa-press.net\/gabon\/politique\/gabon-le-pape-francois-rehabilite-entierement-lancien-dispensaire-de-caritas-a-libreville#breadcrumb","itemListElement":[{"@type":"ListItem","position":1,"name":"Accueil","item":"https:\/\/www.africa-press.net\/gabon\/"},{"@type":"ListItem","position":2,"name":"Gabon : le Pape Fran\u00e7ois r\u00e9habilite enti\u00e8rement l\u2019ancien dispensaire de Caritas \u00e0 Libreville"}]},{"@type":"WebSite","@id":"https:\/\/www.africa-press.net\/gabon\/#website","url":"https:\/\/www.africa-press.net\/gabon\/","name":"Gabon","description":"Just another Africa News Agency Sites site","potentialAction":[{"@type":"SearchAction","target":{"@type":"EntryPoint","urlTemplate":"https:\/\/www.africa-press.net\/gabon\/?s={search_term_string}"},"query-input":{"@type":"PropertyValueSpecification","valueRequired":true,"valueName":"search_term_string"}}],"inLanguage":"fr-FR"},{"@type":"Person","@id":"https:\/\/www.africa-press.net\/gabon\/#\/schema\/person\/2b1cf3cd81a31e3cd26889ca66d677f1","name":"cfeditorfr"}]}},"_links":{"self":[{"href":"https:\/\/www.africa-press.net\/gabon\/wp-json\/wp\/v2\/posts\/14156","targetHints":{"allow":["GET"]}}],"collection":[{"href":"https:\/\/www.africa-press.net\/gabon\/wp-json\/wp\/v2\/posts"}],"about":[{"href":"https:\/\/www.africa-press.net\/gabon\/wp-json\/wp\/v2\/types\/post"}],"author":[{"embeddable":true,"href":"https:\/\/www.africa-press.net\/gabon\/wp-json\/wp\/v2\/users\/82"}],"replies":[{"embeddable":true,"href":"https:\/\/www.africa-press.net\/gabon\/wp-json\/wp\/v2\/comments?post=14156"}],"version-history":[{"count":0,"href":"https:\/\/www.africa-press.net\/gabon\/wp-json\/wp\/v2\/posts\/14156\/revisions"}],"wp:featuredmedia":[{"embeddable":true,"href":"https:\/\/www.africa-press.net\/gabon\/wp-json\/wp\/v2\/media\/14155"}],"wp:attachment":[{"href":"https:\/\/www.africa-press.net\/gabon\/wp-json\/wp\/v2\/media?parent=14156"}],"wp:term":[{"taxonomy":"category","embeddable":true,"href":"https:\/\/www.africa-press.net\/gabon\/wp-json\/wp\/v2\/categories?post=14156"},{"taxonomy":"post_tag","embeddable":true,"href":"https:\/\/www.africa-press.net\/gabon\/wp-json\/wp\/v2\/tags?post=14156"}],"curies":[{"name":"wp","href":"https:\/\/api.w.org\/{rel}","templated":true}]}}