{"id":14184,"date":"2022-12-21T20:45:25","date_gmt":"2022-12-21T20:45:25","guid":{"rendered":"https:\/\/www.africa-press.net\/gabon\/politique\/libreville-le-comite-de-soutien-a-la-reelection-dali-bongo-choie-les-eleves-du-3e-arrondissement"},"modified":"2022-12-21T21:42:58","modified_gmt":"2022-12-21T21:42:58","slug":"libreville-le-comite-de-soutien-a-la-reelection-dali-bongo-choie-les-eleves-du-3e-arrondissement","status":"publish","type":"post","link":"https:\/\/www.africa-press.net\/gabon\/toutes-les-actualites\/libreville-le-comite-de-soutien-a-la-reelection-dali-bongo-choie-les-eleves-du-3e-arrondissement","title":{"rendered":"Libreville : Le Comit\u00e9 de soutien \u00e0 la r\u00e9\u00e9lection d\u2019Ali Bongo choie les \u00e9l\u00e8ves du 3e arrondissement"},"content":{"rendered":"<p><span style=\"color: #ff6600\"><strong>Africa-Press &#8211; Gabon. <\/strong><\/span>A\u0300 la suite de sa sortie officielle le 14 aou\u0302t dernier a\u0300 Akanda, le Comite\u0301 de soutien a\u0300 la re\u0301e\u0301lection d\u2019Ali Bongo, lance\u0301 par l\u2019actuel ministre de la Jeunesse et des Sports, Franck Nguema, par ailleurs de\u0301pute\u0301 du 2e arrondissement d\u2019Akanda, s\u2019est de nouveau illustre\u0301 sur le terrain le weekend dernier. Apre\u0300s Oyem, ce mouvement a offert plus de 2000 kits scolaires aux enfants du 3e arrondissement de Libreville.<\/p>\n<p>Le 14 aou\u0302t dernier a\u0300 Libreville, le Comite\u0301 de soutien a\u0300 la re\u0301e\u0301lection d\u2019Ali Bongo effectuait sa sortie officielle. Depuis lors le mouvement lance\u0301 par Franck Ngue\u0301ma, le de\u0301pute\u0301 du 2e arrondissement d\u2019Akanda, dont l\u2019ambition est d\u2019assurer au pre\u0301sident Ali Bongo Ondimba un troisie\u0300me mandat, est sur le terrain et aupre\u0300s de la population. Le 17 de\u0301cembre dernier, cette organisation citoyenne et pacifique a distribue\u0301 dans le 3e arrondissement de Libreville plus de 2000 kits contenant des fournitures scolaires.<\/p>\n<p>Ambitionnant de garantir a\u0300 Ali Bongo \u00abune victoire franche, nette, indiscutable, de\u0300s le premier tour de l\u2019e\u0301lection pre\u0301sidentielle de 2023\u00bb, le Comite\u0301 e\u0301tablit uniquement pour la pre\u0301sidentielle marque de\u0301sormais les esprits. En lieu et place de son manager ge\u0301ne\u0301ral, Franck Nguema, c\u2019est Fabrice Armel Makouaza, manager ge\u0301ne\u0301ral adjoint qui a distribue\u0301 ces kits scolaires complets aux enfants de cette zone de la capitale. \u00abC\u2019est un processus qui a e\u0301te\u0301 lance\u0301 par la distribution des kits scolaires. Il y aura d\u2019autres choses. Et la distribution continuera dans d\u2019autres quartiers. Ces distributions sont re\u0301alise\u0301es gra\u0302ce aux moyens que nous donne le pre\u0301sident Ali Bongo\u00bb, a fait savoir le manager ge\u0301ne\u0301ral adjoint.<\/p>\n<p>Les e\u0301le\u0300ves du pre\u0301-primaire, du primaire et du secondaire ont e\u0301te\u0301 les plus concerne\u0301s par cette ope\u0301ration qui a permis de soulager leur parent. Ce qui fait dire a\u0300 Fabrice Armel Makouaza que \u00abl\u2019anne\u0301e scolaire comprend 9 mois\u00bb. \u00abEt nous savons qu\u2019il y a encore des enfants qui en ont encore besoin parce qu\u2019il manquera toujours un stylo, un crayon ou un cahier\u00bb, a-t-il de\u0301clare\u0301.<\/p>\n<p>Pour leur part, les parents des be\u0301ne\u0301ficiaires n\u2019ont pu qu\u2019exprimer leur gratitude a\u0300 l\u2019endroit du donateur. \u00abL\u2019anne\u0301e scolaire dure neuf mois comme il l\u2019a dit. Ces kits sont les bienvenues pour nous aider a\u0300 comple\u0301ter ou a\u0300 renforcer ce que nous avons de\u0301ja\u0300\u00bb, a dit un re\u0301cipiendaire.<\/p>\n<p>Lanc\u0327ant son mouvement, Franck Nguema avait envoye\u0301 les \u00abfre\u0300res et s\u0153urs\u00bb a\u0300 la conque\u0302te du terrain en vue de le baliser pour assurer une victoire, au premier tour, a\u0300 leur champion. En attendant cette future e\u0301che\u0301ance, le Comite\u0301 sera encore plus sur le terrain et poursuivra avec d\u2019autres actions d\u2019envergure au profit de la population.<\/p>\n<p><strong>Pour plus d&rsquo;informations et d&rsquo;analyses sur la <a href=\"https:\/\/www.africa-press.net\/gabon\">Gabon<\/a>, suivez <a href=\"https:\/\/www.africa-press.net\/\">Africa-Press<\/a><\/strong><\/p>\n","protected":false},"excerpt":{"rendered":"<p>Africa-Press &#8211; Gabon. A\u0300 la suite de sa sortie officielle le 14 aou\u0302t dernier a\u0300 Akanda, le Comite\u0301 de soutien a\u0300 la re\u0301e\u0301lection d\u2019Ali Bongo, lance\u0301 par l\u2019actuel ministre de la Jeunesse et des Sports, Franck Nguema, par ailleurs de\u0301pute\u0301 du 2e arrondissement d\u2019Akanda, s\u2019est de nouveau illustre\u0301 sur le terrain le weekend dernier. Apre\u0300s [&hellip;]<\/p>\n","protected":false},"author":82,"featured_media":14183,"comment_status":"open","ping_status":"closed","sticky":false,"template":"","format":"standard","meta":{"footnotes":""},"categories":[21,10],"tags":[36,50,49],"class_list":["post-14184","post","type-post","status-publish","format-standard","has-post-thumbnail","hentry","category-communaute","category-toutes-les-actualites","tag-africa-press","tag-africa-press-gabon","tag-gabon"],"yoast_head":"<!-- This site is optimized with the Yoast SEO Premium plugin v26.1 (Yoast SEO v27.0) - https:\/\/yoast.com\/product\/yoast-seo-premium-wordpress\/ -->\n<title>Libreville : Le Comit\u00e9 de soutien \u00e0 la r\u00e9\u00e9lection d\u2019Ali Bongo choie les \u00e9l\u00e8ves du 3e arrondissement - Gabon<\/title>\n<meta name=\"description\" content=\"A\u0300 la suite de sa sortie officielle le 14 aou\u0302t dernier a\u0300 Akanda, le Comite\u0301 de soutien a\u0300 la re\u0301e\u0301lection d\u2019Ali Bongo, ...\" \/>\n<meta name=\"robots\" content=\"index, follow, max-snippet:-1, max-image-preview:large, max-video-preview:-1\" \/>\n<link rel=\"canonical\" href=\"https:\/\/www.africa-press.net\/gabon\/toutes-les-actualites\/libreville-le-comite-de-soutien-a-la-reelection-dali-bongo-choie-les-eleves-du-3e-arrondissement\" \/>\n<meta property=\"og:locale\" content=\"fr_FR\" \/>\n<meta property=\"og:type\" content=\"article\" \/>\n<meta property=\"og:title\" content=\"Libreville : Le Comit\u00e9 de soutien \u00e0 la r\u00e9\u00e9lection d\u2019Ali Bongo choie les \u00e9l\u00e8ves du 3e arrondissement\" \/>\n<meta property=\"og:description\" content=\"A\u0300 la suite de sa sortie officielle le 14 aou\u0302t dernier a\u0300 Akanda, le Comite\u0301 de soutien a\u0300 la re\u0301e\u0301lection d\u2019Ali Bongo, ...\" \/>\n<meta property=\"og:url\" content=\"https:\/\/www.africa-press.net\/gabon\/toutes-les-actualites\/libreville-le-comite-de-soutien-a-la-reelection-dali-bongo-choie-les-eleves-du-3e-arrondissement\" \/>\n<meta property=\"og:site_name\" content=\"Gabon\" \/>\n<meta property=\"article:published_time\" content=\"2022-12-21T20:45:25+00:00\" \/>\n<meta property=\"article:modified_time\" content=\"2022-12-21T21:42:58+00:00\" \/>\n<meta property=\"og:image\" content=\"https:\/\/static.africa-press.net\/gabon\/sites\/54\/2022\/12\/postQueueImg_1671642957.98.jpg\" \/>\n\t<meta property=\"og:image:width\" content=\"720\" \/>\n\t<meta property=\"og:image:height\" content=\"481\" \/>\n\t<meta property=\"og:image:type\" content=\"image\/jpeg\" \/>\n<meta name=\"author\" content=\"cfeditorfr\" \/>\n<meta name=\"twitter:card\" content=\"summary_large_image\" \/>\n<meta name=\"twitter:label1\" content=\"\u00c9crit par\" \/>\n\t<meta name=\"twitter:data1\" content=\"cfeditorfr\" \/>\n\t<meta name=\"twitter:label2\" content=\"Dur\u00e9e de lecture estim\u00e9e\" \/>\n\t<meta name=\"twitter:data2\" content=\"3 minutes\" \/>\n<script type=\"application\/ld+json\" class=\"yoast-schema-graph\">{\"@context\":\"https:\/\/schema.org\",\"@graph\":[{\"@type\":\"Article\",\"@id\":\"https:\/\/www.africa-press.net\/gabon\/toutes-les-actualites\/libreville-le-comite-de-soutien-a-la-reelection-dali-bongo-choie-les-eleves-du-3e-arrondissement#article\",\"isPartOf\":{\"@id\":\"https:\/\/www.africa-press.net\/gabon\/toutes-les-actualites\/libreville-le-comite-de-soutien-a-la-reelection-dali-bongo-choie-les-eleves-du-3e-arrondissement\"},\"author\":{\"name\":\"cfeditorfr\",\"@id\":\"https:\/\/www.africa-press.net\/gabon\/#\/schema\/person\/2b1cf3cd81a31e3cd26889ca66d677f1\"},\"headline\":\"Libreville : Le Comit\u00e9 de soutien \u00e0 la r\u00e9\u00e9lection d\u2019Ali Bongo choie les \u00e9l\u00e8ves du 3e arrondissement\",\"datePublished\":\"2022-12-21T20:45:25+00:00\",\"dateModified\":\"2022-12-21T21:42:58+00:00\",\"mainEntityOfPage\":{\"@id\":\"https:\/\/www.africa-press.net\/gabon\/toutes-les-actualites\/libreville-le-comite-de-soutien-a-la-reelection-dali-bongo-choie-les-eleves-du-3e-arrondissement\"},\"wordCount\":524,\"commentCount\":0,\"image\":{\"@id\":\"https:\/\/www.africa-press.net\/gabon\/toutes-les-actualites\/libreville-le-comite-de-soutien-a-la-reelection-dali-bongo-choie-les-eleves-du-3e-arrondissement#primaryimage\"},\"thumbnailUrl\":\"https:\/\/static.africa-press.net\/gabon\/sites\/54\/2022\/12\/postQueueImg_1671642957.98.jpg\",\"keywords\":[\"Africa Press\",\"Africa Press-Gabon\",\"Gabon\"],\"articleSection\":[\"Communaut\u00e9\",\"Toutes les actualit\u00e9s\"],\"inLanguage\":\"fr-FR\",\"potentialAction\":[{\"@type\":\"CommentAction\",\"name\":\"Comment\",\"target\":[\"https:\/\/www.africa-press.net\/gabon\/toutes-les-actualites\/libreville-le-comite-de-soutien-a-la-reelection-dali-bongo-choie-les-eleves-du-3e-arrondissement#respond\"]}]},{\"@type\":\"WebPage\",\"@id\":\"https:\/\/www.africa-press.net\/gabon\/toutes-les-actualites\/libreville-le-comite-de-soutien-a-la-reelection-dali-bongo-choie-les-eleves-du-3e-arrondissement\",\"url\":\"https:\/\/www.africa-press.net\/gabon\/toutes-les-actualites\/libreville-le-comite-de-soutien-a-la-reelection-dali-bongo-choie-les-eleves-du-3e-arrondissement\",\"name\":\"Libreville : Le Comit\u00e9 de soutien \u00e0 la r\u00e9\u00e9lection d\u2019Ali Bongo choie les \u00e9l\u00e8ves du 3e arrondissement - Gabon\",\"isPartOf\":{\"@id\":\"https:\/\/www.africa-press.net\/gabon\/#website\"},\"primaryImageOfPage\":{\"@id\":\"https:\/\/www.africa-press.net\/gabon\/toutes-les-actualites\/libreville-le-comite-de-soutien-a-la-reelection-dali-bongo-choie-les-eleves-du-3e-arrondissement#primaryimage\"},\"image\":{\"@id\":\"https:\/\/www.africa-press.net\/gabon\/toutes-les-actualites\/libreville-le-comite-de-soutien-a-la-reelection-dali-bongo-choie-les-eleves-du-3e-arrondissement#primaryimage\"},\"thumbnailUrl\":\"https:\/\/static.africa-press.net\/gabon\/sites\/54\/2022\/12\/postQueueImg_1671642957.98.jpg\",\"datePublished\":\"2022-12-21T20:45:25+00:00\",\"dateModified\":\"2022-12-21T21:42:58+00:00\",\"author\":{\"@id\":\"https:\/\/www.africa-press.net\/gabon\/#\/schema\/person\/2b1cf3cd81a31e3cd26889ca66d677f1\"},\"description\":\"A\u0300 la suite de sa sortie officielle le 14 aou\u0302t dernier a\u0300 Akanda, le Comite\u0301 de soutien a\u0300 la re\u0301e\u0301lection d\u2019Ali Bongo, ...\",\"breadcrumb\":{\"@id\":\"https:\/\/www.africa-press.net\/gabon\/toutes-les-actualites\/libreville-le-comite-de-soutien-a-la-reelection-dali-bongo-choie-les-eleves-du-3e-arrondissement#breadcrumb\"},\"inLanguage\":\"fr-FR\",\"potentialAction\":[{\"@type\":\"ReadAction\",\"target\":[\"https:\/\/www.africa-press.net\/gabon\/toutes-les-actualites\/libreville-le-comite-de-soutien-a-la-reelection-dali-bongo-choie-les-eleves-du-3e-arrondissement\"]}]},{\"@type\":\"ImageObject\",\"inLanguage\":\"fr-FR\",\"@id\":\"https:\/\/www.africa-press.net\/gabon\/toutes-les-actualites\/libreville-le-comite-de-soutien-a-la-reelection-dali-bongo-choie-les-eleves-du-3e-arrondissement#primaryimage\",\"url\":\"https:\/\/static.africa-press.net\/gabon\/sites\/54\/2022\/12\/postQueueImg_1671642957.98.jpg\",\"contentUrl\":\"https:\/\/static.africa-press.net\/gabon\/sites\/54\/2022\/12\/postQueueImg_1671642957.98.jpg\",\"width\":720,\"height\":481,\"caption\":\"Libreville : Le Comit\u00e9 de soutien \u00e0 la r\u00e9\u00e9lection d\u2019Ali Bongo choie les \u00e9l\u00e8ves du 3e arrondissement\"},{\"@type\":\"BreadcrumbList\",\"@id\":\"https:\/\/www.africa-press.net\/gabon\/toutes-les-actualites\/libreville-le-comite-de-soutien-a-la-reelection-dali-bongo-choie-les-eleves-du-3e-arrondissement#breadcrumb\",\"itemListElement\":[{\"@type\":\"ListItem\",\"position\":1,\"name\":\"Accueil\",\"item\":\"https:\/\/www.africa-press.net\/gabon\/\"},{\"@type\":\"ListItem\",\"position\":2,\"name\":\"Libreville : Le Comit\u00e9 de soutien \u00e0 la r\u00e9\u00e9lection d\u2019Ali Bongo choie les \u00e9l\u00e8ves du 3e arrondissement\"}]},{\"@type\":\"WebSite\",\"@id\":\"https:\/\/www.africa-press.net\/gabon\/#website\",\"url\":\"https:\/\/www.africa-press.net\/gabon\/\",\"name\":\"Gabon\",\"description\":\"Just another Africa News Agency Sites site\",\"potentialAction\":[{\"@type\":\"SearchAction\",\"target\":{\"@type\":\"EntryPoint\",\"urlTemplate\":\"https:\/\/www.africa-press.net\/gabon\/?s={search_term_string}\"},\"query-input\":{\"@type\":\"PropertyValueSpecification\",\"valueRequired\":true,\"valueName\":\"search_term_string\"}}],\"inLanguage\":\"fr-FR\"},{\"@type\":\"Person\",\"@id\":\"https:\/\/www.africa-press.net\/gabon\/#\/schema\/person\/2b1cf3cd81a31e3cd26889ca66d677f1\",\"name\":\"cfeditorfr\"}]}<\/script>\n<!-- \/ Yoast SEO Premium plugin. -->","yoast_head_json":{"title":"Libreville : Le Comit\u00e9 de soutien \u00e0 la r\u00e9\u00e9lection d\u2019Ali Bongo choie les \u00e9l\u00e8ves du 3e arrondissement - Gabon","description":"A\u0300 la suite de sa sortie officielle le 14 aou\u0302t dernier a\u0300 Akanda, le Comite\u0301 de soutien a\u0300 la re\u0301e\u0301lection d\u2019Ali Bongo, ...","robots":{"index":"index","follow":"follow","max-snippet":"max-snippet:-1","max-image-preview":"max-image-preview:large","max-video-preview":"max-video-preview:-1"},"canonical":"https:\/\/www.africa-press.net\/gabon\/toutes-les-actualites\/libreville-le-comite-de-soutien-a-la-reelection-dali-bongo-choie-les-eleves-du-3e-arrondissement","og_locale":"fr_FR","og_type":"article","og_title":"Libreville : Le Comit\u00e9 de soutien \u00e0 la r\u00e9\u00e9lection d\u2019Ali Bongo choie les \u00e9l\u00e8ves du 3e arrondissement","og_description":"A\u0300 la suite de sa sortie officielle le 14 aou\u0302t dernier a\u0300 Akanda, le Comite\u0301 de soutien a\u0300 la re\u0301e\u0301lection d\u2019Ali Bongo, ...","og_url":"https:\/\/www.africa-press.net\/gabon\/toutes-les-actualites\/libreville-le-comite-de-soutien-a-la-reelection-dali-bongo-choie-les-eleves-du-3e-arrondissement","og_site_name":"Gabon","article_published_time":"2022-12-21T20:45:25+00:00","article_modified_time":"2022-12-21T21:42:58+00:00","og_image":[{"width":720,"height":481,"url":"https:\/\/static.africa-press.net\/gabon\/sites\/54\/2022\/12\/postQueueImg_1671642957.98.jpg","type":"image\/jpeg"}],"author":"cfeditorfr","twitter_card":"summary_large_image","twitter_misc":{"\u00c9crit par":"cfeditorfr","Dur\u00e9e de lecture estim\u00e9e":"3 minutes"},"schema":{"@context":"https:\/\/schema.org","@graph":[{"@type":"Article","@id":"https:\/\/www.africa-press.net\/gabon\/toutes-les-actualites\/libreville-le-comite-de-soutien-a-la-reelection-dali-bongo-choie-les-eleves-du-3e-arrondissement#article","isPartOf":{"@id":"https:\/\/www.africa-press.net\/gabon\/toutes-les-actualites\/libreville-le-comite-de-soutien-a-la-reelection-dali-bongo-choie-les-eleves-du-3e-arrondissement"},"author":{"name":"cfeditorfr","@id":"https:\/\/www.africa-press.net\/gabon\/#\/schema\/person\/2b1cf3cd81a31e3cd26889ca66d677f1"},"headline":"Libreville : Le Comit\u00e9 de soutien \u00e0 la r\u00e9\u00e9lection d\u2019Ali Bongo choie les \u00e9l\u00e8ves du 3e arrondissement","datePublished":"2022-12-21T20:45:25+00:00","dateModified":"2022-12-21T21:42:58+00:00","mainEntityOfPage":{"@id":"https:\/\/www.africa-press.net\/gabon\/toutes-les-actualites\/libreville-le-comite-de-soutien-a-la-reelection-dali-bongo-choie-les-eleves-du-3e-arrondissement"},"wordCount":524,"commentCount":0,"image":{"@id":"https:\/\/www.africa-press.net\/gabon\/toutes-les-actualites\/libreville-le-comite-de-soutien-a-la-reelection-dali-bongo-choie-les-eleves-du-3e-arrondissement#primaryimage"},"thumbnailUrl":"https:\/\/static.africa-press.net\/gabon\/sites\/54\/2022\/12\/postQueueImg_1671642957.98.jpg","keywords":["Africa Press","Africa Press-Gabon","Gabon"],"articleSection":["Communaut\u00e9","Toutes les actualit\u00e9s"],"inLanguage":"fr-FR","potentialAction":[{"@type":"CommentAction","name":"Comment","target":["https:\/\/www.africa-press.net\/gabon\/toutes-les-actualites\/libreville-le-comite-de-soutien-a-la-reelection-dali-bongo-choie-les-eleves-du-3e-arrondissement#respond"]}]},{"@type":"WebPage","@id":"https:\/\/www.africa-press.net\/gabon\/toutes-les-actualites\/libreville-le-comite-de-soutien-a-la-reelection-dali-bongo-choie-les-eleves-du-3e-arrondissement","url":"https:\/\/www.africa-press.net\/gabon\/toutes-les-actualites\/libreville-le-comite-de-soutien-a-la-reelection-dali-bongo-choie-les-eleves-du-3e-arrondissement","name":"Libreville : Le Comit\u00e9 de soutien \u00e0 la r\u00e9\u00e9lection d\u2019Ali Bongo choie les \u00e9l\u00e8ves du 3e arrondissement - Gabon","isPartOf":{"@id":"https:\/\/www.africa-press.net\/gabon\/#website"},"primaryImageOfPage":{"@id":"https:\/\/www.africa-press.net\/gabon\/toutes-les-actualites\/libreville-le-comite-de-soutien-a-la-reelection-dali-bongo-choie-les-eleves-du-3e-arrondissement#primaryimage"},"image":{"@id":"https:\/\/www.africa-press.net\/gabon\/toutes-les-actualites\/libreville-le-comite-de-soutien-a-la-reelection-dali-bongo-choie-les-eleves-du-3e-arrondissement#primaryimage"},"thumbnailUrl":"https:\/\/static.africa-press.net\/gabon\/sites\/54\/2022\/12\/postQueueImg_1671642957.98.jpg","datePublished":"2022-12-21T20:45:25+00:00","dateModified":"2022-12-21T21:42:58+00:00","author":{"@id":"https:\/\/www.africa-press.net\/gabon\/#\/schema\/person\/2b1cf3cd81a31e3cd26889ca66d677f1"},"description":"A\u0300 la suite de sa sortie officielle le 14 aou\u0302t dernier a\u0300 Akanda, le Comite\u0301 de soutien a\u0300 la re\u0301e\u0301lection d\u2019Ali Bongo, ...","breadcrumb":{"@id":"https:\/\/www.africa-press.net\/gabon\/toutes-les-actualites\/libreville-le-comite-de-soutien-a-la-reelection-dali-bongo-choie-les-eleves-du-3e-arrondissement#breadcrumb"},"inLanguage":"fr-FR","potentialAction":[{"@type":"ReadAction","target":["https:\/\/www.africa-press.net\/gabon\/toutes-les-actualites\/libreville-le-comite-de-soutien-a-la-reelection-dali-bongo-choie-les-eleves-du-3e-arrondissement"]}]},{"@type":"ImageObject","inLanguage":"fr-FR","@id":"https:\/\/www.africa-press.net\/gabon\/toutes-les-actualites\/libreville-le-comite-de-soutien-a-la-reelection-dali-bongo-choie-les-eleves-du-3e-arrondissement#primaryimage","url":"https:\/\/static.africa-press.net\/gabon\/sites\/54\/2022\/12\/postQueueImg_1671642957.98.jpg","contentUrl":"https:\/\/static.africa-press.net\/gabon\/sites\/54\/2022\/12\/postQueueImg_1671642957.98.jpg","width":720,"height":481,"caption":"Libreville : Le Comit\u00e9 de soutien \u00e0 la r\u00e9\u00e9lection d\u2019Ali Bongo choie les \u00e9l\u00e8ves du 3e arrondissement"},{"@type":"BreadcrumbList","@id":"https:\/\/www.africa-press.net\/gabon\/toutes-les-actualites\/libreville-le-comite-de-soutien-a-la-reelection-dali-bongo-choie-les-eleves-du-3e-arrondissement#breadcrumb","itemListElement":[{"@type":"ListItem","position":1,"name":"Accueil","item":"https:\/\/www.africa-press.net\/gabon\/"},{"@type":"ListItem","position":2,"name":"Libreville : Le Comit\u00e9 de soutien \u00e0 la r\u00e9\u00e9lection d\u2019Ali Bongo choie les \u00e9l\u00e8ves du 3e arrondissement"}]},{"@type":"WebSite","@id":"https:\/\/www.africa-press.net\/gabon\/#website","url":"https:\/\/www.africa-press.net\/gabon\/","name":"Gabon","description":"Just another Africa News Agency Sites site","potentialAction":[{"@type":"SearchAction","target":{"@type":"EntryPoint","urlTemplate":"https:\/\/www.africa-press.net\/gabon\/?s={search_term_string}"},"query-input":{"@type":"PropertyValueSpecification","valueRequired":true,"valueName":"search_term_string"}}],"inLanguage":"fr-FR"},{"@type":"Person","@id":"https:\/\/www.africa-press.net\/gabon\/#\/schema\/person\/2b1cf3cd81a31e3cd26889ca66d677f1","name":"cfeditorfr"}]}},"_links":{"self":[{"href":"https:\/\/www.africa-press.net\/gabon\/wp-json\/wp\/v2\/posts\/14184","targetHints":{"allow":["GET"]}}],"collection":[{"href":"https:\/\/www.africa-press.net\/gabon\/wp-json\/wp\/v2\/posts"}],"about":[{"href":"https:\/\/www.africa-press.net\/gabon\/wp-json\/wp\/v2\/types\/post"}],"author":[{"embeddable":true,"href":"https:\/\/www.africa-press.net\/gabon\/wp-json\/wp\/v2\/users\/82"}],"replies":[{"embeddable":true,"href":"https:\/\/www.africa-press.net\/gabon\/wp-json\/wp\/v2\/comments?post=14184"}],"version-history":[{"count":0,"href":"https:\/\/www.africa-press.net\/gabon\/wp-json\/wp\/v2\/posts\/14184\/revisions"}],"wp:featuredmedia":[{"embeddable":true,"href":"https:\/\/www.africa-press.net\/gabon\/wp-json\/wp\/v2\/media\/14183"}],"wp:attachment":[{"href":"https:\/\/www.africa-press.net\/gabon\/wp-json\/wp\/v2\/media?parent=14184"}],"wp:term":[{"taxonomy":"category","embeddable":true,"href":"https:\/\/www.africa-press.net\/gabon\/wp-json\/wp\/v2\/categories?post=14184"},{"taxonomy":"post_tag","embeddable":true,"href":"https:\/\/www.africa-press.net\/gabon\/wp-json\/wp\/v2\/tags?post=14184"}],"curies":[{"name":"wp","href":"https:\/\/api.w.org\/{rel}","templated":true}]}}