{"id":14196,"date":"2022-12-21T20:50:09","date_gmt":"2022-12-21T20:50:09","guid":{"rendered":"https:\/\/www.africa-press.net\/gabon\/politique\/30-ans-de-la-cima-une-histoire-des-defis-et-un-avenir"},"modified":"2022-12-21T21:44:40","modified_gmt":"2022-12-21T21:44:40","slug":"30-ans-de-la-cima-une-histoire-des-defis-et-un-avenir","status":"publish","type":"post","link":"https:\/\/www.africa-press.net\/gabon\/economie\/30-ans-de-la-cima-une-histoire-des-defis-et-un-avenir","title":{"rendered":"30 ans de la Cima : Une histoire, des d\u00e9fis et un avenir"},"content":{"rendered":"<p><span style=\"color: #ff6600\"><strong>Africa-Press &#8211; Gabon. <\/strong><\/span>Apre\u0300s sa cre\u0301ation, le 12 juillet 1992, la Confe\u0301rence interafricaine des marche\u0301s d\u2019assurances (Cima) a ce\u0301le\u0301bre\u0301, le 20 de\u0301cembre a\u0300 Libreville, ses trois de\u0301cennies d\u2019existence. L\u2019occasion de faire le bilan, mais surtout de comme\u0301morer \u00abun exemple unique d\u2019inte\u0301gration de la re\u0301gulation et de la supervision de l\u2019industrie des assurances\u00bb dans 14 pays d\u2019Afrique de l\u2019Ouest et du Centre\u00bb. L\u2019e\u0301ve\u0301nement a e\u0301te\u0301 place\u0301 sous le haut patronage du pre\u0301sident gabonais Ali Bongo Ondimba.<\/p>\n<p>La Confe\u0301rence interafricaine des marche\u0301s d\u2019assurances (Cima) a fe\u0302te\u0301, le 20 de\u0301cembre a\u0300 Libreville, son 30e anniversaire. La ce\u0301re\u0301monie s\u2019est de\u0301roule\u0301e en pre\u0301sence de nombreuses personnalite\u0301s parmi lesquelles le pre\u0301sident du Conseil des ministres en charge des Assurances, le ministre centrafricain des Finances, Herve\u0301 Ndoba, du ministre gabonais de l\u2019E\u0301conomie et de la Relance, Nicole Janine Roboty-Mbou. Une occasion pour les responsables de cette institution re\u0301gionale de dresser le bilan, d\u2019e\u0301voquer les de\u0301fis et les perspectives.<\/p>\n<p>En octobre dernier, lors d\u2019une confe\u0301rence de presse en pre\u0301lude a\u0300 cette comme\u0301moration place\u0301e sous le haut patronage du pre\u0301sident Ali Bongo Ondimba, le Secre\u0301taire ge\u0301ne\u0301ral de cet organisme, Blaise Abel Ezo\u2019o Engolo, laissait entendre que si le re\u0301gulateur du secteur des assurances de 14 pays africains a re\u0301alise\u0301, entre autres, l\u2019ope\u0301rationnalisation d\u2019un marche\u0301 inte\u0301gre\u0301 des assurances, \u00able chemin parcouru jusqu\u2019ici me\u0301rite une telle solennite\u0301\u00bb. C\u2019est dans ce sens que ces 30 ans ont e\u0301te\u0301 exalte\u0301s.<\/p>\n<p>Avant la partie solennelle de ce rendez-vous, les ministres en charge des assurances sont retrouve\u0301s, dans le cadre de la session ordinaire de leur Conseil. A\u0300 l\u2019issue des travaux, Herve\u0301 Ndoba a fait savoir que ce Conseil a permis de valider le budget de l\u2019exercice 2023, de parcourir l\u2019ensemble des recommandations fortes qui ont e\u0301te\u0301 de\u0301cline\u0301es et de suivre la progression de leur mise en \u0153uvre. \u00abNous pouvons nous fe\u0301liciter de la mise en \u0153uvre de ces diffe\u0301rentes recommandations fortes qui permettent de redynamiser le marche\u0301 des assurances\u00bb, a-t-il dit ajoutant que le marche\u0301 des assurances en Afrique, de fac\u0327on ge\u0301ne\u0301rale et dans la zone Cima en particulier, est en dynamique constante, en croissance constante et leur ro\u0302le, en tant que Conseil, est d\u2019encadrer cet environnement.<\/p>\n<p><b>Un bilan e\u0301logieux et 1 489 milliards de FCFA de CA<\/b><\/p>\n<p>Pour cette institution de re\u0301fe\u0301rence en matie\u0300re d\u2019inte\u0301gration et de supervision de l\u2019industrie des assurances, le bilan est e\u0301logieux depuis sa naissance en juillet 1992. Cependant, les insuffisances demeurent, ont respectivement laisse\u0301 entendre le Secre\u0301taire ge\u0301ne\u0301ral et le pre\u0301sident du Conseil des ministres. Cette organisation a en effet permis au secteur d\u2019enregistrer des progre\u0300s significatifs au cours des dix dernie\u0300res anne\u0301es. \u00abLe taux annuel moyen de croissance se situe a\u0300 6 %. Les placements re\u0301alise\u0301s par les assureurs dans les e\u0301conomies des diffe\u0301rents E\u0301tats membres se chiffrent a\u0300 2 749 milliards de francs CFA en 2021\u00bb, ont indique\u0301 les responsables de la Cima lors de la partie officielle de cet e\u0301ve\u0301nement ouvert au grand public.<\/p>\n<p>Le chiffre d\u2019affaires au 31 de\u0301cembre 2021 s\u2019e\u0301le\u0300ve a\u0300 1 489 milliards de FCFA, tandis que les sinistres paye\u0301s sur la me\u0302me pe\u0301riode sont de 837 milliards de FCFA.<\/p>\n<p>En de\u0301pit de ces chiffres, le pre\u0301sident du Conseil des ministres a de\u0301clare\u0301 : \u00abCe bilan reste de\u0301finitivement perfectible. Je ne serai pas redondant en rappelant tout de me\u0302me que le besoin en couverture des couches de\u0301favorise\u0301es reste criard, le taux de pe\u0301ne\u0301tration qui se situe encore autour de 2% reste tre\u0300s en dec\u0327a\u0300 de la moyenne du continent, la capacite\u0301 financie\u0300re de nos compagnies d\u2019assurance et de re\u0301assurance ne nous permet pas encore de couvrir les risques les plus importants dans nos e\u0301conomies, le recours a\u0300 la re\u0301assurance exte\u0301rieure demeure une pratique re\u0301gulie\u0300re et que dire de la cadence du re\u0300glement des sinistres qui me\u0301rite une attention particulie\u0300re\u00bb.<\/p>\n<p>Pour les responsables de la Cima, qui en ont profite\u0301 pour faire la promotion de deux prestigieux atouts de cette institution a\u0300 savoir l\u2019Institut international des assurances -IIA- et la Compagnie commune de re\u0301assurance des E\u0301tats membres de la Cima (Cica-Re\u0301), ces 30 anne\u0301es repre\u0301sentent des efforts de coope\u0301ration pour la promotion et le de\u0301veloppement de l\u2019industrie de l\u2019assurance, d\u2019encadrement re\u0301glementaire consigne\u0301 dans le Code des assurances et les textes subse\u0301quents, de contro\u0302le et d\u2019assainissement des compagnies d\u2019assurance et de re\u0301assurance.<\/p>\n<p><strong>Pour plus d&rsquo;informations et d&rsquo;analyses sur la <a href=\"https:\/\/www.africa-press.net\/gabon\">Gabon<\/a>, suivez <a href=\"https:\/\/www.africa-press.net\/\">Africa-Press<\/a><\/strong><\/p>\n","protected":false},"excerpt":{"rendered":"<p>Africa-Press &#8211; Gabon. Apre\u0300s sa cre\u0301ation, le 12 juillet 1992, la Confe\u0301rence interafricaine des marche\u0301s d\u2019assurances (Cima) a ce\u0301le\u0301bre\u0301, le 20 de\u0301cembre a\u0300 Libreville, ses trois de\u0301cennies d\u2019existence. L\u2019occasion de faire le bilan, mais surtout de comme\u0301morer \u00abun exemple unique d\u2019inte\u0301gration de la re\u0301gulation et de la supervision de l\u2019industrie des assurances\u00bb dans 14 pays [&hellip;]<\/p>\n","protected":false},"author":82,"featured_media":14195,"comment_status":"open","ping_status":"closed","sticky":false,"template":"","format":"standard","meta":{"footnotes":""},"categories":[3,10],"tags":[36,50,49],"class_list":["post-14196","post","type-post","status-publish","format-standard","has-post-thumbnail","hentry","category-economie","category-toutes-les-actualites","tag-africa-press","tag-africa-press-gabon","tag-gabon"],"yoast_head":"<!-- This site is optimized with the Yoast SEO Premium plugin v26.1 (Yoast SEO v27.0) - https:\/\/yoast.com\/product\/yoast-seo-premium-wordpress\/ -->\n<title>30 ans de la Cima : Une histoire, des d\u00e9fis et un avenir - Gabon<\/title>\n<meta name=\"description\" content=\"Apre\u0300s sa cre\u0301ation, le 12 juillet 1992, la Confe\u0301rence interafricaine des marche\u0301s d\u2019assurances (Cima) a ce\u0301le\u0301bre\u0301, le ...\" \/>\n<meta name=\"robots\" content=\"index, follow, max-snippet:-1, max-image-preview:large, max-video-preview:-1\" \/>\n<link rel=\"canonical\" href=\"https:\/\/www.africa-press.net\/gabon\/economie\/30-ans-de-la-cima-une-histoire-des-defis-et-un-avenir\" \/>\n<meta property=\"og:locale\" content=\"fr_FR\" \/>\n<meta property=\"og:type\" content=\"article\" \/>\n<meta property=\"og:title\" content=\"30 ans de la Cima : Une histoire, des d\u00e9fis et un avenir\" \/>\n<meta property=\"og:description\" content=\"Apre\u0300s sa cre\u0301ation, le 12 juillet 1992, la Confe\u0301rence interafricaine des marche\u0301s d\u2019assurances (Cima) a ce\u0301le\u0301bre\u0301, le ...\" \/>\n<meta property=\"og:url\" content=\"https:\/\/www.africa-press.net\/gabon\/economie\/30-ans-de-la-cima-une-histoire-des-defis-et-un-avenir\" \/>\n<meta property=\"og:site_name\" content=\"Gabon\" \/>\n<meta property=\"article:published_time\" content=\"2022-12-21T20:50:09+00:00\" \/>\n<meta property=\"article:modified_time\" content=\"2022-12-21T21:44:40+00:00\" \/>\n<meta property=\"og:image\" content=\"https:\/\/static.africa-press.net\/gabon\/sites\/54\/2022\/12\/postQueueImg_1671643214.05.jpg\" \/>\n\t<meta property=\"og:image:width\" content=\"720\" \/>\n\t<meta property=\"og:image:height\" content=\"438\" \/>\n\t<meta property=\"og:image:type\" content=\"image\/jpeg\" \/>\n<meta name=\"author\" content=\"cfeditorfr\" \/>\n<meta name=\"twitter:card\" content=\"summary_large_image\" \/>\n<meta name=\"twitter:label1\" content=\"\u00c9crit par\" \/>\n\t<meta name=\"twitter:data1\" content=\"cfeditorfr\" \/>\n\t<meta name=\"twitter:label2\" content=\"Dur\u00e9e de lecture estim\u00e9e\" \/>\n\t<meta name=\"twitter:data2\" content=\"4 minutes\" \/>\n<script type=\"application\/ld+json\" class=\"yoast-schema-graph\">{\"@context\":\"https:\/\/schema.org\",\"@graph\":[{\"@type\":\"Article\",\"@id\":\"https:\/\/www.africa-press.net\/gabon\/economie\/30-ans-de-la-cima-une-histoire-des-defis-et-un-avenir#article\",\"isPartOf\":{\"@id\":\"https:\/\/www.africa-press.net\/gabon\/economie\/30-ans-de-la-cima-une-histoire-des-defis-et-un-avenir\"},\"author\":{\"name\":\"cfeditorfr\",\"@id\":\"https:\/\/www.africa-press.net\/gabon\/#\/schema\/person\/2b1cf3cd81a31e3cd26889ca66d677f1\"},\"headline\":\"30 ans de la Cima : Une histoire, des d\u00e9fis et un avenir\",\"datePublished\":\"2022-12-21T20:50:09+00:00\",\"dateModified\":\"2022-12-21T21:44:40+00:00\",\"mainEntityOfPage\":{\"@id\":\"https:\/\/www.africa-press.net\/gabon\/economie\/30-ans-de-la-cima-une-histoire-des-defis-et-un-avenir\"},\"wordCount\":844,\"commentCount\":0,\"image\":{\"@id\":\"https:\/\/www.africa-press.net\/gabon\/economie\/30-ans-de-la-cima-une-histoire-des-defis-et-un-avenir#primaryimage\"},\"thumbnailUrl\":\"https:\/\/static.africa-press.net\/gabon\/sites\/54\/2022\/12\/postQueueImg_1671643214.05.jpg\",\"keywords\":[\"Africa Press\",\"Africa Press-Gabon\",\"Gabon\"],\"articleSection\":[\"\u00c9conomie\",\"Toutes les actualit\u00e9s\"],\"inLanguage\":\"fr-FR\",\"potentialAction\":[{\"@type\":\"CommentAction\",\"name\":\"Comment\",\"target\":[\"https:\/\/www.africa-press.net\/gabon\/economie\/30-ans-de-la-cima-une-histoire-des-defis-et-un-avenir#respond\"]}]},{\"@type\":\"WebPage\",\"@id\":\"https:\/\/www.africa-press.net\/gabon\/economie\/30-ans-de-la-cima-une-histoire-des-defis-et-un-avenir\",\"url\":\"https:\/\/www.africa-press.net\/gabon\/economie\/30-ans-de-la-cima-une-histoire-des-defis-et-un-avenir\",\"name\":\"30 ans de la Cima : Une histoire, des d\u00e9fis et un avenir - Gabon\",\"isPartOf\":{\"@id\":\"https:\/\/www.africa-press.net\/gabon\/#website\"},\"primaryImageOfPage\":{\"@id\":\"https:\/\/www.africa-press.net\/gabon\/economie\/30-ans-de-la-cima-une-histoire-des-defis-et-un-avenir#primaryimage\"},\"image\":{\"@id\":\"https:\/\/www.africa-press.net\/gabon\/economie\/30-ans-de-la-cima-une-histoire-des-defis-et-un-avenir#primaryimage\"},\"thumbnailUrl\":\"https:\/\/static.africa-press.net\/gabon\/sites\/54\/2022\/12\/postQueueImg_1671643214.05.jpg\",\"datePublished\":\"2022-12-21T20:50:09+00:00\",\"dateModified\":\"2022-12-21T21:44:40+00:00\",\"author\":{\"@id\":\"https:\/\/www.africa-press.net\/gabon\/#\/schema\/person\/2b1cf3cd81a31e3cd26889ca66d677f1\"},\"description\":\"Apre\u0300s sa cre\u0301ation, le 12 juillet 1992, la Confe\u0301rence interafricaine des marche\u0301s d\u2019assurances (Cima) a ce\u0301le\u0301bre\u0301, le ...\",\"breadcrumb\":{\"@id\":\"https:\/\/www.africa-press.net\/gabon\/economie\/30-ans-de-la-cima-une-histoire-des-defis-et-un-avenir#breadcrumb\"},\"inLanguage\":\"fr-FR\",\"potentialAction\":[{\"@type\":\"ReadAction\",\"target\":[\"https:\/\/www.africa-press.net\/gabon\/economie\/30-ans-de-la-cima-une-histoire-des-defis-et-un-avenir\"]}]},{\"@type\":\"ImageObject\",\"inLanguage\":\"fr-FR\",\"@id\":\"https:\/\/www.africa-press.net\/gabon\/economie\/30-ans-de-la-cima-une-histoire-des-defis-et-un-avenir#primaryimage\",\"url\":\"https:\/\/static.africa-press.net\/gabon\/sites\/54\/2022\/12\/postQueueImg_1671643214.05.jpg\",\"contentUrl\":\"https:\/\/static.africa-press.net\/gabon\/sites\/54\/2022\/12\/postQueueImg_1671643214.05.jpg\",\"width\":720,\"height\":438,\"caption\":\"30 ans de la Cima : Une histoire, des d\u00e9fis et un avenir\"},{\"@type\":\"BreadcrumbList\",\"@id\":\"https:\/\/www.africa-press.net\/gabon\/economie\/30-ans-de-la-cima-une-histoire-des-defis-et-un-avenir#breadcrumb\",\"itemListElement\":[{\"@type\":\"ListItem\",\"position\":1,\"name\":\"Accueil\",\"item\":\"https:\/\/www.africa-press.net\/gabon\/\"},{\"@type\":\"ListItem\",\"position\":2,\"name\":\"30 ans de la Cima : Une histoire, des d\u00e9fis et un avenir\"}]},{\"@type\":\"WebSite\",\"@id\":\"https:\/\/www.africa-press.net\/gabon\/#website\",\"url\":\"https:\/\/www.africa-press.net\/gabon\/\",\"name\":\"Gabon\",\"description\":\"Just another Africa News Agency Sites site\",\"potentialAction\":[{\"@type\":\"SearchAction\",\"target\":{\"@type\":\"EntryPoint\",\"urlTemplate\":\"https:\/\/www.africa-press.net\/gabon\/?s={search_term_string}\"},\"query-input\":{\"@type\":\"PropertyValueSpecification\",\"valueRequired\":true,\"valueName\":\"search_term_string\"}}],\"inLanguage\":\"fr-FR\"},{\"@type\":\"Person\",\"@id\":\"https:\/\/www.africa-press.net\/gabon\/#\/schema\/person\/2b1cf3cd81a31e3cd26889ca66d677f1\",\"name\":\"cfeditorfr\"}]}<\/script>\n<!-- \/ Yoast SEO Premium plugin. -->","yoast_head_json":{"title":"30 ans de la Cima : Une histoire, des d\u00e9fis et un avenir - Gabon","description":"Apre\u0300s sa cre\u0301ation, le 12 juillet 1992, la Confe\u0301rence interafricaine des marche\u0301s d\u2019assurances (Cima) a ce\u0301le\u0301bre\u0301, le ...","robots":{"index":"index","follow":"follow","max-snippet":"max-snippet:-1","max-image-preview":"max-image-preview:large","max-video-preview":"max-video-preview:-1"},"canonical":"https:\/\/www.africa-press.net\/gabon\/economie\/30-ans-de-la-cima-une-histoire-des-defis-et-un-avenir","og_locale":"fr_FR","og_type":"article","og_title":"30 ans de la Cima : Une histoire, des d\u00e9fis et un avenir","og_description":"Apre\u0300s sa cre\u0301ation, le 12 juillet 1992, la Confe\u0301rence interafricaine des marche\u0301s d\u2019assurances (Cima) a ce\u0301le\u0301bre\u0301, le ...","og_url":"https:\/\/www.africa-press.net\/gabon\/economie\/30-ans-de-la-cima-une-histoire-des-defis-et-un-avenir","og_site_name":"Gabon","article_published_time":"2022-12-21T20:50:09+00:00","article_modified_time":"2022-12-21T21:44:40+00:00","og_image":[{"width":720,"height":438,"url":"https:\/\/static.africa-press.net\/gabon\/sites\/54\/2022\/12\/postQueueImg_1671643214.05.jpg","type":"image\/jpeg"}],"author":"cfeditorfr","twitter_card":"summary_large_image","twitter_misc":{"\u00c9crit par":"cfeditorfr","Dur\u00e9e de lecture estim\u00e9e":"4 minutes"},"schema":{"@context":"https:\/\/schema.org","@graph":[{"@type":"Article","@id":"https:\/\/www.africa-press.net\/gabon\/economie\/30-ans-de-la-cima-une-histoire-des-defis-et-un-avenir#article","isPartOf":{"@id":"https:\/\/www.africa-press.net\/gabon\/economie\/30-ans-de-la-cima-une-histoire-des-defis-et-un-avenir"},"author":{"name":"cfeditorfr","@id":"https:\/\/www.africa-press.net\/gabon\/#\/schema\/person\/2b1cf3cd81a31e3cd26889ca66d677f1"},"headline":"30 ans de la Cima : Une histoire, des d\u00e9fis et un avenir","datePublished":"2022-12-21T20:50:09+00:00","dateModified":"2022-12-21T21:44:40+00:00","mainEntityOfPage":{"@id":"https:\/\/www.africa-press.net\/gabon\/economie\/30-ans-de-la-cima-une-histoire-des-defis-et-un-avenir"},"wordCount":844,"commentCount":0,"image":{"@id":"https:\/\/www.africa-press.net\/gabon\/economie\/30-ans-de-la-cima-une-histoire-des-defis-et-un-avenir#primaryimage"},"thumbnailUrl":"https:\/\/static.africa-press.net\/gabon\/sites\/54\/2022\/12\/postQueueImg_1671643214.05.jpg","keywords":["Africa Press","Africa Press-Gabon","Gabon"],"articleSection":["\u00c9conomie","Toutes les actualit\u00e9s"],"inLanguage":"fr-FR","potentialAction":[{"@type":"CommentAction","name":"Comment","target":["https:\/\/www.africa-press.net\/gabon\/economie\/30-ans-de-la-cima-une-histoire-des-defis-et-un-avenir#respond"]}]},{"@type":"WebPage","@id":"https:\/\/www.africa-press.net\/gabon\/economie\/30-ans-de-la-cima-une-histoire-des-defis-et-un-avenir","url":"https:\/\/www.africa-press.net\/gabon\/economie\/30-ans-de-la-cima-une-histoire-des-defis-et-un-avenir","name":"30 ans de la Cima : Une histoire, des d\u00e9fis et un avenir - Gabon","isPartOf":{"@id":"https:\/\/www.africa-press.net\/gabon\/#website"},"primaryImageOfPage":{"@id":"https:\/\/www.africa-press.net\/gabon\/economie\/30-ans-de-la-cima-une-histoire-des-defis-et-un-avenir#primaryimage"},"image":{"@id":"https:\/\/www.africa-press.net\/gabon\/economie\/30-ans-de-la-cima-une-histoire-des-defis-et-un-avenir#primaryimage"},"thumbnailUrl":"https:\/\/static.africa-press.net\/gabon\/sites\/54\/2022\/12\/postQueueImg_1671643214.05.jpg","datePublished":"2022-12-21T20:50:09+00:00","dateModified":"2022-12-21T21:44:40+00:00","author":{"@id":"https:\/\/www.africa-press.net\/gabon\/#\/schema\/person\/2b1cf3cd81a31e3cd26889ca66d677f1"},"description":"Apre\u0300s sa cre\u0301ation, le 12 juillet 1992, la Confe\u0301rence interafricaine des marche\u0301s d\u2019assurances (Cima) a ce\u0301le\u0301bre\u0301, le ...","breadcrumb":{"@id":"https:\/\/www.africa-press.net\/gabon\/economie\/30-ans-de-la-cima-une-histoire-des-defis-et-un-avenir#breadcrumb"},"inLanguage":"fr-FR","potentialAction":[{"@type":"ReadAction","target":["https:\/\/www.africa-press.net\/gabon\/economie\/30-ans-de-la-cima-une-histoire-des-defis-et-un-avenir"]}]},{"@type":"ImageObject","inLanguage":"fr-FR","@id":"https:\/\/www.africa-press.net\/gabon\/economie\/30-ans-de-la-cima-une-histoire-des-defis-et-un-avenir#primaryimage","url":"https:\/\/static.africa-press.net\/gabon\/sites\/54\/2022\/12\/postQueueImg_1671643214.05.jpg","contentUrl":"https:\/\/static.africa-press.net\/gabon\/sites\/54\/2022\/12\/postQueueImg_1671643214.05.jpg","width":720,"height":438,"caption":"30 ans de la Cima : Une histoire, des d\u00e9fis et un avenir"},{"@type":"BreadcrumbList","@id":"https:\/\/www.africa-press.net\/gabon\/economie\/30-ans-de-la-cima-une-histoire-des-defis-et-un-avenir#breadcrumb","itemListElement":[{"@type":"ListItem","position":1,"name":"Accueil","item":"https:\/\/www.africa-press.net\/gabon\/"},{"@type":"ListItem","position":2,"name":"30 ans de la Cima : Une histoire, des d\u00e9fis et un avenir"}]},{"@type":"WebSite","@id":"https:\/\/www.africa-press.net\/gabon\/#website","url":"https:\/\/www.africa-press.net\/gabon\/","name":"Gabon","description":"Just another Africa News Agency Sites site","potentialAction":[{"@type":"SearchAction","target":{"@type":"EntryPoint","urlTemplate":"https:\/\/www.africa-press.net\/gabon\/?s={search_term_string}"},"query-input":{"@type":"PropertyValueSpecification","valueRequired":true,"valueName":"search_term_string"}}],"inLanguage":"fr-FR"},{"@type":"Person","@id":"https:\/\/www.africa-press.net\/gabon\/#\/schema\/person\/2b1cf3cd81a31e3cd26889ca66d677f1","name":"cfeditorfr"}]}},"_links":{"self":[{"href":"https:\/\/www.africa-press.net\/gabon\/wp-json\/wp\/v2\/posts\/14196","targetHints":{"allow":["GET"]}}],"collection":[{"href":"https:\/\/www.africa-press.net\/gabon\/wp-json\/wp\/v2\/posts"}],"about":[{"href":"https:\/\/www.africa-press.net\/gabon\/wp-json\/wp\/v2\/types\/post"}],"author":[{"embeddable":true,"href":"https:\/\/www.africa-press.net\/gabon\/wp-json\/wp\/v2\/users\/82"}],"replies":[{"embeddable":true,"href":"https:\/\/www.africa-press.net\/gabon\/wp-json\/wp\/v2\/comments?post=14196"}],"version-history":[{"count":0,"href":"https:\/\/www.africa-press.net\/gabon\/wp-json\/wp\/v2\/posts\/14196\/revisions"}],"wp:featuredmedia":[{"embeddable":true,"href":"https:\/\/www.africa-press.net\/gabon\/wp-json\/wp\/v2\/media\/14195"}],"wp:attachment":[{"href":"https:\/\/www.africa-press.net\/gabon\/wp-json\/wp\/v2\/media?parent=14196"}],"wp:term":[{"taxonomy":"category","embeddable":true,"href":"https:\/\/www.africa-press.net\/gabon\/wp-json\/wp\/v2\/categories?post=14196"},{"taxonomy":"post_tag","embeddable":true,"href":"https:\/\/www.africa-press.net\/gabon\/wp-json\/wp\/v2\/tags?post=14196"}],"curies":[{"name":"wp","href":"https:\/\/api.w.org\/{rel}","templated":true}]}}