{"id":14199,"date":"2022-12-21T20:50:19","date_gmt":"2022-12-21T20:50:19","guid":{"rendered":"https:\/\/www.africa-press.net\/gabon\/politique\/12e-congres-du-pdg-steeve-nzegho-eclaircit-les-zones-dombre-fixe-les-contours-et-les-enjeux"},"modified":"2022-12-21T21:45:06","modified_gmt":"2022-12-21T21:45:06","slug":"12e-congres-du-pdg-steeve-nzegho-eclaircit-les-zones-dombre-fixe-les-contours-et-les-enjeux","status":"publish","type":"post","link":"https:\/\/www.africa-press.net\/gabon\/politique\/12e-congres-du-pdg-steeve-nzegho-eclaircit-les-zones-dombre-fixe-les-contours-et-les-enjeux","title":{"rendered":"12e congr\u00e8s du PDG : Steeve Nzegho \u00e9claircit les zones d\u2019ombre, fixe les contours et les enjeux"},"content":{"rendered":"<p><span style=\"color: #ff6600\"><strong>Africa-Press &#8211; Gabon. <\/strong><\/span>Avant le 12e congre\u0300s ordinaire du Parti de\u0301mocratique gabonais (PDG) des 23 et 24 de\u0301cembre prochain place\u0301 sous le signe de \u00abla renaissance pour un PDG uni et solidaire\u00bb, le Secre\u0301taire ge\u0301ne\u0301ral de cette formation politique au pouvoir, Steeve Nzegho Dieko, a e\u0301change\u0301 ce 21 de\u0301cembre avec les hommes et femmes des me\u0301dias dans le but d\u2019e\u0301claircir par lui-me\u0302me les zones d\u2019ombres, fixer les contours, ainsi que les enjeux de cet e\u0301ve\u0301nement qui enregistrera la participation du pre\u0301sident du parti, Ali Bongo Ondimba.<\/p>\n<p>En attendant le grand rendez-vous du Parti de\u0301mocratique gabonais (PDG) des 23 et 24 de\u0301cembre, dont il est le principal artisan, le Secre\u0301taire ge\u0301ne\u0301ral de cette e\u0301curie politique au pouvoir, Steeve Nzegho Dieko, dans le cadre d\u2019un de\u0301jeuner de presse ce 21 de\u0301cembre a\u0300 Libreville, a devise\u0301 avec les journalistes de divers me\u0301dias. A\u0300 travers des e\u0301changes interactifs sans filtre, il a esquisse\u0301 les objectifs de ce congre\u0300s ordinaire, re\u0301pondant par la me\u0302me occasion a\u0300 toutes les questions auxquelles il a eu droit.<\/p>\n<p>Le 12e congre\u0300s ordinaire du PDG devrait, en principe, organiser et sceller les nouvelles orientations de cette e\u0301curie avant la prochaine e\u0301lection pre\u0301sidentielle. Mieux, il devrait re\u0301pondre aux attentes de la classe politique qui se demande toujours si le leader de la Majorite\u0301 re\u0301publicaine et sociale pour l\u2019e\u0301mergence (MRSE), chef de file du PDG, Ali Bongo Ondimba, sera candidat a\u0300 sa propre succession lors de la prochaine e\u0301lection pre\u0301sidentielle.<\/p>\n<p>Pour le Secre\u0301taire ge\u0301ne\u0301ral du PDG, ce 12e congre\u0300s ordinaire s\u2019explique par le fait qu\u2019il s\u2019agit d\u2019\u00abun moment important dans la vie de tout parti politique qui se respecte\u00bb. Mieux, il re\u0301pond aux textes de ce rassemblement et devrait, selon lui, \u00abouvrir un nouveau cycle politique qui lui permet d\u2019aborder, avec le maximum de confiance et de se\u0301re\u0301nite\u0301, les grands du moment\u00bb.<\/p>\n<p><b>Donner une nouvelle dynamique<\/b><\/p>\n<p>Parmi ces moments, il y a la prochaine e\u0301lection pre\u0301sidentielle pour laquelle l\u2019on se demande encore si le pre\u0301sident Ali Bongo sera candidat. A\u0300 la question, Steeve Nzegho Dieko re\u0301pond : \u00abce qu\u2019il faut savoir c\u2019est que selon les statuts et re\u0300glements, le candidat naturel de notre formation politique c\u2019est Ali Bongo Ondimba\u00bb. \u00abEst-ce que c\u2019est a\u0300 cette occasion qu\u2019il nous fera l\u2019honneur de nous dire qu\u2019il sera candidat ? Cela rele\u0300ve encore de sa magie. Mais pour l\u2019instant, nous nous concentrons sur la re\u0301ussite de ce qu\u2019il faut faire avec le Comite\u0301 d\u2019organisation et regarder ensemble le fonctionnement du parti\u00bb, a explique\u0301 le Secre\u0301taire ge\u0301ne\u0301ral.<\/p>\n<p>Il fait de me\u0302me noter qu\u2019il ne sera pas seulement question de \u00abfestoyer\u00bb. \u00abIl s\u2019agit de re\u0301fle\u0301chir en profondeur sur le fonctionnement sur les re\u0301formes qui pourraient e\u0302tre engage\u0301es pour donner une nouvelle dynamique, une nouvelle impulsion au PDG\u00bb, a-t-il dit, ajoutant qu\u2019\u00abau-dela\u0300 de ce congre\u0300s, vous pouvez vous imaginer, a\u0300 8 mois de l\u2019e\u0301lection pre\u0301sidentielle, il est bon aussi de donner une nouvelle impulsion a\u0300 nos troupes, de nouvelles directives a\u0300 nos troupes et certainement a\u0300 cette occasion, une nouvelle gouvernance\u00bb.<\/p>\n<p>De nouvelles personnes devraient donc inte\u0301grer le directoire du PDG et auront assure\u0301ment la mission de pre\u0301parer et de conduire les futures e\u0301che\u0301ances e\u0301lectorales dans le pays, tout en assurant le bon fonctionnement de ce groupe politique, vieux de 54 ans.<\/p>\n<p>Quoi qu\u2019il en soit les \u00abPDGistes\u00bb devront profiter de ce 12e congre\u0300s pour regarder le fonctionnement de leur e\u0301curie qui essaie de\u0301sormais de se trouver une nouvelle dynamique.<\/p>\n<p><strong>Pour plus d&rsquo;informations et d&rsquo;analyses sur la <a href=\"https:\/\/www.africa-press.net\/gabon\">Gabon<\/a>, suivez <a href=\"https:\/\/www.africa-press.net\/\">Africa-Press<\/a><\/strong><\/p>\n","protected":false},"excerpt":{"rendered":"<p>Africa-Press &#8211; Gabon. Avant le 12e congre\u0300s ordinaire du Parti de\u0301mocratique gabonais (PDG) des 23 et 24 de\u0301cembre prochain place\u0301 sous le signe de \u00abla renaissance pour un PDG uni et solidaire\u00bb, le Secre\u0301taire ge\u0301ne\u0301ral de cette formation politique au pouvoir, Steeve Nzegho Dieko, a e\u0301change\u0301 ce 21 de\u0301cembre avec les hommes et femmes des [&hellip;]<\/p>\n","protected":false},"author":82,"featured_media":14198,"comment_status":"open","ping_status":"closed","sticky":false,"template":"","format":"standard","meta":{"footnotes":""},"categories":[2,10],"tags":[36,50,49],"class_list":["post-14199","post","type-post","status-publish","format-standard","has-post-thumbnail","hentry","category-politique","category-toutes-les-actualites","tag-africa-press","tag-africa-press-gabon","tag-gabon"],"yoast_head":"<!-- This site is optimized with the Yoast SEO Premium plugin v26.1 (Yoast SEO v27.0) - https:\/\/yoast.com\/product\/yoast-seo-premium-wordpress\/ -->\n<title>12e congr\u00e8s du PDG : Steeve Nzegho \u00e9claircit les zones d\u2019ombre, fixe les contours et les enjeux - Gabon<\/title>\n<meta name=\"description\" content=\"Avant le 12e congre\u0300s ordinaire du Parti de\u0301mocratique gabonais (PDG) des 23 et 24 de\u0301cembre prochain place\u0301 sous le sig ...\" \/>\n<meta name=\"robots\" content=\"index, follow, max-snippet:-1, max-image-preview:large, max-video-preview:-1\" \/>\n<link rel=\"canonical\" href=\"https:\/\/www.africa-press.net\/gabon\/politique\/12e-congres-du-pdg-steeve-nzegho-eclaircit-les-zones-dombre-fixe-les-contours-et-les-enjeux\" \/>\n<meta property=\"og:locale\" content=\"fr_FR\" \/>\n<meta property=\"og:type\" content=\"article\" \/>\n<meta property=\"og:title\" content=\"12e congr\u00e8s du PDG : Steeve Nzegho \u00e9claircit les zones d\u2019ombre, fixe les contours et les enjeux\" \/>\n<meta property=\"og:description\" content=\"Avant le 12e congre\u0300s ordinaire du Parti de\u0301mocratique gabonais (PDG) des 23 et 24 de\u0301cembre prochain place\u0301 sous le sig ...\" \/>\n<meta property=\"og:url\" content=\"https:\/\/www.africa-press.net\/gabon\/politique\/12e-congres-du-pdg-steeve-nzegho-eclaircit-les-zones-dombre-fixe-les-contours-et-les-enjeux\" \/>\n<meta property=\"og:site_name\" content=\"Gabon\" \/>\n<meta property=\"article:published_time\" content=\"2022-12-21T20:50:19+00:00\" \/>\n<meta property=\"article:modified_time\" content=\"2022-12-21T21:45:06+00:00\" \/>\n<meta property=\"og:image\" content=\"https:\/\/static.africa-press.net\/gabon\/sites\/54\/2022\/12\/postQueueImg_1671643225.83.jpg\" \/>\n\t<meta property=\"og:image:width\" content=\"720\" \/>\n\t<meta property=\"og:image:height\" content=\"480\" \/>\n\t<meta property=\"og:image:type\" content=\"image\/jpeg\" \/>\n<meta name=\"author\" content=\"cfeditorfr\" \/>\n<meta name=\"twitter:card\" content=\"summary_large_image\" \/>\n<meta name=\"twitter:label1\" content=\"\u00c9crit par\" \/>\n\t<meta name=\"twitter:data1\" content=\"cfeditorfr\" \/>\n\t<meta name=\"twitter:label2\" content=\"Dur\u00e9e de lecture estim\u00e9e\" \/>\n\t<meta name=\"twitter:data2\" content=\"3 minutes\" \/>\n<script type=\"application\/ld+json\" class=\"yoast-schema-graph\">{\"@context\":\"https:\/\/schema.org\",\"@graph\":[{\"@type\":\"Article\",\"@id\":\"https:\/\/www.africa-press.net\/gabon\/politique\/12e-congres-du-pdg-steeve-nzegho-eclaircit-les-zones-dombre-fixe-les-contours-et-les-enjeux#article\",\"isPartOf\":{\"@id\":\"https:\/\/www.africa-press.net\/gabon\/politique\/12e-congres-du-pdg-steeve-nzegho-eclaircit-les-zones-dombre-fixe-les-contours-et-les-enjeux\"},\"author\":{\"name\":\"cfeditorfr\",\"@id\":\"https:\/\/www.africa-press.net\/gabon\/#\/schema\/person\/2b1cf3cd81a31e3cd26889ca66d677f1\"},\"headline\":\"12e congr\u00e8s du PDG : Steeve Nzegho \u00e9claircit les zones d\u2019ombre, fixe les contours et les enjeux\",\"datePublished\":\"2022-12-21T20:50:19+00:00\",\"dateModified\":\"2022-12-21T21:45:06+00:00\",\"mainEntityOfPage\":{\"@id\":\"https:\/\/www.africa-press.net\/gabon\/politique\/12e-congres-du-pdg-steeve-nzegho-eclaircit-les-zones-dombre-fixe-les-contours-et-les-enjeux\"},\"wordCount\":677,\"commentCount\":0,\"image\":{\"@id\":\"https:\/\/www.africa-press.net\/gabon\/politique\/12e-congres-du-pdg-steeve-nzegho-eclaircit-les-zones-dombre-fixe-les-contours-et-les-enjeux#primaryimage\"},\"thumbnailUrl\":\"https:\/\/static.africa-press.net\/gabon\/sites\/54\/2022\/12\/postQueueImg_1671643225.83.jpg\",\"keywords\":[\"Africa Press\",\"Africa Press-Gabon\",\"Gabon\"],\"articleSection\":[\"Politique\",\"Toutes les actualit\u00e9s\"],\"inLanguage\":\"fr-FR\",\"potentialAction\":[{\"@type\":\"CommentAction\",\"name\":\"Comment\",\"target\":[\"https:\/\/www.africa-press.net\/gabon\/politique\/12e-congres-du-pdg-steeve-nzegho-eclaircit-les-zones-dombre-fixe-les-contours-et-les-enjeux#respond\"]}]},{\"@type\":\"WebPage\",\"@id\":\"https:\/\/www.africa-press.net\/gabon\/politique\/12e-congres-du-pdg-steeve-nzegho-eclaircit-les-zones-dombre-fixe-les-contours-et-les-enjeux\",\"url\":\"https:\/\/www.africa-press.net\/gabon\/politique\/12e-congres-du-pdg-steeve-nzegho-eclaircit-les-zones-dombre-fixe-les-contours-et-les-enjeux\",\"name\":\"12e congr\u00e8s du PDG : Steeve Nzegho \u00e9claircit les zones d\u2019ombre, fixe les contours et les enjeux - Gabon\",\"isPartOf\":{\"@id\":\"https:\/\/www.africa-press.net\/gabon\/#website\"},\"primaryImageOfPage\":{\"@id\":\"https:\/\/www.africa-press.net\/gabon\/politique\/12e-congres-du-pdg-steeve-nzegho-eclaircit-les-zones-dombre-fixe-les-contours-et-les-enjeux#primaryimage\"},\"image\":{\"@id\":\"https:\/\/www.africa-press.net\/gabon\/politique\/12e-congres-du-pdg-steeve-nzegho-eclaircit-les-zones-dombre-fixe-les-contours-et-les-enjeux#primaryimage\"},\"thumbnailUrl\":\"https:\/\/static.africa-press.net\/gabon\/sites\/54\/2022\/12\/postQueueImg_1671643225.83.jpg\",\"datePublished\":\"2022-12-21T20:50:19+00:00\",\"dateModified\":\"2022-12-21T21:45:06+00:00\",\"author\":{\"@id\":\"https:\/\/www.africa-press.net\/gabon\/#\/schema\/person\/2b1cf3cd81a31e3cd26889ca66d677f1\"},\"description\":\"Avant le 12e congre\u0300s ordinaire du Parti de\u0301mocratique gabonais (PDG) des 23 et 24 de\u0301cembre prochain place\u0301 sous le sig ...\",\"breadcrumb\":{\"@id\":\"https:\/\/www.africa-press.net\/gabon\/politique\/12e-congres-du-pdg-steeve-nzegho-eclaircit-les-zones-dombre-fixe-les-contours-et-les-enjeux#breadcrumb\"},\"inLanguage\":\"fr-FR\",\"potentialAction\":[{\"@type\":\"ReadAction\",\"target\":[\"https:\/\/www.africa-press.net\/gabon\/politique\/12e-congres-du-pdg-steeve-nzegho-eclaircit-les-zones-dombre-fixe-les-contours-et-les-enjeux\"]}]},{\"@type\":\"ImageObject\",\"inLanguage\":\"fr-FR\",\"@id\":\"https:\/\/www.africa-press.net\/gabon\/politique\/12e-congres-du-pdg-steeve-nzegho-eclaircit-les-zones-dombre-fixe-les-contours-et-les-enjeux#primaryimage\",\"url\":\"https:\/\/static.africa-press.net\/gabon\/sites\/54\/2022\/12\/postQueueImg_1671643225.83.jpg\",\"contentUrl\":\"https:\/\/static.africa-press.net\/gabon\/sites\/54\/2022\/12\/postQueueImg_1671643225.83.jpg\",\"width\":720,\"height\":480,\"caption\":\"12e congr\u00e8s du PDG : Steeve Nzegho \u00e9claircit les zones d\u2019ombre, fixe les contours et les enjeux\"},{\"@type\":\"BreadcrumbList\",\"@id\":\"https:\/\/www.africa-press.net\/gabon\/politique\/12e-congres-du-pdg-steeve-nzegho-eclaircit-les-zones-dombre-fixe-les-contours-et-les-enjeux#breadcrumb\",\"itemListElement\":[{\"@type\":\"ListItem\",\"position\":1,\"name\":\"Accueil\",\"item\":\"https:\/\/www.africa-press.net\/gabon\/\"},{\"@type\":\"ListItem\",\"position\":2,\"name\":\"12e congr\u00e8s du PDG : Steeve Nzegho \u00e9claircit les zones d\u2019ombre, fixe les contours et les enjeux\"}]},{\"@type\":\"WebSite\",\"@id\":\"https:\/\/www.africa-press.net\/gabon\/#website\",\"url\":\"https:\/\/www.africa-press.net\/gabon\/\",\"name\":\"Gabon\",\"description\":\"Just another Africa News Agency Sites site\",\"potentialAction\":[{\"@type\":\"SearchAction\",\"target\":{\"@type\":\"EntryPoint\",\"urlTemplate\":\"https:\/\/www.africa-press.net\/gabon\/?s={search_term_string}\"},\"query-input\":{\"@type\":\"PropertyValueSpecification\",\"valueRequired\":true,\"valueName\":\"search_term_string\"}}],\"inLanguage\":\"fr-FR\"},{\"@type\":\"Person\",\"@id\":\"https:\/\/www.africa-press.net\/gabon\/#\/schema\/person\/2b1cf3cd81a31e3cd26889ca66d677f1\",\"name\":\"cfeditorfr\"}]}<\/script>\n<!-- \/ Yoast SEO Premium plugin. -->","yoast_head_json":{"title":"12e congr\u00e8s du PDG : Steeve Nzegho \u00e9claircit les zones d\u2019ombre, fixe les contours et les enjeux - Gabon","description":"Avant le 12e congre\u0300s ordinaire du Parti de\u0301mocratique gabonais (PDG) des 23 et 24 de\u0301cembre prochain place\u0301 sous le sig ...","robots":{"index":"index","follow":"follow","max-snippet":"max-snippet:-1","max-image-preview":"max-image-preview:large","max-video-preview":"max-video-preview:-1"},"canonical":"https:\/\/www.africa-press.net\/gabon\/politique\/12e-congres-du-pdg-steeve-nzegho-eclaircit-les-zones-dombre-fixe-les-contours-et-les-enjeux","og_locale":"fr_FR","og_type":"article","og_title":"12e congr\u00e8s du PDG : Steeve Nzegho \u00e9claircit les zones d\u2019ombre, fixe les contours et les enjeux","og_description":"Avant le 12e congre\u0300s ordinaire du Parti de\u0301mocratique gabonais (PDG) des 23 et 24 de\u0301cembre prochain place\u0301 sous le sig ...","og_url":"https:\/\/www.africa-press.net\/gabon\/politique\/12e-congres-du-pdg-steeve-nzegho-eclaircit-les-zones-dombre-fixe-les-contours-et-les-enjeux","og_site_name":"Gabon","article_published_time":"2022-12-21T20:50:19+00:00","article_modified_time":"2022-12-21T21:45:06+00:00","og_image":[{"width":720,"height":480,"url":"https:\/\/static.africa-press.net\/gabon\/sites\/54\/2022\/12\/postQueueImg_1671643225.83.jpg","type":"image\/jpeg"}],"author":"cfeditorfr","twitter_card":"summary_large_image","twitter_misc":{"\u00c9crit par":"cfeditorfr","Dur\u00e9e de lecture estim\u00e9e":"3 minutes"},"schema":{"@context":"https:\/\/schema.org","@graph":[{"@type":"Article","@id":"https:\/\/www.africa-press.net\/gabon\/politique\/12e-congres-du-pdg-steeve-nzegho-eclaircit-les-zones-dombre-fixe-les-contours-et-les-enjeux#article","isPartOf":{"@id":"https:\/\/www.africa-press.net\/gabon\/politique\/12e-congres-du-pdg-steeve-nzegho-eclaircit-les-zones-dombre-fixe-les-contours-et-les-enjeux"},"author":{"name":"cfeditorfr","@id":"https:\/\/www.africa-press.net\/gabon\/#\/schema\/person\/2b1cf3cd81a31e3cd26889ca66d677f1"},"headline":"12e congr\u00e8s du PDG : Steeve Nzegho \u00e9claircit les zones d\u2019ombre, fixe les contours et les enjeux","datePublished":"2022-12-21T20:50:19+00:00","dateModified":"2022-12-21T21:45:06+00:00","mainEntityOfPage":{"@id":"https:\/\/www.africa-press.net\/gabon\/politique\/12e-congres-du-pdg-steeve-nzegho-eclaircit-les-zones-dombre-fixe-les-contours-et-les-enjeux"},"wordCount":677,"commentCount":0,"image":{"@id":"https:\/\/www.africa-press.net\/gabon\/politique\/12e-congres-du-pdg-steeve-nzegho-eclaircit-les-zones-dombre-fixe-les-contours-et-les-enjeux#primaryimage"},"thumbnailUrl":"https:\/\/static.africa-press.net\/gabon\/sites\/54\/2022\/12\/postQueueImg_1671643225.83.jpg","keywords":["Africa Press","Africa Press-Gabon","Gabon"],"articleSection":["Politique","Toutes les actualit\u00e9s"],"inLanguage":"fr-FR","potentialAction":[{"@type":"CommentAction","name":"Comment","target":["https:\/\/www.africa-press.net\/gabon\/politique\/12e-congres-du-pdg-steeve-nzegho-eclaircit-les-zones-dombre-fixe-les-contours-et-les-enjeux#respond"]}]},{"@type":"WebPage","@id":"https:\/\/www.africa-press.net\/gabon\/politique\/12e-congres-du-pdg-steeve-nzegho-eclaircit-les-zones-dombre-fixe-les-contours-et-les-enjeux","url":"https:\/\/www.africa-press.net\/gabon\/politique\/12e-congres-du-pdg-steeve-nzegho-eclaircit-les-zones-dombre-fixe-les-contours-et-les-enjeux","name":"12e congr\u00e8s du PDG : Steeve Nzegho \u00e9claircit les zones d\u2019ombre, fixe les contours et les enjeux - Gabon","isPartOf":{"@id":"https:\/\/www.africa-press.net\/gabon\/#website"},"primaryImageOfPage":{"@id":"https:\/\/www.africa-press.net\/gabon\/politique\/12e-congres-du-pdg-steeve-nzegho-eclaircit-les-zones-dombre-fixe-les-contours-et-les-enjeux#primaryimage"},"image":{"@id":"https:\/\/www.africa-press.net\/gabon\/politique\/12e-congres-du-pdg-steeve-nzegho-eclaircit-les-zones-dombre-fixe-les-contours-et-les-enjeux#primaryimage"},"thumbnailUrl":"https:\/\/static.africa-press.net\/gabon\/sites\/54\/2022\/12\/postQueueImg_1671643225.83.jpg","datePublished":"2022-12-21T20:50:19+00:00","dateModified":"2022-12-21T21:45:06+00:00","author":{"@id":"https:\/\/www.africa-press.net\/gabon\/#\/schema\/person\/2b1cf3cd81a31e3cd26889ca66d677f1"},"description":"Avant le 12e congre\u0300s ordinaire du Parti de\u0301mocratique gabonais (PDG) des 23 et 24 de\u0301cembre prochain place\u0301 sous le sig ...","breadcrumb":{"@id":"https:\/\/www.africa-press.net\/gabon\/politique\/12e-congres-du-pdg-steeve-nzegho-eclaircit-les-zones-dombre-fixe-les-contours-et-les-enjeux#breadcrumb"},"inLanguage":"fr-FR","potentialAction":[{"@type":"ReadAction","target":["https:\/\/www.africa-press.net\/gabon\/politique\/12e-congres-du-pdg-steeve-nzegho-eclaircit-les-zones-dombre-fixe-les-contours-et-les-enjeux"]}]},{"@type":"ImageObject","inLanguage":"fr-FR","@id":"https:\/\/www.africa-press.net\/gabon\/politique\/12e-congres-du-pdg-steeve-nzegho-eclaircit-les-zones-dombre-fixe-les-contours-et-les-enjeux#primaryimage","url":"https:\/\/static.africa-press.net\/gabon\/sites\/54\/2022\/12\/postQueueImg_1671643225.83.jpg","contentUrl":"https:\/\/static.africa-press.net\/gabon\/sites\/54\/2022\/12\/postQueueImg_1671643225.83.jpg","width":720,"height":480,"caption":"12e congr\u00e8s du PDG : Steeve Nzegho \u00e9claircit les zones d\u2019ombre, fixe les contours et les enjeux"},{"@type":"BreadcrumbList","@id":"https:\/\/www.africa-press.net\/gabon\/politique\/12e-congres-du-pdg-steeve-nzegho-eclaircit-les-zones-dombre-fixe-les-contours-et-les-enjeux#breadcrumb","itemListElement":[{"@type":"ListItem","position":1,"name":"Accueil","item":"https:\/\/www.africa-press.net\/gabon\/"},{"@type":"ListItem","position":2,"name":"12e congr\u00e8s du PDG : Steeve Nzegho \u00e9claircit les zones d\u2019ombre, fixe les contours et les enjeux"}]},{"@type":"WebSite","@id":"https:\/\/www.africa-press.net\/gabon\/#website","url":"https:\/\/www.africa-press.net\/gabon\/","name":"Gabon","description":"Just another Africa News Agency Sites site","potentialAction":[{"@type":"SearchAction","target":{"@type":"EntryPoint","urlTemplate":"https:\/\/www.africa-press.net\/gabon\/?s={search_term_string}"},"query-input":{"@type":"PropertyValueSpecification","valueRequired":true,"valueName":"search_term_string"}}],"inLanguage":"fr-FR"},{"@type":"Person","@id":"https:\/\/www.africa-press.net\/gabon\/#\/schema\/person\/2b1cf3cd81a31e3cd26889ca66d677f1","name":"cfeditorfr"}]}},"_links":{"self":[{"href":"https:\/\/www.africa-press.net\/gabon\/wp-json\/wp\/v2\/posts\/14199","targetHints":{"allow":["GET"]}}],"collection":[{"href":"https:\/\/www.africa-press.net\/gabon\/wp-json\/wp\/v2\/posts"}],"about":[{"href":"https:\/\/www.africa-press.net\/gabon\/wp-json\/wp\/v2\/types\/post"}],"author":[{"embeddable":true,"href":"https:\/\/www.africa-press.net\/gabon\/wp-json\/wp\/v2\/users\/82"}],"replies":[{"embeddable":true,"href":"https:\/\/www.africa-press.net\/gabon\/wp-json\/wp\/v2\/comments?post=14199"}],"version-history":[{"count":0,"href":"https:\/\/www.africa-press.net\/gabon\/wp-json\/wp\/v2\/posts\/14199\/revisions"}],"wp:featuredmedia":[{"embeddable":true,"href":"https:\/\/www.africa-press.net\/gabon\/wp-json\/wp\/v2\/media\/14198"}],"wp:attachment":[{"href":"https:\/\/www.africa-press.net\/gabon\/wp-json\/wp\/v2\/media?parent=14199"}],"wp:term":[{"taxonomy":"category","embeddable":true,"href":"https:\/\/www.africa-press.net\/gabon\/wp-json\/wp\/v2\/categories?post=14199"},{"taxonomy":"post_tag","embeddable":true,"href":"https:\/\/www.africa-press.net\/gabon\/wp-json\/wp\/v2\/tags?post=14199"}],"curies":[{"name":"wp","href":"https:\/\/api.w.org\/{rel}","templated":true}]}}