{"id":19145,"date":"2023-04-20T19:37:10","date_gmt":"2023-04-20T19:37:10","guid":{"rendered":"https:\/\/www.africa-press.net\/gabon\/politique\/dr-olivier-pellegrin-rebienot-prend-les-commandes-du-chul"},"modified":"2023-04-20T20:49:41","modified_gmt":"2023-04-20T20:49:41","slug":"dr-olivier-pellegrin-rebienot-prend-les-commandes-du-chul","status":"publish","type":"post","link":"https:\/\/www.africa-press.net\/gabon\/toutes-les-actualites\/dr-olivier-pellegrin-rebienot-prend-les-commandes-du-chul","title":{"rendered":"Dr Olivier Pellegrin Rebienot prend les commandes du Chul"},"content":{"rendered":"<p><span style=\"color: #ff6600\"><strong>Africa-Press &#8211; Gabon. <\/strong><\/span><b>La passation de charges a\u0300 la te\u0302te du Centre hospitalier universitaire de Libreville (Chul), s\u2019est faite dans le cadre d\u2019une ce\u0301re\u0301monie sobre, ce jeudi 20 avril 2023, sous la supervision du Ministre de la Sante et des Affaires sociales, Dr Guy Patrick Obiang Ndong.<\/b><\/p>\n<p>Pre\u0301cisant le contexte du changement intervenu a\u0300 la te\u0302te de la plus grande structure sanitaire du pays, le membre du gouvernement, a, rappele\u0301 au Directeur ge\u0301ne\u0301ral entrant toutes les attentes des plus hautes autorite\u0301s sanitaires du pays, en faveur d\u2019une gouvernance qui place au c\u0153ur de toutes les strate\u0301gies et initiatives, l\u2019ame\u0301lioration des conditions d\u2019acce\u0300s aux soins de qualite\u0301 dans cet ho\u0302pital de re\u0301fe\u0301rence pour l\u2019e\u0301crasante majorite\u0301 des populations gabonaises.<\/p>\n<p>Dans ce sens, la tutelle, a, souligne\u0301 Dr Guy Patrick Obiang Ndong, soutiendra et accompagnera sans re\u0301serves les nouveaux responsables du Chul dans toutes les re\u0301formes importantes et courageuses qui seront de\u0301ploye\u0301es.<\/p>\n<p>C\u2019est donc un message de responsabilite\u0301, de courage et surtout de respect des droits et devoirs de tout un chacun, que le patron du de\u0301partement de la Sante\u0301 et des affaires sociales a re\u0301ite\u0301re\u0301 a\u0300 la communaute\u0301 me\u0301dicale et aux professionnels de sante\u0301 en service au Chul, au cours d\u2019une communication conse\u0301cutive a\u0300 la ce\u0301re\u0301monie de passation de charges.<\/p>\n<p>Nomme\u0301 au terme du Conseil des ministres du 14 Avril dernier, Dr Olivier Pellegrin Rebienot, ancien Directeur ge\u0301ne\u0301ral du Centre national de transfusion sanguine (CNTS), remplace a\u0300 ce poste, Dr Marie-The\u0301re\u0300se Vane Ndong-Obiang, mute\u0301e au CNTS.<\/p>\n<p><strong>Pour plus d&rsquo;informations et d&rsquo;analyses sur la <a href=\"https:\/\/www.africa-press.net\/gabon\">Gabon<\/a>, suivez <a href=\"https:\/\/www.africa-press.net\/\">Africa-Press<\/a><\/strong><\/p>\n","protected":false},"excerpt":{"rendered":"<p>Africa-Press &#8211; Gabon. La passation de charges a\u0300 la te\u0302te du Centre hospitalier universitaire de Libreville (Chul), s\u2019est faite dans le cadre d\u2019une ce\u0301re\u0301monie sobre, ce jeudi 20 avril 2023, sous la supervision du Ministre de la Sante et des Affaires sociales, Dr Guy Patrick Obiang Ndong. Pre\u0301cisant le contexte du changement intervenu a\u0300 la [&hellip;]<\/p>\n","protected":false},"author":82,"featured_media":19144,"comment_status":"open","ping_status":"closed","sticky":false,"template":"","format":"standard","meta":{"footnotes":""},"categories":[21,10],"tags":[36,50,49],"class_list":["post-19145","post","type-post","status-publish","format-standard","has-post-thumbnail","hentry","category-communaute","category-toutes-les-actualites","tag-africa-press","tag-africa-press-gabon","tag-gabon"],"yoast_head":"<!-- This site is optimized with the Yoast SEO Premium plugin v26.1 (Yoast SEO v27.0) - https:\/\/yoast.com\/product\/yoast-seo-premium-wordpress\/ -->\n<title>Dr Olivier Pellegrin Rebienot prend les commandes du Chul - Gabon<\/title>\n<meta name=\"description\" content=\"La passation de charges a\u0300 la te\u0302te du Centre hospitalier universitaire de Libreville (Chul), s\u2019est faite dans le cad ...\" \/>\n<meta name=\"robots\" content=\"index, follow, max-snippet:-1, max-image-preview:large, max-video-preview:-1\" \/>\n<link rel=\"canonical\" href=\"https:\/\/www.africa-press.net\/gabon\/toutes-les-actualites\/dr-olivier-pellegrin-rebienot-prend-les-commandes-du-chul\" \/>\n<meta property=\"og:locale\" content=\"fr_FR\" \/>\n<meta property=\"og:type\" content=\"article\" \/>\n<meta property=\"og:title\" content=\"Dr Olivier Pellegrin Rebienot prend les commandes du Chul\" \/>\n<meta property=\"og:description\" content=\"La passation de charges a\u0300 la te\u0302te du Centre hospitalier universitaire de Libreville (Chul), s\u2019est faite dans le cad ...\" \/>\n<meta property=\"og:url\" content=\"https:\/\/www.africa-press.net\/gabon\/toutes-les-actualites\/dr-olivier-pellegrin-rebienot-prend-les-commandes-du-chul\" \/>\n<meta property=\"og:site_name\" content=\"Gabon\" \/>\n<meta property=\"article:published_time\" content=\"2023-04-20T19:37:10+00:00\" \/>\n<meta property=\"article:modified_time\" content=\"2023-04-20T20:49:41+00:00\" \/>\n<meta property=\"og:image\" content=\"https:\/\/static.africa-press.net\/gabon\/sites\/54\/2023\/04\/postQueueImg_1682006838.25.jpg\" \/>\n\t<meta property=\"og:image:width\" content=\"883\" \/>\n\t<meta property=\"og:image:height\" content=\"459\" \/>\n\t<meta property=\"og:image:type\" content=\"image\/jpeg\" \/>\n<meta name=\"author\" content=\"cfeditorfr\" \/>\n<meta name=\"twitter:card\" content=\"summary_large_image\" \/>\n<meta name=\"twitter:label1\" content=\"\u00c9crit par\" \/>\n\t<meta name=\"twitter:data1\" content=\"cfeditorfr\" \/>\n\t<meta name=\"twitter:label2\" content=\"Dur\u00e9e de lecture estim\u00e9e\" \/>\n\t<meta name=\"twitter:data2\" content=\"2 minutes\" \/>\n<script type=\"application\/ld+json\" class=\"yoast-schema-graph\">{\"@context\":\"https:\/\/schema.org\",\"@graph\":[{\"@type\":\"Article\",\"@id\":\"https:\/\/www.africa-press.net\/gabon\/toutes-les-actualites\/dr-olivier-pellegrin-rebienot-prend-les-commandes-du-chul#article\",\"isPartOf\":{\"@id\":\"https:\/\/www.africa-press.net\/gabon\/toutes-les-actualites\/dr-olivier-pellegrin-rebienot-prend-les-commandes-du-chul\"},\"author\":{\"name\":\"cfeditorfr\",\"@id\":\"https:\/\/www.africa-press.net\/gabon\/#\/schema\/person\/2b1cf3cd81a31e3cd26889ca66d677f1\"},\"headline\":\"Dr Olivier Pellegrin Rebienot prend les commandes du Chul\",\"datePublished\":\"2023-04-20T19:37:10+00:00\",\"dateModified\":\"2023-04-20T20:49:41+00:00\",\"mainEntityOfPage\":{\"@id\":\"https:\/\/www.africa-press.net\/gabon\/toutes-les-actualites\/dr-olivier-pellegrin-rebienot-prend-les-commandes-du-chul\"},\"wordCount\":302,\"commentCount\":0,\"image\":{\"@id\":\"https:\/\/www.africa-press.net\/gabon\/toutes-les-actualites\/dr-olivier-pellegrin-rebienot-prend-les-commandes-du-chul#primaryimage\"},\"thumbnailUrl\":\"https:\/\/static.africa-press.net\/gabon\/sites\/54\/2023\/04\/postQueueImg_1682006838.25.jpg\",\"keywords\":[\"Africa Press\",\"Africa Press-Gabon\",\"Gabon\"],\"articleSection\":[\"Communaut\u00e9\",\"Toutes les actualit\u00e9s\"],\"inLanguage\":\"fr-FR\",\"potentialAction\":[{\"@type\":\"CommentAction\",\"name\":\"Comment\",\"target\":[\"https:\/\/www.africa-press.net\/gabon\/toutes-les-actualites\/dr-olivier-pellegrin-rebienot-prend-les-commandes-du-chul#respond\"]}]},{\"@type\":\"WebPage\",\"@id\":\"https:\/\/www.africa-press.net\/gabon\/toutes-les-actualites\/dr-olivier-pellegrin-rebienot-prend-les-commandes-du-chul\",\"url\":\"https:\/\/www.africa-press.net\/gabon\/toutes-les-actualites\/dr-olivier-pellegrin-rebienot-prend-les-commandes-du-chul\",\"name\":\"Dr Olivier Pellegrin Rebienot prend les commandes du Chul - Gabon\",\"isPartOf\":{\"@id\":\"https:\/\/www.africa-press.net\/gabon\/#website\"},\"primaryImageOfPage\":{\"@id\":\"https:\/\/www.africa-press.net\/gabon\/toutes-les-actualites\/dr-olivier-pellegrin-rebienot-prend-les-commandes-du-chul#primaryimage\"},\"image\":{\"@id\":\"https:\/\/www.africa-press.net\/gabon\/toutes-les-actualites\/dr-olivier-pellegrin-rebienot-prend-les-commandes-du-chul#primaryimage\"},\"thumbnailUrl\":\"https:\/\/static.africa-press.net\/gabon\/sites\/54\/2023\/04\/postQueueImg_1682006838.25.jpg\",\"datePublished\":\"2023-04-20T19:37:10+00:00\",\"dateModified\":\"2023-04-20T20:49:41+00:00\",\"author\":{\"@id\":\"https:\/\/www.africa-press.net\/gabon\/#\/schema\/person\/2b1cf3cd81a31e3cd26889ca66d677f1\"},\"description\":\"La passation de charges a\u0300 la te\u0302te du Centre hospitalier universitaire de Libreville (Chul), s\u2019est faite dans le cad ...\",\"breadcrumb\":{\"@id\":\"https:\/\/www.africa-press.net\/gabon\/toutes-les-actualites\/dr-olivier-pellegrin-rebienot-prend-les-commandes-du-chul#breadcrumb\"},\"inLanguage\":\"fr-FR\",\"potentialAction\":[{\"@type\":\"ReadAction\",\"target\":[\"https:\/\/www.africa-press.net\/gabon\/toutes-les-actualites\/dr-olivier-pellegrin-rebienot-prend-les-commandes-du-chul\"]}]},{\"@type\":\"ImageObject\",\"inLanguage\":\"fr-FR\",\"@id\":\"https:\/\/www.africa-press.net\/gabon\/toutes-les-actualites\/dr-olivier-pellegrin-rebienot-prend-les-commandes-du-chul#primaryimage\",\"url\":\"https:\/\/static.africa-press.net\/gabon\/sites\/54\/2023\/04\/postQueueImg_1682006838.25.jpg\",\"contentUrl\":\"https:\/\/static.africa-press.net\/gabon\/sites\/54\/2023\/04\/postQueueImg_1682006838.25.jpg\",\"width\":883,\"height\":459,\"caption\":\"Dr Olivier Pellegrin Rebienot prend les commandes du Chul\"},{\"@type\":\"BreadcrumbList\",\"@id\":\"https:\/\/www.africa-press.net\/gabon\/toutes-les-actualites\/dr-olivier-pellegrin-rebienot-prend-les-commandes-du-chul#breadcrumb\",\"itemListElement\":[{\"@type\":\"ListItem\",\"position\":1,\"name\":\"Accueil\",\"item\":\"https:\/\/www.africa-press.net\/gabon\/\"},{\"@type\":\"ListItem\",\"position\":2,\"name\":\"Dr Olivier Pellegrin Rebienot prend les commandes du Chul\"}]},{\"@type\":\"WebSite\",\"@id\":\"https:\/\/www.africa-press.net\/gabon\/#website\",\"url\":\"https:\/\/www.africa-press.net\/gabon\/\",\"name\":\"Gabon\",\"description\":\"Just another Africa News Agency Sites site\",\"potentialAction\":[{\"@type\":\"SearchAction\",\"target\":{\"@type\":\"EntryPoint\",\"urlTemplate\":\"https:\/\/www.africa-press.net\/gabon\/?s={search_term_string}\"},\"query-input\":{\"@type\":\"PropertyValueSpecification\",\"valueRequired\":true,\"valueName\":\"search_term_string\"}}],\"inLanguage\":\"fr-FR\"},{\"@type\":\"Person\",\"@id\":\"https:\/\/www.africa-press.net\/gabon\/#\/schema\/person\/2b1cf3cd81a31e3cd26889ca66d677f1\",\"name\":\"cfeditorfr\"}]}<\/script>\n<!-- \/ Yoast SEO Premium plugin. -->","yoast_head_json":{"title":"Dr Olivier Pellegrin Rebienot prend les commandes du Chul - Gabon","description":"La passation de charges a\u0300 la te\u0302te du Centre hospitalier universitaire de Libreville (Chul), s\u2019est faite dans le cad ...","robots":{"index":"index","follow":"follow","max-snippet":"max-snippet:-1","max-image-preview":"max-image-preview:large","max-video-preview":"max-video-preview:-1"},"canonical":"https:\/\/www.africa-press.net\/gabon\/toutes-les-actualites\/dr-olivier-pellegrin-rebienot-prend-les-commandes-du-chul","og_locale":"fr_FR","og_type":"article","og_title":"Dr Olivier Pellegrin Rebienot prend les commandes du Chul","og_description":"La passation de charges a\u0300 la te\u0302te du Centre hospitalier universitaire de Libreville (Chul), s\u2019est faite dans le cad ...","og_url":"https:\/\/www.africa-press.net\/gabon\/toutes-les-actualites\/dr-olivier-pellegrin-rebienot-prend-les-commandes-du-chul","og_site_name":"Gabon","article_published_time":"2023-04-20T19:37:10+00:00","article_modified_time":"2023-04-20T20:49:41+00:00","og_image":[{"width":883,"height":459,"url":"https:\/\/static.africa-press.net\/gabon\/sites\/54\/2023\/04\/postQueueImg_1682006838.25.jpg","type":"image\/jpeg"}],"author":"cfeditorfr","twitter_card":"summary_large_image","twitter_misc":{"\u00c9crit par":"cfeditorfr","Dur\u00e9e de lecture estim\u00e9e":"2 minutes"},"schema":{"@context":"https:\/\/schema.org","@graph":[{"@type":"Article","@id":"https:\/\/www.africa-press.net\/gabon\/toutes-les-actualites\/dr-olivier-pellegrin-rebienot-prend-les-commandes-du-chul#article","isPartOf":{"@id":"https:\/\/www.africa-press.net\/gabon\/toutes-les-actualites\/dr-olivier-pellegrin-rebienot-prend-les-commandes-du-chul"},"author":{"name":"cfeditorfr","@id":"https:\/\/www.africa-press.net\/gabon\/#\/schema\/person\/2b1cf3cd81a31e3cd26889ca66d677f1"},"headline":"Dr Olivier Pellegrin Rebienot prend les commandes du Chul","datePublished":"2023-04-20T19:37:10+00:00","dateModified":"2023-04-20T20:49:41+00:00","mainEntityOfPage":{"@id":"https:\/\/www.africa-press.net\/gabon\/toutes-les-actualites\/dr-olivier-pellegrin-rebienot-prend-les-commandes-du-chul"},"wordCount":302,"commentCount":0,"image":{"@id":"https:\/\/www.africa-press.net\/gabon\/toutes-les-actualites\/dr-olivier-pellegrin-rebienot-prend-les-commandes-du-chul#primaryimage"},"thumbnailUrl":"https:\/\/static.africa-press.net\/gabon\/sites\/54\/2023\/04\/postQueueImg_1682006838.25.jpg","keywords":["Africa Press","Africa Press-Gabon","Gabon"],"articleSection":["Communaut\u00e9","Toutes les actualit\u00e9s"],"inLanguage":"fr-FR","potentialAction":[{"@type":"CommentAction","name":"Comment","target":["https:\/\/www.africa-press.net\/gabon\/toutes-les-actualites\/dr-olivier-pellegrin-rebienot-prend-les-commandes-du-chul#respond"]}]},{"@type":"WebPage","@id":"https:\/\/www.africa-press.net\/gabon\/toutes-les-actualites\/dr-olivier-pellegrin-rebienot-prend-les-commandes-du-chul","url":"https:\/\/www.africa-press.net\/gabon\/toutes-les-actualites\/dr-olivier-pellegrin-rebienot-prend-les-commandes-du-chul","name":"Dr Olivier Pellegrin Rebienot prend les commandes du Chul - Gabon","isPartOf":{"@id":"https:\/\/www.africa-press.net\/gabon\/#website"},"primaryImageOfPage":{"@id":"https:\/\/www.africa-press.net\/gabon\/toutes-les-actualites\/dr-olivier-pellegrin-rebienot-prend-les-commandes-du-chul#primaryimage"},"image":{"@id":"https:\/\/www.africa-press.net\/gabon\/toutes-les-actualites\/dr-olivier-pellegrin-rebienot-prend-les-commandes-du-chul#primaryimage"},"thumbnailUrl":"https:\/\/static.africa-press.net\/gabon\/sites\/54\/2023\/04\/postQueueImg_1682006838.25.jpg","datePublished":"2023-04-20T19:37:10+00:00","dateModified":"2023-04-20T20:49:41+00:00","author":{"@id":"https:\/\/www.africa-press.net\/gabon\/#\/schema\/person\/2b1cf3cd81a31e3cd26889ca66d677f1"},"description":"La passation de charges a\u0300 la te\u0302te du Centre hospitalier universitaire de Libreville (Chul), s\u2019est faite dans le cad ...","breadcrumb":{"@id":"https:\/\/www.africa-press.net\/gabon\/toutes-les-actualites\/dr-olivier-pellegrin-rebienot-prend-les-commandes-du-chul#breadcrumb"},"inLanguage":"fr-FR","potentialAction":[{"@type":"ReadAction","target":["https:\/\/www.africa-press.net\/gabon\/toutes-les-actualites\/dr-olivier-pellegrin-rebienot-prend-les-commandes-du-chul"]}]},{"@type":"ImageObject","inLanguage":"fr-FR","@id":"https:\/\/www.africa-press.net\/gabon\/toutes-les-actualites\/dr-olivier-pellegrin-rebienot-prend-les-commandes-du-chul#primaryimage","url":"https:\/\/static.africa-press.net\/gabon\/sites\/54\/2023\/04\/postQueueImg_1682006838.25.jpg","contentUrl":"https:\/\/static.africa-press.net\/gabon\/sites\/54\/2023\/04\/postQueueImg_1682006838.25.jpg","width":883,"height":459,"caption":"Dr Olivier Pellegrin Rebienot prend les commandes du Chul"},{"@type":"BreadcrumbList","@id":"https:\/\/www.africa-press.net\/gabon\/toutes-les-actualites\/dr-olivier-pellegrin-rebienot-prend-les-commandes-du-chul#breadcrumb","itemListElement":[{"@type":"ListItem","position":1,"name":"Accueil","item":"https:\/\/www.africa-press.net\/gabon\/"},{"@type":"ListItem","position":2,"name":"Dr Olivier Pellegrin Rebienot prend les commandes du Chul"}]},{"@type":"WebSite","@id":"https:\/\/www.africa-press.net\/gabon\/#website","url":"https:\/\/www.africa-press.net\/gabon\/","name":"Gabon","description":"Just another Africa News Agency Sites site","potentialAction":[{"@type":"SearchAction","target":{"@type":"EntryPoint","urlTemplate":"https:\/\/www.africa-press.net\/gabon\/?s={search_term_string}"},"query-input":{"@type":"PropertyValueSpecification","valueRequired":true,"valueName":"search_term_string"}}],"inLanguage":"fr-FR"},{"@type":"Person","@id":"https:\/\/www.africa-press.net\/gabon\/#\/schema\/person\/2b1cf3cd81a31e3cd26889ca66d677f1","name":"cfeditorfr"}]}},"_links":{"self":[{"href":"https:\/\/www.africa-press.net\/gabon\/wp-json\/wp\/v2\/posts\/19145","targetHints":{"allow":["GET"]}}],"collection":[{"href":"https:\/\/www.africa-press.net\/gabon\/wp-json\/wp\/v2\/posts"}],"about":[{"href":"https:\/\/www.africa-press.net\/gabon\/wp-json\/wp\/v2\/types\/post"}],"author":[{"embeddable":true,"href":"https:\/\/www.africa-press.net\/gabon\/wp-json\/wp\/v2\/users\/82"}],"replies":[{"embeddable":true,"href":"https:\/\/www.africa-press.net\/gabon\/wp-json\/wp\/v2\/comments?post=19145"}],"version-history":[{"count":0,"href":"https:\/\/www.africa-press.net\/gabon\/wp-json\/wp\/v2\/posts\/19145\/revisions"}],"wp:featuredmedia":[{"embeddable":true,"href":"https:\/\/www.africa-press.net\/gabon\/wp-json\/wp\/v2\/media\/19144"}],"wp:attachment":[{"href":"https:\/\/www.africa-press.net\/gabon\/wp-json\/wp\/v2\/media?parent=19145"}],"wp:term":[{"taxonomy":"category","embeddable":true,"href":"https:\/\/www.africa-press.net\/gabon\/wp-json\/wp\/v2\/categories?post=19145"},{"taxonomy":"post_tag","embeddable":true,"href":"https:\/\/www.africa-press.net\/gabon\/wp-json\/wp\/v2\/tags?post=19145"}],"curies":[{"name":"wp","href":"https:\/\/api.w.org\/{rel}","templated":true}]}}