{"id":25603,"date":"2023-08-31T03:29:45","date_gmt":"2023-08-31T03:29:45","guid":{"rendered":"https:\/\/www.africa-press.net\/gabon\/politique\/coup-detat-au-gabon-macron-et-sa-diplomatie-interpeles-par-les-oppositions"},"modified":"2023-08-31T03:43:58","modified_gmt":"2023-08-31T03:43:58","slug":"coup-detat-au-gabon-macron-et-sa-diplomatie-interpeles-par-les-oppositions","status":"publish","type":"post","link":"https:\/\/www.africa-press.net\/gabon\/dossiers\/coup-detat-au-gabon-macron-et-sa-diplomatie-interpeles-par-les-oppositions","title":{"rendered":"Coup d\u2019Etat au Gabon: Macron et sa diplomatie interpel\u00e9s par les oppositions"},"content":{"rendered":"<p><b>Fei\u0308za Ben Mohamed<\/b><\/p>\n<p><span style=\"color: #ff6600\"><strong>Africa-Press &#8211; Gabon. <\/strong><\/span>Le pre\u0301sident franc\u0327ais Emmanuel Macron, et sa diplomatie, toujours silencieux depuis le de\u0301but des e\u0301ve\u0301nements survenus au Gabon ce mercredi matin a\u0300 l\u2019aube, sont interpelle\u0301s par leurs oppositions politiques nationales sur leur position face a\u0300 la situation confuse.<\/p>\n<p>Le chef de file de LFI (La France insoumise), Jean-Luc Me\u0301lenchon, estime, dans une publication sur X, qu\u2019\u00ab aucune alerte n\u2019aura e\u0301te\u0301 entendue \u00bb et que \u00ab Macron aura, encore une fois, compromis la Francex dans un soutien jusqu&rsquo;au bout a\u0300 l&rsquo;insupportable \u00bb.<\/p>\n<p>L\u2019ancien candidat a\u0300 la pre\u0301sidentielle franc\u0327aise salue par la me\u0302me occasion, le fait que \u00ab les africains tournent la page \u00bb.<\/p>\n<p>De son co\u0302te\u0301, la pre\u0301sident du groupe RN (rassemblement national) a\u0300 l\u2019Assemble\u0301e Nationale, Marine Le Pen, a publie\u0301 un long message, interpellant la diplomatie concernant sa position.<\/p>\n<p>\u00ab Des e\u0301ve\u0301nements graves post-e\u0301lectoraux se de\u0301roulent actuellement au Gabon dans une confusion totale. Devant l\u2019impe\u0301ritie qui caracte\u0301rise votre politique africaine, pourriez-vous nous pre\u0301ciser quelle est la doctrine de la France dans ses relations avec ce pays historiquement ami? \u00bb a-t-elle interroge\u0301.<\/p>\n<p>L\u2019ancienne candidate a\u0300 la course a\u0300 l\u2019E\u0301lyse\u0301e, demande au Quai d\u2019Orsay de pre\u0301ciser les \u00ab mesures concre\u0300tes et urgentes \u00bb qui sont prises \u00ab pour la protection \u00bb des franc\u0327ais et souhaite savoir si \u00ab la France reconnai\u0302t (&#8230;) la validite\u0301 de cette e\u0301lection \u00bb.<\/p>\n<p>\u00ab Pouvez-vous nous affirmer qu\u2019il n\u2019existe aucun accord qui engage notre pays a\u0300 intervenir au soutien du gouvernement gabonais? En conclusion, quelle est la cohe\u0301rence de votre politique africaine quand on voit les piteux re\u0301sultats au Tchad, au Mali, au Niger et de\u0301sormais dans l\u2019un des pays les plus historiquement francophiles d\u2019Afrique? \u00bb grince par ailleurs la repre\u0301sentante d\u2019extre\u0302me-droite.<\/p>\n<p>Elle appelle enfin l\u2019Exe\u0301cutif a\u0300 \u00ab re\u0301orienter la politique africaine de la France vers une coope\u0301ration respectueuse des peuples et des souverainete\u0301s dans l\u2019inte\u0301re\u0302t de nos continents respectifs \u00bb.<\/p>\n<p>Ces de\u0301clarations politiques interviennent alors que Paris, qui a condamne\u0301 le coup d\u2019Etat par la voix du porte-parole du gouvernement, Olivier Ve\u0301ran, n\u2019a pas publie\u0301 de communique\u0301 officiel a\u0300 ce stade, pour re\u0301clamer le retour du pre\u0301sident Ali Bongo.<\/p>\n<p>Pour rappel, ce dernier a e\u0301te\u0301 place\u0301 en re\u0301sidence surveille\u0301e alors qu\u2019un groupement militaire a pris le pouvoir mercredi matin, avant de de\u0301signer le ge\u0301ne\u0301ral Brice Oligui Nguema, pre\u0301sident de la transition.<\/p>\n<p><strong>Pour plus d&rsquo;informations et d&rsquo;analyses sur la <a href=\"https:\/\/www.africa-press.net\/gabon\">Gabon<\/a>, suivez <a href=\"https:\/\/www.africa-press.net\/\">Africa-Press<\/a><\/strong><\/p>\n","protected":false},"excerpt":{"rendered":"<p>Fei\u0308za Ben Mohamed Africa-Press &#8211; Gabon. Le pre\u0301sident franc\u0327ais Emmanuel Macron, et sa diplomatie, toujours silencieux depuis le de\u0301but des e\u0301ve\u0301nements survenus au Gabon ce mercredi matin a\u0300 l\u2019aube, sont interpelle\u0301s par leurs oppositions politiques nationales sur leur position face a\u0300 la situation confuse. Le chef de file de LFI (La France insoumise), Jean-Luc Me\u0301lenchon, [&hellip;]<\/p>\n","protected":false},"author":82,"featured_media":25602,"comment_status":"open","ping_status":"closed","sticky":false,"template":"","format":"standard","meta":{"footnotes":""},"categories":[7,53,10],"tags":[36,50,705,49,856],"class_list":["post-25603","post","type-post","status-publish","format-standard","has-post-thumbnail","hentry","category-dossiers","category-to-homepage","category-toutes-les-actualites","tag-africa-press","tag-africa-press-gabon","tag-emmanuel-macron","tag-gabon","tag-jean-luc-melenchon"],"yoast_head":"<!-- This site is optimized with the Yoast SEO Premium plugin v26.1 (Yoast SEO v27.0) - https:\/\/yoast.com\/product\/yoast-seo-premium-wordpress\/ -->\n<title>Coup d\u2019Etat au Gabon: Macron et sa diplomatie interpel\u00e9s par les oppositions - Gabon<\/title>\n<meta name=\"description\" content=\"Le pre\u0301sident franc\u0327ais Emmanuel Macron, et sa diplomatie, toujours silencieux depuis le de\u0301but des e\u0301ve\u0301nements survenu ...\" \/>\n<meta name=\"robots\" content=\"index, follow, max-snippet:-1, max-image-preview:large, max-video-preview:-1\" \/>\n<link rel=\"canonical\" href=\"https:\/\/www.africa-press.net\/gabon\/dossiers\/coup-detat-au-gabon-macron-et-sa-diplomatie-interpeles-par-les-oppositions\" \/>\n<meta property=\"og:locale\" content=\"fr_FR\" \/>\n<meta property=\"og:type\" content=\"article\" \/>\n<meta property=\"og:title\" content=\"Coup d\u2019Etat au Gabon: Macron et sa diplomatie interpel\u00e9s par les oppositions\" \/>\n<meta property=\"og:description\" content=\"Le pre\u0301sident franc\u0327ais Emmanuel Macron, et sa diplomatie, toujours silencieux depuis le de\u0301but des e\u0301ve\u0301nements survenu ...\" \/>\n<meta property=\"og:url\" content=\"https:\/\/www.africa-press.net\/gabon\/dossiers\/coup-detat-au-gabon-macron-et-sa-diplomatie-interpeles-par-les-oppositions\" \/>\n<meta property=\"og:site_name\" content=\"Gabon\" \/>\n<meta property=\"article:published_time\" content=\"2023-08-31T03:29:45+00:00\" \/>\n<meta property=\"article:modified_time\" content=\"2023-08-31T03:43:58+00:00\" \/>\n<meta property=\"og:image\" content=\"https:\/\/static.africa-press.net\/gabon\/sites\/54\/2023\/08\/sm_1693440710.832314.jpg\" \/>\n\t<meta property=\"og:image:width\" content=\"864\" \/>\n\t<meta property=\"og:image:height\" content=\"503\" \/>\n\t<meta property=\"og:image:type\" content=\"image\/jpeg\" \/>\n<meta name=\"author\" content=\"cfeditorfr\" \/>\n<meta name=\"twitter:card\" content=\"summary_large_image\" \/>\n<meta name=\"twitter:label1\" content=\"\u00c9crit par\" \/>\n\t<meta name=\"twitter:data1\" content=\"cfeditorfr\" \/>\n\t<meta name=\"twitter:label2\" content=\"Dur\u00e9e de lecture estim\u00e9e\" \/>\n\t<meta name=\"twitter:data2\" content=\"2 minutes\" \/>\n<script type=\"application\/ld+json\" class=\"yoast-schema-graph\">{\"@context\":\"https:\/\/schema.org\",\"@graph\":[{\"@type\":\"Article\",\"@id\":\"https:\/\/www.africa-press.net\/gabon\/dossiers\/coup-detat-au-gabon-macron-et-sa-diplomatie-interpeles-par-les-oppositions#article\",\"isPartOf\":{\"@id\":\"https:\/\/www.africa-press.net\/gabon\/dossiers\/coup-detat-au-gabon-macron-et-sa-diplomatie-interpeles-par-les-oppositions\"},\"author\":{\"name\":\"cfeditorfr\",\"@id\":\"https:\/\/www.africa-press.net\/gabon\/#\/schema\/person\/2b1cf3cd81a31e3cd26889ca66d677f1\"},\"headline\":\"Coup d\u2019Etat au Gabon: Macron et sa diplomatie interpel\u00e9s par les oppositions\",\"datePublished\":\"2023-08-31T03:29:45+00:00\",\"dateModified\":\"2023-08-31T03:43:58+00:00\",\"mainEntityOfPage\":{\"@id\":\"https:\/\/www.africa-press.net\/gabon\/dossiers\/coup-detat-au-gabon-macron-et-sa-diplomatie-interpeles-par-les-oppositions\"},\"wordCount\":460,\"commentCount\":0,\"image\":{\"@id\":\"https:\/\/www.africa-press.net\/gabon\/dossiers\/coup-detat-au-gabon-macron-et-sa-diplomatie-interpeles-par-les-oppositions#primaryimage\"},\"thumbnailUrl\":\"https:\/\/static.africa-press.net\/gabon\/sites\/54\/2023\/08\/sm_1693440710.832314.jpg\",\"keywords\":[\"Africa Press\",\"Africa Press-Gabon\",\"Emmanuel Macron\",\"Gabon\",\"Jean-Luc M\u00e9lenchon\"],\"articleSection\":[\"Dossiers\",\"to-homepage\",\"Toutes les actualit\u00e9s\"],\"inLanguage\":\"fr-FR\",\"potentialAction\":[{\"@type\":\"CommentAction\",\"name\":\"Comment\",\"target\":[\"https:\/\/www.africa-press.net\/gabon\/dossiers\/coup-detat-au-gabon-macron-et-sa-diplomatie-interpeles-par-les-oppositions#respond\"]}]},{\"@type\":\"WebPage\",\"@id\":\"https:\/\/www.africa-press.net\/gabon\/dossiers\/coup-detat-au-gabon-macron-et-sa-diplomatie-interpeles-par-les-oppositions\",\"url\":\"https:\/\/www.africa-press.net\/gabon\/dossiers\/coup-detat-au-gabon-macron-et-sa-diplomatie-interpeles-par-les-oppositions\",\"name\":\"Coup d\u2019Etat au Gabon: Macron et sa diplomatie interpel\u00e9s par les oppositions - Gabon\",\"isPartOf\":{\"@id\":\"https:\/\/www.africa-press.net\/gabon\/#website\"},\"primaryImageOfPage\":{\"@id\":\"https:\/\/www.africa-press.net\/gabon\/dossiers\/coup-detat-au-gabon-macron-et-sa-diplomatie-interpeles-par-les-oppositions#primaryimage\"},\"image\":{\"@id\":\"https:\/\/www.africa-press.net\/gabon\/dossiers\/coup-detat-au-gabon-macron-et-sa-diplomatie-interpeles-par-les-oppositions#primaryimage\"},\"thumbnailUrl\":\"https:\/\/static.africa-press.net\/gabon\/sites\/54\/2023\/08\/sm_1693440710.832314.jpg\",\"datePublished\":\"2023-08-31T03:29:45+00:00\",\"dateModified\":\"2023-08-31T03:43:58+00:00\",\"author\":{\"@id\":\"https:\/\/www.africa-press.net\/gabon\/#\/schema\/person\/2b1cf3cd81a31e3cd26889ca66d677f1\"},\"description\":\"Le pre\u0301sident franc\u0327ais Emmanuel Macron, et sa diplomatie, toujours silencieux depuis le de\u0301but des e\u0301ve\u0301nements survenu ...\",\"breadcrumb\":{\"@id\":\"https:\/\/www.africa-press.net\/gabon\/dossiers\/coup-detat-au-gabon-macron-et-sa-diplomatie-interpeles-par-les-oppositions#breadcrumb\"},\"inLanguage\":\"fr-FR\",\"potentialAction\":[{\"@type\":\"ReadAction\",\"target\":[\"https:\/\/www.africa-press.net\/gabon\/dossiers\/coup-detat-au-gabon-macron-et-sa-diplomatie-interpeles-par-les-oppositions\"]}]},{\"@type\":\"ImageObject\",\"inLanguage\":\"fr-FR\",\"@id\":\"https:\/\/www.africa-press.net\/gabon\/dossiers\/coup-detat-au-gabon-macron-et-sa-diplomatie-interpeles-par-les-oppositions#primaryimage\",\"url\":\"https:\/\/static.africa-press.net\/gabon\/sites\/54\/2023\/08\/sm_1693440710.832314.jpg\",\"contentUrl\":\"https:\/\/static.africa-press.net\/gabon\/sites\/54\/2023\/08\/sm_1693440710.832314.jpg\",\"width\":864,\"height\":503,\"caption\":\"Coup d\u2019Etat au Gabon: Macron et sa diplomatie interpel\u00e9s par les oppositions\"},{\"@type\":\"BreadcrumbList\",\"@id\":\"https:\/\/www.africa-press.net\/gabon\/dossiers\/coup-detat-au-gabon-macron-et-sa-diplomatie-interpeles-par-les-oppositions#breadcrumb\",\"itemListElement\":[{\"@type\":\"ListItem\",\"position\":1,\"name\":\"Accueil\",\"item\":\"https:\/\/www.africa-press.net\/gabon\/\"},{\"@type\":\"ListItem\",\"position\":2,\"name\":\"Coup d\u2019Etat au Gabon: Macron et sa diplomatie interpel\u00e9s par les oppositions\"}]},{\"@type\":\"WebSite\",\"@id\":\"https:\/\/www.africa-press.net\/gabon\/#website\",\"url\":\"https:\/\/www.africa-press.net\/gabon\/\",\"name\":\"Gabon\",\"description\":\"Just another Africa News Agency Sites site\",\"potentialAction\":[{\"@type\":\"SearchAction\",\"target\":{\"@type\":\"EntryPoint\",\"urlTemplate\":\"https:\/\/www.africa-press.net\/gabon\/?s={search_term_string}\"},\"query-input\":{\"@type\":\"PropertyValueSpecification\",\"valueRequired\":true,\"valueName\":\"search_term_string\"}}],\"inLanguage\":\"fr-FR\"},{\"@type\":\"Person\",\"@id\":\"https:\/\/www.africa-press.net\/gabon\/#\/schema\/person\/2b1cf3cd81a31e3cd26889ca66d677f1\",\"name\":\"cfeditorfr\"}]}<\/script>\n<!-- \/ Yoast SEO Premium plugin. -->","yoast_head_json":{"title":"Coup d\u2019Etat au Gabon: Macron et sa diplomatie interpel\u00e9s par les oppositions - Gabon","description":"Le pre\u0301sident franc\u0327ais Emmanuel Macron, et sa diplomatie, toujours silencieux depuis le de\u0301but des e\u0301ve\u0301nements survenu ...","robots":{"index":"index","follow":"follow","max-snippet":"max-snippet:-1","max-image-preview":"max-image-preview:large","max-video-preview":"max-video-preview:-1"},"canonical":"https:\/\/www.africa-press.net\/gabon\/dossiers\/coup-detat-au-gabon-macron-et-sa-diplomatie-interpeles-par-les-oppositions","og_locale":"fr_FR","og_type":"article","og_title":"Coup d\u2019Etat au Gabon: Macron et sa diplomatie interpel\u00e9s par les oppositions","og_description":"Le pre\u0301sident franc\u0327ais Emmanuel Macron, et sa diplomatie, toujours silencieux depuis le de\u0301but des e\u0301ve\u0301nements survenu ...","og_url":"https:\/\/www.africa-press.net\/gabon\/dossiers\/coup-detat-au-gabon-macron-et-sa-diplomatie-interpeles-par-les-oppositions","og_site_name":"Gabon","article_published_time":"2023-08-31T03:29:45+00:00","article_modified_time":"2023-08-31T03:43:58+00:00","og_image":[{"width":864,"height":503,"url":"https:\/\/static.africa-press.net\/gabon\/sites\/54\/2023\/08\/sm_1693440710.832314.jpg","type":"image\/jpeg"}],"author":"cfeditorfr","twitter_card":"summary_large_image","twitter_misc":{"\u00c9crit par":"cfeditorfr","Dur\u00e9e de lecture estim\u00e9e":"2 minutes"},"schema":{"@context":"https:\/\/schema.org","@graph":[{"@type":"Article","@id":"https:\/\/www.africa-press.net\/gabon\/dossiers\/coup-detat-au-gabon-macron-et-sa-diplomatie-interpeles-par-les-oppositions#article","isPartOf":{"@id":"https:\/\/www.africa-press.net\/gabon\/dossiers\/coup-detat-au-gabon-macron-et-sa-diplomatie-interpeles-par-les-oppositions"},"author":{"name":"cfeditorfr","@id":"https:\/\/www.africa-press.net\/gabon\/#\/schema\/person\/2b1cf3cd81a31e3cd26889ca66d677f1"},"headline":"Coup d\u2019Etat au Gabon: Macron et sa diplomatie interpel\u00e9s par les oppositions","datePublished":"2023-08-31T03:29:45+00:00","dateModified":"2023-08-31T03:43:58+00:00","mainEntityOfPage":{"@id":"https:\/\/www.africa-press.net\/gabon\/dossiers\/coup-detat-au-gabon-macron-et-sa-diplomatie-interpeles-par-les-oppositions"},"wordCount":460,"commentCount":0,"image":{"@id":"https:\/\/www.africa-press.net\/gabon\/dossiers\/coup-detat-au-gabon-macron-et-sa-diplomatie-interpeles-par-les-oppositions#primaryimage"},"thumbnailUrl":"https:\/\/static.africa-press.net\/gabon\/sites\/54\/2023\/08\/sm_1693440710.832314.jpg","keywords":["Africa Press","Africa Press-Gabon","Emmanuel Macron","Gabon","Jean-Luc M\u00e9lenchon"],"articleSection":["Dossiers","to-homepage","Toutes les actualit\u00e9s"],"inLanguage":"fr-FR","potentialAction":[{"@type":"CommentAction","name":"Comment","target":["https:\/\/www.africa-press.net\/gabon\/dossiers\/coup-detat-au-gabon-macron-et-sa-diplomatie-interpeles-par-les-oppositions#respond"]}]},{"@type":"WebPage","@id":"https:\/\/www.africa-press.net\/gabon\/dossiers\/coup-detat-au-gabon-macron-et-sa-diplomatie-interpeles-par-les-oppositions","url":"https:\/\/www.africa-press.net\/gabon\/dossiers\/coup-detat-au-gabon-macron-et-sa-diplomatie-interpeles-par-les-oppositions","name":"Coup d\u2019Etat au Gabon: Macron et sa diplomatie interpel\u00e9s par les oppositions - Gabon","isPartOf":{"@id":"https:\/\/www.africa-press.net\/gabon\/#website"},"primaryImageOfPage":{"@id":"https:\/\/www.africa-press.net\/gabon\/dossiers\/coup-detat-au-gabon-macron-et-sa-diplomatie-interpeles-par-les-oppositions#primaryimage"},"image":{"@id":"https:\/\/www.africa-press.net\/gabon\/dossiers\/coup-detat-au-gabon-macron-et-sa-diplomatie-interpeles-par-les-oppositions#primaryimage"},"thumbnailUrl":"https:\/\/static.africa-press.net\/gabon\/sites\/54\/2023\/08\/sm_1693440710.832314.jpg","datePublished":"2023-08-31T03:29:45+00:00","dateModified":"2023-08-31T03:43:58+00:00","author":{"@id":"https:\/\/www.africa-press.net\/gabon\/#\/schema\/person\/2b1cf3cd81a31e3cd26889ca66d677f1"},"description":"Le pre\u0301sident franc\u0327ais Emmanuel Macron, et sa diplomatie, toujours silencieux depuis le de\u0301but des e\u0301ve\u0301nements survenu ...","breadcrumb":{"@id":"https:\/\/www.africa-press.net\/gabon\/dossiers\/coup-detat-au-gabon-macron-et-sa-diplomatie-interpeles-par-les-oppositions#breadcrumb"},"inLanguage":"fr-FR","potentialAction":[{"@type":"ReadAction","target":["https:\/\/www.africa-press.net\/gabon\/dossiers\/coup-detat-au-gabon-macron-et-sa-diplomatie-interpeles-par-les-oppositions"]}]},{"@type":"ImageObject","inLanguage":"fr-FR","@id":"https:\/\/www.africa-press.net\/gabon\/dossiers\/coup-detat-au-gabon-macron-et-sa-diplomatie-interpeles-par-les-oppositions#primaryimage","url":"https:\/\/static.africa-press.net\/gabon\/sites\/54\/2023\/08\/sm_1693440710.832314.jpg","contentUrl":"https:\/\/static.africa-press.net\/gabon\/sites\/54\/2023\/08\/sm_1693440710.832314.jpg","width":864,"height":503,"caption":"Coup d\u2019Etat au Gabon: Macron et sa diplomatie interpel\u00e9s par les oppositions"},{"@type":"BreadcrumbList","@id":"https:\/\/www.africa-press.net\/gabon\/dossiers\/coup-detat-au-gabon-macron-et-sa-diplomatie-interpeles-par-les-oppositions#breadcrumb","itemListElement":[{"@type":"ListItem","position":1,"name":"Accueil","item":"https:\/\/www.africa-press.net\/gabon\/"},{"@type":"ListItem","position":2,"name":"Coup d\u2019Etat au Gabon: Macron et sa diplomatie interpel\u00e9s par les oppositions"}]},{"@type":"WebSite","@id":"https:\/\/www.africa-press.net\/gabon\/#website","url":"https:\/\/www.africa-press.net\/gabon\/","name":"Gabon","description":"Just another Africa News Agency Sites site","potentialAction":[{"@type":"SearchAction","target":{"@type":"EntryPoint","urlTemplate":"https:\/\/www.africa-press.net\/gabon\/?s={search_term_string}"},"query-input":{"@type":"PropertyValueSpecification","valueRequired":true,"valueName":"search_term_string"}}],"inLanguage":"fr-FR"},{"@type":"Person","@id":"https:\/\/www.africa-press.net\/gabon\/#\/schema\/person\/2b1cf3cd81a31e3cd26889ca66d677f1","name":"cfeditorfr"}]}},"_links":{"self":[{"href":"https:\/\/www.africa-press.net\/gabon\/wp-json\/wp\/v2\/posts\/25603","targetHints":{"allow":["GET"]}}],"collection":[{"href":"https:\/\/www.africa-press.net\/gabon\/wp-json\/wp\/v2\/posts"}],"about":[{"href":"https:\/\/www.africa-press.net\/gabon\/wp-json\/wp\/v2\/types\/post"}],"author":[{"embeddable":true,"href":"https:\/\/www.africa-press.net\/gabon\/wp-json\/wp\/v2\/users\/82"}],"replies":[{"embeddable":true,"href":"https:\/\/www.africa-press.net\/gabon\/wp-json\/wp\/v2\/comments?post=25603"}],"version-history":[{"count":0,"href":"https:\/\/www.africa-press.net\/gabon\/wp-json\/wp\/v2\/posts\/25603\/revisions"}],"wp:featuredmedia":[{"embeddable":true,"href":"https:\/\/www.africa-press.net\/gabon\/wp-json\/wp\/v2\/media\/25602"}],"wp:attachment":[{"href":"https:\/\/www.africa-press.net\/gabon\/wp-json\/wp\/v2\/media?parent=25603"}],"wp:term":[{"taxonomy":"category","embeddable":true,"href":"https:\/\/www.africa-press.net\/gabon\/wp-json\/wp\/v2\/categories?post=25603"},{"taxonomy":"post_tag","embeddable":true,"href":"https:\/\/www.africa-press.net\/gabon\/wp-json\/wp\/v2\/tags?post=25603"}],"curies":[{"name":"wp","href":"https:\/\/api.w.org\/{rel}","templated":true}]}}