{"id":25621,"date":"2023-08-30T22:35:17","date_gmt":"2023-08-30T22:35:17","guid":{"rendered":"https:\/\/www.africa-press.net\/gabon\/politique\/la-france-condamne-le-coup-detat-militaire-au-gabon"},"modified":"2023-08-31T03:53:50","modified_gmt":"2023-08-31T03:53:50","slug":"la-france-condamne-le-coup-detat-militaire-au-gabon","status":"publish","type":"post","link":"https:\/\/www.africa-press.net\/gabon\/politique\/la-france-condamne-le-coup-detat-militaire-au-gabon","title":{"rendered":"La France \u00ab\u00a0condamne le coup d\u2019\u00c9tat militaire\u00a0\u00bb au Gabon"},"content":{"rendered":"<p><span style=\"color: #ff6600\"><strong>Africa-Press &#8211; Gabon. <\/strong><\/span>La France condamne le coup d\u2019E\u0301tat militaire qui est en cours au Gabon\u00a0\u00bb, a de\u0301clare\u0301 le porte-parole du gouvernement franc\u0327ais, lors d\u2019une confe\u0301rence de presse a\u0300 l&rsquo;issue du Conseil des ministres.<\/p>\n<p>La France \u00ab\u00a0re\u0301affirme son souhait que le re\u0301sultat de l\u2019e\u0301lection, lorsqu\u2019il sera connu, soit respecte\u0301\u00a0\u00bb, a-t-il ajoute\u0301.<\/p>\n<p>Un groupe d&rsquo;officiers supe\u0301rieurs de l&rsquo;arme\u0301e gabonaise a annonce\u0301, to\u0302t mercredi, sur les ondes de la Te\u0301le\u0301vision publique, qu&rsquo;il avait pris le pouvoir.<\/p>\n<p>Ces de\u0301veloppements sont intervenus peu apre\u0300s que le Centre gabonais des e\u0301lections (CGE) avait confirme\u0301 la victoire du pre\u0301sident sortant, Ali Bongo, qui a recueilli 64,27 % des suffrages et a ainsi officiellement e\u0301te\u0301 re\u0301e\u0301lu pour un troisie\u0300me mandat.<\/p>\n<p>\u00ab\u00a0Aujourd&rsquo;hui, 30 aou\u0302t 2023, nous, forces de de\u0301fense et de se\u0301curite\u0301 re\u0301unies au sein du Comite\u0301 de transition et de restauration des institutions (CTRI), au nom du peuple gabonais et en tant que garants de la protection des institutions, avons de\u0301cide\u0301 de de\u0301fendre la paix en mettant fin au re\u0301gime en place\u00a0\u00bb, a de\u0301clare\u0301 un porte-parole militaire.<\/p>\n<p>Il a e\u0301galement annonce\u0301 l&rsquo;annulation des e\u0301lections ge\u0301ne\u0301rales du 26 aou\u0302t, la fermeture de toutes les frontie\u0300res jusqu&rsquo;a\u0300 nouvel ordre et la dissolution de toutes les institutions de la Re\u0301publique.<\/p>\n<p>Les re\u0301sultats des e\u0301lections \u00ab\u00a0sont tronque\u0301s\u00a0\u00bb, a-t-il ajoute\u0301, les de\u0301clarant nuls et non avenus.<\/p>\n<p>Le pre\u0301sident de\u0301chu du Gabon, Ali Bongo, est en re\u0301sidence surveille\u0301e, ont aussi indique\u0301, ce mercredi, les militaires putschistes a\u0300 la te\u0301le\u0301vision d\u2019E\u0301tat. Selon un communique\u0301 lu par les militaires du Comite\u0301 de Transition et de Restauration des Institutions (CTRI), Bongo serait \u00ab\u00a0entoure\u0301 de sa famille et de ses me\u0301decins\u00a0\u00bb.<\/p>\n<p>L&rsquo;un des fils du pre\u0301sident aurait e\u0301te\u0301 arre\u0302te\u0301 pour \u00ab\u00a0haute trahison\u00a0\u00bb, toujours selon les putschistes.<\/p>\n<p>Lors de la troisie\u0300me journe\u0301e de la Confe\u0301rence des Ambassadeurs, la Premie\u0300re ministre franc\u0327aise, E\u0301lisabeth Borne, a de\u0301clare\u0301, ce mercredi matin, que la France suit \u00ab\u00a0avec la plus grande attention\u00a0\u00bb les e\u0301ve\u0301nements en cours au Gabon.<\/p>\n<p><strong>Pour plus d&rsquo;informations et d&rsquo;analyses sur la <a href=\"https:\/\/www.africa-press.net\/gabon\">Gabon<\/a>, suivez <a href=\"https:\/\/www.africa-press.net\/\">Africa-Press<\/a><\/strong><\/p>\n","protected":false},"excerpt":{"rendered":"<p>Africa-Press &#8211; Gabon. La France condamne le coup d\u2019E\u0301tat militaire qui est en cours au Gabon\u00a0\u00bb, a de\u0301clare\u0301 le porte-parole du gouvernement franc\u0327ais, lors d\u2019une confe\u0301rence de presse a\u0300 l&rsquo;issue du Conseil des ministres. La France \u00ab\u00a0re\u0301affirme son souhait que le re\u0301sultat de l\u2019e\u0301lection, lorsqu\u2019il sera connu, soit respecte\u0301\u00a0\u00bb, a-t-il ajoute\u0301. Un groupe d&rsquo;officiers supe\u0301rieurs [&hellip;]<\/p>\n","protected":false},"author":82,"featured_media":25619,"comment_status":"open","ping_status":"closed","sticky":false,"template":"","format":"standard","meta":{"footnotes":""},"categories":[2,20,10],"tags":[36,50,165,862,511,49,868],"class_list":["post-25621","post","type-post","status-publish","format-standard","has-post-thumbnail","hentry","category-politique","category-top-nouvelles","category-toutes-les-actualites","tag-africa-press","tag-africa-press-gabon","tag-ali-bongo","tag-coup-detat-au-gabon","tag-france","tag-gabon","tag-olivier-veran"],"yoast_head":"<!-- This site is optimized with the Yoast SEO Premium plugin v26.1 (Yoast SEO v27.0) - https:\/\/yoast.com\/product\/yoast-seo-premium-wordpress\/ -->\n<title>La France &quot;condamne le coup d\u2019\u00c9tat militaire&quot; au Gabon - Gabon<\/title>\n<meta name=\"description\" content=\"La France condamne le coup d\u2019E\u0301tat militaire qui est en cours au Gabon&quot;, a de\u0301clare\u0301 le porte-parole du gouvernement fra ...\" \/>\n<meta name=\"robots\" content=\"index, follow, max-snippet:-1, max-image-preview:large, max-video-preview:-1\" \/>\n<link rel=\"canonical\" href=\"https:\/\/www.africa-press.net\/gabon\/politique\/la-france-condamne-le-coup-detat-militaire-au-gabon\" \/>\n<meta property=\"og:locale\" content=\"fr_FR\" \/>\n<meta property=\"og:type\" content=\"article\" \/>\n<meta property=\"og:title\" content=\"La France &quot;condamne le coup d\u2019\u00c9tat militaire&quot; au Gabon\" \/>\n<meta property=\"og:description\" content=\"La France condamne le coup d\u2019E\u0301tat militaire qui est en cours au Gabon&quot;, a de\u0301clare\u0301 le porte-parole du gouvernement fra ...\" \/>\n<meta property=\"og:url\" content=\"https:\/\/www.africa-press.net\/gabon\/politique\/la-france-condamne-le-coup-detat-militaire-au-gabon\" \/>\n<meta property=\"og:site_name\" content=\"Gabon\" \/>\n<meta property=\"article:published_time\" content=\"2023-08-30T22:35:17+00:00\" \/>\n<meta property=\"article:modified_time\" content=\"2023-08-31T03:53:50+00:00\" \/>\n<meta property=\"og:image\" content=\"https:\/\/static.africa-press.net\/gabon\/sites\/54\/2023\/08\/sm_1693441074.528928.jpg\" \/>\n\t<meta property=\"og:image:width\" content=\"864\" \/>\n\t<meta property=\"og:image:height\" content=\"486\" \/>\n\t<meta property=\"og:image:type\" content=\"image\/jpeg\" \/>\n<meta name=\"author\" content=\"cfeditorfr\" \/>\n<meta name=\"twitter:card\" content=\"summary_large_image\" \/>\n<meta name=\"twitter:label1\" content=\"\u00c9crit par\" \/>\n\t<meta name=\"twitter:data1\" content=\"cfeditorfr\" \/>\n\t<meta name=\"twitter:label2\" content=\"Dur\u00e9e de lecture estim\u00e9e\" \/>\n\t<meta name=\"twitter:data2\" content=\"2 minutes\" \/>\n<script type=\"application\/ld+json\" class=\"yoast-schema-graph\">{\"@context\":\"https:\/\/schema.org\",\"@graph\":[{\"@type\":\"Article\",\"@id\":\"https:\/\/www.africa-press.net\/gabon\/politique\/la-france-condamne-le-coup-detat-militaire-au-gabon#article\",\"isPartOf\":{\"@id\":\"https:\/\/www.africa-press.net\/gabon\/politique\/la-france-condamne-le-coup-detat-militaire-au-gabon\"},\"author\":{\"name\":\"cfeditorfr\",\"@id\":\"https:\/\/www.africa-press.net\/gabon\/#\/schema\/person\/2b1cf3cd81a31e3cd26889ca66d677f1\"},\"headline\":\"La France \u00ab\u00a0condamne le coup d\u2019\u00c9tat militaire\u00a0\u00bb au Gabon\",\"datePublished\":\"2023-08-30T22:35:17+00:00\",\"dateModified\":\"2023-08-31T03:53:50+00:00\",\"mainEntityOfPage\":{\"@id\":\"https:\/\/www.africa-press.net\/gabon\/politique\/la-france-condamne-le-coup-detat-militaire-au-gabon\"},\"wordCount\":404,\"commentCount\":0,\"image\":{\"@id\":\"https:\/\/www.africa-press.net\/gabon\/politique\/la-france-condamne-le-coup-detat-militaire-au-gabon#primaryimage\"},\"thumbnailUrl\":\"https:\/\/static.africa-press.net\/gabon\/sites\/54\/2023\/08\/sm_1693441074.528928.jpg\",\"keywords\":[\"Africa Press\",\"Africa Press-Gabon\",\"Ali Bongo\",\"Coup d'\u00c9tat au Gabon\",\"France\",\"Gabon\",\"Olivier V\u00e9ran\"],\"articleSection\":[\"Politique\",\"Top Nouvelles\",\"Toutes les actualit\u00e9s\"],\"inLanguage\":\"fr-FR\",\"potentialAction\":[{\"@type\":\"CommentAction\",\"name\":\"Comment\",\"target\":[\"https:\/\/www.africa-press.net\/gabon\/politique\/la-france-condamne-le-coup-detat-militaire-au-gabon#respond\"]}]},{\"@type\":\"WebPage\",\"@id\":\"https:\/\/www.africa-press.net\/gabon\/politique\/la-france-condamne-le-coup-detat-militaire-au-gabon\",\"url\":\"https:\/\/www.africa-press.net\/gabon\/politique\/la-france-condamne-le-coup-detat-militaire-au-gabon\",\"name\":\"La France \\\"condamne le coup d\u2019\u00c9tat militaire\\\" au Gabon - Gabon\",\"isPartOf\":{\"@id\":\"https:\/\/www.africa-press.net\/gabon\/#website\"},\"primaryImageOfPage\":{\"@id\":\"https:\/\/www.africa-press.net\/gabon\/politique\/la-france-condamne-le-coup-detat-militaire-au-gabon#primaryimage\"},\"image\":{\"@id\":\"https:\/\/www.africa-press.net\/gabon\/politique\/la-france-condamne-le-coup-detat-militaire-au-gabon#primaryimage\"},\"thumbnailUrl\":\"https:\/\/static.africa-press.net\/gabon\/sites\/54\/2023\/08\/sm_1693441074.528928.jpg\",\"datePublished\":\"2023-08-30T22:35:17+00:00\",\"dateModified\":\"2023-08-31T03:53:50+00:00\",\"author\":{\"@id\":\"https:\/\/www.africa-press.net\/gabon\/#\/schema\/person\/2b1cf3cd81a31e3cd26889ca66d677f1\"},\"description\":\"La France condamne le coup d\u2019E\u0301tat militaire qui est en cours au Gabon\\\", a de\u0301clare\u0301 le porte-parole du gouvernement fra ...\",\"breadcrumb\":{\"@id\":\"https:\/\/www.africa-press.net\/gabon\/politique\/la-france-condamne-le-coup-detat-militaire-au-gabon#breadcrumb\"},\"inLanguage\":\"fr-FR\",\"potentialAction\":[{\"@type\":\"ReadAction\",\"target\":[\"https:\/\/www.africa-press.net\/gabon\/politique\/la-france-condamne-le-coup-detat-militaire-au-gabon\"]}]},{\"@type\":\"ImageObject\",\"inLanguage\":\"fr-FR\",\"@id\":\"https:\/\/www.africa-press.net\/gabon\/politique\/la-france-condamne-le-coup-detat-militaire-au-gabon#primaryimage\",\"url\":\"https:\/\/static.africa-press.net\/gabon\/sites\/54\/2023\/08\/sm_1693441074.528928.jpg\",\"contentUrl\":\"https:\/\/static.africa-press.net\/gabon\/sites\/54\/2023\/08\/sm_1693441074.528928.jpg\",\"width\":864,\"height\":486,\"caption\":\"La France \\\"condamne le coup d\u2019\u00c9tat militaire\\\" au Gabon\"},{\"@type\":\"BreadcrumbList\",\"@id\":\"https:\/\/www.africa-press.net\/gabon\/politique\/la-france-condamne-le-coup-detat-militaire-au-gabon#breadcrumb\",\"itemListElement\":[{\"@type\":\"ListItem\",\"position\":1,\"name\":\"Accueil\",\"item\":\"https:\/\/www.africa-press.net\/gabon\/\"},{\"@type\":\"ListItem\",\"position\":2,\"name\":\"La France &#8220;condamne le coup d\u2019\u00c9tat militaire&#8221; au Gabon\"}]},{\"@type\":\"WebSite\",\"@id\":\"https:\/\/www.africa-press.net\/gabon\/#website\",\"url\":\"https:\/\/www.africa-press.net\/gabon\/\",\"name\":\"Gabon\",\"description\":\"Just another Africa News Agency Sites site\",\"potentialAction\":[{\"@type\":\"SearchAction\",\"target\":{\"@type\":\"EntryPoint\",\"urlTemplate\":\"https:\/\/www.africa-press.net\/gabon\/?s={search_term_string}\"},\"query-input\":{\"@type\":\"PropertyValueSpecification\",\"valueRequired\":true,\"valueName\":\"search_term_string\"}}],\"inLanguage\":\"fr-FR\"},{\"@type\":\"Person\",\"@id\":\"https:\/\/www.africa-press.net\/gabon\/#\/schema\/person\/2b1cf3cd81a31e3cd26889ca66d677f1\",\"name\":\"cfeditorfr\"}]}<\/script>\n<!-- \/ Yoast SEO Premium plugin. -->","yoast_head_json":{"title":"La France \"condamne le coup d\u2019\u00c9tat militaire\" au Gabon - Gabon","description":"La France condamne le coup d\u2019E\u0301tat militaire qui est en cours au Gabon\", a de\u0301clare\u0301 le porte-parole du gouvernement fra ...","robots":{"index":"index","follow":"follow","max-snippet":"max-snippet:-1","max-image-preview":"max-image-preview:large","max-video-preview":"max-video-preview:-1"},"canonical":"https:\/\/www.africa-press.net\/gabon\/politique\/la-france-condamne-le-coup-detat-militaire-au-gabon","og_locale":"fr_FR","og_type":"article","og_title":"La France \"condamne le coup d\u2019\u00c9tat militaire\" au Gabon","og_description":"La France condamne le coup d\u2019E\u0301tat militaire qui est en cours au Gabon\", a de\u0301clare\u0301 le porte-parole du gouvernement fra ...","og_url":"https:\/\/www.africa-press.net\/gabon\/politique\/la-france-condamne-le-coup-detat-militaire-au-gabon","og_site_name":"Gabon","article_published_time":"2023-08-30T22:35:17+00:00","article_modified_time":"2023-08-31T03:53:50+00:00","og_image":[{"width":864,"height":486,"url":"https:\/\/static.africa-press.net\/gabon\/sites\/54\/2023\/08\/sm_1693441074.528928.jpg","type":"image\/jpeg"}],"author":"cfeditorfr","twitter_card":"summary_large_image","twitter_misc":{"\u00c9crit par":"cfeditorfr","Dur\u00e9e de lecture estim\u00e9e":"2 minutes"},"schema":{"@context":"https:\/\/schema.org","@graph":[{"@type":"Article","@id":"https:\/\/www.africa-press.net\/gabon\/politique\/la-france-condamne-le-coup-detat-militaire-au-gabon#article","isPartOf":{"@id":"https:\/\/www.africa-press.net\/gabon\/politique\/la-france-condamne-le-coup-detat-militaire-au-gabon"},"author":{"name":"cfeditorfr","@id":"https:\/\/www.africa-press.net\/gabon\/#\/schema\/person\/2b1cf3cd81a31e3cd26889ca66d677f1"},"headline":"La France \u00ab\u00a0condamne le coup d\u2019\u00c9tat militaire\u00a0\u00bb au Gabon","datePublished":"2023-08-30T22:35:17+00:00","dateModified":"2023-08-31T03:53:50+00:00","mainEntityOfPage":{"@id":"https:\/\/www.africa-press.net\/gabon\/politique\/la-france-condamne-le-coup-detat-militaire-au-gabon"},"wordCount":404,"commentCount":0,"image":{"@id":"https:\/\/www.africa-press.net\/gabon\/politique\/la-france-condamne-le-coup-detat-militaire-au-gabon#primaryimage"},"thumbnailUrl":"https:\/\/static.africa-press.net\/gabon\/sites\/54\/2023\/08\/sm_1693441074.528928.jpg","keywords":["Africa Press","Africa Press-Gabon","Ali Bongo","Coup d'\u00c9tat au Gabon","France","Gabon","Olivier V\u00e9ran"],"articleSection":["Politique","Top Nouvelles","Toutes les actualit\u00e9s"],"inLanguage":"fr-FR","potentialAction":[{"@type":"CommentAction","name":"Comment","target":["https:\/\/www.africa-press.net\/gabon\/politique\/la-france-condamne-le-coup-detat-militaire-au-gabon#respond"]}]},{"@type":"WebPage","@id":"https:\/\/www.africa-press.net\/gabon\/politique\/la-france-condamne-le-coup-detat-militaire-au-gabon","url":"https:\/\/www.africa-press.net\/gabon\/politique\/la-france-condamne-le-coup-detat-militaire-au-gabon","name":"La France \"condamne le coup d\u2019\u00c9tat militaire\" au Gabon - Gabon","isPartOf":{"@id":"https:\/\/www.africa-press.net\/gabon\/#website"},"primaryImageOfPage":{"@id":"https:\/\/www.africa-press.net\/gabon\/politique\/la-france-condamne-le-coup-detat-militaire-au-gabon#primaryimage"},"image":{"@id":"https:\/\/www.africa-press.net\/gabon\/politique\/la-france-condamne-le-coup-detat-militaire-au-gabon#primaryimage"},"thumbnailUrl":"https:\/\/static.africa-press.net\/gabon\/sites\/54\/2023\/08\/sm_1693441074.528928.jpg","datePublished":"2023-08-30T22:35:17+00:00","dateModified":"2023-08-31T03:53:50+00:00","author":{"@id":"https:\/\/www.africa-press.net\/gabon\/#\/schema\/person\/2b1cf3cd81a31e3cd26889ca66d677f1"},"description":"La France condamne le coup d\u2019E\u0301tat militaire qui est en cours au Gabon\", a de\u0301clare\u0301 le porte-parole du gouvernement fra ...","breadcrumb":{"@id":"https:\/\/www.africa-press.net\/gabon\/politique\/la-france-condamne-le-coup-detat-militaire-au-gabon#breadcrumb"},"inLanguage":"fr-FR","potentialAction":[{"@type":"ReadAction","target":["https:\/\/www.africa-press.net\/gabon\/politique\/la-france-condamne-le-coup-detat-militaire-au-gabon"]}]},{"@type":"ImageObject","inLanguage":"fr-FR","@id":"https:\/\/www.africa-press.net\/gabon\/politique\/la-france-condamne-le-coup-detat-militaire-au-gabon#primaryimage","url":"https:\/\/static.africa-press.net\/gabon\/sites\/54\/2023\/08\/sm_1693441074.528928.jpg","contentUrl":"https:\/\/static.africa-press.net\/gabon\/sites\/54\/2023\/08\/sm_1693441074.528928.jpg","width":864,"height":486,"caption":"La France \"condamne le coup d\u2019\u00c9tat militaire\" au Gabon"},{"@type":"BreadcrumbList","@id":"https:\/\/www.africa-press.net\/gabon\/politique\/la-france-condamne-le-coup-detat-militaire-au-gabon#breadcrumb","itemListElement":[{"@type":"ListItem","position":1,"name":"Accueil","item":"https:\/\/www.africa-press.net\/gabon\/"},{"@type":"ListItem","position":2,"name":"La France &#8220;condamne le coup d\u2019\u00c9tat militaire&#8221; au Gabon"}]},{"@type":"WebSite","@id":"https:\/\/www.africa-press.net\/gabon\/#website","url":"https:\/\/www.africa-press.net\/gabon\/","name":"Gabon","description":"Just another Africa News Agency Sites site","potentialAction":[{"@type":"SearchAction","target":{"@type":"EntryPoint","urlTemplate":"https:\/\/www.africa-press.net\/gabon\/?s={search_term_string}"},"query-input":{"@type":"PropertyValueSpecification","valueRequired":true,"valueName":"search_term_string"}}],"inLanguage":"fr-FR"},{"@type":"Person","@id":"https:\/\/www.africa-press.net\/gabon\/#\/schema\/person\/2b1cf3cd81a31e3cd26889ca66d677f1","name":"cfeditorfr"}]}},"_links":{"self":[{"href":"https:\/\/www.africa-press.net\/gabon\/wp-json\/wp\/v2\/posts\/25621","targetHints":{"allow":["GET"]}}],"collection":[{"href":"https:\/\/www.africa-press.net\/gabon\/wp-json\/wp\/v2\/posts"}],"about":[{"href":"https:\/\/www.africa-press.net\/gabon\/wp-json\/wp\/v2\/types\/post"}],"author":[{"embeddable":true,"href":"https:\/\/www.africa-press.net\/gabon\/wp-json\/wp\/v2\/users\/82"}],"replies":[{"embeddable":true,"href":"https:\/\/www.africa-press.net\/gabon\/wp-json\/wp\/v2\/comments?post=25621"}],"version-history":[{"count":0,"href":"https:\/\/www.africa-press.net\/gabon\/wp-json\/wp\/v2\/posts\/25621\/revisions"}],"wp:featuredmedia":[{"embeddable":true,"href":"https:\/\/www.africa-press.net\/gabon\/wp-json\/wp\/v2\/media\/25619"}],"wp:attachment":[{"href":"https:\/\/www.africa-press.net\/gabon\/wp-json\/wp\/v2\/media?parent=25621"}],"wp:term":[{"taxonomy":"category","embeddable":true,"href":"https:\/\/www.africa-press.net\/gabon\/wp-json\/wp\/v2\/categories?post=25621"},{"taxonomy":"post_tag","embeddable":true,"href":"https:\/\/www.africa-press.net\/gabon\/wp-json\/wp\/v2\/tags?post=25621"}],"curies":[{"name":"wp","href":"https:\/\/api.w.org\/{rel}","templated":true}]}}