{"id":25625,"date":"2023-08-30T22:37:01","date_gmt":"2023-08-30T22:37:01","guid":{"rendered":"https:\/\/www.africa-press.net\/gabon\/politique\/la-compagnie-francaise-eramet-annonce-la-reprise-progressive-de-ses-activites"},"modified":"2023-08-31T03:55:49","modified_gmt":"2023-08-31T03:55:49","slug":"la-compagnie-francaise-eramet-annonce-la-reprise-progressive-de-ses-activites","status":"publish","type":"post","link":"https:\/\/www.africa-press.net\/gabon\/economie\/la-compagnie-francaise-eramet-annonce-la-reprise-progressive-de-ses-activites","title":{"rendered":"La compagnie fran\u00e7aise Eramet annonce la reprise progressive de ses activit\u00e9s"},"content":{"rendered":"<p><span style=\"color: #ff6600\"><strong>Africa-Press &#8211; Gabon. <\/strong><\/span>Le groupe minier franc\u0327ais Eramet a annonce\u0301, ce mercredi, la reprise progressive de ses activite\u0301s au Gabon, ou\u0300 un coup d&rsquo;E\u0301tat a eu lieu dans la matine\u0301e.<\/p>\n<p>Par voie d&rsquo;un communique\u0301, la compagnie minie\u0300re a annonce\u0301 le \u00ab\u00a0rede\u0301marrage du fret ferroviaire de\u0300s ce soir et la reprise des activite\u0301s de production de mangane\u0300se de\u0300s demain\u00a0\u00bb, soit ce jeudi 31 aou\u0302t.<\/p>\n<p>\u00ab\u00a0Conforme\u0301ment aux proce\u0301dures du Groupe visant a\u0300 pre\u0301server la se\u0301curite\u0301 de son personnel et l\u2019inte\u0301grite\u0301 de ses installations, Eramet avait de\u0301cide\u0301 ce matin de suspendre de manie\u0300re pre\u0301ventive et temporaire l\u2019ensemble de ses activite\u0301s de production de mangane\u0300se et de transport ferroviaire localement\u00a0\u00bb, a rappele\u0301 la socie\u0301te\u0301 cote\u0301e a\u0300 la Bourse de Paris.<\/p>\n<p>Elle a indique\u0301 que la \u00ab\u00a0circulation des trains de voyageurs demeure suspendue jusqu\u2019a\u0300 nouvel ordre\u00a0\u00bb, pre\u0301cisant que le \u00ab\u00a0Groupe continue de suivre de pre\u0300s l\u2019e\u0301volution de la situation et tiendra le marche\u0301 informe\u0301\u00a0\u00bb.<\/p>\n<p>Au total, la production de la mine de Moanda aura e\u0301te\u0301 arre\u0302te\u0301e pendant 24 heures et le transport ferroviaire durant 18 heures, lit-on encore dans le communique\u0301.<\/p>\n<p>A travers ses filiales Comilog et Setrag, Eramet emploie plus de 8700 personnes (salarie\u0301s et sous-traitants) au Gabon, selon l&rsquo;information disponible sur Site Web. Elle a re\u0301alise\u0301 un chiffre d&rsquo;affaires de plus de 5 milliards d&rsquo;euros en 2022.<\/p>\n<p>La valeur de l&rsquo;action Eramet a plonge\u0301 de plus de 16 % au cours de la journe\u0301e de mercredi, a\u0300 la suite du coup d&rsquo;E\u0301tat au Gabon.<\/p>\n<p>L&rsquo;action de TotalEnergies EP Gabon a, quant a\u0300 elle, connu un recul de plus de 14 %.<\/p>\n<p>La valeur de l&rsquo;action Maurel a perdu plus de 14 % de sa valeur a\u0300 la Bourse de Paris, alors que la compagnie a re\u0301cemment annonce\u0301 son acquisition d&rsquo;inte\u0301re\u0302ts au Gabon, notamment le rachat du producteur de pe\u0301trole Assala Energy.<\/p>\n<p>Pour rappel, le pre\u0301sident du Gabon Ali Bongo Ondimba a e\u0301te\u0301 de\u0301chu et \u00ab\u00a0mis a\u0300 la retraite\u00a0\u00bb, ce mercredi matin, a\u0300 la suite d&rsquo;un coup d&rsquo;E\u0301tat, selon le ge\u0301ne\u0301ral Brice Oligui Nguema, chef de la Garde re\u0301publicaine et de\u0301crit comme le nouvel homme fort du pays. Ce dernier a e\u0301te\u0301 acclame\u0301 par des centaines de militaires ce mercredi matin, a\u0300 la suite du putsch.<\/p>\n<p>Ali Bongo, qui avait nouvellement e\u0301te\u0301 re\u0301e\u0301lu pour un troisie\u0300me mandat, a e\u0301te\u0301 place\u0301 en re\u0301sidence surveille\u0301e et plusieurs personnalite\u0301s politiques proches de celui-ci ont e\u0301te\u0301 arre\u0302te\u0301es.<\/p>\n<p>Ces de\u0301veloppements sont intervenus peu apre\u0300s que le Centre gabonais des e\u0301lections (CGE) avait confirme\u0301 la victoire du pre\u0301sident sortant.<\/p>\n<p>Le pre\u0301sident de la Commission de l&rsquo;Union africaine (UA) a \u00ab\u00a0fermement condamne\u0301 la tentative de coup d&rsquo;E\u0301tat\u00a0\u00bb survenue au Gabon, ce mercredi.<\/p>\n<p>Par voie d&rsquo;un communique\u0301, Moussa Faki Mahamat a de\u0301nonce\u0301 \u00ab\u00a0une violation flagrante des instruments juridiques et politiques de l\u2019Union africaine, dont la Charte africaine sur les e\u0301lections, la de\u0301mocratie et la gouvernance\u00a0\u00bb.<\/p>\n<p>Le pre\u0301sident de la Commission de l&rsquo;UA a appele\u0301 \u00ab\u00a0l&rsquo;arme\u0301e nationale et les forces de se\u0301curite\u0301 a\u0300 s&rsquo;en tenir strictement a\u0300 leur vocation re\u0301publicaine, a\u0300 garantir l&rsquo;inte\u0301grite\u0301 physique du pre\u0301sident de la Re\u0301publique (Ali Bongo), des membres de sa famille, ainsi que de ceux de son gouvernement\u00a0\u00bb. Moussa Faki Mahamat a e\u0301galement de\u0301clare\u0301 suivre \u00ab\u00a0avec une grande inquie\u0301tude la situation en re\u0301publique gabonaise\u00a0\u00bb.<\/p>\n<p>La France a condamne\u0301 \u00ab\u00a0le coup d\u2019E\u0301tat militaire qui est en cours au Gabon\u00a0\u00bb, selon la de\u0301claration du porte-parole du gouvernement Olivier Ve\u0301ran, lors d\u2019une confe\u0301rence de presse a\u0300 l&rsquo;issue du Conseil des ministres, ce mercredi.<\/p>\n<p>La France \u00ab\u00a0re\u0301affirme son souhait que le re\u0301sultat de l\u2019e\u0301lection, lorsqu\u2019il sera connu, soit respecte\u0301\u00a0\u00bb, a-t-il ajoute\u0301. Lors de la troisie\u0300me journe\u0301e de la Confe\u0301rence des Ambassadeurs, la Premie\u0300re ministre franc\u0327aise, E\u0301lisabeth Borne, a de\u0301clare\u0301 que la France suit \u00ab\u00a0avec la plus grande attention\u00a0\u00bb les e\u0301ve\u0301nements en cours au Gabon.<\/p>\n<p>\u200b\u200b\u200b\u200b\u200b\u200b\u200b<\/p>\n<p><strong>Pour plus d&rsquo;informations et d&rsquo;analyses sur la <a href=\"https:\/\/www.africa-press.net\/gabon\">Gabon<\/a>, suivez <a href=\"https:\/\/www.africa-press.net\/\">Africa-Press<\/a><\/strong><\/p>\n","protected":false},"excerpt":{"rendered":"<p>Africa-Press &#8211; Gabon. Le groupe minier franc\u0327ais Eramet a annonce\u0301, ce mercredi, la reprise progressive de ses activite\u0301s au Gabon, ou\u0300 un coup d&rsquo;E\u0301tat a eu lieu dans la matine\u0301e. Par voie d&rsquo;un communique\u0301, la compagnie minie\u0300re a annonce\u0301 le \u00ab\u00a0rede\u0301marrage du fret ferroviaire de\u0300s ce soir et la reprise des activite\u0301s de production de [&hellip;]<\/p>\n","protected":false},"author":82,"featured_media":25624,"comment_status":"open","ping_status":"closed","sticky":false,"template":"","format":"standard","meta":{"footnotes":""},"categories":[3,10],"tags":[36,50,858,511,860,49,857],"class_list":["post-25625","post","type-post","status-publish","format-standard","has-post-thumbnail","hentry","category-economie","category-toutes-les-actualites","tag-africa-press","tag-africa-press-gabon","tag-eramet","tag-france","tag-france-gabon","tag-gabon","tag-groupe-minier"],"yoast_head":"<!-- This site is optimized with the Yoast SEO Premium plugin v26.1 (Yoast SEO v27.0) - https:\/\/yoast.com\/product\/yoast-seo-premium-wordpress\/ -->\n<title>La compagnie fran\u00e7aise Eramet annonce la reprise progressive de ses activit\u00e9s - Gabon<\/title>\n<meta name=\"description\" content=\"Le groupe minier franc\u0327ais Eramet a annonce\u0301, ce mercredi, la reprise progressive de ses activite\u0301s au Gabon, ou\u0300 un cou ...\" \/>\n<meta name=\"robots\" content=\"index, follow, max-snippet:-1, max-image-preview:large, max-video-preview:-1\" \/>\n<link rel=\"canonical\" href=\"https:\/\/www.africa-press.net\/gabon\/economie\/la-compagnie-francaise-eramet-annonce-la-reprise-progressive-de-ses-activites\" \/>\n<meta property=\"og:locale\" content=\"fr_FR\" \/>\n<meta property=\"og:type\" content=\"article\" \/>\n<meta property=\"og:title\" content=\"La compagnie fran\u00e7aise Eramet annonce la reprise progressive de ses activit\u00e9s\" \/>\n<meta property=\"og:description\" content=\"Le groupe minier franc\u0327ais Eramet a annonce\u0301, ce mercredi, la reprise progressive de ses activite\u0301s au Gabon, ou\u0300 un cou ...\" \/>\n<meta property=\"og:url\" content=\"https:\/\/www.africa-press.net\/gabon\/economie\/la-compagnie-francaise-eramet-annonce-la-reprise-progressive-de-ses-activites\" \/>\n<meta property=\"og:site_name\" content=\"Gabon\" \/>\n<meta property=\"article:published_time\" content=\"2023-08-30T22:37:01+00:00\" \/>\n<meta property=\"article:modified_time\" content=\"2023-08-31T03:55:49+00:00\" \/>\n<meta property=\"og:image\" content=\"https:\/\/static.africa-press.net\/gabon\/sites\/54\/2023\/08\/sm_1693441161.482524.jpg\" \/>\n\t<meta property=\"og:image:width\" content=\"720\" \/>\n\t<meta property=\"og:image:height\" content=\"405\" \/>\n\t<meta property=\"og:image:type\" content=\"image\/jpeg\" \/>\n<meta name=\"author\" content=\"cfeditorfr\" \/>\n<meta name=\"twitter:card\" content=\"summary_large_image\" \/>\n<meta name=\"twitter:label1\" content=\"\u00c9crit par\" \/>\n\t<meta name=\"twitter:data1\" content=\"cfeditorfr\" \/>\n\t<meta name=\"twitter:label2\" content=\"Dur\u00e9e de lecture estim\u00e9e\" \/>\n\t<meta name=\"twitter:data2\" content=\"4 minutes\" \/>\n<script type=\"application\/ld+json\" class=\"yoast-schema-graph\">{\"@context\":\"https:\/\/schema.org\",\"@graph\":[{\"@type\":\"Article\",\"@id\":\"https:\/\/www.africa-press.net\/gabon\/economie\/la-compagnie-francaise-eramet-annonce-la-reprise-progressive-de-ses-activites#article\",\"isPartOf\":{\"@id\":\"https:\/\/www.africa-press.net\/gabon\/economie\/la-compagnie-francaise-eramet-annonce-la-reprise-progressive-de-ses-activites\"},\"author\":{\"name\":\"cfeditorfr\",\"@id\":\"https:\/\/www.africa-press.net\/gabon\/#\/schema\/person\/2b1cf3cd81a31e3cd26889ca66d677f1\"},\"headline\":\"La compagnie fran\u00e7aise Eramet annonce la reprise progressive de ses activit\u00e9s\",\"datePublished\":\"2023-08-30T22:37:01+00:00\",\"dateModified\":\"2023-08-31T03:55:49+00:00\",\"mainEntityOfPage\":{\"@id\":\"https:\/\/www.africa-press.net\/gabon\/economie\/la-compagnie-francaise-eramet-annonce-la-reprise-progressive-de-ses-activites\"},\"wordCount\":747,\"commentCount\":0,\"image\":{\"@id\":\"https:\/\/www.africa-press.net\/gabon\/economie\/la-compagnie-francaise-eramet-annonce-la-reprise-progressive-de-ses-activites#primaryimage\"},\"thumbnailUrl\":\"https:\/\/static.africa-press.net\/gabon\/sites\/54\/2023\/08\/sm_1693441161.482524.jpg\",\"keywords\":[\"Africa Press\",\"Africa Press-Gabon\",\"Eramet\",\"France\",\"France Gabon\",\"Gabon\",\"groupe minier\"],\"articleSection\":[\"\u00c9conomie\",\"Toutes les actualit\u00e9s\"],\"inLanguage\":\"fr-FR\",\"potentialAction\":[{\"@type\":\"CommentAction\",\"name\":\"Comment\",\"target\":[\"https:\/\/www.africa-press.net\/gabon\/economie\/la-compagnie-francaise-eramet-annonce-la-reprise-progressive-de-ses-activites#respond\"]}]},{\"@type\":\"WebPage\",\"@id\":\"https:\/\/www.africa-press.net\/gabon\/economie\/la-compagnie-francaise-eramet-annonce-la-reprise-progressive-de-ses-activites\",\"url\":\"https:\/\/www.africa-press.net\/gabon\/economie\/la-compagnie-francaise-eramet-annonce-la-reprise-progressive-de-ses-activites\",\"name\":\"La compagnie fran\u00e7aise Eramet annonce la reprise progressive de ses activit\u00e9s - Gabon\",\"isPartOf\":{\"@id\":\"https:\/\/www.africa-press.net\/gabon\/#website\"},\"primaryImageOfPage\":{\"@id\":\"https:\/\/www.africa-press.net\/gabon\/economie\/la-compagnie-francaise-eramet-annonce-la-reprise-progressive-de-ses-activites#primaryimage\"},\"image\":{\"@id\":\"https:\/\/www.africa-press.net\/gabon\/economie\/la-compagnie-francaise-eramet-annonce-la-reprise-progressive-de-ses-activites#primaryimage\"},\"thumbnailUrl\":\"https:\/\/static.africa-press.net\/gabon\/sites\/54\/2023\/08\/sm_1693441161.482524.jpg\",\"datePublished\":\"2023-08-30T22:37:01+00:00\",\"dateModified\":\"2023-08-31T03:55:49+00:00\",\"author\":{\"@id\":\"https:\/\/www.africa-press.net\/gabon\/#\/schema\/person\/2b1cf3cd81a31e3cd26889ca66d677f1\"},\"description\":\"Le groupe minier franc\u0327ais Eramet a annonce\u0301, ce mercredi, la reprise progressive de ses activite\u0301s au Gabon, ou\u0300 un cou ...\",\"breadcrumb\":{\"@id\":\"https:\/\/www.africa-press.net\/gabon\/economie\/la-compagnie-francaise-eramet-annonce-la-reprise-progressive-de-ses-activites#breadcrumb\"},\"inLanguage\":\"fr-FR\",\"potentialAction\":[{\"@type\":\"ReadAction\",\"target\":[\"https:\/\/www.africa-press.net\/gabon\/economie\/la-compagnie-francaise-eramet-annonce-la-reprise-progressive-de-ses-activites\"]}]},{\"@type\":\"ImageObject\",\"inLanguage\":\"fr-FR\",\"@id\":\"https:\/\/www.africa-press.net\/gabon\/economie\/la-compagnie-francaise-eramet-annonce-la-reprise-progressive-de-ses-activites#primaryimage\",\"url\":\"https:\/\/static.africa-press.net\/gabon\/sites\/54\/2023\/08\/sm_1693441161.482524.jpg\",\"contentUrl\":\"https:\/\/static.africa-press.net\/gabon\/sites\/54\/2023\/08\/sm_1693441161.482524.jpg\",\"width\":720,\"height\":405,\"caption\":\"La compagnie fran\u00e7aise Eramet annonce la reprise progressive de ses activit\u00e9s\"},{\"@type\":\"BreadcrumbList\",\"@id\":\"https:\/\/www.africa-press.net\/gabon\/economie\/la-compagnie-francaise-eramet-annonce-la-reprise-progressive-de-ses-activites#breadcrumb\",\"itemListElement\":[{\"@type\":\"ListItem\",\"position\":1,\"name\":\"Accueil\",\"item\":\"https:\/\/www.africa-press.net\/gabon\/\"},{\"@type\":\"ListItem\",\"position\":2,\"name\":\"La compagnie fran\u00e7aise Eramet annonce la reprise progressive de ses activit\u00e9s\"}]},{\"@type\":\"WebSite\",\"@id\":\"https:\/\/www.africa-press.net\/gabon\/#website\",\"url\":\"https:\/\/www.africa-press.net\/gabon\/\",\"name\":\"Gabon\",\"description\":\"Just another Africa News Agency Sites site\",\"potentialAction\":[{\"@type\":\"SearchAction\",\"target\":{\"@type\":\"EntryPoint\",\"urlTemplate\":\"https:\/\/www.africa-press.net\/gabon\/?s={search_term_string}\"},\"query-input\":{\"@type\":\"PropertyValueSpecification\",\"valueRequired\":true,\"valueName\":\"search_term_string\"}}],\"inLanguage\":\"fr-FR\"},{\"@type\":\"Person\",\"@id\":\"https:\/\/www.africa-press.net\/gabon\/#\/schema\/person\/2b1cf3cd81a31e3cd26889ca66d677f1\",\"name\":\"cfeditorfr\"}]}<\/script>\n<!-- \/ Yoast SEO Premium plugin. -->","yoast_head_json":{"title":"La compagnie fran\u00e7aise Eramet annonce la reprise progressive de ses activit\u00e9s - Gabon","description":"Le groupe minier franc\u0327ais Eramet a annonce\u0301, ce mercredi, la reprise progressive de ses activite\u0301s au Gabon, ou\u0300 un cou ...","robots":{"index":"index","follow":"follow","max-snippet":"max-snippet:-1","max-image-preview":"max-image-preview:large","max-video-preview":"max-video-preview:-1"},"canonical":"https:\/\/www.africa-press.net\/gabon\/economie\/la-compagnie-francaise-eramet-annonce-la-reprise-progressive-de-ses-activites","og_locale":"fr_FR","og_type":"article","og_title":"La compagnie fran\u00e7aise Eramet annonce la reprise progressive de ses activit\u00e9s","og_description":"Le groupe minier franc\u0327ais Eramet a annonce\u0301, ce mercredi, la reprise progressive de ses activite\u0301s au Gabon, ou\u0300 un cou ...","og_url":"https:\/\/www.africa-press.net\/gabon\/economie\/la-compagnie-francaise-eramet-annonce-la-reprise-progressive-de-ses-activites","og_site_name":"Gabon","article_published_time":"2023-08-30T22:37:01+00:00","article_modified_time":"2023-08-31T03:55:49+00:00","og_image":[{"width":720,"height":405,"url":"https:\/\/static.africa-press.net\/gabon\/sites\/54\/2023\/08\/sm_1693441161.482524.jpg","type":"image\/jpeg"}],"author":"cfeditorfr","twitter_card":"summary_large_image","twitter_misc":{"\u00c9crit par":"cfeditorfr","Dur\u00e9e de lecture estim\u00e9e":"4 minutes"},"schema":{"@context":"https:\/\/schema.org","@graph":[{"@type":"Article","@id":"https:\/\/www.africa-press.net\/gabon\/economie\/la-compagnie-francaise-eramet-annonce-la-reprise-progressive-de-ses-activites#article","isPartOf":{"@id":"https:\/\/www.africa-press.net\/gabon\/economie\/la-compagnie-francaise-eramet-annonce-la-reprise-progressive-de-ses-activites"},"author":{"name":"cfeditorfr","@id":"https:\/\/www.africa-press.net\/gabon\/#\/schema\/person\/2b1cf3cd81a31e3cd26889ca66d677f1"},"headline":"La compagnie fran\u00e7aise Eramet annonce la reprise progressive de ses activit\u00e9s","datePublished":"2023-08-30T22:37:01+00:00","dateModified":"2023-08-31T03:55:49+00:00","mainEntityOfPage":{"@id":"https:\/\/www.africa-press.net\/gabon\/economie\/la-compagnie-francaise-eramet-annonce-la-reprise-progressive-de-ses-activites"},"wordCount":747,"commentCount":0,"image":{"@id":"https:\/\/www.africa-press.net\/gabon\/economie\/la-compagnie-francaise-eramet-annonce-la-reprise-progressive-de-ses-activites#primaryimage"},"thumbnailUrl":"https:\/\/static.africa-press.net\/gabon\/sites\/54\/2023\/08\/sm_1693441161.482524.jpg","keywords":["Africa Press","Africa Press-Gabon","Eramet","France","France Gabon","Gabon","groupe minier"],"articleSection":["\u00c9conomie","Toutes les actualit\u00e9s"],"inLanguage":"fr-FR","potentialAction":[{"@type":"CommentAction","name":"Comment","target":["https:\/\/www.africa-press.net\/gabon\/economie\/la-compagnie-francaise-eramet-annonce-la-reprise-progressive-de-ses-activites#respond"]}]},{"@type":"WebPage","@id":"https:\/\/www.africa-press.net\/gabon\/economie\/la-compagnie-francaise-eramet-annonce-la-reprise-progressive-de-ses-activites","url":"https:\/\/www.africa-press.net\/gabon\/economie\/la-compagnie-francaise-eramet-annonce-la-reprise-progressive-de-ses-activites","name":"La compagnie fran\u00e7aise Eramet annonce la reprise progressive de ses activit\u00e9s - Gabon","isPartOf":{"@id":"https:\/\/www.africa-press.net\/gabon\/#website"},"primaryImageOfPage":{"@id":"https:\/\/www.africa-press.net\/gabon\/economie\/la-compagnie-francaise-eramet-annonce-la-reprise-progressive-de-ses-activites#primaryimage"},"image":{"@id":"https:\/\/www.africa-press.net\/gabon\/economie\/la-compagnie-francaise-eramet-annonce-la-reprise-progressive-de-ses-activites#primaryimage"},"thumbnailUrl":"https:\/\/static.africa-press.net\/gabon\/sites\/54\/2023\/08\/sm_1693441161.482524.jpg","datePublished":"2023-08-30T22:37:01+00:00","dateModified":"2023-08-31T03:55:49+00:00","author":{"@id":"https:\/\/www.africa-press.net\/gabon\/#\/schema\/person\/2b1cf3cd81a31e3cd26889ca66d677f1"},"description":"Le groupe minier franc\u0327ais Eramet a annonce\u0301, ce mercredi, la reprise progressive de ses activite\u0301s au Gabon, ou\u0300 un cou ...","breadcrumb":{"@id":"https:\/\/www.africa-press.net\/gabon\/economie\/la-compagnie-francaise-eramet-annonce-la-reprise-progressive-de-ses-activites#breadcrumb"},"inLanguage":"fr-FR","potentialAction":[{"@type":"ReadAction","target":["https:\/\/www.africa-press.net\/gabon\/economie\/la-compagnie-francaise-eramet-annonce-la-reprise-progressive-de-ses-activites"]}]},{"@type":"ImageObject","inLanguage":"fr-FR","@id":"https:\/\/www.africa-press.net\/gabon\/economie\/la-compagnie-francaise-eramet-annonce-la-reprise-progressive-de-ses-activites#primaryimage","url":"https:\/\/static.africa-press.net\/gabon\/sites\/54\/2023\/08\/sm_1693441161.482524.jpg","contentUrl":"https:\/\/static.africa-press.net\/gabon\/sites\/54\/2023\/08\/sm_1693441161.482524.jpg","width":720,"height":405,"caption":"La compagnie fran\u00e7aise Eramet annonce la reprise progressive de ses activit\u00e9s"},{"@type":"BreadcrumbList","@id":"https:\/\/www.africa-press.net\/gabon\/economie\/la-compagnie-francaise-eramet-annonce-la-reprise-progressive-de-ses-activites#breadcrumb","itemListElement":[{"@type":"ListItem","position":1,"name":"Accueil","item":"https:\/\/www.africa-press.net\/gabon\/"},{"@type":"ListItem","position":2,"name":"La compagnie fran\u00e7aise Eramet annonce la reprise progressive de ses activit\u00e9s"}]},{"@type":"WebSite","@id":"https:\/\/www.africa-press.net\/gabon\/#website","url":"https:\/\/www.africa-press.net\/gabon\/","name":"Gabon","description":"Just another Africa News Agency Sites site","potentialAction":[{"@type":"SearchAction","target":{"@type":"EntryPoint","urlTemplate":"https:\/\/www.africa-press.net\/gabon\/?s={search_term_string}"},"query-input":{"@type":"PropertyValueSpecification","valueRequired":true,"valueName":"search_term_string"}}],"inLanguage":"fr-FR"},{"@type":"Person","@id":"https:\/\/www.africa-press.net\/gabon\/#\/schema\/person\/2b1cf3cd81a31e3cd26889ca66d677f1","name":"cfeditorfr"}]}},"_links":{"self":[{"href":"https:\/\/www.africa-press.net\/gabon\/wp-json\/wp\/v2\/posts\/25625","targetHints":{"allow":["GET"]}}],"collection":[{"href":"https:\/\/www.africa-press.net\/gabon\/wp-json\/wp\/v2\/posts"}],"about":[{"href":"https:\/\/www.africa-press.net\/gabon\/wp-json\/wp\/v2\/types\/post"}],"author":[{"embeddable":true,"href":"https:\/\/www.africa-press.net\/gabon\/wp-json\/wp\/v2\/users\/82"}],"replies":[{"embeddable":true,"href":"https:\/\/www.africa-press.net\/gabon\/wp-json\/wp\/v2\/comments?post=25625"}],"version-history":[{"count":0,"href":"https:\/\/www.africa-press.net\/gabon\/wp-json\/wp\/v2\/posts\/25625\/revisions"}],"wp:featuredmedia":[{"embeddable":true,"href":"https:\/\/www.africa-press.net\/gabon\/wp-json\/wp\/v2\/media\/25624"}],"wp:attachment":[{"href":"https:\/\/www.africa-press.net\/gabon\/wp-json\/wp\/v2\/media?parent=25625"}],"wp:term":[{"taxonomy":"category","embeddable":true,"href":"https:\/\/www.africa-press.net\/gabon\/wp-json\/wp\/v2\/categories?post=25625"},{"taxonomy":"post_tag","embeddable":true,"href":"https:\/\/www.africa-press.net\/gabon\/wp-json\/wp\/v2\/tags?post=25625"}],"curies":[{"name":"wp","href":"https:\/\/api.w.org\/{rel}","templated":true}]}}