{"id":25631,"date":"2023-08-30T16:38:44","date_gmt":"2023-08-30T16:38:44","guid":{"rendered":"https:\/\/www.africa-press.net\/gabon\/politique\/ankara-souhaite-le-retablissement-de-la-paix-et-de-la-stabilite-au-gabon"},"modified":"2023-08-31T03:57:57","modified_gmt":"2023-08-31T03:57:57","slug":"ankara-souhaite-le-retablissement-de-la-paix-et-de-la-stabilite-au-gabon","status":"publish","type":"post","link":"https:\/\/www.africa-press.net\/gabon\/politique\/ankara-souhaite-le-retablissement-de-la-paix-et-de-la-stabilite-au-gabon","title":{"rendered":"Ankara souhaite le r\u00e9tablissement de la paix et de la stabilit\u00e9 au Gabon"},"content":{"rendered":"<p><span style=\"color: #ff6600\"><strong>Africa-Press &#8211; Gabon. <\/strong><\/span>Le ministe\u0300re turc des Affaires e\u0301trange\u0300res annonce suivre de pre\u0300s les e\u0301volutions au Gabon.<\/p>\n<p>Ankara a partage\u0301 mercredi un communique\u0301 sur le sujet.<\/p>\n<p>\u00ab\u00a0Nous suivons de pre\u0300s et avec attention l&rsquo;e\u0301volution de la situation au Gabon. Nous souhaitons le re\u0301tablissement de la paix et de la stabilite\u0301 dans le pays\u00a0\u00bb.<\/p>\n<p>Au Gabon, pays d&rsquo;Afrique centrale, un groupe de militaires a annonce\u0301 to\u0302t le matin, a\u0300 la te\u0301le\u0301vision nationale, la prise du pouvoir par l\u2019arme\u0301e.<\/p>\n<p>Le \u00ab\u00a0Comite\u0301 pour la transition et la restauration des institutions\u00a0\u00bb, forme\u0301 par les militaires putschistes apre\u0300s la prise du pouvoir, a annonce\u0301 l&rsquo;annulation des e\u0301lections du 26 aou\u0302t et la fermeture des frontie\u0300res du pays.<\/p>\n<p>Le pre\u0301sident Ali Bango a e\u0301te\u0301 place\u0301 en re\u0301sidence surveille\u0301e et de nombreuses personnalite\u0301s proches de ce dernier ont e\u0301te\u0301 arre\u0302te\u0301s.<\/p>\n<p><strong>Pour plus d&rsquo;informations et d&rsquo;analyses sur la <a href=\"https:\/\/www.africa-press.net\/gabon\">Gabon<\/a>, suivez <a href=\"https:\/\/www.africa-press.net\/\">Africa-Press<\/a><\/strong><\/p>\n","protected":false},"excerpt":{"rendered":"<p>Africa-Press &#8211; Gabon. Le ministe\u0300re turc des Affaires e\u0301trange\u0300res annonce suivre de pre\u0300s les e\u0301volutions au Gabon. Ankara a partage\u0301 mercredi un communique\u0301 sur le sujet. \u00ab\u00a0Nous suivons de pre\u0300s et avec attention l&rsquo;e\u0301volution de la situation au Gabon. Nous souhaitons le re\u0301tablissement de la paix et de la stabilite\u0301 dans le pays\u00a0\u00bb. Au Gabon, [&hellip;]<\/p>\n","protected":false},"author":82,"featured_media":25629,"comment_status":"open","ping_status":"closed","sticky":false,"template":"","format":"standard","meta":{"footnotes":""},"categories":[2,10],"tags":[36,50,871,651,49],"class_list":["post-25631","post","type-post","status-publish","format-standard","has-post-thumbnail","hentry","category-politique","category-toutes-les-actualites","tag-africa-press","tag-africa-press-gabon","tag-ankara","tag-coup-detat","tag-gabon"],"yoast_head":"<!-- This site is optimized with the Yoast SEO Premium plugin v26.1 (Yoast SEO v27.0) - https:\/\/yoast.com\/product\/yoast-seo-premium-wordpress\/ -->\n<title>Ankara souhaite le r\u00e9tablissement de la paix et de la stabilit\u00e9 au Gabon - Gabon<\/title>\n<meta name=\"description\" content=\"Le ministe\u0300re turc des Affaires e\u0301trange\u0300res annonce suivre de pre\u0300s les e\u0301volutions au Gabon. Ankara a partage\u0301 mercre ...\" \/>\n<meta name=\"robots\" content=\"index, follow, max-snippet:-1, max-image-preview:large, max-video-preview:-1\" \/>\n<link rel=\"canonical\" href=\"https:\/\/www.africa-press.net\/gabon\/politique\/ankara-souhaite-le-retablissement-de-la-paix-et-de-la-stabilite-au-gabon\" \/>\n<meta property=\"og:locale\" content=\"fr_FR\" \/>\n<meta property=\"og:type\" content=\"article\" \/>\n<meta property=\"og:title\" content=\"Ankara souhaite le r\u00e9tablissement de la paix et de la stabilit\u00e9 au Gabon\" \/>\n<meta property=\"og:description\" content=\"Le ministe\u0300re turc des Affaires e\u0301trange\u0300res annonce suivre de pre\u0300s les e\u0301volutions au Gabon. Ankara a partage\u0301 mercre ...\" \/>\n<meta property=\"og:url\" content=\"https:\/\/www.africa-press.net\/gabon\/politique\/ankara-souhaite-le-retablissement-de-la-paix-et-de-la-stabilite-au-gabon\" \/>\n<meta property=\"og:site_name\" content=\"Gabon\" \/>\n<meta property=\"article:published_time\" content=\"2023-08-30T16:38:44+00:00\" \/>\n<meta property=\"article:modified_time\" content=\"2023-08-31T03:57:57+00:00\" \/>\n<meta property=\"og:image\" content=\"https:\/\/static.africa-press.net\/gabon\/sites\/54\/2023\/08\/sm_1693441222.262293.jpg\" \/>\n\t<meta property=\"og:image:width\" content=\"864\" \/>\n\t<meta property=\"og:image:height\" content=\"486\" \/>\n\t<meta property=\"og:image:type\" content=\"image\/jpeg\" \/>\n<meta name=\"author\" content=\"cfeditorfr\" \/>\n<meta name=\"twitter:card\" content=\"summary_large_image\" \/>\n<meta name=\"twitter:label1\" content=\"\u00c9crit par\" \/>\n\t<meta name=\"twitter:data1\" content=\"cfeditorfr\" \/>\n\t<meta name=\"twitter:label2\" content=\"Dur\u00e9e de lecture estim\u00e9e\" \/>\n\t<meta name=\"twitter:data2\" content=\"1 minute\" \/>\n<script type=\"application\/ld+json\" class=\"yoast-schema-graph\">{\"@context\":\"https:\/\/schema.org\",\"@graph\":[{\"@type\":\"Article\",\"@id\":\"https:\/\/www.africa-press.net\/gabon\/politique\/ankara-souhaite-le-retablissement-de-la-paix-et-de-la-stabilite-au-gabon#article\",\"isPartOf\":{\"@id\":\"https:\/\/www.africa-press.net\/gabon\/politique\/ankara-souhaite-le-retablissement-de-la-paix-et-de-la-stabilite-au-gabon\"},\"author\":{\"name\":\"cfeditorfr\",\"@id\":\"https:\/\/www.africa-press.net\/gabon\/#\/schema\/person\/2b1cf3cd81a31e3cd26889ca66d677f1\"},\"headline\":\"Ankara souhaite le r\u00e9tablissement de la paix et de la stabilit\u00e9 au Gabon\",\"datePublished\":\"2023-08-30T16:38:44+00:00\",\"dateModified\":\"2023-08-31T03:57:57+00:00\",\"mainEntityOfPage\":{\"@id\":\"https:\/\/www.africa-press.net\/gabon\/politique\/ankara-souhaite-le-retablissement-de-la-paix-et-de-la-stabilite-au-gabon\"},\"wordCount\":186,\"commentCount\":0,\"image\":{\"@id\":\"https:\/\/www.africa-press.net\/gabon\/politique\/ankara-souhaite-le-retablissement-de-la-paix-et-de-la-stabilite-au-gabon#primaryimage\"},\"thumbnailUrl\":\"https:\/\/static.africa-press.net\/gabon\/sites\/54\/2023\/08\/sm_1693441222.262293.jpg\",\"keywords\":[\"Africa Press\",\"Africa Press-Gabon\",\"Ankara\",\"coup d'\u00e9tat\",\"Gabon\"],\"articleSection\":[\"Politique\",\"Toutes les actualit\u00e9s\"],\"inLanguage\":\"fr-FR\",\"potentialAction\":[{\"@type\":\"CommentAction\",\"name\":\"Comment\",\"target\":[\"https:\/\/www.africa-press.net\/gabon\/politique\/ankara-souhaite-le-retablissement-de-la-paix-et-de-la-stabilite-au-gabon#respond\"]}]},{\"@type\":\"WebPage\",\"@id\":\"https:\/\/www.africa-press.net\/gabon\/politique\/ankara-souhaite-le-retablissement-de-la-paix-et-de-la-stabilite-au-gabon\",\"url\":\"https:\/\/www.africa-press.net\/gabon\/politique\/ankara-souhaite-le-retablissement-de-la-paix-et-de-la-stabilite-au-gabon\",\"name\":\"Ankara souhaite le r\u00e9tablissement de la paix et de la stabilit\u00e9 au Gabon - Gabon\",\"isPartOf\":{\"@id\":\"https:\/\/www.africa-press.net\/gabon\/#website\"},\"primaryImageOfPage\":{\"@id\":\"https:\/\/www.africa-press.net\/gabon\/politique\/ankara-souhaite-le-retablissement-de-la-paix-et-de-la-stabilite-au-gabon#primaryimage\"},\"image\":{\"@id\":\"https:\/\/www.africa-press.net\/gabon\/politique\/ankara-souhaite-le-retablissement-de-la-paix-et-de-la-stabilite-au-gabon#primaryimage\"},\"thumbnailUrl\":\"https:\/\/static.africa-press.net\/gabon\/sites\/54\/2023\/08\/sm_1693441222.262293.jpg\",\"datePublished\":\"2023-08-30T16:38:44+00:00\",\"dateModified\":\"2023-08-31T03:57:57+00:00\",\"author\":{\"@id\":\"https:\/\/www.africa-press.net\/gabon\/#\/schema\/person\/2b1cf3cd81a31e3cd26889ca66d677f1\"},\"description\":\"Le ministe\u0300re turc des Affaires e\u0301trange\u0300res annonce suivre de pre\u0300s les e\u0301volutions au Gabon. Ankara a partage\u0301 mercre ...\",\"breadcrumb\":{\"@id\":\"https:\/\/www.africa-press.net\/gabon\/politique\/ankara-souhaite-le-retablissement-de-la-paix-et-de-la-stabilite-au-gabon#breadcrumb\"},\"inLanguage\":\"fr-FR\",\"potentialAction\":[{\"@type\":\"ReadAction\",\"target\":[\"https:\/\/www.africa-press.net\/gabon\/politique\/ankara-souhaite-le-retablissement-de-la-paix-et-de-la-stabilite-au-gabon\"]}]},{\"@type\":\"ImageObject\",\"inLanguage\":\"fr-FR\",\"@id\":\"https:\/\/www.africa-press.net\/gabon\/politique\/ankara-souhaite-le-retablissement-de-la-paix-et-de-la-stabilite-au-gabon#primaryimage\",\"url\":\"https:\/\/static.africa-press.net\/gabon\/sites\/54\/2023\/08\/sm_1693441222.262293.jpg\",\"contentUrl\":\"https:\/\/static.africa-press.net\/gabon\/sites\/54\/2023\/08\/sm_1693441222.262293.jpg\",\"width\":864,\"height\":486,\"caption\":\"Ankara souhaite le r\u00e9tablissement de la paix et de la stabilit\u00e9 au Gabon\"},{\"@type\":\"BreadcrumbList\",\"@id\":\"https:\/\/www.africa-press.net\/gabon\/politique\/ankara-souhaite-le-retablissement-de-la-paix-et-de-la-stabilite-au-gabon#breadcrumb\",\"itemListElement\":[{\"@type\":\"ListItem\",\"position\":1,\"name\":\"Accueil\",\"item\":\"https:\/\/www.africa-press.net\/gabon\/\"},{\"@type\":\"ListItem\",\"position\":2,\"name\":\"Ankara souhaite le r\u00e9tablissement de la paix et de la stabilit\u00e9 au Gabon\"}]},{\"@type\":\"WebSite\",\"@id\":\"https:\/\/www.africa-press.net\/gabon\/#website\",\"url\":\"https:\/\/www.africa-press.net\/gabon\/\",\"name\":\"Gabon\",\"description\":\"Just another Africa News Agency Sites site\",\"potentialAction\":[{\"@type\":\"SearchAction\",\"target\":{\"@type\":\"EntryPoint\",\"urlTemplate\":\"https:\/\/www.africa-press.net\/gabon\/?s={search_term_string}\"},\"query-input\":{\"@type\":\"PropertyValueSpecification\",\"valueRequired\":true,\"valueName\":\"search_term_string\"}}],\"inLanguage\":\"fr-FR\"},{\"@type\":\"Person\",\"@id\":\"https:\/\/www.africa-press.net\/gabon\/#\/schema\/person\/2b1cf3cd81a31e3cd26889ca66d677f1\",\"name\":\"cfeditorfr\"}]}<\/script>\n<!-- \/ Yoast SEO Premium plugin. -->","yoast_head_json":{"title":"Ankara souhaite le r\u00e9tablissement de la paix et de la stabilit\u00e9 au Gabon - Gabon","description":"Le ministe\u0300re turc des Affaires e\u0301trange\u0300res annonce suivre de pre\u0300s les e\u0301volutions au Gabon. Ankara a partage\u0301 mercre ...","robots":{"index":"index","follow":"follow","max-snippet":"max-snippet:-1","max-image-preview":"max-image-preview:large","max-video-preview":"max-video-preview:-1"},"canonical":"https:\/\/www.africa-press.net\/gabon\/politique\/ankara-souhaite-le-retablissement-de-la-paix-et-de-la-stabilite-au-gabon","og_locale":"fr_FR","og_type":"article","og_title":"Ankara souhaite le r\u00e9tablissement de la paix et de la stabilit\u00e9 au Gabon","og_description":"Le ministe\u0300re turc des Affaires e\u0301trange\u0300res annonce suivre de pre\u0300s les e\u0301volutions au Gabon. Ankara a partage\u0301 mercre ...","og_url":"https:\/\/www.africa-press.net\/gabon\/politique\/ankara-souhaite-le-retablissement-de-la-paix-et-de-la-stabilite-au-gabon","og_site_name":"Gabon","article_published_time":"2023-08-30T16:38:44+00:00","article_modified_time":"2023-08-31T03:57:57+00:00","og_image":[{"width":864,"height":486,"url":"https:\/\/static.africa-press.net\/gabon\/sites\/54\/2023\/08\/sm_1693441222.262293.jpg","type":"image\/jpeg"}],"author":"cfeditorfr","twitter_card":"summary_large_image","twitter_misc":{"\u00c9crit par":"cfeditorfr","Dur\u00e9e de lecture estim\u00e9e":"1 minute"},"schema":{"@context":"https:\/\/schema.org","@graph":[{"@type":"Article","@id":"https:\/\/www.africa-press.net\/gabon\/politique\/ankara-souhaite-le-retablissement-de-la-paix-et-de-la-stabilite-au-gabon#article","isPartOf":{"@id":"https:\/\/www.africa-press.net\/gabon\/politique\/ankara-souhaite-le-retablissement-de-la-paix-et-de-la-stabilite-au-gabon"},"author":{"name":"cfeditorfr","@id":"https:\/\/www.africa-press.net\/gabon\/#\/schema\/person\/2b1cf3cd81a31e3cd26889ca66d677f1"},"headline":"Ankara souhaite le r\u00e9tablissement de la paix et de la stabilit\u00e9 au Gabon","datePublished":"2023-08-30T16:38:44+00:00","dateModified":"2023-08-31T03:57:57+00:00","mainEntityOfPage":{"@id":"https:\/\/www.africa-press.net\/gabon\/politique\/ankara-souhaite-le-retablissement-de-la-paix-et-de-la-stabilite-au-gabon"},"wordCount":186,"commentCount":0,"image":{"@id":"https:\/\/www.africa-press.net\/gabon\/politique\/ankara-souhaite-le-retablissement-de-la-paix-et-de-la-stabilite-au-gabon#primaryimage"},"thumbnailUrl":"https:\/\/static.africa-press.net\/gabon\/sites\/54\/2023\/08\/sm_1693441222.262293.jpg","keywords":["Africa Press","Africa Press-Gabon","Ankara","coup d'\u00e9tat","Gabon"],"articleSection":["Politique","Toutes les actualit\u00e9s"],"inLanguage":"fr-FR","potentialAction":[{"@type":"CommentAction","name":"Comment","target":["https:\/\/www.africa-press.net\/gabon\/politique\/ankara-souhaite-le-retablissement-de-la-paix-et-de-la-stabilite-au-gabon#respond"]}]},{"@type":"WebPage","@id":"https:\/\/www.africa-press.net\/gabon\/politique\/ankara-souhaite-le-retablissement-de-la-paix-et-de-la-stabilite-au-gabon","url":"https:\/\/www.africa-press.net\/gabon\/politique\/ankara-souhaite-le-retablissement-de-la-paix-et-de-la-stabilite-au-gabon","name":"Ankara souhaite le r\u00e9tablissement de la paix et de la stabilit\u00e9 au Gabon - Gabon","isPartOf":{"@id":"https:\/\/www.africa-press.net\/gabon\/#website"},"primaryImageOfPage":{"@id":"https:\/\/www.africa-press.net\/gabon\/politique\/ankara-souhaite-le-retablissement-de-la-paix-et-de-la-stabilite-au-gabon#primaryimage"},"image":{"@id":"https:\/\/www.africa-press.net\/gabon\/politique\/ankara-souhaite-le-retablissement-de-la-paix-et-de-la-stabilite-au-gabon#primaryimage"},"thumbnailUrl":"https:\/\/static.africa-press.net\/gabon\/sites\/54\/2023\/08\/sm_1693441222.262293.jpg","datePublished":"2023-08-30T16:38:44+00:00","dateModified":"2023-08-31T03:57:57+00:00","author":{"@id":"https:\/\/www.africa-press.net\/gabon\/#\/schema\/person\/2b1cf3cd81a31e3cd26889ca66d677f1"},"description":"Le ministe\u0300re turc des Affaires e\u0301trange\u0300res annonce suivre de pre\u0300s les e\u0301volutions au Gabon. Ankara a partage\u0301 mercre ...","breadcrumb":{"@id":"https:\/\/www.africa-press.net\/gabon\/politique\/ankara-souhaite-le-retablissement-de-la-paix-et-de-la-stabilite-au-gabon#breadcrumb"},"inLanguage":"fr-FR","potentialAction":[{"@type":"ReadAction","target":["https:\/\/www.africa-press.net\/gabon\/politique\/ankara-souhaite-le-retablissement-de-la-paix-et-de-la-stabilite-au-gabon"]}]},{"@type":"ImageObject","inLanguage":"fr-FR","@id":"https:\/\/www.africa-press.net\/gabon\/politique\/ankara-souhaite-le-retablissement-de-la-paix-et-de-la-stabilite-au-gabon#primaryimage","url":"https:\/\/static.africa-press.net\/gabon\/sites\/54\/2023\/08\/sm_1693441222.262293.jpg","contentUrl":"https:\/\/static.africa-press.net\/gabon\/sites\/54\/2023\/08\/sm_1693441222.262293.jpg","width":864,"height":486,"caption":"Ankara souhaite le r\u00e9tablissement de la paix et de la stabilit\u00e9 au Gabon"},{"@type":"BreadcrumbList","@id":"https:\/\/www.africa-press.net\/gabon\/politique\/ankara-souhaite-le-retablissement-de-la-paix-et-de-la-stabilite-au-gabon#breadcrumb","itemListElement":[{"@type":"ListItem","position":1,"name":"Accueil","item":"https:\/\/www.africa-press.net\/gabon\/"},{"@type":"ListItem","position":2,"name":"Ankara souhaite le r\u00e9tablissement de la paix et de la stabilit\u00e9 au Gabon"}]},{"@type":"WebSite","@id":"https:\/\/www.africa-press.net\/gabon\/#website","url":"https:\/\/www.africa-press.net\/gabon\/","name":"Gabon","description":"Just another Africa News Agency Sites site","potentialAction":[{"@type":"SearchAction","target":{"@type":"EntryPoint","urlTemplate":"https:\/\/www.africa-press.net\/gabon\/?s={search_term_string}"},"query-input":{"@type":"PropertyValueSpecification","valueRequired":true,"valueName":"search_term_string"}}],"inLanguage":"fr-FR"},{"@type":"Person","@id":"https:\/\/www.africa-press.net\/gabon\/#\/schema\/person\/2b1cf3cd81a31e3cd26889ca66d677f1","name":"cfeditorfr"}]}},"_links":{"self":[{"href":"https:\/\/www.africa-press.net\/gabon\/wp-json\/wp\/v2\/posts\/25631","targetHints":{"allow":["GET"]}}],"collection":[{"href":"https:\/\/www.africa-press.net\/gabon\/wp-json\/wp\/v2\/posts"}],"about":[{"href":"https:\/\/www.africa-press.net\/gabon\/wp-json\/wp\/v2\/types\/post"}],"author":[{"embeddable":true,"href":"https:\/\/www.africa-press.net\/gabon\/wp-json\/wp\/v2\/users\/82"}],"replies":[{"embeddable":true,"href":"https:\/\/www.africa-press.net\/gabon\/wp-json\/wp\/v2\/comments?post=25631"}],"version-history":[{"count":0,"href":"https:\/\/www.africa-press.net\/gabon\/wp-json\/wp\/v2\/posts\/25631\/revisions"}],"wp:featuredmedia":[{"embeddable":true,"href":"https:\/\/www.africa-press.net\/gabon\/wp-json\/wp\/v2\/media\/25629"}],"wp:attachment":[{"href":"https:\/\/www.africa-press.net\/gabon\/wp-json\/wp\/v2\/media?parent=25631"}],"wp:term":[{"taxonomy":"category","embeddable":true,"href":"https:\/\/www.africa-press.net\/gabon\/wp-json\/wp\/v2\/categories?post=25631"},{"taxonomy":"post_tag","embeddable":true,"href":"https:\/\/www.africa-press.net\/gabon\/wp-json\/wp\/v2\/tags?post=25631"}],"curies":[{"name":"wp","href":"https:\/\/api.w.org\/{rel}","templated":true}]}}