{"id":25633,"date":"2023-08-30T17:39:22","date_gmt":"2023-08-30T17:39:22","guid":{"rendered":"https:\/\/www.africa-press.net\/gabon\/politique\/coup-detat-au-gabon-ali-bongo-est-mis-a-la-retraite"},"modified":"2023-08-31T03:58:54","modified_gmt":"2023-08-31T03:58:54","slug":"coup-detat-au-gabon-ali-bongo-est-mis-a-la-retraite","status":"publish","type":"post","link":"https:\/\/www.africa-press.net\/gabon\/politique\/coup-detat-au-gabon-ali-bongo-est-mis-a-la-retraite","title":{"rendered":"Coup d&rsquo;\u00c9tat au Gabon : \u00ab\u00a0Ali Bongo est mis \u00e0 la retraite\u00a0\u00bb"},"content":{"rendered":"<p><span style=\"color: #ff6600\"><strong>Africa-Press &#8211; Gabon. <\/strong><\/span>Le pre\u0301sident de\u0301chu du Gabon, \u00ab\u00a0Ali Bongo est mis a\u0300 la retraite\u00a0\u00bb, selon une de\u0301claration faite ce mercredi a\u0300 la presse, par le ge\u0301ne\u0301ral Brice Oligui Nguema, de\u0301crit comme le chef de la junte, alors qu&rsquo;un coup d&rsquo;E\u0301tat a eu lieu, ce mercredi matin dans ce pays d&rsquo;Afrique centrale.<\/p>\n<p>\u00ab\u00a0Nous allons nous retrouver a\u0300 14 heures (UTC+1). Il s&rsquo;agira de de\u0301gager un consensus. Chacun va e\u0301mettre des ide\u0301es et les meilleures seront choisies, ainsi que le nom de celui qui va conduire la transition\u00a0\u00bb, a de\u0301clare\u0301 le chef de la Garde re\u0301publicaine au journal Le Monde.<\/p>\n<p>Le ge\u0301ne\u0301ral a explique\u0301 cette de\u0301che\u0301ance du pre\u0301sident Ali Bongo en de\u0301clarant que celui-ci \u00ab\u00a0n\u2019avait pas le droit de faire un troisie\u0300me mandat\u00a0\u00bb.<\/p>\n<p>\u00ab\u00a0La Constitution a e\u0301te\u0301 bafoue\u0301e, le mode d&rsquo;e\u0301lection lui-me\u0302me n&rsquo;e\u0301tait pas bon. Donc l&rsquo;arme\u0301e a de\u0301cide\u0301 de tourner la page, de prendre ses responsabilite\u0301s\u00a0\u00bb, a-t-il souligne\u0301.<\/p>\n<p>Acclame\u0301 par des centaine de militaires, a\u0300 la suite du coup d&rsquo;E\u0301tat, le ge\u0301ne\u0301ral Brice Oligui Nguema est de\u0301crit comme le nouvel homme fort du pays.<\/p>\n<p><b>&#8211; Situation au Gabon<\/b><\/p>\n<p>Un groupe d&rsquo;officiers supe\u0301rieurs de l&rsquo;arme\u0301e gabonaise a annonce\u0301, to\u0302t mercredi, sur les ondes de la Te\u0301le\u0301vision Publique, qu&rsquo;il avait pris le pouvoir.<\/p>\n<p>Ces de\u0301veloppements sont intervenus peu apre\u0300s que le Centre gabonais des e\u0301lections (CGE) avait confirme\u0301 la victoire du pre\u0301sident sortant, Ali Bongo, qui a recueilli 64,27 % des suffrages et a ainsi officiellement e\u0301te\u0301 re\u0301e\u0301lu pour un troisie\u0300me mandat.<\/p>\n<p>\u00ab\u00a0Aujourd&rsquo;hui, 30 aou\u0302t 2023, nous, forces de de\u0301fense et de se\u0301curite\u0301 re\u0301unies au sein du Comite\u0301 de transition et de restauration des institutions (CTRI), au nom du peuple gabonais et en tant que garants de la protection des institutions, avons de\u0301cide\u0301 de de\u0301fendre la paix en mettant fin au re\u0301gime en place\u00a0\u00bb, a de\u0301clare\u0301 un porte-parole militaire.<\/p>\n<p>Il a e\u0301galement annonce\u0301 l&rsquo;annulation des e\u0301lections ge\u0301ne\u0301rales du 26 aou\u0302t, la fermeture de toutes les frontie\u0300res jusqu&rsquo;a\u0300 nouvel ordre et la dissolution de toutes les institutions de la re\u0301publique.<\/p>\n<p>Les re\u0301sultats des e\u0301lections \u00ab\u00a0sont tronque\u0301s\u00a0\u00bb, a-t-il ajoute\u0301, les de\u0301clarant nuls et non avenus.<\/p>\n<p>L&rsquo;un des fils du pre\u0301sident a e\u0301te\u0301 arre\u0302te\u0301 pour \u00ab\u00a0haute trahison contre les institutions de l&rsquo;E\u0301tat, de\u0301tournements massifs des deniers publics, malversations financie\u0300res internationales en bande organise\u0301e, faux et usage de faux, falsification de la signature du pre\u0301sident de la Re\u0301publique, corruption active, trafic de stupe\u0301fiants\u00a0\u00bb, ont e\u0301galement indique\u0301 les putschistes.<\/p>\n<p>Les personnes arre\u0302te\u0301es sont Noureddin Bongo Valentin, fils et conseiller du chef d&rsquo;E\u0301tat de\u0301chu, Ian Ghislain Ngoulou, directeur de cabinet d&rsquo;Ali Bongo, Mohamed Ali Saliou, directeur de cabinet adjoint, Jessye Ella Ekogha, conseiller spe\u0301cial et porte-parole de la pre\u0301sidence gabonaise, Abdul Hosseini, conseiller de la pre\u0301sidence, ainsi que de dirigeants du Parti de\u0301mocratique gabonais (PDG) du pre\u0301sident de\u0301chu, selon cette de\u0301claration.<\/p>\n<p>Le ge\u0301ne\u0301ral Brice Oligui Nguema, a e\u0301te\u0301 porte\u0301 en triomphe par des centaines de militaires quelques heures apre\u0300s le coup d&rsquo;E\u0301tat survenu dans le pays.<\/p>\n<p>Dans des images diffuse\u0301es en boucle par la te\u0301le\u0301vision d&rsquo;E\u0301tat, le chef de la garde re\u0301publicaine du Gabon et de la protection rapproche\u0301e du pre\u0301sident de\u0301chu, Ali Bongo, a e\u0301te\u0301 acclame\u0301 par des cris de \u00ab\u00a0Oligui pre\u0301sident\u00a0\u00bb.<\/p>\n<p>La France a \u00ab\u00a0condamne\u0301 le coup d\u2019E\u0301tat militaire qui est en cours au Gabon\u00a0\u00bb, a de\u0301clare\u0301 le porte-parole du gouvernement Olivier Ve\u0301ran lors d\u2019une confe\u0301rence de presse a\u0300 l&rsquo;issue du Conseil des ministres, ce mercredi.<\/p>\n<p>La France \u00ab\u00a0re\u0301affirme son souhait que le re\u0301sultat de l\u2019e\u0301lection, lorsqu\u2019il sera connu, soit respecte\u0301\u00a0\u00bb, a-t-il ajoute\u0301.<\/p>\n<p>Lors de la troisie\u0300me journe\u0301e de la Confe\u0301rence des Ambassadeurs, la Premie\u0300re ministre franc\u0327aise, E\u0301lisabeth Borne, a de\u0301clare\u0301 que la France suit \u00ab\u00a0avec la plus grande attention\u00a0\u00bb les e\u0301ve\u0301nements en cours au Gabon.<\/p>\n<p><strong>Pour plus d&rsquo;informations et d&rsquo;analyses sur la <a href=\"https:\/\/www.africa-press.net\/gabon\">Gabon<\/a>, suivez <a href=\"https:\/\/www.africa-press.net\/\">Africa-Press<\/a><\/strong><\/p>\n","protected":false},"excerpt":{"rendered":"<p>Africa-Press &#8211; Gabon. Le pre\u0301sident de\u0301chu du Gabon, \u00ab\u00a0Ali Bongo est mis a\u0300 la retraite\u00a0\u00bb, selon une de\u0301claration faite ce mercredi a\u0300 la presse, par le ge\u0301ne\u0301ral Brice Oligui Nguema, de\u0301crit comme le chef de la junte, alors qu&rsquo;un coup d&rsquo;E\u0301tat a eu lieu, ce mercredi matin dans ce pays d&rsquo;Afrique centrale. \u00ab\u00a0Nous allons nous [&hellip;]<\/p>\n","protected":false},"author":82,"featured_media":25632,"comment_status":"open","ping_status":"closed","sticky":false,"template":"","format":"standard","meta":{"footnotes":""},"categories":[2,20,10],"tags":[36,50,165,869,651,49,872],"class_list":["post-25633","post","type-post","status-publish","format-standard","has-post-thumbnail","hentry","category-politique","category-top-nouvelles","category-toutes-les-actualites","tag-africa-press","tag-africa-press-gabon","tag-ali-bongo","tag-brice-oligui-nguema","tag-coup-detat","tag-gabon","tag-transition"],"yoast_head":"<!-- This site is optimized with the Yoast SEO Premium plugin v26.1 (Yoast SEO v27.0) - https:\/\/yoast.com\/product\/yoast-seo-premium-wordpress\/ -->\n<title>Coup d&#039;\u00c9tat au Gabon : &quot;Ali Bongo est mis \u00e0 la retraite&quot; - Gabon<\/title>\n<meta name=\"description\" content=\"Le pre\u0301sident de\u0301chu du Gabon, &quot;Ali Bongo est mis a\u0300 la retraite&quot;, selon une de\u0301claration faite ce mercredi a\u0300 la presse ...\" \/>\n<meta name=\"robots\" content=\"index, follow, max-snippet:-1, max-image-preview:large, max-video-preview:-1\" \/>\n<link rel=\"canonical\" href=\"https:\/\/www.africa-press.net\/gabon\/politique\/coup-detat-au-gabon-ali-bongo-est-mis-a-la-retraite\" \/>\n<meta property=\"og:locale\" content=\"fr_FR\" \/>\n<meta property=\"og:type\" content=\"article\" \/>\n<meta property=\"og:title\" content=\"Coup d&#039;\u00c9tat au Gabon : &quot;Ali Bongo est mis \u00e0 la retraite&quot;\" \/>\n<meta property=\"og:description\" content=\"Le pre\u0301sident de\u0301chu du Gabon, &quot;Ali Bongo est mis a\u0300 la retraite&quot;, selon une de\u0301claration faite ce mercredi a\u0300 la presse ...\" \/>\n<meta property=\"og:url\" content=\"https:\/\/www.africa-press.net\/gabon\/politique\/coup-detat-au-gabon-ali-bongo-est-mis-a-la-retraite\" \/>\n<meta property=\"og:site_name\" content=\"Gabon\" \/>\n<meta property=\"article:published_time\" content=\"2023-08-30T17:39:22+00:00\" \/>\n<meta property=\"article:modified_time\" content=\"2023-08-31T03:58:54+00:00\" \/>\n<meta property=\"og:image\" content=\"https:\/\/static.africa-press.net\/gabon\/sites\/54\/2023\/08\/sm_1693441263.69478.jpg\" \/>\n\t<meta property=\"og:image:width\" content=\"785\" \/>\n\t<meta property=\"og:image:height\" content=\"442\" \/>\n\t<meta property=\"og:image:type\" content=\"image\/jpeg\" \/>\n<meta name=\"author\" content=\"cfeditorfr\" \/>\n<meta name=\"twitter:card\" content=\"summary_large_image\" \/>\n<meta name=\"twitter:label1\" content=\"\u00c9crit par\" \/>\n\t<meta name=\"twitter:data1\" content=\"cfeditorfr\" \/>\n\t<meta name=\"twitter:label2\" content=\"Dur\u00e9e de lecture estim\u00e9e\" \/>\n\t<meta name=\"twitter:data2\" content=\"4 minutes\" \/>\n<script type=\"application\/ld+json\" class=\"yoast-schema-graph\">{\"@context\":\"https:\/\/schema.org\",\"@graph\":[{\"@type\":\"Article\",\"@id\":\"https:\/\/www.africa-press.net\/gabon\/politique\/coup-detat-au-gabon-ali-bongo-est-mis-a-la-retraite#article\",\"isPartOf\":{\"@id\":\"https:\/\/www.africa-press.net\/gabon\/politique\/coup-detat-au-gabon-ali-bongo-est-mis-a-la-retraite\"},\"author\":{\"name\":\"cfeditorfr\",\"@id\":\"https:\/\/www.africa-press.net\/gabon\/#\/schema\/person\/2b1cf3cd81a31e3cd26889ca66d677f1\"},\"headline\":\"Coup d&rsquo;\u00c9tat au Gabon : \u00ab\u00a0Ali Bongo est mis \u00e0 la retraite\u00a0\u00bb\",\"datePublished\":\"2023-08-30T17:39:22+00:00\",\"dateModified\":\"2023-08-31T03:58:54+00:00\",\"mainEntityOfPage\":{\"@id\":\"https:\/\/www.africa-press.net\/gabon\/politique\/coup-detat-au-gabon-ali-bongo-est-mis-a-la-retraite\"},\"wordCount\":759,\"commentCount\":0,\"image\":{\"@id\":\"https:\/\/www.africa-press.net\/gabon\/politique\/coup-detat-au-gabon-ali-bongo-est-mis-a-la-retraite#primaryimage\"},\"thumbnailUrl\":\"https:\/\/static.africa-press.net\/gabon\/sites\/54\/2023\/08\/sm_1693441263.69478.jpg\",\"keywords\":[\"Africa Press\",\"Africa Press-Gabon\",\"Ali Bongo\",\"Brice Oligui Nguema\",\"coup d'\u00e9tat\",\"Gabon\",\"transition\"],\"articleSection\":[\"Politique\",\"Top Nouvelles\",\"Toutes les actualit\u00e9s\"],\"inLanguage\":\"fr-FR\",\"potentialAction\":[{\"@type\":\"CommentAction\",\"name\":\"Comment\",\"target\":[\"https:\/\/www.africa-press.net\/gabon\/politique\/coup-detat-au-gabon-ali-bongo-est-mis-a-la-retraite#respond\"]}]},{\"@type\":\"WebPage\",\"@id\":\"https:\/\/www.africa-press.net\/gabon\/politique\/coup-detat-au-gabon-ali-bongo-est-mis-a-la-retraite\",\"url\":\"https:\/\/www.africa-press.net\/gabon\/politique\/coup-detat-au-gabon-ali-bongo-est-mis-a-la-retraite\",\"name\":\"Coup d'\u00c9tat au Gabon : \\\"Ali Bongo est mis \u00e0 la retraite\\\" - Gabon\",\"isPartOf\":{\"@id\":\"https:\/\/www.africa-press.net\/gabon\/#website\"},\"primaryImageOfPage\":{\"@id\":\"https:\/\/www.africa-press.net\/gabon\/politique\/coup-detat-au-gabon-ali-bongo-est-mis-a-la-retraite#primaryimage\"},\"image\":{\"@id\":\"https:\/\/www.africa-press.net\/gabon\/politique\/coup-detat-au-gabon-ali-bongo-est-mis-a-la-retraite#primaryimage\"},\"thumbnailUrl\":\"https:\/\/static.africa-press.net\/gabon\/sites\/54\/2023\/08\/sm_1693441263.69478.jpg\",\"datePublished\":\"2023-08-30T17:39:22+00:00\",\"dateModified\":\"2023-08-31T03:58:54+00:00\",\"author\":{\"@id\":\"https:\/\/www.africa-press.net\/gabon\/#\/schema\/person\/2b1cf3cd81a31e3cd26889ca66d677f1\"},\"description\":\"Le pre\u0301sident de\u0301chu du Gabon, \\\"Ali Bongo est mis a\u0300 la retraite\\\", selon une de\u0301claration faite ce mercredi a\u0300 la presse ...\",\"breadcrumb\":{\"@id\":\"https:\/\/www.africa-press.net\/gabon\/politique\/coup-detat-au-gabon-ali-bongo-est-mis-a-la-retraite#breadcrumb\"},\"inLanguage\":\"fr-FR\",\"potentialAction\":[{\"@type\":\"ReadAction\",\"target\":[\"https:\/\/www.africa-press.net\/gabon\/politique\/coup-detat-au-gabon-ali-bongo-est-mis-a-la-retraite\"]}]},{\"@type\":\"ImageObject\",\"inLanguage\":\"fr-FR\",\"@id\":\"https:\/\/www.africa-press.net\/gabon\/politique\/coup-detat-au-gabon-ali-bongo-est-mis-a-la-retraite#primaryimage\",\"url\":\"https:\/\/static.africa-press.net\/gabon\/sites\/54\/2023\/08\/sm_1693441263.69478.jpg\",\"contentUrl\":\"https:\/\/static.africa-press.net\/gabon\/sites\/54\/2023\/08\/sm_1693441263.69478.jpg\",\"width\":785,\"height\":442,\"caption\":\"Coup d'\u00c9tat au Gabon : \\\"Ali Bongo est mis \u00e0 la retraite\\\"\"},{\"@type\":\"BreadcrumbList\",\"@id\":\"https:\/\/www.africa-press.net\/gabon\/politique\/coup-detat-au-gabon-ali-bongo-est-mis-a-la-retraite#breadcrumb\",\"itemListElement\":[{\"@type\":\"ListItem\",\"position\":1,\"name\":\"Accueil\",\"item\":\"https:\/\/www.africa-press.net\/gabon\/\"},{\"@type\":\"ListItem\",\"position\":2,\"name\":\"Coup d&#8217;\u00c9tat au Gabon : &#8220;Ali Bongo est mis \u00e0 la retraite&#8221;\"}]},{\"@type\":\"WebSite\",\"@id\":\"https:\/\/www.africa-press.net\/gabon\/#website\",\"url\":\"https:\/\/www.africa-press.net\/gabon\/\",\"name\":\"Gabon\",\"description\":\"Just another Africa News Agency Sites site\",\"potentialAction\":[{\"@type\":\"SearchAction\",\"target\":{\"@type\":\"EntryPoint\",\"urlTemplate\":\"https:\/\/www.africa-press.net\/gabon\/?s={search_term_string}\"},\"query-input\":{\"@type\":\"PropertyValueSpecification\",\"valueRequired\":true,\"valueName\":\"search_term_string\"}}],\"inLanguage\":\"fr-FR\"},{\"@type\":\"Person\",\"@id\":\"https:\/\/www.africa-press.net\/gabon\/#\/schema\/person\/2b1cf3cd81a31e3cd26889ca66d677f1\",\"name\":\"cfeditorfr\"}]}<\/script>\n<!-- \/ Yoast SEO Premium plugin. -->","yoast_head_json":{"title":"Coup d'\u00c9tat au Gabon : \"Ali Bongo est mis \u00e0 la retraite\" - Gabon","description":"Le pre\u0301sident de\u0301chu du Gabon, \"Ali Bongo est mis a\u0300 la retraite\", selon une de\u0301claration faite ce mercredi a\u0300 la presse ...","robots":{"index":"index","follow":"follow","max-snippet":"max-snippet:-1","max-image-preview":"max-image-preview:large","max-video-preview":"max-video-preview:-1"},"canonical":"https:\/\/www.africa-press.net\/gabon\/politique\/coup-detat-au-gabon-ali-bongo-est-mis-a-la-retraite","og_locale":"fr_FR","og_type":"article","og_title":"Coup d'\u00c9tat au Gabon : \"Ali Bongo est mis \u00e0 la retraite\"","og_description":"Le pre\u0301sident de\u0301chu du Gabon, \"Ali Bongo est mis a\u0300 la retraite\", selon une de\u0301claration faite ce mercredi a\u0300 la presse ...","og_url":"https:\/\/www.africa-press.net\/gabon\/politique\/coup-detat-au-gabon-ali-bongo-est-mis-a-la-retraite","og_site_name":"Gabon","article_published_time":"2023-08-30T17:39:22+00:00","article_modified_time":"2023-08-31T03:58:54+00:00","og_image":[{"width":785,"height":442,"url":"https:\/\/static.africa-press.net\/gabon\/sites\/54\/2023\/08\/sm_1693441263.69478.jpg","type":"image\/jpeg"}],"author":"cfeditorfr","twitter_card":"summary_large_image","twitter_misc":{"\u00c9crit par":"cfeditorfr","Dur\u00e9e de lecture estim\u00e9e":"4 minutes"},"schema":{"@context":"https:\/\/schema.org","@graph":[{"@type":"Article","@id":"https:\/\/www.africa-press.net\/gabon\/politique\/coup-detat-au-gabon-ali-bongo-est-mis-a-la-retraite#article","isPartOf":{"@id":"https:\/\/www.africa-press.net\/gabon\/politique\/coup-detat-au-gabon-ali-bongo-est-mis-a-la-retraite"},"author":{"name":"cfeditorfr","@id":"https:\/\/www.africa-press.net\/gabon\/#\/schema\/person\/2b1cf3cd81a31e3cd26889ca66d677f1"},"headline":"Coup d&rsquo;\u00c9tat au Gabon : \u00ab\u00a0Ali Bongo est mis \u00e0 la retraite\u00a0\u00bb","datePublished":"2023-08-30T17:39:22+00:00","dateModified":"2023-08-31T03:58:54+00:00","mainEntityOfPage":{"@id":"https:\/\/www.africa-press.net\/gabon\/politique\/coup-detat-au-gabon-ali-bongo-est-mis-a-la-retraite"},"wordCount":759,"commentCount":0,"image":{"@id":"https:\/\/www.africa-press.net\/gabon\/politique\/coup-detat-au-gabon-ali-bongo-est-mis-a-la-retraite#primaryimage"},"thumbnailUrl":"https:\/\/static.africa-press.net\/gabon\/sites\/54\/2023\/08\/sm_1693441263.69478.jpg","keywords":["Africa Press","Africa Press-Gabon","Ali Bongo","Brice Oligui Nguema","coup d'\u00e9tat","Gabon","transition"],"articleSection":["Politique","Top Nouvelles","Toutes les actualit\u00e9s"],"inLanguage":"fr-FR","potentialAction":[{"@type":"CommentAction","name":"Comment","target":["https:\/\/www.africa-press.net\/gabon\/politique\/coup-detat-au-gabon-ali-bongo-est-mis-a-la-retraite#respond"]}]},{"@type":"WebPage","@id":"https:\/\/www.africa-press.net\/gabon\/politique\/coup-detat-au-gabon-ali-bongo-est-mis-a-la-retraite","url":"https:\/\/www.africa-press.net\/gabon\/politique\/coup-detat-au-gabon-ali-bongo-est-mis-a-la-retraite","name":"Coup d'\u00c9tat au Gabon : \"Ali Bongo est mis \u00e0 la retraite\" - Gabon","isPartOf":{"@id":"https:\/\/www.africa-press.net\/gabon\/#website"},"primaryImageOfPage":{"@id":"https:\/\/www.africa-press.net\/gabon\/politique\/coup-detat-au-gabon-ali-bongo-est-mis-a-la-retraite#primaryimage"},"image":{"@id":"https:\/\/www.africa-press.net\/gabon\/politique\/coup-detat-au-gabon-ali-bongo-est-mis-a-la-retraite#primaryimage"},"thumbnailUrl":"https:\/\/static.africa-press.net\/gabon\/sites\/54\/2023\/08\/sm_1693441263.69478.jpg","datePublished":"2023-08-30T17:39:22+00:00","dateModified":"2023-08-31T03:58:54+00:00","author":{"@id":"https:\/\/www.africa-press.net\/gabon\/#\/schema\/person\/2b1cf3cd81a31e3cd26889ca66d677f1"},"description":"Le pre\u0301sident de\u0301chu du Gabon, \"Ali Bongo est mis a\u0300 la retraite\", selon une de\u0301claration faite ce mercredi a\u0300 la presse ...","breadcrumb":{"@id":"https:\/\/www.africa-press.net\/gabon\/politique\/coup-detat-au-gabon-ali-bongo-est-mis-a-la-retraite#breadcrumb"},"inLanguage":"fr-FR","potentialAction":[{"@type":"ReadAction","target":["https:\/\/www.africa-press.net\/gabon\/politique\/coup-detat-au-gabon-ali-bongo-est-mis-a-la-retraite"]}]},{"@type":"ImageObject","inLanguage":"fr-FR","@id":"https:\/\/www.africa-press.net\/gabon\/politique\/coup-detat-au-gabon-ali-bongo-est-mis-a-la-retraite#primaryimage","url":"https:\/\/static.africa-press.net\/gabon\/sites\/54\/2023\/08\/sm_1693441263.69478.jpg","contentUrl":"https:\/\/static.africa-press.net\/gabon\/sites\/54\/2023\/08\/sm_1693441263.69478.jpg","width":785,"height":442,"caption":"Coup d'\u00c9tat au Gabon : \"Ali Bongo est mis \u00e0 la retraite\""},{"@type":"BreadcrumbList","@id":"https:\/\/www.africa-press.net\/gabon\/politique\/coup-detat-au-gabon-ali-bongo-est-mis-a-la-retraite#breadcrumb","itemListElement":[{"@type":"ListItem","position":1,"name":"Accueil","item":"https:\/\/www.africa-press.net\/gabon\/"},{"@type":"ListItem","position":2,"name":"Coup d&#8217;\u00c9tat au Gabon : &#8220;Ali Bongo est mis \u00e0 la retraite&#8221;"}]},{"@type":"WebSite","@id":"https:\/\/www.africa-press.net\/gabon\/#website","url":"https:\/\/www.africa-press.net\/gabon\/","name":"Gabon","description":"Just another Africa News Agency Sites site","potentialAction":[{"@type":"SearchAction","target":{"@type":"EntryPoint","urlTemplate":"https:\/\/www.africa-press.net\/gabon\/?s={search_term_string}"},"query-input":{"@type":"PropertyValueSpecification","valueRequired":true,"valueName":"search_term_string"}}],"inLanguage":"fr-FR"},{"@type":"Person","@id":"https:\/\/www.africa-press.net\/gabon\/#\/schema\/person\/2b1cf3cd81a31e3cd26889ca66d677f1","name":"cfeditorfr"}]}},"_links":{"self":[{"href":"https:\/\/www.africa-press.net\/gabon\/wp-json\/wp\/v2\/posts\/25633","targetHints":{"allow":["GET"]}}],"collection":[{"href":"https:\/\/www.africa-press.net\/gabon\/wp-json\/wp\/v2\/posts"}],"about":[{"href":"https:\/\/www.africa-press.net\/gabon\/wp-json\/wp\/v2\/types\/post"}],"author":[{"embeddable":true,"href":"https:\/\/www.africa-press.net\/gabon\/wp-json\/wp\/v2\/users\/82"}],"replies":[{"embeddable":true,"href":"https:\/\/www.africa-press.net\/gabon\/wp-json\/wp\/v2\/comments?post=25633"}],"version-history":[{"count":0,"href":"https:\/\/www.africa-press.net\/gabon\/wp-json\/wp\/v2\/posts\/25633\/revisions"}],"wp:featuredmedia":[{"embeddable":true,"href":"https:\/\/www.africa-press.net\/gabon\/wp-json\/wp\/v2\/media\/25632"}],"wp:attachment":[{"href":"https:\/\/www.africa-press.net\/gabon\/wp-json\/wp\/v2\/media?parent=25633"}],"wp:term":[{"taxonomy":"category","embeddable":true,"href":"https:\/\/www.africa-press.net\/gabon\/wp-json\/wp\/v2\/categories?post=25633"},{"taxonomy":"post_tag","embeddable":true,"href":"https:\/\/www.africa-press.net\/gabon\/wp-json\/wp\/v2\/tags?post=25633"}],"curies":[{"name":"wp","href":"https:\/\/api.w.org\/{rel}","templated":true}]}}