{"id":30898,"date":"2023-12-05T11:55:47","date_gmt":"2023-12-05T11:55:47","guid":{"rendered":"https:\/\/www.africa-press.net\/gabon\/politique\/gabon-france-tete-a-tete-a-dubai-entre-oligui-nguema-et-macron"},"modified":"2023-12-05T12:33:37","modified_gmt":"2023-12-05T12:33:37","slug":"gabon-france-tete-a-tete-a-dubai-entre-oligui-nguema-et-macron","status":"publish","type":"post","link":"https:\/\/www.africa-press.net\/gabon\/politique\/gabon-france-tete-a-tete-a-dubai-entre-oligui-nguema-et-macron","title":{"rendered":"Gabon-France : T\u00eate-\u00e0-t\u00eate \u00e0 Duba\u00ef entre Oligui Nguema et Macron"},"content":{"rendered":"<p><span style=\"color: #ff6600\"><strong>Africa-Press &#8211; Gabon. <\/strong><\/span>A\u0300 l\u2019occasion de la Cop28 a\u0300 Dubai\u0308, le pre\u0301sident de la Transition, tombeur d\u2019Ali Bongo Ondimba, a devise\u0301 pour la premie\u0300re fois avec le pre\u0301sident franc\u0327ais, Emmanuel Macron. Les discussions se sont tenues lors des initiatives globales pour la protection des e\u0301cosyste\u0300mes fragiles et la promotion des politiques environnementales durables. Les deux personnalite\u0301s ont e\u0301galement e\u0301voque\u0301 les relations bilate\u0301rales entre les deux pays, de me\u0302me que la pe\u0301riode de transition en cours au Gabon.<\/p>\n<p>Profitant de la 28e la Confe\u0301rence des Nations Unies sur les changements climatiques (Cop28), le pre\u0301sident de la Transition au Gabon, Brice Clotaire Oligui Nguema, et son homologue franc\u0327ais, Emmanuel Macron, ont e\u0301change\u0301, pour la premie\u0300re fois, le 1er de\u0301cembre dernier, en marge de cette Confe\u0301rence des Parties se tenant aux E\u0301mirats-Arabes Unis.<\/p>\n<p>Trois apre\u0300s le coup d\u2019E\u0301tat perpe\u0301tre\u0301 par les militaires re\u0301unis au sein du Comite\u0301 pour la restauration des institutions (CTRI), les deux chefs d\u2019E\u0301tats ont pu enfin e\u0301voquer les relations entre le Gabon et le France, ainsi que la Transition en cours. Globalement, le ge\u0301ne\u0301ral Oligui Nguema a pre\u0301sente\u0301 l\u2019agenda de la Transition s\u2019appesantissant sur les grandes e\u0301tapes. Toute chose devant passer par un Dialogue national inclusif entre avril et juin 2024 pour un retour a\u0300 la normalite\u0301 dans le pays a\u0300 l\u2019horizon 2025.<\/p>\n<p>Les sources proches de ce dossier font e\u0301galement savoir que le chef de l\u2019E\u0301tat gabonais a magnifie\u0301 le re\u0301fe\u0301rendum devant permettre de valider la nouvelle Constitution et les e\u0301le\u0301ments tels que le nouveau Code e\u0301lectoral. Ce dernier outil e\u0301tant la base d\u2019une e\u0301lection pre\u0301sidentielle transparente, cre\u0301dible et apaise\u0301e. Une donne plus attendue par la communaute\u0301 internationale que par la population gabonaise qui a salue\u0301 le \u00abcoup de la liberte\u0301\u00bb et qui manifeste depuis des anne\u0301es sa soif de de\u0301mocratie apaise\u0301e.<\/p>\n<p>L\u2019aboutissement de ce processus devrait ouvrir la voie a\u0300 la sortie du Gabon de l\u2019isolement dans lequel la communaute\u0301 internationale l\u2019a cantonne\u0301 depuis le coup de force du 30 aou\u0302t 2023 de par ses sanctions. Une de\u0301marche devant de toute e\u0301vidence se faire avec le soutien des partenaires re\u0301guliers du Gabon a\u0300 l\u2019exemple de la France. Et Paris entend bien soutenir le processus en cours au Gabon.<\/p>\n<p>Le ge\u0301ne\u0301ral Oligui et Emmanuel Macron ont de me\u0302me e\u0301voque\u0301 la situation de l\u2019ex-chef de l\u2019E\u0301tat, Ali Bongo Ondimba. Le chef du Comite\u0301 pour la Transition a rassure\u0301 son homologue sur la liberte\u0301 de mouvement accorde\u0301e a\u0300 son pre\u0301de\u0301cesseur. Ce dernier e\u0301tant libre de ses mouvements et de pouvoir sortir et revenir sur le territoire national, tout comme il est bien suivi par ses me\u0301decins et peut s\u2019installer dans le pays de son choix. Ce qui ne signifie pas aller en exil.<\/p>\n<p>Les deux chefs d\u2019E\u0301tats ont enfin aborde\u0301 la coope\u0301ration bilate\u0301rale entre le Gabon et le France. Elle demeure au beau fixe et se de\u0301veloppe davantage dans plusieurs domaines a\u0300 l\u2019instar de l\u2019e\u0301conomie. Comme on pouvait s\u2019y attendre, le leadership du Gabon a e\u0301te\u0301 salue\u0301 par Emmanuel Macron en ce qui concerne la protection de l\u2019environnement.<\/p>\n<p>Pour de nombreux observateur, la France qui continue de man\u0153uvrer pour un retour a\u0300 l\u2019ordre constitutionnel au Burkina Faso, au Niger et au Mali n\u2019a pas la me\u0302me vision sur le cas gabonais. \u00abUne de\u0301cision deux poids deux mesures de la France sur les changements de re\u0301gime en Afrique\u00bb, de\u0301noncent-ils.<\/p>\n<p><strong>Pour plus d&rsquo;informations et d&rsquo;analyses sur la <a href=\"https:\/\/www.africa-press.net\/gabon\">Gabon<\/a>, suivez <a href=\"https:\/\/www.africa-press.net\/\">Africa-Press<\/a><\/strong><\/p>\n","protected":false},"excerpt":{"rendered":"<p>Africa-Press &#8211; Gabon. A\u0300 l\u2019occasion de la Cop28 a\u0300 Dubai\u0308, le pre\u0301sident de la Transition, tombeur d\u2019Ali Bongo Ondimba, a devise\u0301 pour la premie\u0300re fois avec le pre\u0301sident franc\u0327ais, Emmanuel Macron. Les discussions se sont tenues lors des initiatives globales pour la protection des e\u0301cosyste\u0300mes fragiles et la promotion des politiques environnementales durables. Les deux [&hellip;]<\/p>\n","protected":false},"author":82,"featured_media":30897,"comment_status":"open","ping_status":"closed","sticky":false,"template":"","format":"standard","meta":{"footnotes":""},"categories":[2,53,20,10],"tags":[36,50,49],"class_list":["post-30898","post","type-post","status-publish","format-standard","has-post-thumbnail","hentry","category-politique","category-to-homepage","category-top-nouvelles","category-toutes-les-actualites","tag-africa-press","tag-africa-press-gabon","tag-gabon"],"yoast_head":"<!-- This site is optimized with the Yoast SEO Premium plugin v26.1 (Yoast SEO v27.0) - https:\/\/yoast.com\/product\/yoast-seo-premium-wordpress\/ -->\n<title>Gabon-France : T\u00eate-\u00e0-t\u00eate \u00e0 Duba\u00ef entre Oligui Nguema et Macron - Gabon<\/title>\n<meta name=\"description\" content=\"A\u0300 l\u2019occasion de la Cop28 a\u0300 Dubai\u0308, le pre\u0301sident de la Transition, tombeur d\u2019Ali Bongo Ondimba, a devise\u0301 pour la prem ...\" \/>\n<meta name=\"robots\" content=\"index, follow, max-snippet:-1, max-image-preview:large, max-video-preview:-1\" \/>\n<link rel=\"canonical\" href=\"https:\/\/www.africa-press.net\/gabon\/politique\/gabon-france-tete-a-tete-a-dubai-entre-oligui-nguema-et-macron\" \/>\n<meta property=\"og:locale\" content=\"fr_FR\" \/>\n<meta property=\"og:type\" content=\"article\" \/>\n<meta property=\"og:title\" content=\"Gabon-France : T\u00eate-\u00e0-t\u00eate \u00e0 Duba\u00ef entre Oligui Nguema et Macron\" \/>\n<meta property=\"og:description\" content=\"A\u0300 l\u2019occasion de la Cop28 a\u0300 Dubai\u0308, le pre\u0301sident de la Transition, tombeur d\u2019Ali Bongo Ondimba, a devise\u0301 pour la prem ...\" \/>\n<meta property=\"og:url\" content=\"https:\/\/www.africa-press.net\/gabon\/politique\/gabon-france-tete-a-tete-a-dubai-entre-oligui-nguema-et-macron\" \/>\n<meta property=\"og:site_name\" content=\"Gabon\" \/>\n<meta property=\"article:published_time\" content=\"2023-12-05T11:55:47+00:00\" \/>\n<meta property=\"article:modified_time\" content=\"2023-12-05T12:33:37+00:00\" \/>\n<meta property=\"og:image\" content=\"https:\/\/static.africa-press.net\/gabon\/sites\/54\/2023\/12\/sm_1701766478.493872.jpg\" \/>\n\t<meta property=\"og:image:width\" content=\"720\" \/>\n\t<meta property=\"og:image:height\" content=\"445\" \/>\n\t<meta property=\"og:image:type\" content=\"image\/jpeg\" \/>\n<meta name=\"author\" content=\"cfeditorfr\" \/>\n<meta name=\"twitter:card\" content=\"summary_large_image\" \/>\n<meta name=\"twitter:label1\" content=\"\u00c9crit par\" \/>\n\t<meta name=\"twitter:data1\" content=\"cfeditorfr\" \/>\n\t<meta name=\"twitter:label2\" content=\"Dur\u00e9e de lecture estim\u00e9e\" \/>\n\t<meta name=\"twitter:data2\" content=\"3 minutes\" \/>\n<script type=\"application\/ld+json\" class=\"yoast-schema-graph\">{\"@context\":\"https:\/\/schema.org\",\"@graph\":[{\"@type\":\"Article\",\"@id\":\"https:\/\/www.africa-press.net\/gabon\/politique\/gabon-france-tete-a-tete-a-dubai-entre-oligui-nguema-et-macron#article\",\"isPartOf\":{\"@id\":\"https:\/\/www.africa-press.net\/gabon\/politique\/gabon-france-tete-a-tete-a-dubai-entre-oligui-nguema-et-macron\"},\"author\":{\"name\":\"cfeditorfr\",\"@id\":\"https:\/\/www.africa-press.net\/gabon\/#\/schema\/person\/2b1cf3cd81a31e3cd26889ca66d677f1\"},\"headline\":\"Gabon-France : T\u00eate-\u00e0-t\u00eate \u00e0 Duba\u00ef entre Oligui Nguema et Macron\",\"datePublished\":\"2023-12-05T11:55:47+00:00\",\"dateModified\":\"2023-12-05T12:33:37+00:00\",\"mainEntityOfPage\":{\"@id\":\"https:\/\/www.africa-press.net\/gabon\/politique\/gabon-france-tete-a-tete-a-dubai-entre-oligui-nguema-et-macron\"},\"wordCount\":660,\"commentCount\":0,\"image\":{\"@id\":\"https:\/\/www.africa-press.net\/gabon\/politique\/gabon-france-tete-a-tete-a-dubai-entre-oligui-nguema-et-macron#primaryimage\"},\"thumbnailUrl\":\"https:\/\/static.africa-press.net\/gabon\/sites\/54\/2023\/12\/sm_1701766478.493872.jpg\",\"keywords\":[\"Africa Press\",\"Africa Press-Gabon\",\"Gabon\"],\"articleSection\":[\"Politique\",\"to-homepage\",\"Top Nouvelles\",\"Toutes les actualit\u00e9s\"],\"inLanguage\":\"fr-FR\",\"potentialAction\":[{\"@type\":\"CommentAction\",\"name\":\"Comment\",\"target\":[\"https:\/\/www.africa-press.net\/gabon\/politique\/gabon-france-tete-a-tete-a-dubai-entre-oligui-nguema-et-macron#respond\"]}]},{\"@type\":\"WebPage\",\"@id\":\"https:\/\/www.africa-press.net\/gabon\/politique\/gabon-france-tete-a-tete-a-dubai-entre-oligui-nguema-et-macron\",\"url\":\"https:\/\/www.africa-press.net\/gabon\/politique\/gabon-france-tete-a-tete-a-dubai-entre-oligui-nguema-et-macron\",\"name\":\"Gabon-France : T\u00eate-\u00e0-t\u00eate \u00e0 Duba\u00ef entre Oligui Nguema et Macron - Gabon\",\"isPartOf\":{\"@id\":\"https:\/\/www.africa-press.net\/gabon\/#website\"},\"primaryImageOfPage\":{\"@id\":\"https:\/\/www.africa-press.net\/gabon\/politique\/gabon-france-tete-a-tete-a-dubai-entre-oligui-nguema-et-macron#primaryimage\"},\"image\":{\"@id\":\"https:\/\/www.africa-press.net\/gabon\/politique\/gabon-france-tete-a-tete-a-dubai-entre-oligui-nguema-et-macron#primaryimage\"},\"thumbnailUrl\":\"https:\/\/static.africa-press.net\/gabon\/sites\/54\/2023\/12\/sm_1701766478.493872.jpg\",\"datePublished\":\"2023-12-05T11:55:47+00:00\",\"dateModified\":\"2023-12-05T12:33:37+00:00\",\"author\":{\"@id\":\"https:\/\/www.africa-press.net\/gabon\/#\/schema\/person\/2b1cf3cd81a31e3cd26889ca66d677f1\"},\"description\":\"A\u0300 l\u2019occasion de la Cop28 a\u0300 Dubai\u0308, le pre\u0301sident de la Transition, tombeur d\u2019Ali Bongo Ondimba, a devise\u0301 pour la prem ...\",\"breadcrumb\":{\"@id\":\"https:\/\/www.africa-press.net\/gabon\/politique\/gabon-france-tete-a-tete-a-dubai-entre-oligui-nguema-et-macron#breadcrumb\"},\"inLanguage\":\"fr-FR\",\"potentialAction\":[{\"@type\":\"ReadAction\",\"target\":[\"https:\/\/www.africa-press.net\/gabon\/politique\/gabon-france-tete-a-tete-a-dubai-entre-oligui-nguema-et-macron\"]}]},{\"@type\":\"ImageObject\",\"inLanguage\":\"fr-FR\",\"@id\":\"https:\/\/www.africa-press.net\/gabon\/politique\/gabon-france-tete-a-tete-a-dubai-entre-oligui-nguema-et-macron#primaryimage\",\"url\":\"https:\/\/static.africa-press.net\/gabon\/sites\/54\/2023\/12\/sm_1701766478.493872.jpg\",\"contentUrl\":\"https:\/\/static.africa-press.net\/gabon\/sites\/54\/2023\/12\/sm_1701766478.493872.jpg\",\"width\":720,\"height\":445,\"caption\":\"Gabon-France : T\u00eate-\u00e0-t\u00eate \u00e0 Duba\u00ef entre Oligui Nguema et Macron\"},{\"@type\":\"BreadcrumbList\",\"@id\":\"https:\/\/www.africa-press.net\/gabon\/politique\/gabon-france-tete-a-tete-a-dubai-entre-oligui-nguema-et-macron#breadcrumb\",\"itemListElement\":[{\"@type\":\"ListItem\",\"position\":1,\"name\":\"Accueil\",\"item\":\"https:\/\/www.africa-press.net\/gabon\/\"},{\"@type\":\"ListItem\",\"position\":2,\"name\":\"Gabon-France : T\u00eate-\u00e0-t\u00eate \u00e0 Duba\u00ef entre Oligui Nguema et Macron\"}]},{\"@type\":\"WebSite\",\"@id\":\"https:\/\/www.africa-press.net\/gabon\/#website\",\"url\":\"https:\/\/www.africa-press.net\/gabon\/\",\"name\":\"Gabon\",\"description\":\"Just another Africa News Agency Sites site\",\"potentialAction\":[{\"@type\":\"SearchAction\",\"target\":{\"@type\":\"EntryPoint\",\"urlTemplate\":\"https:\/\/www.africa-press.net\/gabon\/?s={search_term_string}\"},\"query-input\":{\"@type\":\"PropertyValueSpecification\",\"valueRequired\":true,\"valueName\":\"search_term_string\"}}],\"inLanguage\":\"fr-FR\"},{\"@type\":\"Person\",\"@id\":\"https:\/\/www.africa-press.net\/gabon\/#\/schema\/person\/2b1cf3cd81a31e3cd26889ca66d677f1\",\"name\":\"cfeditorfr\"}]}<\/script>\n<!-- \/ Yoast SEO Premium plugin. -->","yoast_head_json":{"title":"Gabon-France : T\u00eate-\u00e0-t\u00eate \u00e0 Duba\u00ef entre Oligui Nguema et Macron - Gabon","description":"A\u0300 l\u2019occasion de la Cop28 a\u0300 Dubai\u0308, le pre\u0301sident de la Transition, tombeur d\u2019Ali Bongo Ondimba, a devise\u0301 pour la prem ...","robots":{"index":"index","follow":"follow","max-snippet":"max-snippet:-1","max-image-preview":"max-image-preview:large","max-video-preview":"max-video-preview:-1"},"canonical":"https:\/\/www.africa-press.net\/gabon\/politique\/gabon-france-tete-a-tete-a-dubai-entre-oligui-nguema-et-macron","og_locale":"fr_FR","og_type":"article","og_title":"Gabon-France : T\u00eate-\u00e0-t\u00eate \u00e0 Duba\u00ef entre Oligui Nguema et Macron","og_description":"A\u0300 l\u2019occasion de la Cop28 a\u0300 Dubai\u0308, le pre\u0301sident de la Transition, tombeur d\u2019Ali Bongo Ondimba, a devise\u0301 pour la prem ...","og_url":"https:\/\/www.africa-press.net\/gabon\/politique\/gabon-france-tete-a-tete-a-dubai-entre-oligui-nguema-et-macron","og_site_name":"Gabon","article_published_time":"2023-12-05T11:55:47+00:00","article_modified_time":"2023-12-05T12:33:37+00:00","og_image":[{"width":720,"height":445,"url":"https:\/\/static.africa-press.net\/gabon\/sites\/54\/2023\/12\/sm_1701766478.493872.jpg","type":"image\/jpeg"}],"author":"cfeditorfr","twitter_card":"summary_large_image","twitter_misc":{"\u00c9crit par":"cfeditorfr","Dur\u00e9e de lecture estim\u00e9e":"3 minutes"},"schema":{"@context":"https:\/\/schema.org","@graph":[{"@type":"Article","@id":"https:\/\/www.africa-press.net\/gabon\/politique\/gabon-france-tete-a-tete-a-dubai-entre-oligui-nguema-et-macron#article","isPartOf":{"@id":"https:\/\/www.africa-press.net\/gabon\/politique\/gabon-france-tete-a-tete-a-dubai-entre-oligui-nguema-et-macron"},"author":{"name":"cfeditorfr","@id":"https:\/\/www.africa-press.net\/gabon\/#\/schema\/person\/2b1cf3cd81a31e3cd26889ca66d677f1"},"headline":"Gabon-France : T\u00eate-\u00e0-t\u00eate \u00e0 Duba\u00ef entre Oligui Nguema et Macron","datePublished":"2023-12-05T11:55:47+00:00","dateModified":"2023-12-05T12:33:37+00:00","mainEntityOfPage":{"@id":"https:\/\/www.africa-press.net\/gabon\/politique\/gabon-france-tete-a-tete-a-dubai-entre-oligui-nguema-et-macron"},"wordCount":660,"commentCount":0,"image":{"@id":"https:\/\/www.africa-press.net\/gabon\/politique\/gabon-france-tete-a-tete-a-dubai-entre-oligui-nguema-et-macron#primaryimage"},"thumbnailUrl":"https:\/\/static.africa-press.net\/gabon\/sites\/54\/2023\/12\/sm_1701766478.493872.jpg","keywords":["Africa Press","Africa Press-Gabon","Gabon"],"articleSection":["Politique","to-homepage","Top Nouvelles","Toutes les actualit\u00e9s"],"inLanguage":"fr-FR","potentialAction":[{"@type":"CommentAction","name":"Comment","target":["https:\/\/www.africa-press.net\/gabon\/politique\/gabon-france-tete-a-tete-a-dubai-entre-oligui-nguema-et-macron#respond"]}]},{"@type":"WebPage","@id":"https:\/\/www.africa-press.net\/gabon\/politique\/gabon-france-tete-a-tete-a-dubai-entre-oligui-nguema-et-macron","url":"https:\/\/www.africa-press.net\/gabon\/politique\/gabon-france-tete-a-tete-a-dubai-entre-oligui-nguema-et-macron","name":"Gabon-France : T\u00eate-\u00e0-t\u00eate \u00e0 Duba\u00ef entre Oligui Nguema et Macron - Gabon","isPartOf":{"@id":"https:\/\/www.africa-press.net\/gabon\/#website"},"primaryImageOfPage":{"@id":"https:\/\/www.africa-press.net\/gabon\/politique\/gabon-france-tete-a-tete-a-dubai-entre-oligui-nguema-et-macron#primaryimage"},"image":{"@id":"https:\/\/www.africa-press.net\/gabon\/politique\/gabon-france-tete-a-tete-a-dubai-entre-oligui-nguema-et-macron#primaryimage"},"thumbnailUrl":"https:\/\/static.africa-press.net\/gabon\/sites\/54\/2023\/12\/sm_1701766478.493872.jpg","datePublished":"2023-12-05T11:55:47+00:00","dateModified":"2023-12-05T12:33:37+00:00","author":{"@id":"https:\/\/www.africa-press.net\/gabon\/#\/schema\/person\/2b1cf3cd81a31e3cd26889ca66d677f1"},"description":"A\u0300 l\u2019occasion de la Cop28 a\u0300 Dubai\u0308, le pre\u0301sident de la Transition, tombeur d\u2019Ali Bongo Ondimba, a devise\u0301 pour la prem ...","breadcrumb":{"@id":"https:\/\/www.africa-press.net\/gabon\/politique\/gabon-france-tete-a-tete-a-dubai-entre-oligui-nguema-et-macron#breadcrumb"},"inLanguage":"fr-FR","potentialAction":[{"@type":"ReadAction","target":["https:\/\/www.africa-press.net\/gabon\/politique\/gabon-france-tete-a-tete-a-dubai-entre-oligui-nguema-et-macron"]}]},{"@type":"ImageObject","inLanguage":"fr-FR","@id":"https:\/\/www.africa-press.net\/gabon\/politique\/gabon-france-tete-a-tete-a-dubai-entre-oligui-nguema-et-macron#primaryimage","url":"https:\/\/static.africa-press.net\/gabon\/sites\/54\/2023\/12\/sm_1701766478.493872.jpg","contentUrl":"https:\/\/static.africa-press.net\/gabon\/sites\/54\/2023\/12\/sm_1701766478.493872.jpg","width":720,"height":445,"caption":"Gabon-France : T\u00eate-\u00e0-t\u00eate \u00e0 Duba\u00ef entre Oligui Nguema et Macron"},{"@type":"BreadcrumbList","@id":"https:\/\/www.africa-press.net\/gabon\/politique\/gabon-france-tete-a-tete-a-dubai-entre-oligui-nguema-et-macron#breadcrumb","itemListElement":[{"@type":"ListItem","position":1,"name":"Accueil","item":"https:\/\/www.africa-press.net\/gabon\/"},{"@type":"ListItem","position":2,"name":"Gabon-France : T\u00eate-\u00e0-t\u00eate \u00e0 Duba\u00ef entre Oligui Nguema et Macron"}]},{"@type":"WebSite","@id":"https:\/\/www.africa-press.net\/gabon\/#website","url":"https:\/\/www.africa-press.net\/gabon\/","name":"Gabon","description":"Just another Africa News Agency Sites site","potentialAction":[{"@type":"SearchAction","target":{"@type":"EntryPoint","urlTemplate":"https:\/\/www.africa-press.net\/gabon\/?s={search_term_string}"},"query-input":{"@type":"PropertyValueSpecification","valueRequired":true,"valueName":"search_term_string"}}],"inLanguage":"fr-FR"},{"@type":"Person","@id":"https:\/\/www.africa-press.net\/gabon\/#\/schema\/person\/2b1cf3cd81a31e3cd26889ca66d677f1","name":"cfeditorfr"}]}},"_links":{"self":[{"href":"https:\/\/www.africa-press.net\/gabon\/wp-json\/wp\/v2\/posts\/30898","targetHints":{"allow":["GET"]}}],"collection":[{"href":"https:\/\/www.africa-press.net\/gabon\/wp-json\/wp\/v2\/posts"}],"about":[{"href":"https:\/\/www.africa-press.net\/gabon\/wp-json\/wp\/v2\/types\/post"}],"author":[{"embeddable":true,"href":"https:\/\/www.africa-press.net\/gabon\/wp-json\/wp\/v2\/users\/82"}],"replies":[{"embeddable":true,"href":"https:\/\/www.africa-press.net\/gabon\/wp-json\/wp\/v2\/comments?post=30898"}],"version-history":[{"count":0,"href":"https:\/\/www.africa-press.net\/gabon\/wp-json\/wp\/v2\/posts\/30898\/revisions"}],"wp:featuredmedia":[{"embeddable":true,"href":"https:\/\/www.africa-press.net\/gabon\/wp-json\/wp\/v2\/media\/30897"}],"wp:attachment":[{"href":"https:\/\/www.africa-press.net\/gabon\/wp-json\/wp\/v2\/media?parent=30898"}],"wp:term":[{"taxonomy":"category","embeddable":true,"href":"https:\/\/www.africa-press.net\/gabon\/wp-json\/wp\/v2\/categories?post=30898"},{"taxonomy":"post_tag","embeddable":true,"href":"https:\/\/www.africa-press.net\/gabon\/wp-json\/wp\/v2\/tags?post=30898"}],"curies":[{"name":"wp","href":"https:\/\/api.w.org\/{rel}","templated":true}]}}