{"id":3589,"date":"2022-05-09T18:33:13","date_gmt":"2022-05-09T18:33:13","guid":{"rendered":"https:\/\/www.africa-press.net\/gabon\/politique\/guerre-dukraine-quel-impact-pour-lafrique"},"modified":"2022-05-09T18:54:39","modified_gmt":"2022-05-09T18:54:39","slug":"guerre-dukraine-quel-impact-pour-lafrique","status":"publish","type":"post","link":"https:\/\/www.africa-press.net\/gabon\/dossiers\/guerre-dukraine-quel-impact-pour-lafrique","title":{"rendered":"Guerre d\u2019Ukraine : Quel impact pour l\u2019Afrique ?"},"content":{"rendered":"<p><span style=\"color: #ff6600\"><strong>Africa-Press &#8211; Gabon. <\/strong><\/span><b>Voil\u00e0 la question qui br\u00fblent les l\u00e8vres des observateurs. Dans une interview, l\u2019\u00e9conomiste togolais Yves Ekou\u00e9 Ama\u00efzo, Directeur de \u00ab Afrocentricity Think Tank \u00bb r\u00e9pond aux questions de la cons\u0153ur de RT France, Samantha Ramsamy, sur le sujet. Bonne lecture.<\/b><\/p>\n<p>YEA : Le Pr\u00e9sident S\u00e9n\u00e9galais a en m\u00e9moire d\u2019abord le cas du S\u00e9n\u00e9gal, puis le cas des pays africains dans leur ensemble. Pour le S\u00e9n\u00e9gal, importateur net d\u2019hydrocarbures et de c\u00e9r\u00e9ales provenant de cette r\u00e9gion, oui il subit les cons\u00e9quences indirectes de la guerre entre l\u2019OTAN et la Russie qui se d\u00e9roule sur le sol Ukrainien. Mais l\u2019Afrique ne subit pas les pressions de la migration comme la Pologne, la Bulgarie ou d\u2019autres pays limitrophes. Pour l\u2019Afrique, la hausse des prix des mati\u00e8res premi\u00e8res peut \u00eatre une opportunit\u00e9 comme une menace si la gouvernance \u00e9conomique ne suit pas avec la Constitution de stock r\u00e9gulateur et de r\u00e9serves internationales en cas de retournement de la situation, et si la corruption prend le dessus.<\/p>\n<p>Le S\u00e9n\u00e9gal ne fait pas partie des 18 pays producteurs de p\u00e9trole en Afrique<\/p>\n<p><b>2. La guerre en Ukraine, un choc \u00e9conomique, il y en eu d\u2019autres plus r\u00e9cemment : La crise \u00e9conomique mondiale en 2008, plus r\u00e9cemment la pand\u00e9mie et l\u2019Afrique s\u2019est montr\u00e9e plut\u00f4t r\u00e9siliente ? L\u2019Afrique serait-elle r\u00e9siliente ?<\/b><\/p>\n<p>YEA. La notion de r\u00e9silience est relative. Les cons\u00e9quences de la crise financi\u00e8re de 2008 ont impact\u00e9 l\u2019Afrique avec du d\u00e9calage comme d\u2019ailleurs l\u2019ensemble des crises import\u00e9es des pays occidentaux. La r\u00e9silience de l\u2019Afrique face au coronavirus COVID-19 sont plus li\u00e9s \u00e0 des avantages comparatifs (chaleur, population vivant peu dans des espaces clos, population ayant eu des ant\u00e9c\u00e9dents de prise de m\u00e9dicaments antipalud\u00e9ens et utilisant la m\u00e9dicine traditionnelle et la pharmacop\u00e9e), ce qui a augment\u00e9 la capacit\u00e9 de r\u00e9sistance de la population africaine. Mais rien n\u2019emp\u00eache l\u2019Afrique de promouvoir ses avantages comp\u00e9titifs, tout ce qui permet \u00e0 une organisation, Etat ou entreprise, de surpasser la concurrence. Mais sur ce sujet, les dirigeants africains refusent de s\u2019int\u00e9resser \u00e0 cette approche et pr\u00e9f\u00e8rent en grande majorit\u00e9, vendre les richesses africaines sans les transformer, ce au d\u00e9triment de la cr\u00e9ation d\u2019emplois en Afrique.<\/p>\n<p><b>3. Quels sont les liens \u00e9conomiques et commerciaux que noue la Russie lourdement sanctionn\u00e9e avec les pays du continent africain ?<\/b><\/p>\n<p>YEA : Les liens entre la Russie et l\u2019Afrique sont anciens. Les pays africains qui avaient opt\u00e9 pour les politiques dites \u00ab communistes ou socialistes \u00bb au temps de l\u2019Union sovi\u00e9tique ont pour l\u2019essentiel \u00e9volu\u00e9 vers le pragmatisme, non sans renforcer la production agricole comme source de productivit\u00e9 et d\u2019autosuffisance. Mais l\u2019approche de certains pays africains d\u2019aller qu\u00e9mander de l\u2019aide qui finalement a contribu\u00e9 \u00e0 l\u2019endettement, puis \u00e0 la perte de souverainet\u00e9 \u00e9conomique et mon\u00e9taire, voire politique, n\u2019est pas dans la logique politique russe. L\u2019approche russe repose plus sur un engagement africain avec une priorit\u00e9 d\u2019abord pour une coop\u00e9ration militaire pour assoir une ind\u00e9pendance territoriale, pour ensuite \u00e9voluer vers un partenariat strat\u00e9gique. La contrepartie est souvent le paiement par des mati\u00e8res premi\u00e8res, y compris en or sur des bases plut\u00f4t favorables pour l\u2019Afrique. Ce n\u2019est pas non plus l\u2019approche de la Chine qui d\u00e9localise son personnel en Afrique et emp\u00eache ainsi le transfert de savoir-faire et de technologies \u00e0 des Africains. Ce dernier point est en train d\u2019\u00e9voluer.<\/p>\n<p><b>4. On parle beaucoup de la d\u00e9pendance du continent africain au bl\u00e9 ukrainien et russe qu\u2019en est-il vraiment ?<\/b><\/p>\n<p>YEA. Oui, cette d\u00e9pendance est r\u00e9elle notamment pour certains pays qui ont choisi non pas de promouvoir leur production locale, mais de s\u2019enrichir \u00e0 partir des asym\u00e9tries de march\u00e9\u2026 en effet, les c\u00e9r\u00e9ales, les engrais, les hydrocarbures (transform\u00e9s) provenant de la Russie et de l\u2019Ukraine ont permis l\u2019enrichissement personnel de nombre de dirigeants africains et leurs r\u00e9seaux d\u2019affid\u00e9s proches. La d\u00e9stabilisation de ce syst\u00e8me remet en cause des pratiques de rente en Afrique. Des pays comme le B\u00e9nin son d\u00e9pendant \u00e0 100 % du bl\u00e9 des deux pays en guerre\u2026 Pourtant, les B\u00e9ninois ne consomment pas ces 100 % d\u2019importations\u2026 Vraisemblablement des r\u00e9exportations l\u00e9gales ou ill\u00e9gales vers le pays voisin comme le Nig\u00e9ria avec des b\u00e9n\u00e9fices substantiels\u2026<\/p>\n<p>Plus globalement pour l\u2019Afrique, 8,3 % du bl\u00e9 import\u00e9 provient d\u2019Ukraine et 22 % de Russie et les sanctions lourdes vont d\u00e9stabiliser le circuit d\u2019approvisionnement et impacter directement les populations les plus pauvres en Afrique. Les pays de l\u2019Afrique du Nord dit le Maghreb sont particuli\u00e8rement d\u00e9pendant des importations de bl\u00e9 mais aussi de ma\u00efs achet\u00e9 \u00e0 70 % \u00e0 l\u2019\u00e9tranger. Nous allons n\u00e9cessairement assister \u00e0 un choc inflationniste avec des possibilit\u00e9s de poches de famine et d\u2019ass\u00e8chement des stocks de nourriture. Les pays africains qui profitent des prix \u00e9lev\u00e9s des hydrocarbures, s\u2019ils sont vertueux en termes de gouvernance strat\u00e9gique, pourront facilement reconstituer leurs r\u00e9serves financi\u00e8res si la situation perdure.<\/p>\n<p><b>5. Paradoxe cet Afrique qui, malgr\u00e9 le potentiel confirm\u00e9 de son agriculture, n\u2019arrive toujours pas \u00e0 se nourrir ? Il y a peut-\u00eatre un sursaut il va falloir nourrir plus de 4 milliards d\u2019africain en 2100 ?<\/b><\/p>\n<p>YEA. C\u2019est la faute et la responsabilit\u00e9 des politiques pass\u00e9es de refus de donner la priorit\u00e9 \u00e0 la transformation en Afrique de l\u2019agriculture africaine. Mais sur l\u2019agriculture, c\u2019est la constitution de rentes de situation \u00e0 partir d\u2019une fausse politique d\u2019import-substitution o\u00f9 au lieu de privil\u00e9gier la chaine de valeur du manioc, de la patate douce ou de la banane plantain par exemple, de nombreux dirigeants africains ont pr\u00e9f\u00e9r\u00e9 les importations de bl\u00e9 ou mais \u00e0 des prix comp\u00e9titifs afin de le revendre avec des marges substantielles, principalement par le biais des membres des cercles familiaux ou politiques. Le sursaut passe par la priorit\u00e9 \u00e0 l\u2019\u00e9conomie de proximit\u00e9 et \u00e0 l\u2019\u00e9conomie circulaire avec le recyclage et le civisme sur la propret\u00e9 des espaces.<\/p>\n<p><b>6. Crainte de la famine vrai ou faux ? 45 pays africains importent en effet au moins un tiers de leur bl\u00e9 d\u2019Ukraine ou de Russie.<\/b><\/p>\n<p>YEA. Lorsqu\u2019on parle de famine, il faut s\u2019interroger sur ceux qui en parlent. Il s\u2019agit souvent d\u2019institutions \u00e9trang\u00e8res sp\u00e9cialis\u00e9es et qui vivent des crises dans les pays faiblement industrialis\u00e9s. Aussi, oui, il y aura des poches de p\u00e9nurie alimentaire li\u00e9es plus \u00e0 des difficult\u00e9s du circuit d\u2019approvisionnement et le refus d\u2019accorder des incitations importantes \u00e0 ceux des agricultrices et agriculteurs africains qui produisent et valorisent les productions agricoles locales. Savez-vous que la p\u00e9nurie de bl\u00e9 a permis aux patrons de boulangerie au Cameroun et ailleurs en Afrique de produire du pain \u00e0 partir de la patate douce, de l\u2019igname et de la banane plantain. Plus nutritif et meilleur en go\u00fbt ? Pourquoi faut-il attendre des crises pour innover en Afrique ? Les marges sont m\u00eame en train de s\u2019am\u00e9liorer du fait des alternatives africaines au bl\u00e9 ou autres c\u00e9r\u00e9ales import\u00e9es. L\u2019Afrique doit consommer ce qu\u2019elle produit.<\/p>\n<p><b>7. Dans un article d\u2019Afrocentricity Think Tank (afrocentricity.info), vous dites La famine annonc\u00e9e en Afrique dans le Sahel ne sont pas le fait de la guerre en Ukraine ?<\/b><\/p>\n<p>YEA. Il va de soi que la guerre entre l\u2019OTAN et la Russie sur le sol africain a contribu\u00e9 \u00e0 aggraver la situation. Mais c\u2019est vrai que les priorit\u00e9s des dirigeants africains dans la pratique ne sont pas all\u00e9es de pair avec la recherche de l\u2019autosuffisance alimentaire \u00e0 partir des produits locaux. En effet, cela mettrait fin \u00e0 une rente de situation o\u00f9 les marges \u00e9taient substantielles pour les personnes proches du pouvoir africain.<\/p>\n<p><b>8. La situation est-elle identique \u00e0 ce que l\u2019on a appel\u00e9 malencontreusement les \u00e9meutes de la faim ?<\/b><\/p>\n<p>YEA : Les \u00e9meutes de la faim sont les cons\u00e9quences d\u2019une p\u00e9nurie prolong\u00e9e de l\u2019acc\u00e8s \u00e0 des produits import\u00e9s comme le bl\u00e9 et l\u2019augmentation inconsid\u00e9r\u00e9e des prix, li\u00e9e \u00e0 un refus des gouvernants de subventionner le prix du couscous et du bl\u00e9 et du pain, aliments intervenant dans la cuisine des pays au nord de l\u2019Afrique du Maroc \u00e0 l\u2019Egypte\u2026 Alors oui, si la crise actuelle se prolonge, les cons\u00e9quences dans les pays du Maghreb, mais aussi ailleurs en Afrique, peuvent sonner le glas de certains gouvernements trop concentr\u00e9s \u00e0 ne servir que leurs propres clans et ethnies.<\/p>\n<p><b>9. Et l\u2019inflation quid de l\u2019inflation aggrav\u00e9 par la p\u00e9nurie de c\u00e9r\u00e9ales ?<\/b><\/p>\n<p>YEA : La hausse g\u00e9n\u00e9ralis\u00e9e des prix et les r\u00e9percussions en cascade sur tous les prix des services dans un pays cr\u00e9e une situation de perte de pouvoir d\u2019achat g\u00e9n\u00e9ralis\u00e9e. Cette forme d\u2019inflation est d\u00e9stabilisante. Le Peuple ne peut qu\u2019y \u00eatre sensible surtout que cela impacte plus les pauvres, ceux que nous appelons en Afrique, \u00ab les en-bas-d\u2019en bas \u00bb que \u00ab les en-haut d\u2019en haut \u00bb.<\/p>\n<p><b>10. Les Etats-Unis affirment que la hausse des prix alimentaires pourrait plonger 10 millions de personnes dans la pauvret\u00e9, cela vous semble juste ?<\/b><\/p>\n<p>YEA : Je pense que ce sont les Nations Unies qui affirment cela. Oui, ce sont des analyses et des statistiques. En fait, les Nations Unies ont mis l\u2019accent sur l\u2019extr\u00eame pauvret\u00e9. Mais la r\u00e9alit\u00e9 est que c\u2019est la Chine qui a men\u00e9 une politique importante d\u2019industrialisation et de promotion des services qui ont permis de sortir une grande majorit\u00e9 des populations pauvres chinoises de la situation de survie. Et par ricochet, les pays asiatiques b\u00e9n\u00e9ficiant de l\u2019effet \u00ab d\u2019attraction \u00bb et de \u00ab locomotive \u00bb de la Chine.<\/p>\n<p>L\u2019ONU est dans une logique d\u2019alerter le monde et de plaidoyer pour obtenir des financements pour fonctionner. Mais l\u2019ONU est de plus en plus d\u00e9pass\u00e9e par les soci\u00e9t\u00e9s multinationales qui ponctionnent les travailleurs, empochent de nombreux contrats d\u2019Etat et ensuite s\u2019installent dans des situations de rente de situation leur permettant ainsi d\u2019orienter et de financer de mani\u00e8re cibl\u00e9e, des organisations d\u2019assistance humanitaire, y compris l\u2019ONU.<\/p>\n<p>Il suffit de se renseigner sur le fonctionnement de l\u2019Organisation mondiale de la sant\u00e9 pour comprendre comment les soci\u00e9t\u00e9s multinationales dictent la loi et les \u00ab essais cliniques \u00bb, voire les maladies et les vaccins qu\u2019il faut promouvoir ou pas\u2026 L\u2019ONU comme au demeurant de nombreux Etats, sont devenus des courroies de transmission de ces entit\u00e9s multinationales pr\u00e9sentant des visages de fondations humanitaires\u2026<\/p>\n<p>La mobilisation des pays Occidentaux en argent, en armes et autres pour l\u2019Ukraine a quelque chose de d\u2019ambig\u00fce face \u00e0 la r\u00e9action de ces m\u00eames dirigeants occidentaux envers les r\u00e9fugi\u00e9s provenant des pays africains dont les autocrates sont soutenus par ces m\u00eames Occidentaux. Certains ont m\u00eame parl\u00e9 de hi\u00e9rarchisation des conflits et donc des migrants. Plus on est proche de l\u2019Europe et blanc de peau, plus vite la mobilisation se fait\u2026 Cela devrait donner \u00e0 r\u00e9fl\u00e9chir aux Africains pour trouver des solutions locales \u00e0 ceux des leurs qui sont responsables de ces guerres entre pays africains, m\u00eame si en filigrane la main des puissances \u00e9trang\u00e8res n\u2019est pas \u00e9loign\u00e9e du soutien et du maintien des autocrates, dictateurs sous couvert de d\u00e9mocratie fond\u00e9e sur des coups d\u2019Etat constitutionnels pour contr\u00f4ler la t\u00eate de nombreux Etats africains.<\/p>\n<p>Aussi, le r\u00f4le de l\u2019ONU dans cette \u00ab g\u00e9opolitique \u00bb demeure un ravalement de \u00ab fa\u00e7ade \u00bb pour bonne conscience aux dirigeants occidentaux.<\/p>\n<p><b>11. A quel niveau et perspective s\u2019attendre ? Les Etats-Unis comme au demeurant les Nations-Unies affirment que la hausse des prix alimentaires pourrait plonger 10 millions de personnes dans la pauvret\u00e9<\/b><\/p>\n<p>YEA : Il y aura des poches de pauvret\u00e9 et de famine. A ce titre, il ne faut pas limiter le probl\u00e8me \u00e0 l\u2019alimentation. Car un pays comme le Mali subit de plein fouet les sanctions d\u2019une organisation r\u00e9gionale africaine qu\u2019est la Communaut\u00e9 \u00e9conomique des Etats de l\u2019Afrique occidentale (CEDEAO) alors que la d\u00e9cision des sanctions a \u00e9t\u00e9 jug\u00e9e ill\u00e9gale par la Cour de Justice de l\u2019Union Economique et Mon\u00e9taire des pays de l\u2019Afrique occidentale (UEMOA). Par ailleurs, le Mali est pourtant un pays enclav\u00e9 et selon l\u2019ONU, ne peut pas subir d\u2019embargo ou de sanctions\u2026. Mais la subordination de certains dirigeants africains francophones \u00e0 des pays occidentaux et n\u00e9ocoloniaux est telle que tout est possible. L\u2019extr\u00eame pauvret\u00e9 va augmenter.<\/p>\n<p><b>12. Peut-on dire que le FMI et la Banque mondiale se frottent les mains ?<\/b><\/p>\n<p>YEA : Non. Aucune de ces organisations internationales n\u2019ont int\u00e9r\u00eat \u00e0 une d\u00e9stabilisation de Etats qui sont membres et ne pourront d\u2019ailleurs pas rembourser les pr\u00eats en cours. Mais le conseil d\u2019administration de ces institutions de Bretton Woods, dirig\u00e9 \u00e0 plus de 80 % par les pays occidentaux qui sanctionnent la Russie, devrait s\u2019interroger sur les cons\u00e9quences du retour de la pauvret\u00e9 et des in\u00e9galit\u00e9s en Afrique. A moins que ce ne soit un plan assum\u00e9 de d\u00e9stabilisation indirecte d\u2019une partie de l\u2019Afrique, non sans int\u00e9r\u00eat g\u00e9ostrat\u00e9gique et g\u00e9o\u00e9conomique en filigrane.<\/p>\n<p><b>13. Pour la troisi\u00e8me fois en six ans, l\u2019Egypte r\u00e9clame au Fonds mon\u00e9taire international (FMI) un nouveau programme d\u2019aide financi\u00e8re. Quelles vont \u00eatre les solutions propos\u00e9es par les instances internationales et quels impacts \u00e0 long terme pour les pays africains ?<\/b><br \/>\n<b>YEA :<\/b><\/p>\n<p>Il s\u2019agit d\u2019abord des cons\u00e9quences d\u2019une mauvaise gouvernance \u00e9conomique fond\u00e9e sur les importations de mati\u00e8res premi\u00e8res et des rentes de situation de l\u2019arm\u00e9e qui dirige des usines. L\u2019Egypte fait partie des principaux pays b\u00e9n\u00e9ficiant de l\u2019aide am\u00e9ricaine. Donc, le pays ne sera pas laiss\u00e9 \u00e0 l\u2019abandon. Mais le grand projet de la d\u00e9localisation de la capitale vers une ville nouvelle sera ralenti\u2026 Les actionnaires du deuxi\u00e8me grand projet du canal de suez pourraient changer. Rappelons que le nouveau canal de Suez a \u00e9t\u00e9 ouvert officiellement le 6 ao\u00fbt 2015 et aurait co\u00fbt\u00e9 autour de 7,2 milliards d\u2019euros (8 milliards de $EU). Bref, l\u2019endettement des pays comme l\u2019Egypte risque de se transformer en une perte de souverainet\u00e9\u2026<\/p>\n<p><b>14. A la demande du Niger, plusieurs pays dont la France ont d\u00e9j\u00e0 promis d\u2019augmenter leur aide alimentaire \u00e0 hauteur d\u20191,79 milliard d\u2019euros. Quels sont les risques d\u2019une telle d\u00e9pendance ?<\/b><\/p>\n<p>YEA : Chacun sait que l\u2019aide au d\u00e9veloppement y compris la France repose sur un syst\u00e8me de \u00ab retour sur investissement \u00bb. C\u2019est vrai que sous le r\u00e9gime du Pr\u00e9sident Macron 1, l\u2019aide publique du d\u00e9veloppement a augment\u00e9 mais est constitu\u00e9 essentiellement de pr\u00eat et peu de dons. Cette aide a aussi en priorit\u00e9 dans les pays interm\u00e9diaires et peu dans les pays pauvres. La d\u00e9pendance de pays comme le Niger se monnaie concr\u00e8tement avec l\u2019acceptation du Niger d\u2019avoir les bases militaires fran\u00e7aises qui quitte le Mali. La vraie question est de savoir si le Peuple du Niger y gagne quelque chose en d\u00e9finitive.<\/p>\n<p><b>15. Les pays africains ont-ils les moyens d\u2019absorber le choc, si oui comment ?<\/b><\/p>\n<p>YEA : Oui, certains pays africains peuvent absorber le choc et organiser leur r\u00e9silience. Ce sera plus facile pour les pays qui profiteront de l\u2019envol\u00e9e des prix des mati\u00e8res premi\u00e8res et auront une gouvernance \u00e9conomique \u00e9thique au service des populations. Ce sera un \u00ab non \u00bb pour les pays qui subissent les multiples pressions des importations de toutes les mati\u00e8res premi\u00e8res\u2026 En effet, l\u2019augmentation de l\u2019endettement ira de pair avec la perte de souverainet\u00e9, voire de l\u2019augmentation de la servitude, parfois volontaire.<\/p>\n<p><b>16. Est-ce qu\u2019\u00e0 contre-courant, l\u2019Afrique peut profiter des cons\u00e9quences de la guerre en Ukraine, si oui, comment ?<\/b><\/p>\n<p>YEA : La r\u00e9ponse est oui. Il faut d\u2019abord opter pour des approches collectives dans l\u2019achat des mati\u00e8res premi\u00e8res par exemple, et s\u2019assurer d\u2019\u00e9couter et d\u2019associer les contre-pouvoirs citoyens dans les pays qui offrent une d\u00e9mocratie participative. A d\u00e9faut, l\u2019Afrique doit organiser son autosuffisance pour r\u00e9duire sa d\u00e9pendance ext\u00e9rieure en g\u00e9n\u00e9ral, des pays en guerre (OTAN, Russie et Ukraine) en particulier.<\/p>\n<p><b>17. Est-ce que l\u2019on va assister \u00e0 des changements d\u2019alliances en Afrique ? Et au sein du G 20 ?<\/b><\/p>\n<p>YEA : Assur\u00e9ment. En effet, le cas du Mali, du Burkina-Faso, mais d\u2019autres pays comme le Soudan risque d\u2019ouvrir la voie \u00e0 une vague de focalisation sur la souverainet\u00e9 territoriale et indirectement l\u2019acc\u00e8s \u00e0 des mati\u00e8res premi\u00e8res, technologies \u00e0 des prix comp\u00e9titifs et tr\u00e8s abordables avec la Russie, \u00e0 moins que l\u2019OTAN ne d\u00e9stabilise la Russie, autrement dit d\u00e9cide de la troisi\u00e8me guerre mondiale. Mais ce sera la guerre mondiale sans les Africains conscients.<\/p>\n<p>Je vous remercie pour l\u2019invitation.<\/p>\n<p><strong>Pour plus d&rsquo;informations et d&rsquo;analyses sur la <a href=\"https:\/\/www.africa-press.net\/gabon\">Gabon<\/a>, suivez <a href=\"https:\/\/www.africa-press.net\/\">Africa-Press<\/a><\/strong><\/p>\n","protected":false},"excerpt":{"rendered":"<p>Africa-Press &#8211; Gabon. Voil\u00e0 la question qui br\u00fblent les l\u00e8vres des observateurs. Dans une interview, l\u2019\u00e9conomiste togolais Yves Ekou\u00e9 Ama\u00efzo, Directeur de \u00ab Afrocentricity Think Tank \u00bb r\u00e9pond aux questions de la cons\u0153ur de RT France, Samantha Ramsamy, sur le sujet. Bonne lecture. YEA : Le Pr\u00e9sident S\u00e9n\u00e9galais a en m\u00e9moire d\u2019abord le cas du [&hellip;]<\/p>\n","protected":false},"author":82,"featured_media":3588,"comment_status":"open","ping_status":"closed","sticky":false,"template":"","format":"standard","meta":{"footnotes":""},"categories":[7,11,10],"tags":[36,50,621,360,49,491],"class_list":["post-3589","post","type-post","status-publish","format-standard","has-post-thumbnail","hentry","category-dossiers","category-homepage-french","category-toutes-les-actualites","tag-africa-press","tag-africa-press-gabon","tag-dr-yves-ekoue-amaizo","tag-featured","tag-gabon","tag-guerre-en-ukraine"],"yoast_head":"<!-- This site is optimized with the Yoast SEO Premium plugin v26.1 (Yoast SEO v27.0) - https:\/\/yoast.com\/product\/yoast-seo-premium-wordpress\/ -->\n<title>Guerre d\u2019Ukraine : Quel impact pour l\u2019Afrique ? - Gabon<\/title>\n<meta name=\"description\" content=\"Voil\u00e0 la question qui br\u00fblent les l\u00e8vres des observateurs. Dans une interview, l\u2019\u00e9conomiste togolais Yves Ekou\u00e9 Ama\u00efz ...\" \/>\n<meta name=\"robots\" content=\"index, follow, max-snippet:-1, max-image-preview:large, max-video-preview:-1\" \/>\n<link rel=\"canonical\" href=\"https:\/\/www.africa-press.net\/gabon\/dossiers\/guerre-dukraine-quel-impact-pour-lafrique\" \/>\n<meta property=\"og:locale\" content=\"fr_FR\" \/>\n<meta property=\"og:type\" content=\"article\" \/>\n<meta property=\"og:title\" content=\"Guerre d\u2019Ukraine : Quel impact pour l\u2019Afrique ?\" \/>\n<meta property=\"og:description\" content=\"Voil\u00e0 la question qui br\u00fblent les l\u00e8vres des observateurs. Dans une interview, l\u2019\u00e9conomiste togolais Yves Ekou\u00e9 Ama\u00efz ...\" \/>\n<meta property=\"og:url\" content=\"https:\/\/www.africa-press.net\/gabon\/dossiers\/guerre-dukraine-quel-impact-pour-lafrique\" \/>\n<meta property=\"og:site_name\" content=\"Gabon\" \/>\n<meta property=\"article:published_time\" content=\"2022-05-09T18:33:13+00:00\" \/>\n<meta property=\"article:modified_time\" content=\"2022-05-09T18:54:39+00:00\" \/>\n<meta property=\"og:image\" content=\"https:\/\/static.africa-press.net\/gabon\/sites\/54\/2022\/05\/postQueueImg_22-6279634a5453b.jpg\" \/>\n\t<meta property=\"og:image:width\" content=\"1290\" \/>\n\t<meta property=\"og:image:height\" content=\"800\" \/>\n\t<meta property=\"og:image:type\" content=\"image\/jpeg\" \/>\n<meta name=\"author\" content=\"cfeditorfr\" \/>\n<meta name=\"twitter:card\" content=\"summary_large_image\" \/>\n<meta name=\"twitter:label1\" content=\"\u00c9crit par\" \/>\n\t<meta name=\"twitter:data1\" content=\"cfeditorfr\" \/>\n\t<meta name=\"twitter:label2\" content=\"Dur\u00e9e de lecture estim\u00e9e\" \/>\n\t<meta name=\"twitter:data2\" content=\"15 minutes\" \/>\n<script type=\"application\/ld+json\" class=\"yoast-schema-graph\">{\"@context\":\"https:\/\/schema.org\",\"@graph\":[{\"@type\":\"Article\",\"@id\":\"https:\/\/www.africa-press.net\/gabon\/dossiers\/guerre-dukraine-quel-impact-pour-lafrique#article\",\"isPartOf\":{\"@id\":\"https:\/\/www.africa-press.net\/gabon\/dossiers\/guerre-dukraine-quel-impact-pour-lafrique\"},\"author\":{\"name\":\"cfeditorfr\",\"@id\":\"https:\/\/www.africa-press.net\/gabon\/#\/schema\/person\/2b1cf3cd81a31e3cd26889ca66d677f1\"},\"headline\":\"Guerre d\u2019Ukraine : Quel impact pour l\u2019Afrique ?\",\"datePublished\":\"2022-05-09T18:33:13+00:00\",\"dateModified\":\"2022-05-09T18:54:39+00:00\",\"mainEntityOfPage\":{\"@id\":\"https:\/\/www.africa-press.net\/gabon\/dossiers\/guerre-dukraine-quel-impact-pour-lafrique\"},\"wordCount\":2940,\"commentCount\":0,\"image\":{\"@id\":\"https:\/\/www.africa-press.net\/gabon\/dossiers\/guerre-dukraine-quel-impact-pour-lafrique#primaryimage\"},\"thumbnailUrl\":\"https:\/\/static.africa-press.net\/gabon\/sites\/54\/2022\/05\/postQueueImg_22-6279634a5453b.jpg\",\"keywords\":[\"Africa Press\",\"Africa Press-Gabon\",\"Dr. Yves Ekou\u00e9 Ama\u00efzo\",\"Featured\",\"Gabon\",\"Guerre en Ukraine\"],\"articleSection\":[\"Dossiers\",\"homepage-french\",\"Toutes les actualit\u00e9s\"],\"inLanguage\":\"fr-FR\",\"potentialAction\":[{\"@type\":\"CommentAction\",\"name\":\"Comment\",\"target\":[\"https:\/\/www.africa-press.net\/gabon\/dossiers\/guerre-dukraine-quel-impact-pour-lafrique#respond\"]}]},{\"@type\":\"WebPage\",\"@id\":\"https:\/\/www.africa-press.net\/gabon\/dossiers\/guerre-dukraine-quel-impact-pour-lafrique\",\"url\":\"https:\/\/www.africa-press.net\/gabon\/dossiers\/guerre-dukraine-quel-impact-pour-lafrique\",\"name\":\"Guerre d\u2019Ukraine : Quel impact pour l\u2019Afrique ? - Gabon\",\"isPartOf\":{\"@id\":\"https:\/\/www.africa-press.net\/gabon\/#website\"},\"primaryImageOfPage\":{\"@id\":\"https:\/\/www.africa-press.net\/gabon\/dossiers\/guerre-dukraine-quel-impact-pour-lafrique#primaryimage\"},\"image\":{\"@id\":\"https:\/\/www.africa-press.net\/gabon\/dossiers\/guerre-dukraine-quel-impact-pour-lafrique#primaryimage\"},\"thumbnailUrl\":\"https:\/\/static.africa-press.net\/gabon\/sites\/54\/2022\/05\/postQueueImg_22-6279634a5453b.jpg\",\"datePublished\":\"2022-05-09T18:33:13+00:00\",\"dateModified\":\"2022-05-09T18:54:39+00:00\",\"author\":{\"@id\":\"https:\/\/www.africa-press.net\/gabon\/#\/schema\/person\/2b1cf3cd81a31e3cd26889ca66d677f1\"},\"description\":\"Voil\u00e0 la question qui br\u00fblent les l\u00e8vres des observateurs. Dans une interview, l\u2019\u00e9conomiste togolais Yves Ekou\u00e9 Ama\u00efz ...\",\"breadcrumb\":{\"@id\":\"https:\/\/www.africa-press.net\/gabon\/dossiers\/guerre-dukraine-quel-impact-pour-lafrique#breadcrumb\"},\"inLanguage\":\"fr-FR\",\"potentialAction\":[{\"@type\":\"ReadAction\",\"target\":[\"https:\/\/www.africa-press.net\/gabon\/dossiers\/guerre-dukraine-quel-impact-pour-lafrique\"]}]},{\"@type\":\"ImageObject\",\"inLanguage\":\"fr-FR\",\"@id\":\"https:\/\/www.africa-press.net\/gabon\/dossiers\/guerre-dukraine-quel-impact-pour-lafrique#primaryimage\",\"url\":\"https:\/\/static.africa-press.net\/gabon\/sites\/54\/2022\/05\/postQueueImg_22-6279634a5453b.jpg\",\"contentUrl\":\"https:\/\/static.africa-press.net\/gabon\/sites\/54\/2022\/05\/postQueueImg_22-6279634a5453b.jpg\",\"width\":1290,\"height\":800,\"caption\":\"Guerre d\u2019Ukraine : Quel impact pour l\u2019Afrique ?\"},{\"@type\":\"BreadcrumbList\",\"@id\":\"https:\/\/www.africa-press.net\/gabon\/dossiers\/guerre-dukraine-quel-impact-pour-lafrique#breadcrumb\",\"itemListElement\":[{\"@type\":\"ListItem\",\"position\":1,\"name\":\"Accueil\",\"item\":\"https:\/\/www.africa-press.net\/gabon\/\"},{\"@type\":\"ListItem\",\"position\":2,\"name\":\"Guerre d\u2019Ukraine : Quel impact pour l\u2019Afrique ?\"}]},{\"@type\":\"WebSite\",\"@id\":\"https:\/\/www.africa-press.net\/gabon\/#website\",\"url\":\"https:\/\/www.africa-press.net\/gabon\/\",\"name\":\"Gabon\",\"description\":\"Just another Africa News Agency Sites site\",\"potentialAction\":[{\"@type\":\"SearchAction\",\"target\":{\"@type\":\"EntryPoint\",\"urlTemplate\":\"https:\/\/www.africa-press.net\/gabon\/?s={search_term_string}\"},\"query-input\":{\"@type\":\"PropertyValueSpecification\",\"valueRequired\":true,\"valueName\":\"search_term_string\"}}],\"inLanguage\":\"fr-FR\"},{\"@type\":\"Person\",\"@id\":\"https:\/\/www.africa-press.net\/gabon\/#\/schema\/person\/2b1cf3cd81a31e3cd26889ca66d677f1\",\"name\":\"cfeditorfr\"}]}<\/script>\n<!-- \/ Yoast SEO Premium plugin. -->","yoast_head_json":{"title":"Guerre d\u2019Ukraine : Quel impact pour l\u2019Afrique ? - Gabon","description":"Voil\u00e0 la question qui br\u00fblent les l\u00e8vres des observateurs. Dans une interview, l\u2019\u00e9conomiste togolais Yves Ekou\u00e9 Ama\u00efz ...","robots":{"index":"index","follow":"follow","max-snippet":"max-snippet:-1","max-image-preview":"max-image-preview:large","max-video-preview":"max-video-preview:-1"},"canonical":"https:\/\/www.africa-press.net\/gabon\/dossiers\/guerre-dukraine-quel-impact-pour-lafrique","og_locale":"fr_FR","og_type":"article","og_title":"Guerre d\u2019Ukraine : Quel impact pour l\u2019Afrique ?","og_description":"Voil\u00e0 la question qui br\u00fblent les l\u00e8vres des observateurs. Dans une interview, l\u2019\u00e9conomiste togolais Yves Ekou\u00e9 Ama\u00efz ...","og_url":"https:\/\/www.africa-press.net\/gabon\/dossiers\/guerre-dukraine-quel-impact-pour-lafrique","og_site_name":"Gabon","article_published_time":"2022-05-09T18:33:13+00:00","article_modified_time":"2022-05-09T18:54:39+00:00","og_image":[{"width":1290,"height":800,"url":"https:\/\/static.africa-press.net\/gabon\/sites\/54\/2022\/05\/postQueueImg_22-6279634a5453b.jpg","type":"image\/jpeg"}],"author":"cfeditorfr","twitter_card":"summary_large_image","twitter_misc":{"\u00c9crit par":"cfeditorfr","Dur\u00e9e de lecture estim\u00e9e":"15 minutes"},"schema":{"@context":"https:\/\/schema.org","@graph":[{"@type":"Article","@id":"https:\/\/www.africa-press.net\/gabon\/dossiers\/guerre-dukraine-quel-impact-pour-lafrique#article","isPartOf":{"@id":"https:\/\/www.africa-press.net\/gabon\/dossiers\/guerre-dukraine-quel-impact-pour-lafrique"},"author":{"name":"cfeditorfr","@id":"https:\/\/www.africa-press.net\/gabon\/#\/schema\/person\/2b1cf3cd81a31e3cd26889ca66d677f1"},"headline":"Guerre d\u2019Ukraine : Quel impact pour l\u2019Afrique ?","datePublished":"2022-05-09T18:33:13+00:00","dateModified":"2022-05-09T18:54:39+00:00","mainEntityOfPage":{"@id":"https:\/\/www.africa-press.net\/gabon\/dossiers\/guerre-dukraine-quel-impact-pour-lafrique"},"wordCount":2940,"commentCount":0,"image":{"@id":"https:\/\/www.africa-press.net\/gabon\/dossiers\/guerre-dukraine-quel-impact-pour-lafrique#primaryimage"},"thumbnailUrl":"https:\/\/static.africa-press.net\/gabon\/sites\/54\/2022\/05\/postQueueImg_22-6279634a5453b.jpg","keywords":["Africa Press","Africa Press-Gabon","Dr. Yves Ekou\u00e9 Ama\u00efzo","Featured","Gabon","Guerre en Ukraine"],"articleSection":["Dossiers","homepage-french","Toutes les actualit\u00e9s"],"inLanguage":"fr-FR","potentialAction":[{"@type":"CommentAction","name":"Comment","target":["https:\/\/www.africa-press.net\/gabon\/dossiers\/guerre-dukraine-quel-impact-pour-lafrique#respond"]}]},{"@type":"WebPage","@id":"https:\/\/www.africa-press.net\/gabon\/dossiers\/guerre-dukraine-quel-impact-pour-lafrique","url":"https:\/\/www.africa-press.net\/gabon\/dossiers\/guerre-dukraine-quel-impact-pour-lafrique","name":"Guerre d\u2019Ukraine : Quel impact pour l\u2019Afrique ? - Gabon","isPartOf":{"@id":"https:\/\/www.africa-press.net\/gabon\/#website"},"primaryImageOfPage":{"@id":"https:\/\/www.africa-press.net\/gabon\/dossiers\/guerre-dukraine-quel-impact-pour-lafrique#primaryimage"},"image":{"@id":"https:\/\/www.africa-press.net\/gabon\/dossiers\/guerre-dukraine-quel-impact-pour-lafrique#primaryimage"},"thumbnailUrl":"https:\/\/static.africa-press.net\/gabon\/sites\/54\/2022\/05\/postQueueImg_22-6279634a5453b.jpg","datePublished":"2022-05-09T18:33:13+00:00","dateModified":"2022-05-09T18:54:39+00:00","author":{"@id":"https:\/\/www.africa-press.net\/gabon\/#\/schema\/person\/2b1cf3cd81a31e3cd26889ca66d677f1"},"description":"Voil\u00e0 la question qui br\u00fblent les l\u00e8vres des observateurs. Dans une interview, l\u2019\u00e9conomiste togolais Yves Ekou\u00e9 Ama\u00efz ...","breadcrumb":{"@id":"https:\/\/www.africa-press.net\/gabon\/dossiers\/guerre-dukraine-quel-impact-pour-lafrique#breadcrumb"},"inLanguage":"fr-FR","potentialAction":[{"@type":"ReadAction","target":["https:\/\/www.africa-press.net\/gabon\/dossiers\/guerre-dukraine-quel-impact-pour-lafrique"]}]},{"@type":"ImageObject","inLanguage":"fr-FR","@id":"https:\/\/www.africa-press.net\/gabon\/dossiers\/guerre-dukraine-quel-impact-pour-lafrique#primaryimage","url":"https:\/\/static.africa-press.net\/gabon\/sites\/54\/2022\/05\/postQueueImg_22-6279634a5453b.jpg","contentUrl":"https:\/\/static.africa-press.net\/gabon\/sites\/54\/2022\/05\/postQueueImg_22-6279634a5453b.jpg","width":1290,"height":800,"caption":"Guerre d\u2019Ukraine : Quel impact pour l\u2019Afrique ?"},{"@type":"BreadcrumbList","@id":"https:\/\/www.africa-press.net\/gabon\/dossiers\/guerre-dukraine-quel-impact-pour-lafrique#breadcrumb","itemListElement":[{"@type":"ListItem","position":1,"name":"Accueil","item":"https:\/\/www.africa-press.net\/gabon\/"},{"@type":"ListItem","position":2,"name":"Guerre d\u2019Ukraine : Quel impact pour l\u2019Afrique ?"}]},{"@type":"WebSite","@id":"https:\/\/www.africa-press.net\/gabon\/#website","url":"https:\/\/www.africa-press.net\/gabon\/","name":"Gabon","description":"Just another Africa News Agency Sites site","potentialAction":[{"@type":"SearchAction","target":{"@type":"EntryPoint","urlTemplate":"https:\/\/www.africa-press.net\/gabon\/?s={search_term_string}"},"query-input":{"@type":"PropertyValueSpecification","valueRequired":true,"valueName":"search_term_string"}}],"inLanguage":"fr-FR"},{"@type":"Person","@id":"https:\/\/www.africa-press.net\/gabon\/#\/schema\/person\/2b1cf3cd81a31e3cd26889ca66d677f1","name":"cfeditorfr"}]}},"_links":{"self":[{"href":"https:\/\/www.africa-press.net\/gabon\/wp-json\/wp\/v2\/posts\/3589","targetHints":{"allow":["GET"]}}],"collection":[{"href":"https:\/\/www.africa-press.net\/gabon\/wp-json\/wp\/v2\/posts"}],"about":[{"href":"https:\/\/www.africa-press.net\/gabon\/wp-json\/wp\/v2\/types\/post"}],"author":[{"embeddable":true,"href":"https:\/\/www.africa-press.net\/gabon\/wp-json\/wp\/v2\/users\/82"}],"replies":[{"embeddable":true,"href":"https:\/\/www.africa-press.net\/gabon\/wp-json\/wp\/v2\/comments?post=3589"}],"version-history":[{"count":0,"href":"https:\/\/www.africa-press.net\/gabon\/wp-json\/wp\/v2\/posts\/3589\/revisions"}],"wp:featuredmedia":[{"embeddable":true,"href":"https:\/\/www.africa-press.net\/gabon\/wp-json\/wp\/v2\/media\/3588"}],"wp:attachment":[{"href":"https:\/\/www.africa-press.net\/gabon\/wp-json\/wp\/v2\/media?parent=3589"}],"wp:term":[{"taxonomy":"category","embeddable":true,"href":"https:\/\/www.africa-press.net\/gabon\/wp-json\/wp\/v2\/categories?post=3589"},{"taxonomy":"post_tag","embeddable":true,"href":"https:\/\/www.africa-press.net\/gabon\/wp-json\/wp\/v2\/tags?post=3589"}],"curies":[{"name":"wp","href":"https:\/\/api.w.org\/{rel}","templated":true}]}}