{"id":35970,"date":"2024-03-20T21:09:02","date_gmt":"2024-03-20T21:09:02","guid":{"rendered":"https:\/\/www.africa-press.net\/gabon\/politique\/signature-du-protocole-pour-la-centrale-thermique-a-gaz-ipp-mayumba"},"modified":"2024-03-20T21:54:07","modified_gmt":"2024-03-20T21:54:07","slug":"signature-du-protocole-pour-la-centrale-thermique-a-gaz-ipp-mayumba","status":"publish","type":"post","link":"https:\/\/www.africa-press.net\/gabon\/economie\/signature-du-protocole-pour-la-centrale-thermique-a-gaz-ipp-mayumba","title":{"rendered":"Signature du protocole pour la centrale thermique \u00e0 gaz IPP Mayumba"},"content":{"rendered":"<p><span style=\"color: #ff6600\"><strong>Africa-Press &#8211; Gabon. <\/strong><\/span>Le ministe\u0300re du Pe\u0301trole a abrite\u0301, mardi 19 mars, la se\u0301ance de signature d\u2019un protocole d\u2019accord crucial pour la construction de la centrale thermique a\u0300 gaz IPP Mayumba. La future infrastructure permettra de re\u0301pondre a\u0300 l\u2019urgence e\u0301nerge\u0301tique dans le sud du Gabon.<\/p>\n<p>Dans une de\u0301marche proactive pour pallier la crise e\u0301nerge\u0301tique qui se\u0301vit dans le sud du Gabon, une e\u0301tape de\u0301cisive a e\u0301te\u0301 franchie, le 19 mars 2024, avec la signature a\u0300 Libreville d\u2019un protocole d\u2019accord au ministe\u0300re du Pe\u0301trole. Ce document scelle l\u2019engagement des parties prenantes pour la construction de la centrale thermique a\u0300 gaz IPP Mayumba, situe\u0301e dans la province de la Nyanga.<\/p>\n<p>La ce\u0301re\u0301monie de signature a re\u0301uni les principaux acteurs, dont le ministre de l\u2019E\u0301nergie, Jeannot Kalima, le ministre de l\u2019E\u0301conomie et des Participations, Mays Mouissi, et le ministre du Pe\u0301trole, Marcel Abeke, parmi d\u2019autres hauts responsables gouvernementaux ainsi que le directeur ge\u0301ne\u0301ral de Gabon Power Company (GPC), Philippe Jr. Ossoucah.<\/p>\n<p>Dans le cadre de ce projet, une premie\u0300re phase de construction est pre\u0301vue pour e\u0302tre acheve\u0301e d\u2019ici 2025, avec une capacite\u0301 de production estime\u0301e a\u0300 pre\u0300s de 10 MW. Cette phase initiale, finance\u0301e en partenariat avec Gabon Power Company (GPC) et Perenco, s\u2019accompagnera de la cre\u0301ation de 450 emplois directs, avec une priorite\u0301 accorde\u0301e a\u0300 la main-d\u2019\u0153uvre locale.<\/p>\n<p>La ne\u0301cessite\u0301 de cette infrastructure e\u0301nerge\u0301tique est justifie\u0301e par l\u2019insuffisance actuelle de la capacite\u0301 e\u0301lectrique dans le sud du Gabon, aggrave\u0301e par la ve\u0301tuste\u0301 des installations de production. Cette situation a re\u0301cemment entrai\u0302ne\u0301 une crise e\u0301nerge\u0301tique dans l\u2019arrie\u0300re-pays, affectant tant la population que les industries locales.<\/p>\n<p>Une fois ope\u0301rationnelle, la centrale thermique a\u0300 gaz IPP Mayumba permettra d\u2019alimenter pre\u0300s de 80 000 foyers connecte\u0301s au re\u0301seau e\u0301lectrique du sud du Gabon. Au-dela\u0300 de re\u0301pondre aux besoins e\u0301nerge\u0301tiques de la re\u0301gion, cette infrastructure jouera un ro\u0302le cle\u0301 dans le rede\u0301marrage des grands projets e\u0301conomiques, notamment celui du port en eau profonde de Mayumba, ouvrant ainsi de nouvelles perspectives de de\u0301veloppement pour le pays.<\/p>\n<p><strong>Pour plus d&rsquo;informations et d&rsquo;analyses sur la <a href=\"https:\/\/www.africa-press.net\/gabon\">Gabon<\/a>, suivez <a href=\"https:\/\/www.africa-press.net\/\">Africa-Press<\/a><\/strong><\/p>\n","protected":false},"excerpt":{"rendered":"<p>Africa-Press &#8211; Gabon. Le ministe\u0300re du Pe\u0301trole a abrite\u0301, mardi 19 mars, la se\u0301ance de signature d\u2019un protocole d\u2019accord crucial pour la construction de la centrale thermique a\u0300 gaz IPP Mayumba. La future infrastructure permettra de re\u0301pondre a\u0300 l\u2019urgence e\u0301nerge\u0301tique dans le sud du Gabon. Dans une de\u0301marche proactive pour pallier la crise e\u0301nerge\u0301tique qui [&hellip;]<\/p>\n","protected":false},"author":82,"featured_media":35969,"comment_status":"open","ping_status":"closed","sticky":false,"template":"","format":"standard","meta":{"footnotes":""},"categories":[3,53,10],"tags":[36,50,49],"class_list":["post-35970","post","type-post","status-publish","format-standard","has-post-thumbnail","hentry","category-economie","category-to-homepage","category-toutes-les-actualites","tag-africa-press","tag-africa-press-gabon","tag-gabon"],"yoast_head":"<!-- This site is optimized with the Yoast SEO Premium plugin v26.1 (Yoast SEO v27.0) - https:\/\/yoast.com\/product\/yoast-seo-premium-wordpress\/ -->\n<title>Signature du protocole pour la centrale thermique \u00e0 gaz IPP Mayumba - Gabon<\/title>\n<meta name=\"description\" content=\"Le ministe\u0300re du Pe\u0301trole a abrite\u0301, mardi 19 mars, la se\u0301ance de signature d\u2019un protocole d\u2019accord crucial pour la cons ...\" \/>\n<meta name=\"robots\" content=\"index, follow, max-snippet:-1, max-image-preview:large, max-video-preview:-1\" \/>\n<link rel=\"canonical\" href=\"https:\/\/www.africa-press.net\/gabon\/economie\/signature-du-protocole-pour-la-centrale-thermique-a-gaz-ipp-mayumba\" \/>\n<meta property=\"og:locale\" content=\"fr_FR\" \/>\n<meta property=\"og:type\" content=\"article\" \/>\n<meta property=\"og:title\" content=\"Signature du protocole pour la centrale thermique \u00e0 gaz IPP Mayumba\" \/>\n<meta property=\"og:description\" content=\"Le ministe\u0300re du Pe\u0301trole a abrite\u0301, mardi 19 mars, la se\u0301ance de signature d\u2019un protocole d\u2019accord crucial pour la cons ...\" \/>\n<meta property=\"og:url\" content=\"https:\/\/www.africa-press.net\/gabon\/economie\/signature-du-protocole-pour-la-centrale-thermique-a-gaz-ipp-mayumba\" \/>\n<meta property=\"og:site_name\" content=\"Gabon\" \/>\n<meta property=\"article:published_time\" content=\"2024-03-20T21:09:02+00:00\" \/>\n<meta property=\"article:modified_time\" content=\"2024-03-20T21:54:07+00:00\" \/>\n<meta property=\"og:image\" content=\"https:\/\/static.africa-press.net\/gabon\/sites\/54\/2024\/03\/sm_1710958752.104365.jpg\" \/>\n\t<meta property=\"og:image:width\" content=\"720\" \/>\n\t<meta property=\"og:image:height\" content=\"479\" \/>\n\t<meta property=\"og:image:type\" content=\"image\/jpeg\" \/>\n<meta name=\"author\" content=\"cfeditorfr\" \/>\n<meta name=\"twitter:card\" content=\"summary_large_image\" \/>\n<meta name=\"twitter:label1\" content=\"\u00c9crit par\" \/>\n\t<meta name=\"twitter:data1\" content=\"cfeditorfr\" \/>\n\t<meta name=\"twitter:label2\" content=\"Dur\u00e9e de lecture estim\u00e9e\" \/>\n\t<meta name=\"twitter:data2\" content=\"2 minutes\" \/>\n<script type=\"application\/ld+json\" class=\"yoast-schema-graph\">{\"@context\":\"https:\/\/schema.org\",\"@graph\":[{\"@type\":\"Article\",\"@id\":\"https:\/\/www.africa-press.net\/gabon\/economie\/signature-du-protocole-pour-la-centrale-thermique-a-gaz-ipp-mayumba#article\",\"isPartOf\":{\"@id\":\"https:\/\/www.africa-press.net\/gabon\/economie\/signature-du-protocole-pour-la-centrale-thermique-a-gaz-ipp-mayumba\"},\"author\":{\"name\":\"cfeditorfr\",\"@id\":\"https:\/\/www.africa-press.net\/gabon\/#\/schema\/person\/2b1cf3cd81a31e3cd26889ca66d677f1\"},\"headline\":\"Signature du protocole pour la centrale thermique \u00e0 gaz IPP Mayumba\",\"datePublished\":\"2024-03-20T21:09:02+00:00\",\"dateModified\":\"2024-03-20T21:54:07+00:00\",\"mainEntityOfPage\":{\"@id\":\"https:\/\/www.africa-press.net\/gabon\/economie\/signature-du-protocole-pour-la-centrale-thermique-a-gaz-ipp-mayumba\"},\"wordCount\":415,\"commentCount\":0,\"image\":{\"@id\":\"https:\/\/www.africa-press.net\/gabon\/economie\/signature-du-protocole-pour-la-centrale-thermique-a-gaz-ipp-mayumba#primaryimage\"},\"thumbnailUrl\":\"https:\/\/static.africa-press.net\/gabon\/sites\/54\/2024\/03\/sm_1710958752.104365.jpg\",\"keywords\":[\"Africa Press\",\"Africa Press-Gabon\",\"Gabon\"],\"articleSection\":[\"\u00c9conomie\",\"to-homepage\",\"Toutes les actualit\u00e9s\"],\"inLanguage\":\"fr-FR\",\"potentialAction\":[{\"@type\":\"CommentAction\",\"name\":\"Comment\",\"target\":[\"https:\/\/www.africa-press.net\/gabon\/economie\/signature-du-protocole-pour-la-centrale-thermique-a-gaz-ipp-mayumba#respond\"]}]},{\"@type\":\"WebPage\",\"@id\":\"https:\/\/www.africa-press.net\/gabon\/economie\/signature-du-protocole-pour-la-centrale-thermique-a-gaz-ipp-mayumba\",\"url\":\"https:\/\/www.africa-press.net\/gabon\/economie\/signature-du-protocole-pour-la-centrale-thermique-a-gaz-ipp-mayumba\",\"name\":\"Signature du protocole pour la centrale thermique \u00e0 gaz IPP Mayumba - Gabon\",\"isPartOf\":{\"@id\":\"https:\/\/www.africa-press.net\/gabon\/#website\"},\"primaryImageOfPage\":{\"@id\":\"https:\/\/www.africa-press.net\/gabon\/economie\/signature-du-protocole-pour-la-centrale-thermique-a-gaz-ipp-mayumba#primaryimage\"},\"image\":{\"@id\":\"https:\/\/www.africa-press.net\/gabon\/economie\/signature-du-protocole-pour-la-centrale-thermique-a-gaz-ipp-mayumba#primaryimage\"},\"thumbnailUrl\":\"https:\/\/static.africa-press.net\/gabon\/sites\/54\/2024\/03\/sm_1710958752.104365.jpg\",\"datePublished\":\"2024-03-20T21:09:02+00:00\",\"dateModified\":\"2024-03-20T21:54:07+00:00\",\"author\":{\"@id\":\"https:\/\/www.africa-press.net\/gabon\/#\/schema\/person\/2b1cf3cd81a31e3cd26889ca66d677f1\"},\"description\":\"Le ministe\u0300re du Pe\u0301trole a abrite\u0301, mardi 19 mars, la se\u0301ance de signature d\u2019un protocole d\u2019accord crucial pour la cons ...\",\"breadcrumb\":{\"@id\":\"https:\/\/www.africa-press.net\/gabon\/economie\/signature-du-protocole-pour-la-centrale-thermique-a-gaz-ipp-mayumba#breadcrumb\"},\"inLanguage\":\"fr-FR\",\"potentialAction\":[{\"@type\":\"ReadAction\",\"target\":[\"https:\/\/www.africa-press.net\/gabon\/economie\/signature-du-protocole-pour-la-centrale-thermique-a-gaz-ipp-mayumba\"]}]},{\"@type\":\"ImageObject\",\"inLanguage\":\"fr-FR\",\"@id\":\"https:\/\/www.africa-press.net\/gabon\/economie\/signature-du-protocole-pour-la-centrale-thermique-a-gaz-ipp-mayumba#primaryimage\",\"url\":\"https:\/\/static.africa-press.net\/gabon\/sites\/54\/2024\/03\/sm_1710958752.104365.jpg\",\"contentUrl\":\"https:\/\/static.africa-press.net\/gabon\/sites\/54\/2024\/03\/sm_1710958752.104365.jpg\",\"width\":720,\"height\":479,\"caption\":\"Signature du protocole pour la centrale thermique \u00e0 gaz IPP Mayumba\"},{\"@type\":\"BreadcrumbList\",\"@id\":\"https:\/\/www.africa-press.net\/gabon\/economie\/signature-du-protocole-pour-la-centrale-thermique-a-gaz-ipp-mayumba#breadcrumb\",\"itemListElement\":[{\"@type\":\"ListItem\",\"position\":1,\"name\":\"Accueil\",\"item\":\"https:\/\/www.africa-press.net\/gabon\/\"},{\"@type\":\"ListItem\",\"position\":2,\"name\":\"Signature du protocole pour la centrale thermique \u00e0 gaz IPP Mayumba\"}]},{\"@type\":\"WebSite\",\"@id\":\"https:\/\/www.africa-press.net\/gabon\/#website\",\"url\":\"https:\/\/www.africa-press.net\/gabon\/\",\"name\":\"Gabon\",\"description\":\"Just another Africa News Agency Sites site\",\"potentialAction\":[{\"@type\":\"SearchAction\",\"target\":{\"@type\":\"EntryPoint\",\"urlTemplate\":\"https:\/\/www.africa-press.net\/gabon\/?s={search_term_string}\"},\"query-input\":{\"@type\":\"PropertyValueSpecification\",\"valueRequired\":true,\"valueName\":\"search_term_string\"}}],\"inLanguage\":\"fr-FR\"},{\"@type\":\"Person\",\"@id\":\"https:\/\/www.africa-press.net\/gabon\/#\/schema\/person\/2b1cf3cd81a31e3cd26889ca66d677f1\",\"name\":\"cfeditorfr\"}]}<\/script>\n<!-- \/ Yoast SEO Premium plugin. -->","yoast_head_json":{"title":"Signature du protocole pour la centrale thermique \u00e0 gaz IPP Mayumba - Gabon","description":"Le ministe\u0300re du Pe\u0301trole a abrite\u0301, mardi 19 mars, la se\u0301ance de signature d\u2019un protocole d\u2019accord crucial pour la cons ...","robots":{"index":"index","follow":"follow","max-snippet":"max-snippet:-1","max-image-preview":"max-image-preview:large","max-video-preview":"max-video-preview:-1"},"canonical":"https:\/\/www.africa-press.net\/gabon\/economie\/signature-du-protocole-pour-la-centrale-thermique-a-gaz-ipp-mayumba","og_locale":"fr_FR","og_type":"article","og_title":"Signature du protocole pour la centrale thermique \u00e0 gaz IPP Mayumba","og_description":"Le ministe\u0300re du Pe\u0301trole a abrite\u0301, mardi 19 mars, la se\u0301ance de signature d\u2019un protocole d\u2019accord crucial pour la cons ...","og_url":"https:\/\/www.africa-press.net\/gabon\/economie\/signature-du-protocole-pour-la-centrale-thermique-a-gaz-ipp-mayumba","og_site_name":"Gabon","article_published_time":"2024-03-20T21:09:02+00:00","article_modified_time":"2024-03-20T21:54:07+00:00","og_image":[{"width":720,"height":479,"url":"https:\/\/static.africa-press.net\/gabon\/sites\/54\/2024\/03\/sm_1710958752.104365.jpg","type":"image\/jpeg"}],"author":"cfeditorfr","twitter_card":"summary_large_image","twitter_misc":{"\u00c9crit par":"cfeditorfr","Dur\u00e9e de lecture estim\u00e9e":"2 minutes"},"schema":{"@context":"https:\/\/schema.org","@graph":[{"@type":"Article","@id":"https:\/\/www.africa-press.net\/gabon\/economie\/signature-du-protocole-pour-la-centrale-thermique-a-gaz-ipp-mayumba#article","isPartOf":{"@id":"https:\/\/www.africa-press.net\/gabon\/economie\/signature-du-protocole-pour-la-centrale-thermique-a-gaz-ipp-mayumba"},"author":{"name":"cfeditorfr","@id":"https:\/\/www.africa-press.net\/gabon\/#\/schema\/person\/2b1cf3cd81a31e3cd26889ca66d677f1"},"headline":"Signature du protocole pour la centrale thermique \u00e0 gaz IPP Mayumba","datePublished":"2024-03-20T21:09:02+00:00","dateModified":"2024-03-20T21:54:07+00:00","mainEntityOfPage":{"@id":"https:\/\/www.africa-press.net\/gabon\/economie\/signature-du-protocole-pour-la-centrale-thermique-a-gaz-ipp-mayumba"},"wordCount":415,"commentCount":0,"image":{"@id":"https:\/\/www.africa-press.net\/gabon\/economie\/signature-du-protocole-pour-la-centrale-thermique-a-gaz-ipp-mayumba#primaryimage"},"thumbnailUrl":"https:\/\/static.africa-press.net\/gabon\/sites\/54\/2024\/03\/sm_1710958752.104365.jpg","keywords":["Africa Press","Africa Press-Gabon","Gabon"],"articleSection":["\u00c9conomie","to-homepage","Toutes les actualit\u00e9s"],"inLanguage":"fr-FR","potentialAction":[{"@type":"CommentAction","name":"Comment","target":["https:\/\/www.africa-press.net\/gabon\/economie\/signature-du-protocole-pour-la-centrale-thermique-a-gaz-ipp-mayumba#respond"]}]},{"@type":"WebPage","@id":"https:\/\/www.africa-press.net\/gabon\/economie\/signature-du-protocole-pour-la-centrale-thermique-a-gaz-ipp-mayumba","url":"https:\/\/www.africa-press.net\/gabon\/economie\/signature-du-protocole-pour-la-centrale-thermique-a-gaz-ipp-mayumba","name":"Signature du protocole pour la centrale thermique \u00e0 gaz IPP Mayumba - Gabon","isPartOf":{"@id":"https:\/\/www.africa-press.net\/gabon\/#website"},"primaryImageOfPage":{"@id":"https:\/\/www.africa-press.net\/gabon\/economie\/signature-du-protocole-pour-la-centrale-thermique-a-gaz-ipp-mayumba#primaryimage"},"image":{"@id":"https:\/\/www.africa-press.net\/gabon\/economie\/signature-du-protocole-pour-la-centrale-thermique-a-gaz-ipp-mayumba#primaryimage"},"thumbnailUrl":"https:\/\/static.africa-press.net\/gabon\/sites\/54\/2024\/03\/sm_1710958752.104365.jpg","datePublished":"2024-03-20T21:09:02+00:00","dateModified":"2024-03-20T21:54:07+00:00","author":{"@id":"https:\/\/www.africa-press.net\/gabon\/#\/schema\/person\/2b1cf3cd81a31e3cd26889ca66d677f1"},"description":"Le ministe\u0300re du Pe\u0301trole a abrite\u0301, mardi 19 mars, la se\u0301ance de signature d\u2019un protocole d\u2019accord crucial pour la cons ...","breadcrumb":{"@id":"https:\/\/www.africa-press.net\/gabon\/economie\/signature-du-protocole-pour-la-centrale-thermique-a-gaz-ipp-mayumba#breadcrumb"},"inLanguage":"fr-FR","potentialAction":[{"@type":"ReadAction","target":["https:\/\/www.africa-press.net\/gabon\/economie\/signature-du-protocole-pour-la-centrale-thermique-a-gaz-ipp-mayumba"]}]},{"@type":"ImageObject","inLanguage":"fr-FR","@id":"https:\/\/www.africa-press.net\/gabon\/economie\/signature-du-protocole-pour-la-centrale-thermique-a-gaz-ipp-mayumba#primaryimage","url":"https:\/\/static.africa-press.net\/gabon\/sites\/54\/2024\/03\/sm_1710958752.104365.jpg","contentUrl":"https:\/\/static.africa-press.net\/gabon\/sites\/54\/2024\/03\/sm_1710958752.104365.jpg","width":720,"height":479,"caption":"Signature du protocole pour la centrale thermique \u00e0 gaz IPP Mayumba"},{"@type":"BreadcrumbList","@id":"https:\/\/www.africa-press.net\/gabon\/economie\/signature-du-protocole-pour-la-centrale-thermique-a-gaz-ipp-mayumba#breadcrumb","itemListElement":[{"@type":"ListItem","position":1,"name":"Accueil","item":"https:\/\/www.africa-press.net\/gabon\/"},{"@type":"ListItem","position":2,"name":"Signature du protocole pour la centrale thermique \u00e0 gaz IPP Mayumba"}]},{"@type":"WebSite","@id":"https:\/\/www.africa-press.net\/gabon\/#website","url":"https:\/\/www.africa-press.net\/gabon\/","name":"Gabon","description":"Just another Africa News Agency Sites site","potentialAction":[{"@type":"SearchAction","target":{"@type":"EntryPoint","urlTemplate":"https:\/\/www.africa-press.net\/gabon\/?s={search_term_string}"},"query-input":{"@type":"PropertyValueSpecification","valueRequired":true,"valueName":"search_term_string"}}],"inLanguage":"fr-FR"},{"@type":"Person","@id":"https:\/\/www.africa-press.net\/gabon\/#\/schema\/person\/2b1cf3cd81a31e3cd26889ca66d677f1","name":"cfeditorfr"}]}},"_links":{"self":[{"href":"https:\/\/www.africa-press.net\/gabon\/wp-json\/wp\/v2\/posts\/35970","targetHints":{"allow":["GET"]}}],"collection":[{"href":"https:\/\/www.africa-press.net\/gabon\/wp-json\/wp\/v2\/posts"}],"about":[{"href":"https:\/\/www.africa-press.net\/gabon\/wp-json\/wp\/v2\/types\/post"}],"author":[{"embeddable":true,"href":"https:\/\/www.africa-press.net\/gabon\/wp-json\/wp\/v2\/users\/82"}],"replies":[{"embeddable":true,"href":"https:\/\/www.africa-press.net\/gabon\/wp-json\/wp\/v2\/comments?post=35970"}],"version-history":[{"count":0,"href":"https:\/\/www.africa-press.net\/gabon\/wp-json\/wp\/v2\/posts\/35970\/revisions"}],"wp:featuredmedia":[{"embeddable":true,"href":"https:\/\/www.africa-press.net\/gabon\/wp-json\/wp\/v2\/media\/35969"}],"wp:attachment":[{"href":"https:\/\/www.africa-press.net\/gabon\/wp-json\/wp\/v2\/media?parent=35970"}],"wp:term":[{"taxonomy":"category","embeddable":true,"href":"https:\/\/www.africa-press.net\/gabon\/wp-json\/wp\/v2\/categories?post=35970"},{"taxonomy":"post_tag","embeddable":true,"href":"https:\/\/www.africa-press.net\/gabon\/wp-json\/wp\/v2\/tags?post=35970"}],"curies":[{"name":"wp","href":"https:\/\/api.w.org\/{rel}","templated":true}]}}