{"id":39326,"date":"2024-05-29T18:50:01","date_gmt":"2024-05-29T18:50:01","guid":{"rendered":"https:\/\/www.africa-press.net\/gabon\/politique\/formation-des-agents-publics-signature-dun-accord-cadre-avec-linstitut-des-sciences-et-des-metiers-de-la-mer"},"modified":"2024-05-29T19:25:47","modified_gmt":"2024-05-29T19:25:47","slug":"formation-des-agents-publics-signature-dun-accord-cadre-avec-linstitut-des-sciences-et-des-metiers-de-la-mer","status":"publish","type":"post","link":"https:\/\/www.africa-press.net\/gabon\/toutes-les-actualites\/formation-des-agents-publics-signature-dun-accord-cadre-avec-linstitut-des-sciences-et-des-metiers-de-la-mer","title":{"rendered":"Formation des agents publics : Signature d\u2019un accord-cadre avec l\u2019Institut des sciences et des m\u00e9tiers de la mer"},"content":{"rendered":"<p><span style=\"color: #ff6600\"><strong>Africa-Press &#8211; Gabon. <\/strong><\/span>Pour renforcer les capacite\u0301s des agents publics et mieux les former aux me\u0301tiers de la mer, la ministre de la Fonction publique a signe\u0301, mardi 28 mai, avec l\u2019Institut des sciences et des me\u0301tiers de la mer (ISMM) un accord-cadre. Dans un pays riche de 800 km de co\u0302tes, cette convention devrait permettre a\u0300 l\u2019E\u0301tat d\u2019optimiser la gestion des infrastructures portuaires, de\u0301velopper de nouvelles filie\u0300res maritimes et mieux re\u0301guler l\u2019exploitation des ressources halieutiques.<\/p>\n<p>Entoure\u0301e des responsables de son de\u0301partement ministe\u0301riel et des cadres de l\u2019Institut des sciences et des me\u0301tiers de la mer (ISMM), Louise Boukandou Moussavou, le ministre de la Fonction publique et du renforcement des capacite\u0301s a pre\u0301side\u0301 le 28 mai, la ce\u0301re\u0301monie de signature d\u2019un accord-cadre entre l\u2019E\u0301tat gabonais via le ministe\u0300re dont elle a la charge, et l\u2019ISMM. Un partenariat strate\u0301gique visant a\u0300 former les agents publics aux sciences de la mer, aux me\u0301tiers portuaires et aux activite\u0301s lie\u0301es a\u0300 la mer, conforme\u0301ment a\u0300 la vision des autorite\u0301s de la Transition. \u00abNous croyons fermement aux compe\u0301tences locales pour ba\u0302tir une e\u0301lite de fonctionnaires performants et engage\u0301s dans la construction du nouveau Gabon\u00bb, a-t-elle de\u0301clare\u0301.<\/p>\n<p>Un po\u0302le d\u2019excellence pour la formation aux me\u0301tiers maritimes<\/p>\n<p>Alors que l\u2019ISMM se positionne au Gabon comme un po\u0302le d\u2019excellence en matie\u0300re de formation aux me\u0301tiers de la mer, cette convention devrait lui permettre de jouer pleinement son ro\u0302le et re\u0301pondre aux besoins de de\u0301veloppement du pays riche de 800 km de co\u0302tes avec a\u0300 la cle\u0301, un important potentiel maritime et portuaire a\u0300 valoriser pour stimuler sa croissance e\u0301conomique. Elle s\u2019inscrit tout aussi, dans la strate\u0301gie de diversification e\u0301conomique du Gabon, qui vise a\u0300 exploiter de manie\u0300re durable ce potentiel maritime et valoriser ses atouts dans les secteurs portuaires, de la pe\u0302che et de l\u2019aquaculture.<\/p>\n<p>Pour l\u2019ISMM, la formation d\u2019agents publics compe\u0301tents, gra\u0302ce a\u0300 ce partenariat permettra d\u2019optimiser la gestion des infrastructures portuaires, de de\u0301velopper de nouvelles filie\u0300res maritimes a\u0300 forte valeur ajoute\u0301e, et mieux re\u0301guler l\u2019exploitation des ressources halieutiques. \u00abCela contribuera ainsi a\u0300 re\u0301duire la de\u0301pendance de l\u2019e\u0301conomie gabonaise aux hydrocarbures\u00bb, estime le patron de cette e\u0301cole. Pour le Pr Gyno Mikala, l\u2019ISMM, de par son expertise reconnue dans les domaines maritimes et portuaires, jouera un ro\u0302le central dans la mise en \u0153uvre de ce partenariat strate\u0301gique<\/p>\n<p>Un engagement fort des plus hautes autorite\u0301s<\/p>\n<p>L\u2019institut formera pour ainsi dire, les agents publics aux diffe\u0301rents me\u0301tiers lie\u0301s a\u0300 la mer, afin de doter l\u2019administration gabonaise de \u00abcompe\u0301tences pointues pour piloter efficacement le de\u0301veloppement du secteur maritime national\u00bb. Cette collaboration permettra e\u0301galement de renforcer les capacite\u0301s de l\u2019ISMM, qui ambitionne de devenir un po\u0302le d\u2019excellence re\u0301gional dans la formation aux me\u0301tiers de la mer. Louise Boukandou qui multiplie les partenariats par la signature d\u2019accords-cadres de formation et de renforcement des capacite\u0301s afin d\u2019offrir aux agents civils de l\u2019E\u0301tat, selon les profils et les secteurs, des opportunite\u0301s re\u0301pondant a\u0300 leurs besoins, a dit l\u2019engagement des plus hautes autorite\u0301s du pays dans cette initiative.<\/p>\n<p>Si ces formations ont pour ambition de faire animer les futures institutions re\u0301forme\u0301es par des agents bien forme\u0301s, compe\u0301tents et expe\u0301rimente\u0301s, elle a dit croire fermement aux compe\u0301tences locales pour construire une administration performante et implique\u0301e dans la transformation e\u0301conomique du Gabon. Ce partenariat strate\u0301gique avec l\u2019ISMM, de\u0301montre d\u2019ailleurs la volonte\u0301 politique forte de diversifier l\u2019e\u0301conomie gabonaise et de faire du secteur maritime un levier de croissance majeur pour les anne\u0301es a\u0300 venir.<\/p>\n<p><strong>Pour plus d&rsquo;informations et d&rsquo;analyses sur la <a href=\"https:\/\/www.africa-press.net\/gabon\">Gabon<\/a>, suivez <a href=\"https:\/\/www.africa-press.net\/\">Africa-Press<\/a><\/strong><\/p>\n","protected":false},"excerpt":{"rendered":"<p>Africa-Press &#8211; Gabon. Pour renforcer les capacite\u0301s des agents publics et mieux les former aux me\u0301tiers de la mer, la ministre de la Fonction publique a signe\u0301, mardi 28 mai, avec l\u2019Institut des sciences et des me\u0301tiers de la mer (ISMM) un accord-cadre. Dans un pays riche de 800 km de co\u0302tes, cette convention devrait [&hellip;]<\/p>\n","protected":false},"author":82,"featured_media":39325,"comment_status":"open","ping_status":"closed","sticky":false,"template":"","format":"standard","meta":{"footnotes":""},"categories":[21,10],"tags":[36,50,49],"class_list":["post-39326","post","type-post","status-publish","format-standard","has-post-thumbnail","hentry","category-communaute","category-toutes-les-actualites","tag-africa-press","tag-africa-press-gabon","tag-gabon"],"yoast_head":"<!-- This site is optimized with the Yoast SEO Premium plugin v26.1 (Yoast SEO v27.0) - https:\/\/yoast.com\/product\/yoast-seo-premium-wordpress\/ -->\n<title>Formation des agents publics : Signature d\u2019un accord-cadre avec l\u2019Institut des sciences et des m\u00e9tiers de la mer - Gabon<\/title>\n<meta name=\"description\" content=\"Pour renforcer les capacite\u0301s des agents publics et mieux les former aux me\u0301tiers de la mer, la ministre de la Fonction ...\" \/>\n<meta name=\"robots\" content=\"index, follow, max-snippet:-1, max-image-preview:large, max-video-preview:-1\" \/>\n<link rel=\"canonical\" href=\"https:\/\/www.africa-press.net\/gabon\/toutes-les-actualites\/formation-des-agents-publics-signature-dun-accord-cadre-avec-linstitut-des-sciences-et-des-metiers-de-la-mer\" \/>\n<meta property=\"og:locale\" content=\"fr_FR\" \/>\n<meta property=\"og:type\" content=\"article\" \/>\n<meta property=\"og:title\" content=\"Formation des agents publics : Signature d\u2019un accord-cadre avec l\u2019Institut des sciences et des m\u00e9tiers de la mer\" \/>\n<meta property=\"og:description\" content=\"Pour renforcer les capacite\u0301s des agents publics et mieux les former aux me\u0301tiers de la mer, la ministre de la Fonction ...\" \/>\n<meta property=\"og:url\" content=\"https:\/\/www.africa-press.net\/gabon\/toutes-les-actualites\/formation-des-agents-publics-signature-dun-accord-cadre-avec-linstitut-des-sciences-et-des-metiers-de-la-mer\" \/>\n<meta property=\"og:site_name\" content=\"Gabon\" \/>\n<meta property=\"article:published_time\" content=\"2024-05-29T18:50:01+00:00\" \/>\n<meta property=\"article:modified_time\" content=\"2024-05-29T19:25:47+00:00\" \/>\n<meta property=\"og:image\" content=\"https:\/\/static.africa-press.net\/gabon\/sites\/54\/2024\/05\/sm_1716997928.263599.jpg\" \/>\n\t<meta property=\"og:image:width\" content=\"720\" \/>\n\t<meta property=\"og:image:height\" content=\"478\" \/>\n\t<meta property=\"og:image:type\" content=\"image\/jpeg\" \/>\n<meta name=\"author\" content=\"cfeditorfr\" \/>\n<meta name=\"twitter:card\" content=\"summary_large_image\" \/>\n<meta name=\"twitter:label1\" content=\"\u00c9crit par\" \/>\n\t<meta name=\"twitter:data1\" content=\"cfeditorfr\" \/>\n\t<meta name=\"twitter:label2\" content=\"Dur\u00e9e de lecture estim\u00e9e\" \/>\n\t<meta name=\"twitter:data2\" content=\"4 minutes\" \/>\n<script type=\"application\/ld+json\" class=\"yoast-schema-graph\">{\"@context\":\"https:\/\/schema.org\",\"@graph\":[{\"@type\":\"Article\",\"@id\":\"https:\/\/www.africa-press.net\/gabon\/toutes-les-actualites\/formation-des-agents-publics-signature-dun-accord-cadre-avec-linstitut-des-sciences-et-des-metiers-de-la-mer#article\",\"isPartOf\":{\"@id\":\"https:\/\/www.africa-press.net\/gabon\/toutes-les-actualites\/formation-des-agents-publics-signature-dun-accord-cadre-avec-linstitut-des-sciences-et-des-metiers-de-la-mer\"},\"author\":{\"name\":\"cfeditorfr\",\"@id\":\"https:\/\/www.africa-press.net\/gabon\/#\/schema\/person\/2b1cf3cd81a31e3cd26889ca66d677f1\"},\"headline\":\"Formation des agents publics : Signature d\u2019un accord-cadre avec l\u2019Institut des sciences et des m\u00e9tiers de la mer\",\"datePublished\":\"2024-05-29T18:50:01+00:00\",\"dateModified\":\"2024-05-29T19:25:47+00:00\",\"mainEntityOfPage\":{\"@id\":\"https:\/\/www.africa-press.net\/gabon\/toutes-les-actualites\/formation-des-agents-publics-signature-dun-accord-cadre-avec-linstitut-des-sciences-et-des-metiers-de-la-mer\"},\"wordCount\":708,\"commentCount\":0,\"image\":{\"@id\":\"https:\/\/www.africa-press.net\/gabon\/toutes-les-actualites\/formation-des-agents-publics-signature-dun-accord-cadre-avec-linstitut-des-sciences-et-des-metiers-de-la-mer#primaryimage\"},\"thumbnailUrl\":\"https:\/\/static.africa-press.net\/gabon\/sites\/54\/2024\/05\/sm_1716997928.263599.jpg\",\"keywords\":[\"Africa Press\",\"Africa Press-Gabon\",\"Gabon\"],\"articleSection\":[\"Communaut\u00e9\",\"Toutes les actualit\u00e9s\"],\"inLanguage\":\"fr-FR\",\"potentialAction\":[{\"@type\":\"CommentAction\",\"name\":\"Comment\",\"target\":[\"https:\/\/www.africa-press.net\/gabon\/toutes-les-actualites\/formation-des-agents-publics-signature-dun-accord-cadre-avec-linstitut-des-sciences-et-des-metiers-de-la-mer#respond\"]}]},{\"@type\":\"WebPage\",\"@id\":\"https:\/\/www.africa-press.net\/gabon\/toutes-les-actualites\/formation-des-agents-publics-signature-dun-accord-cadre-avec-linstitut-des-sciences-et-des-metiers-de-la-mer\",\"url\":\"https:\/\/www.africa-press.net\/gabon\/toutes-les-actualites\/formation-des-agents-publics-signature-dun-accord-cadre-avec-linstitut-des-sciences-et-des-metiers-de-la-mer\",\"name\":\"Formation des agents publics : Signature d\u2019un accord-cadre avec l\u2019Institut des sciences et des m\u00e9tiers de la mer - Gabon\",\"isPartOf\":{\"@id\":\"https:\/\/www.africa-press.net\/gabon\/#website\"},\"primaryImageOfPage\":{\"@id\":\"https:\/\/www.africa-press.net\/gabon\/toutes-les-actualites\/formation-des-agents-publics-signature-dun-accord-cadre-avec-linstitut-des-sciences-et-des-metiers-de-la-mer#primaryimage\"},\"image\":{\"@id\":\"https:\/\/www.africa-press.net\/gabon\/toutes-les-actualites\/formation-des-agents-publics-signature-dun-accord-cadre-avec-linstitut-des-sciences-et-des-metiers-de-la-mer#primaryimage\"},\"thumbnailUrl\":\"https:\/\/static.africa-press.net\/gabon\/sites\/54\/2024\/05\/sm_1716997928.263599.jpg\",\"datePublished\":\"2024-05-29T18:50:01+00:00\",\"dateModified\":\"2024-05-29T19:25:47+00:00\",\"author\":{\"@id\":\"https:\/\/www.africa-press.net\/gabon\/#\/schema\/person\/2b1cf3cd81a31e3cd26889ca66d677f1\"},\"description\":\"Pour renforcer les capacite\u0301s des agents publics et mieux les former aux me\u0301tiers de la mer, la ministre de la Fonction ...\",\"breadcrumb\":{\"@id\":\"https:\/\/www.africa-press.net\/gabon\/toutes-les-actualites\/formation-des-agents-publics-signature-dun-accord-cadre-avec-linstitut-des-sciences-et-des-metiers-de-la-mer#breadcrumb\"},\"inLanguage\":\"fr-FR\",\"potentialAction\":[{\"@type\":\"ReadAction\",\"target\":[\"https:\/\/www.africa-press.net\/gabon\/toutes-les-actualites\/formation-des-agents-publics-signature-dun-accord-cadre-avec-linstitut-des-sciences-et-des-metiers-de-la-mer\"]}]},{\"@type\":\"ImageObject\",\"inLanguage\":\"fr-FR\",\"@id\":\"https:\/\/www.africa-press.net\/gabon\/toutes-les-actualites\/formation-des-agents-publics-signature-dun-accord-cadre-avec-linstitut-des-sciences-et-des-metiers-de-la-mer#primaryimage\",\"url\":\"https:\/\/static.africa-press.net\/gabon\/sites\/54\/2024\/05\/sm_1716997928.263599.jpg\",\"contentUrl\":\"https:\/\/static.africa-press.net\/gabon\/sites\/54\/2024\/05\/sm_1716997928.263599.jpg\",\"width\":720,\"height\":478,\"caption\":\"Formation des agents publics : Signature d\u2019un accord-cadre avec l\u2019Institut des sciences et des m\u00e9tiers de la mer\"},{\"@type\":\"BreadcrumbList\",\"@id\":\"https:\/\/www.africa-press.net\/gabon\/toutes-les-actualites\/formation-des-agents-publics-signature-dun-accord-cadre-avec-linstitut-des-sciences-et-des-metiers-de-la-mer#breadcrumb\",\"itemListElement\":[{\"@type\":\"ListItem\",\"position\":1,\"name\":\"Accueil\",\"item\":\"https:\/\/www.africa-press.net\/gabon\/\"},{\"@type\":\"ListItem\",\"position\":2,\"name\":\"Formation des agents publics : Signature d\u2019un accord-cadre avec l\u2019Institut des sciences et des m\u00e9tiers de la mer\"}]},{\"@type\":\"WebSite\",\"@id\":\"https:\/\/www.africa-press.net\/gabon\/#website\",\"url\":\"https:\/\/www.africa-press.net\/gabon\/\",\"name\":\"Gabon\",\"description\":\"Just another Africa News Agency Sites site\",\"potentialAction\":[{\"@type\":\"SearchAction\",\"target\":{\"@type\":\"EntryPoint\",\"urlTemplate\":\"https:\/\/www.africa-press.net\/gabon\/?s={search_term_string}\"},\"query-input\":{\"@type\":\"PropertyValueSpecification\",\"valueRequired\":true,\"valueName\":\"search_term_string\"}}],\"inLanguage\":\"fr-FR\"},{\"@type\":\"Person\",\"@id\":\"https:\/\/www.africa-press.net\/gabon\/#\/schema\/person\/2b1cf3cd81a31e3cd26889ca66d677f1\",\"name\":\"cfeditorfr\"}]}<\/script>\n<!-- \/ Yoast SEO Premium plugin. -->","yoast_head_json":{"title":"Formation des agents publics : Signature d\u2019un accord-cadre avec l\u2019Institut des sciences et des m\u00e9tiers de la mer - Gabon","description":"Pour renforcer les capacite\u0301s des agents publics et mieux les former aux me\u0301tiers de la mer, la ministre de la Fonction ...","robots":{"index":"index","follow":"follow","max-snippet":"max-snippet:-1","max-image-preview":"max-image-preview:large","max-video-preview":"max-video-preview:-1"},"canonical":"https:\/\/www.africa-press.net\/gabon\/toutes-les-actualites\/formation-des-agents-publics-signature-dun-accord-cadre-avec-linstitut-des-sciences-et-des-metiers-de-la-mer","og_locale":"fr_FR","og_type":"article","og_title":"Formation des agents publics : Signature d\u2019un accord-cadre avec l\u2019Institut des sciences et des m\u00e9tiers de la mer","og_description":"Pour renforcer les capacite\u0301s des agents publics et mieux les former aux me\u0301tiers de la mer, la ministre de la Fonction ...","og_url":"https:\/\/www.africa-press.net\/gabon\/toutes-les-actualites\/formation-des-agents-publics-signature-dun-accord-cadre-avec-linstitut-des-sciences-et-des-metiers-de-la-mer","og_site_name":"Gabon","article_published_time":"2024-05-29T18:50:01+00:00","article_modified_time":"2024-05-29T19:25:47+00:00","og_image":[{"width":720,"height":478,"url":"https:\/\/static.africa-press.net\/gabon\/sites\/54\/2024\/05\/sm_1716997928.263599.jpg","type":"image\/jpeg"}],"author":"cfeditorfr","twitter_card":"summary_large_image","twitter_misc":{"\u00c9crit par":"cfeditorfr","Dur\u00e9e de lecture estim\u00e9e":"4 minutes"},"schema":{"@context":"https:\/\/schema.org","@graph":[{"@type":"Article","@id":"https:\/\/www.africa-press.net\/gabon\/toutes-les-actualites\/formation-des-agents-publics-signature-dun-accord-cadre-avec-linstitut-des-sciences-et-des-metiers-de-la-mer#article","isPartOf":{"@id":"https:\/\/www.africa-press.net\/gabon\/toutes-les-actualites\/formation-des-agents-publics-signature-dun-accord-cadre-avec-linstitut-des-sciences-et-des-metiers-de-la-mer"},"author":{"name":"cfeditorfr","@id":"https:\/\/www.africa-press.net\/gabon\/#\/schema\/person\/2b1cf3cd81a31e3cd26889ca66d677f1"},"headline":"Formation des agents publics : Signature d\u2019un accord-cadre avec l\u2019Institut des sciences et des m\u00e9tiers de la mer","datePublished":"2024-05-29T18:50:01+00:00","dateModified":"2024-05-29T19:25:47+00:00","mainEntityOfPage":{"@id":"https:\/\/www.africa-press.net\/gabon\/toutes-les-actualites\/formation-des-agents-publics-signature-dun-accord-cadre-avec-linstitut-des-sciences-et-des-metiers-de-la-mer"},"wordCount":708,"commentCount":0,"image":{"@id":"https:\/\/www.africa-press.net\/gabon\/toutes-les-actualites\/formation-des-agents-publics-signature-dun-accord-cadre-avec-linstitut-des-sciences-et-des-metiers-de-la-mer#primaryimage"},"thumbnailUrl":"https:\/\/static.africa-press.net\/gabon\/sites\/54\/2024\/05\/sm_1716997928.263599.jpg","keywords":["Africa Press","Africa Press-Gabon","Gabon"],"articleSection":["Communaut\u00e9","Toutes les actualit\u00e9s"],"inLanguage":"fr-FR","potentialAction":[{"@type":"CommentAction","name":"Comment","target":["https:\/\/www.africa-press.net\/gabon\/toutes-les-actualites\/formation-des-agents-publics-signature-dun-accord-cadre-avec-linstitut-des-sciences-et-des-metiers-de-la-mer#respond"]}]},{"@type":"WebPage","@id":"https:\/\/www.africa-press.net\/gabon\/toutes-les-actualites\/formation-des-agents-publics-signature-dun-accord-cadre-avec-linstitut-des-sciences-et-des-metiers-de-la-mer","url":"https:\/\/www.africa-press.net\/gabon\/toutes-les-actualites\/formation-des-agents-publics-signature-dun-accord-cadre-avec-linstitut-des-sciences-et-des-metiers-de-la-mer","name":"Formation des agents publics : Signature d\u2019un accord-cadre avec l\u2019Institut des sciences et des m\u00e9tiers de la mer - Gabon","isPartOf":{"@id":"https:\/\/www.africa-press.net\/gabon\/#website"},"primaryImageOfPage":{"@id":"https:\/\/www.africa-press.net\/gabon\/toutes-les-actualites\/formation-des-agents-publics-signature-dun-accord-cadre-avec-linstitut-des-sciences-et-des-metiers-de-la-mer#primaryimage"},"image":{"@id":"https:\/\/www.africa-press.net\/gabon\/toutes-les-actualites\/formation-des-agents-publics-signature-dun-accord-cadre-avec-linstitut-des-sciences-et-des-metiers-de-la-mer#primaryimage"},"thumbnailUrl":"https:\/\/static.africa-press.net\/gabon\/sites\/54\/2024\/05\/sm_1716997928.263599.jpg","datePublished":"2024-05-29T18:50:01+00:00","dateModified":"2024-05-29T19:25:47+00:00","author":{"@id":"https:\/\/www.africa-press.net\/gabon\/#\/schema\/person\/2b1cf3cd81a31e3cd26889ca66d677f1"},"description":"Pour renforcer les capacite\u0301s des agents publics et mieux les former aux me\u0301tiers de la mer, la ministre de la Fonction ...","breadcrumb":{"@id":"https:\/\/www.africa-press.net\/gabon\/toutes-les-actualites\/formation-des-agents-publics-signature-dun-accord-cadre-avec-linstitut-des-sciences-et-des-metiers-de-la-mer#breadcrumb"},"inLanguage":"fr-FR","potentialAction":[{"@type":"ReadAction","target":["https:\/\/www.africa-press.net\/gabon\/toutes-les-actualites\/formation-des-agents-publics-signature-dun-accord-cadre-avec-linstitut-des-sciences-et-des-metiers-de-la-mer"]}]},{"@type":"ImageObject","inLanguage":"fr-FR","@id":"https:\/\/www.africa-press.net\/gabon\/toutes-les-actualites\/formation-des-agents-publics-signature-dun-accord-cadre-avec-linstitut-des-sciences-et-des-metiers-de-la-mer#primaryimage","url":"https:\/\/static.africa-press.net\/gabon\/sites\/54\/2024\/05\/sm_1716997928.263599.jpg","contentUrl":"https:\/\/static.africa-press.net\/gabon\/sites\/54\/2024\/05\/sm_1716997928.263599.jpg","width":720,"height":478,"caption":"Formation des agents publics : Signature d\u2019un accord-cadre avec l\u2019Institut des sciences et des m\u00e9tiers de la mer"},{"@type":"BreadcrumbList","@id":"https:\/\/www.africa-press.net\/gabon\/toutes-les-actualites\/formation-des-agents-publics-signature-dun-accord-cadre-avec-linstitut-des-sciences-et-des-metiers-de-la-mer#breadcrumb","itemListElement":[{"@type":"ListItem","position":1,"name":"Accueil","item":"https:\/\/www.africa-press.net\/gabon\/"},{"@type":"ListItem","position":2,"name":"Formation des agents publics : Signature d\u2019un accord-cadre avec l\u2019Institut des sciences et des m\u00e9tiers de la mer"}]},{"@type":"WebSite","@id":"https:\/\/www.africa-press.net\/gabon\/#website","url":"https:\/\/www.africa-press.net\/gabon\/","name":"Gabon","description":"Just another Africa News Agency Sites site","potentialAction":[{"@type":"SearchAction","target":{"@type":"EntryPoint","urlTemplate":"https:\/\/www.africa-press.net\/gabon\/?s={search_term_string}"},"query-input":{"@type":"PropertyValueSpecification","valueRequired":true,"valueName":"search_term_string"}}],"inLanguage":"fr-FR"},{"@type":"Person","@id":"https:\/\/www.africa-press.net\/gabon\/#\/schema\/person\/2b1cf3cd81a31e3cd26889ca66d677f1","name":"cfeditorfr"}]}},"_links":{"self":[{"href":"https:\/\/www.africa-press.net\/gabon\/wp-json\/wp\/v2\/posts\/39326","targetHints":{"allow":["GET"]}}],"collection":[{"href":"https:\/\/www.africa-press.net\/gabon\/wp-json\/wp\/v2\/posts"}],"about":[{"href":"https:\/\/www.africa-press.net\/gabon\/wp-json\/wp\/v2\/types\/post"}],"author":[{"embeddable":true,"href":"https:\/\/www.africa-press.net\/gabon\/wp-json\/wp\/v2\/users\/82"}],"replies":[{"embeddable":true,"href":"https:\/\/www.africa-press.net\/gabon\/wp-json\/wp\/v2\/comments?post=39326"}],"version-history":[{"count":0,"href":"https:\/\/www.africa-press.net\/gabon\/wp-json\/wp\/v2\/posts\/39326\/revisions"}],"wp:featuredmedia":[{"embeddable":true,"href":"https:\/\/www.africa-press.net\/gabon\/wp-json\/wp\/v2\/media\/39325"}],"wp:attachment":[{"href":"https:\/\/www.africa-press.net\/gabon\/wp-json\/wp\/v2\/media?parent=39326"}],"wp:term":[{"taxonomy":"category","embeddable":true,"href":"https:\/\/www.africa-press.net\/gabon\/wp-json\/wp\/v2\/categories?post=39326"},{"taxonomy":"post_tag","embeddable":true,"href":"https:\/\/www.africa-press.net\/gabon\/wp-json\/wp\/v2\/tags?post=39326"}],"curies":[{"name":"wp","href":"https:\/\/api.w.org\/{rel}","templated":true}]}}