{"id":39393,"date":"2024-05-30T12:50:40","date_gmt":"2024-05-30T12:50:40","guid":{"rendered":"https:\/\/www.africa-press.net\/gabon\/politique\/forum-economique-gabon-france-plus-de-739-milliards-de-fcfa-mobilises-a-paris"},"modified":"2024-05-30T14:37:48","modified_gmt":"2024-05-30T14:37:48","slug":"forum-economique-gabon-france-plus-de-739-milliards-de-fcfa-mobilises-a-paris","status":"publish","type":"post","link":"https:\/\/www.africa-press.net\/gabon\/economie\/forum-economique-gabon-france-plus-de-739-milliards-de-fcfa-mobilises-a-paris","title":{"rendered":"Forum \u00e9conomique Gabon-France : plus de 739 milliards de FCFA mobilis\u00e9s \u00e0 Paris"},"content":{"rendered":"<p><span style=\"color: #ff6600\"><strong>Africa-Press &#8211; Gabon. <\/strong><\/span>Au terme du premier forum e\u0301conomique Gabon-France tenu le mercredi 29 ayant vu la participation de pre\u0300s de 600 chefs d\u2019entreprises venus des deux pays, la partie gabonaise est parvenue a\u0300 mobiliser plus de 1,100 milliard d\u2019euros, dont les me\u0301morandums d\u2019entente (MoU) ont e\u0301te\u0301 signe\u0301s en pre\u0301sence du pre\u0301sident de la Transition.<\/p>\n<p>Succe\u0300s inde\u0301niable ce mercredi 29 mai aux Salons Hoche a\u0300 Paris ou\u0300 s\u2019est tenu le premier forum e\u0301conomique Gabon-France organise\u0301 par la Fe\u0301de\u0301ration des entreprises du Gabon (Feg), le Mouvement des entreprises de France (Medef) et le ministe\u0300re de l\u2019E\u0301conomie par le biais de l\u2019Agence nationale de promotion des investissements du Gabon (ANPI-Gabon). En que\u0302te de nouveaux investisseurs dans un contexte de redynamisation du partenariat e\u0301conomique avec l\u2019ancien colonisateur, Libreville est parvenue a\u0300 mobiliser plus de 739 milliards de francs CFA, soit plus de 1,100 milliard d\u2019euros, dont les me\u0301morandums d\u2019entente (MoU) ont e\u0301te\u0301 signe\u0301s en pre\u0301sence du ge\u0301ne\u0301ral Brice Clotaire Oligui Nguema, en visite officielle en France.<\/p>\n<p>Deux protocoles ont notamment e\u0301te\u0301 signe\u0301s avec le gouvernement franc\u0327ais, le premier portant sur l\u2019appui au Programme de remise a\u0300 niveau (PRN) du Transgabonais et le second relatif au projet de re\u0301habilitation de la de\u0301charge de Mindoube\u0301. Tous deux sont des de\u0301clarations d\u2019intention, pre\u0301cise-t-on.<\/p>\n<p>Plusieurs autres documents contractuels ont e\u0301galement e\u0301te\u0301 signe\u0301s avec les entreprises franc\u0327aises et gabonaises. Il s\u2019agit:<\/p>\n<p>\u2013 du Protocole d\u2019accord sur le de\u0301veloppement de la concession du Chemin de fer Transgabonais dont le montant a\u0300 mobiliser par l\u2019Etat Gabonais et la SETRAG est de 470 milliards de francs CFA ;<\/p>\n<p>\u2013 du Protocole d\u2019accord pour le projet de modernisation des infrastructures de production et de distribution d\u2019eau, entre Suez et PAM Saint Gobain et la SEEG, pour un montant de 118 milliards de francs CFA sur 5 ans ;<\/p>\n<p>\u2013 du Protocole d\u2019entente et de partenariat relatif aux travaux de re\u0301habilitation des voiries de Franceville phase III et de l\u2019axe routier Bifoun-Lambare\u0301ne\u0301, entre l\u2019E\u0301tat Gabonais et COLAS, pour 76 milliards de francs CFA ;<\/p>\n<p>\u2013 du Contrat pour le financement d\u2019e\u0301quipements portuaires entre l\u2019AGL et BGFIGabon pour un montant de 20 milliards de francs CFA ;<\/p>\n<p>\u2013 de la Convention tripartite Novea, Comilog et l\u2019E\u0301tat pour la commande de 4 860 lampadaires a\u0300 destination de l\u2019E\u0301tat, pour 5 milliards de francs CFA ;<\/p>\n<p>\u2013 du Protocole d\u2019accord portant sur la construction du contournement routier de Libreville de la Route Nationale 1 jusqu\u2019a\u0300 la zone portuaire d\u2019Owendo dit \u00abOwendo Bypass\u00bb signe\u0301 entre l\u2019Etat et le Groupement Mika et NGE Contracting ;<\/p>\n<p>\u2013 du Protocole d\u2019accord portant sur la mise en \u0153uvre d\u2019un programme inte\u0301gre\u0301 d\u2019investissement dans la chai\u0302ne de valeur de l\u2019acier et des produits de\u0301rive\u0301s au Gabon, signe\u0301 entre l\u2019E\u0301tat et Prome\u0301tal, pour un montant de 30 milliards de francs CFA et 500 emplois directs a\u0300 cre\u0301er.<\/p>\n<p>Ce forum ayant accueilli pre\u0300s de 600 chefs d\u2019entreprises venus du Gabon et de la France visait notamment \u00abla mise en place d\u2019un nouveau partenariat e\u0301conomique entre nos deux pays, marque\u0301 par le re\u0301seautage entre les entreprises franc\u0327aises et gabonaises ainsi que les engagements des entreprises du Medef et de la Feg a\u0300 accompagner la mise en \u0153uvre des projets prioritaires du gouvernement\u00bb, explique la Communication gouvernementale qui juge \u00abtre\u0300s encourageants\u00bb les re\u0301sultats obtenus. Ceux-ci sont cense\u0301s marquer \u00abune nouvelle e\u0300re dans les relations e\u0301conomiques entre le Gabon et la France\u00bb.<\/p>\n<p><strong>Pour plus d&rsquo;informations et d&rsquo;analyses sur la <a href=\"https:\/\/www.africa-press.net\/gabon\">Gabon<\/a>, suivez <a href=\"https:\/\/www.africa-press.net\/\">Africa-Press<\/a><\/strong><\/p>\n","protected":false},"excerpt":{"rendered":"<p>Africa-Press &#8211; Gabon. Au terme du premier forum e\u0301conomique Gabon-France tenu le mercredi 29 ayant vu la participation de pre\u0300s de 600 chefs d\u2019entreprises venus des deux pays, la partie gabonaise est parvenue a\u0300 mobiliser plus de 1,100 milliard d\u2019euros, dont les me\u0301morandums d\u2019entente (MoU) ont e\u0301te\u0301 signe\u0301s en pre\u0301sence du pre\u0301sident de la Transition. [&hellip;]<\/p>\n","protected":false},"author":82,"featured_media":39392,"comment_status":"open","ping_status":"closed","sticky":false,"template":"","format":"standard","meta":{"footnotes":""},"categories":[3,10],"tags":[36,50,49],"class_list":["post-39393","post","type-post","status-publish","format-standard","has-post-thumbnail","hentry","category-economie","category-toutes-les-actualites","tag-africa-press","tag-africa-press-gabon","tag-gabon"],"yoast_head":"<!-- This site is optimized with the Yoast SEO Premium plugin v26.1 (Yoast SEO v27.0) - https:\/\/yoast.com\/product\/yoast-seo-premium-wordpress\/ -->\n<title>Forum \u00e9conomique Gabon-France : plus de 739 milliards de FCFA mobilis\u00e9s \u00e0 Paris - Gabon<\/title>\n<meta name=\"description\" content=\"Au terme du premier forum e\u0301conomique Gabon-France tenu le mercredi 29 ayant vu la participation de pre\u0300s de 600 chefs d ...\" \/>\n<meta name=\"robots\" content=\"index, follow, max-snippet:-1, max-image-preview:large, max-video-preview:-1\" \/>\n<link rel=\"canonical\" href=\"https:\/\/www.africa-press.net\/gabon\/economie\/forum-economique-gabon-france-plus-de-739-milliards-de-fcfa-mobilises-a-paris\" \/>\n<meta property=\"og:locale\" content=\"fr_FR\" \/>\n<meta property=\"og:type\" content=\"article\" \/>\n<meta property=\"og:title\" content=\"Forum \u00e9conomique Gabon-France : plus de 739 milliards de FCFA mobilis\u00e9s \u00e0 Paris\" \/>\n<meta property=\"og:description\" content=\"Au terme du premier forum e\u0301conomique Gabon-France tenu le mercredi 29 ayant vu la participation de pre\u0300s de 600 chefs d ...\" \/>\n<meta property=\"og:url\" content=\"https:\/\/www.africa-press.net\/gabon\/economie\/forum-economique-gabon-france-plus-de-739-milliards-de-fcfa-mobilises-a-paris\" \/>\n<meta property=\"og:site_name\" content=\"Gabon\" \/>\n<meta property=\"article:published_time\" content=\"2024-05-30T12:50:40+00:00\" \/>\n<meta property=\"article:modified_time\" content=\"2024-05-30T14:37:48+00:00\" \/>\n<meta property=\"og:image\" content=\"https:\/\/static.africa-press.net\/gabon\/sites\/54\/2024\/05\/sm_1717066960.286296.jpg\" \/>\n\t<meta property=\"og:image:width\" content=\"1080\" \/>\n\t<meta property=\"og:image:height\" content=\"598\" \/>\n\t<meta property=\"og:image:type\" content=\"image\/jpeg\" \/>\n<meta name=\"author\" content=\"cfeditorfr\" \/>\n<meta name=\"twitter:card\" content=\"summary_large_image\" \/>\n<meta name=\"twitter:label1\" content=\"\u00c9crit par\" \/>\n\t<meta name=\"twitter:data1\" content=\"cfeditorfr\" \/>\n\t<meta name=\"twitter:label2\" content=\"Dur\u00e9e de lecture estim\u00e9e\" \/>\n\t<meta name=\"twitter:data2\" content=\"3 minutes\" \/>\n<script type=\"application\/ld+json\" class=\"yoast-schema-graph\">{\"@context\":\"https:\/\/schema.org\",\"@graph\":[{\"@type\":\"Article\",\"@id\":\"https:\/\/www.africa-press.net\/gabon\/economie\/forum-economique-gabon-france-plus-de-739-milliards-de-fcfa-mobilises-a-paris#article\",\"isPartOf\":{\"@id\":\"https:\/\/www.africa-press.net\/gabon\/economie\/forum-economique-gabon-france-plus-de-739-milliards-de-fcfa-mobilises-a-paris\"},\"author\":{\"name\":\"cfeditorfr\",\"@id\":\"https:\/\/www.africa-press.net\/gabon\/#\/schema\/person\/2b1cf3cd81a31e3cd26889ca66d677f1\"},\"headline\":\"Forum \u00e9conomique Gabon-France : plus de 739 milliards de FCFA mobilis\u00e9s \u00e0 Paris\",\"datePublished\":\"2024-05-30T12:50:40+00:00\",\"dateModified\":\"2024-05-30T14:37:48+00:00\",\"mainEntityOfPage\":{\"@id\":\"https:\/\/www.africa-press.net\/gabon\/economie\/forum-economique-gabon-france-plus-de-739-milliards-de-fcfa-mobilises-a-paris\"},\"wordCount\":637,\"commentCount\":0,\"image\":{\"@id\":\"https:\/\/www.africa-press.net\/gabon\/economie\/forum-economique-gabon-france-plus-de-739-milliards-de-fcfa-mobilises-a-paris#primaryimage\"},\"thumbnailUrl\":\"https:\/\/static.africa-press.net\/gabon\/sites\/54\/2024\/05\/sm_1717066960.286296.jpg\",\"keywords\":[\"Africa Press\",\"Africa Press-Gabon\",\"Gabon\"],\"articleSection\":[\"\u00c9conomie\",\"Toutes les actualit\u00e9s\"],\"inLanguage\":\"fr-FR\",\"potentialAction\":[{\"@type\":\"CommentAction\",\"name\":\"Comment\",\"target\":[\"https:\/\/www.africa-press.net\/gabon\/economie\/forum-economique-gabon-france-plus-de-739-milliards-de-fcfa-mobilises-a-paris#respond\"]}]},{\"@type\":\"WebPage\",\"@id\":\"https:\/\/www.africa-press.net\/gabon\/economie\/forum-economique-gabon-france-plus-de-739-milliards-de-fcfa-mobilises-a-paris\",\"url\":\"https:\/\/www.africa-press.net\/gabon\/economie\/forum-economique-gabon-france-plus-de-739-milliards-de-fcfa-mobilises-a-paris\",\"name\":\"Forum \u00e9conomique Gabon-France : plus de 739 milliards de FCFA mobilis\u00e9s \u00e0 Paris - Gabon\",\"isPartOf\":{\"@id\":\"https:\/\/www.africa-press.net\/gabon\/#website\"},\"primaryImageOfPage\":{\"@id\":\"https:\/\/www.africa-press.net\/gabon\/economie\/forum-economique-gabon-france-plus-de-739-milliards-de-fcfa-mobilises-a-paris#primaryimage\"},\"image\":{\"@id\":\"https:\/\/www.africa-press.net\/gabon\/economie\/forum-economique-gabon-france-plus-de-739-milliards-de-fcfa-mobilises-a-paris#primaryimage\"},\"thumbnailUrl\":\"https:\/\/static.africa-press.net\/gabon\/sites\/54\/2024\/05\/sm_1717066960.286296.jpg\",\"datePublished\":\"2024-05-30T12:50:40+00:00\",\"dateModified\":\"2024-05-30T14:37:48+00:00\",\"author\":{\"@id\":\"https:\/\/www.africa-press.net\/gabon\/#\/schema\/person\/2b1cf3cd81a31e3cd26889ca66d677f1\"},\"description\":\"Au terme du premier forum e\u0301conomique Gabon-France tenu le mercredi 29 ayant vu la participation de pre\u0300s de 600 chefs d ...\",\"breadcrumb\":{\"@id\":\"https:\/\/www.africa-press.net\/gabon\/economie\/forum-economique-gabon-france-plus-de-739-milliards-de-fcfa-mobilises-a-paris#breadcrumb\"},\"inLanguage\":\"fr-FR\",\"potentialAction\":[{\"@type\":\"ReadAction\",\"target\":[\"https:\/\/www.africa-press.net\/gabon\/economie\/forum-economique-gabon-france-plus-de-739-milliards-de-fcfa-mobilises-a-paris\"]}]},{\"@type\":\"ImageObject\",\"inLanguage\":\"fr-FR\",\"@id\":\"https:\/\/www.africa-press.net\/gabon\/economie\/forum-economique-gabon-france-plus-de-739-milliards-de-fcfa-mobilises-a-paris#primaryimage\",\"url\":\"https:\/\/static.africa-press.net\/gabon\/sites\/54\/2024\/05\/sm_1717066960.286296.jpg\",\"contentUrl\":\"https:\/\/static.africa-press.net\/gabon\/sites\/54\/2024\/05\/sm_1717066960.286296.jpg\",\"width\":1080,\"height\":598,\"caption\":\"Forum \u00e9conomique Gabon-France : plus de 739 milliards de FCFA mobilis\u00e9s \u00e0 Paris\"},{\"@type\":\"BreadcrumbList\",\"@id\":\"https:\/\/www.africa-press.net\/gabon\/economie\/forum-economique-gabon-france-plus-de-739-milliards-de-fcfa-mobilises-a-paris#breadcrumb\",\"itemListElement\":[{\"@type\":\"ListItem\",\"position\":1,\"name\":\"Accueil\",\"item\":\"https:\/\/www.africa-press.net\/gabon\/\"},{\"@type\":\"ListItem\",\"position\":2,\"name\":\"Forum \u00e9conomique Gabon-France : plus de 739 milliards de FCFA mobilis\u00e9s \u00e0 Paris\"}]},{\"@type\":\"WebSite\",\"@id\":\"https:\/\/www.africa-press.net\/gabon\/#website\",\"url\":\"https:\/\/www.africa-press.net\/gabon\/\",\"name\":\"Gabon\",\"description\":\"Just another Africa News Agency Sites site\",\"potentialAction\":[{\"@type\":\"SearchAction\",\"target\":{\"@type\":\"EntryPoint\",\"urlTemplate\":\"https:\/\/www.africa-press.net\/gabon\/?s={search_term_string}\"},\"query-input\":{\"@type\":\"PropertyValueSpecification\",\"valueRequired\":true,\"valueName\":\"search_term_string\"}}],\"inLanguage\":\"fr-FR\"},{\"@type\":\"Person\",\"@id\":\"https:\/\/www.africa-press.net\/gabon\/#\/schema\/person\/2b1cf3cd81a31e3cd26889ca66d677f1\",\"name\":\"cfeditorfr\"}]}<\/script>\n<!-- \/ Yoast SEO Premium plugin. -->","yoast_head_json":{"title":"Forum \u00e9conomique Gabon-France : plus de 739 milliards de FCFA mobilis\u00e9s \u00e0 Paris - Gabon","description":"Au terme du premier forum e\u0301conomique Gabon-France tenu le mercredi 29 ayant vu la participation de pre\u0300s de 600 chefs d ...","robots":{"index":"index","follow":"follow","max-snippet":"max-snippet:-1","max-image-preview":"max-image-preview:large","max-video-preview":"max-video-preview:-1"},"canonical":"https:\/\/www.africa-press.net\/gabon\/economie\/forum-economique-gabon-france-plus-de-739-milliards-de-fcfa-mobilises-a-paris","og_locale":"fr_FR","og_type":"article","og_title":"Forum \u00e9conomique Gabon-France : plus de 739 milliards de FCFA mobilis\u00e9s \u00e0 Paris","og_description":"Au terme du premier forum e\u0301conomique Gabon-France tenu le mercredi 29 ayant vu la participation de pre\u0300s de 600 chefs d ...","og_url":"https:\/\/www.africa-press.net\/gabon\/economie\/forum-economique-gabon-france-plus-de-739-milliards-de-fcfa-mobilises-a-paris","og_site_name":"Gabon","article_published_time":"2024-05-30T12:50:40+00:00","article_modified_time":"2024-05-30T14:37:48+00:00","og_image":[{"width":1080,"height":598,"url":"https:\/\/static.africa-press.net\/gabon\/sites\/54\/2024\/05\/sm_1717066960.286296.jpg","type":"image\/jpeg"}],"author":"cfeditorfr","twitter_card":"summary_large_image","twitter_misc":{"\u00c9crit par":"cfeditorfr","Dur\u00e9e de lecture estim\u00e9e":"3 minutes"},"schema":{"@context":"https:\/\/schema.org","@graph":[{"@type":"Article","@id":"https:\/\/www.africa-press.net\/gabon\/economie\/forum-economique-gabon-france-plus-de-739-milliards-de-fcfa-mobilises-a-paris#article","isPartOf":{"@id":"https:\/\/www.africa-press.net\/gabon\/economie\/forum-economique-gabon-france-plus-de-739-milliards-de-fcfa-mobilises-a-paris"},"author":{"name":"cfeditorfr","@id":"https:\/\/www.africa-press.net\/gabon\/#\/schema\/person\/2b1cf3cd81a31e3cd26889ca66d677f1"},"headline":"Forum \u00e9conomique Gabon-France : plus de 739 milliards de FCFA mobilis\u00e9s \u00e0 Paris","datePublished":"2024-05-30T12:50:40+00:00","dateModified":"2024-05-30T14:37:48+00:00","mainEntityOfPage":{"@id":"https:\/\/www.africa-press.net\/gabon\/economie\/forum-economique-gabon-france-plus-de-739-milliards-de-fcfa-mobilises-a-paris"},"wordCount":637,"commentCount":0,"image":{"@id":"https:\/\/www.africa-press.net\/gabon\/economie\/forum-economique-gabon-france-plus-de-739-milliards-de-fcfa-mobilises-a-paris#primaryimage"},"thumbnailUrl":"https:\/\/static.africa-press.net\/gabon\/sites\/54\/2024\/05\/sm_1717066960.286296.jpg","keywords":["Africa Press","Africa Press-Gabon","Gabon"],"articleSection":["\u00c9conomie","Toutes les actualit\u00e9s"],"inLanguage":"fr-FR","potentialAction":[{"@type":"CommentAction","name":"Comment","target":["https:\/\/www.africa-press.net\/gabon\/economie\/forum-economique-gabon-france-plus-de-739-milliards-de-fcfa-mobilises-a-paris#respond"]}]},{"@type":"WebPage","@id":"https:\/\/www.africa-press.net\/gabon\/economie\/forum-economique-gabon-france-plus-de-739-milliards-de-fcfa-mobilises-a-paris","url":"https:\/\/www.africa-press.net\/gabon\/economie\/forum-economique-gabon-france-plus-de-739-milliards-de-fcfa-mobilises-a-paris","name":"Forum \u00e9conomique Gabon-France : plus de 739 milliards de FCFA mobilis\u00e9s \u00e0 Paris - Gabon","isPartOf":{"@id":"https:\/\/www.africa-press.net\/gabon\/#website"},"primaryImageOfPage":{"@id":"https:\/\/www.africa-press.net\/gabon\/economie\/forum-economique-gabon-france-plus-de-739-milliards-de-fcfa-mobilises-a-paris#primaryimage"},"image":{"@id":"https:\/\/www.africa-press.net\/gabon\/economie\/forum-economique-gabon-france-plus-de-739-milliards-de-fcfa-mobilises-a-paris#primaryimage"},"thumbnailUrl":"https:\/\/static.africa-press.net\/gabon\/sites\/54\/2024\/05\/sm_1717066960.286296.jpg","datePublished":"2024-05-30T12:50:40+00:00","dateModified":"2024-05-30T14:37:48+00:00","author":{"@id":"https:\/\/www.africa-press.net\/gabon\/#\/schema\/person\/2b1cf3cd81a31e3cd26889ca66d677f1"},"description":"Au terme du premier forum e\u0301conomique Gabon-France tenu le mercredi 29 ayant vu la participation de pre\u0300s de 600 chefs d ...","breadcrumb":{"@id":"https:\/\/www.africa-press.net\/gabon\/economie\/forum-economique-gabon-france-plus-de-739-milliards-de-fcfa-mobilises-a-paris#breadcrumb"},"inLanguage":"fr-FR","potentialAction":[{"@type":"ReadAction","target":["https:\/\/www.africa-press.net\/gabon\/economie\/forum-economique-gabon-france-plus-de-739-milliards-de-fcfa-mobilises-a-paris"]}]},{"@type":"ImageObject","inLanguage":"fr-FR","@id":"https:\/\/www.africa-press.net\/gabon\/economie\/forum-economique-gabon-france-plus-de-739-milliards-de-fcfa-mobilises-a-paris#primaryimage","url":"https:\/\/static.africa-press.net\/gabon\/sites\/54\/2024\/05\/sm_1717066960.286296.jpg","contentUrl":"https:\/\/static.africa-press.net\/gabon\/sites\/54\/2024\/05\/sm_1717066960.286296.jpg","width":1080,"height":598,"caption":"Forum \u00e9conomique Gabon-France : plus de 739 milliards de FCFA mobilis\u00e9s \u00e0 Paris"},{"@type":"BreadcrumbList","@id":"https:\/\/www.africa-press.net\/gabon\/economie\/forum-economique-gabon-france-plus-de-739-milliards-de-fcfa-mobilises-a-paris#breadcrumb","itemListElement":[{"@type":"ListItem","position":1,"name":"Accueil","item":"https:\/\/www.africa-press.net\/gabon\/"},{"@type":"ListItem","position":2,"name":"Forum \u00e9conomique Gabon-France : plus de 739 milliards de FCFA mobilis\u00e9s \u00e0 Paris"}]},{"@type":"WebSite","@id":"https:\/\/www.africa-press.net\/gabon\/#website","url":"https:\/\/www.africa-press.net\/gabon\/","name":"Gabon","description":"Just another Africa News Agency Sites site","potentialAction":[{"@type":"SearchAction","target":{"@type":"EntryPoint","urlTemplate":"https:\/\/www.africa-press.net\/gabon\/?s={search_term_string}"},"query-input":{"@type":"PropertyValueSpecification","valueRequired":true,"valueName":"search_term_string"}}],"inLanguage":"fr-FR"},{"@type":"Person","@id":"https:\/\/www.africa-press.net\/gabon\/#\/schema\/person\/2b1cf3cd81a31e3cd26889ca66d677f1","name":"cfeditorfr"}]}},"_links":{"self":[{"href":"https:\/\/www.africa-press.net\/gabon\/wp-json\/wp\/v2\/posts\/39393","targetHints":{"allow":["GET"]}}],"collection":[{"href":"https:\/\/www.africa-press.net\/gabon\/wp-json\/wp\/v2\/posts"}],"about":[{"href":"https:\/\/www.africa-press.net\/gabon\/wp-json\/wp\/v2\/types\/post"}],"author":[{"embeddable":true,"href":"https:\/\/www.africa-press.net\/gabon\/wp-json\/wp\/v2\/users\/82"}],"replies":[{"embeddable":true,"href":"https:\/\/www.africa-press.net\/gabon\/wp-json\/wp\/v2\/comments?post=39393"}],"version-history":[{"count":0,"href":"https:\/\/www.africa-press.net\/gabon\/wp-json\/wp\/v2\/posts\/39393\/revisions"}],"wp:featuredmedia":[{"embeddable":true,"href":"https:\/\/www.africa-press.net\/gabon\/wp-json\/wp\/v2\/media\/39392"}],"wp:attachment":[{"href":"https:\/\/www.africa-press.net\/gabon\/wp-json\/wp\/v2\/media?parent=39393"}],"wp:term":[{"taxonomy":"category","embeddable":true,"href":"https:\/\/www.africa-press.net\/gabon\/wp-json\/wp\/v2\/categories?post=39393"},{"taxonomy":"post_tag","embeddable":true,"href":"https:\/\/www.africa-press.net\/gabon\/wp-json\/wp\/v2\/tags?post=39393"}],"curies":[{"name":"wp","href":"https:\/\/api.w.org\/{rel}","templated":true}]}}