{"id":39399,"date":"2024-05-30T12:51:02","date_gmt":"2024-05-30T12:51:02","guid":{"rendered":"https:\/\/www.africa-press.net\/gabon\/politique\/assemblees-annuelles-de-la-bad-dans-le-vif-du-sujet"},"modified":"2024-05-30T14:39:46","modified_gmt":"2024-05-30T14:39:46","slug":"assemblees-annuelles-de-la-bad-dans-le-vif-du-sujet","status":"publish","type":"post","link":"https:\/\/www.africa-press.net\/gabon\/economie\/assemblees-annuelles-de-la-bad-dans-le-vif-du-sujet","title":{"rendered":"Assembl\u00e9es annuelles de la BAD : dans le vif du sujet"},"content":{"rendered":"<p><span style=\"color: #ff6600\"><strong>Africa-Press &#8211; Gabon. <\/strong><\/span><b>Le pre\u0301sident du Kenya, William Ruto a officiellement donne\u0301 le coup d\u2019envoi des 59e\u0300me assemble\u0301es annuelles du groupe de la Banque africaine de de\u0301veloppement (BAD) e\u0301dition 2024 dont les travaux se de\u0301roulent a\u0300 Nairobi la capitale kenyane depuis le 27 mai et prendront fin le 31 mai prochain.<\/b><\/p>\n<p>En plus du pre\u0301sident Ruto, cinq autres chefs d\u2019Etat africains ont honore\u0301 de leur pre\u0301sence cette ce\u0301re\u0301monie. Il s\u2019agit de Denis Sassou Nguesso (Congo), Paul Kagame (Rwanda), Emmerson Dambudzo Mnangagwan (Zimbabwe), Mohamed Younis al-Menfi (Libye) et Hassan Sheikh Mohamoud (Somalie).<\/p>\n<p>Le Pre\u0301sident de la Commission de l\u2019Union africaine (UA), Moussa Faki Mahamat et le Vice-Premier ministre gabonais, Alexandre Barro Chambrier ainsi que d\u2019anciens chefs d\u2019Etat du continent ont e\u0301te\u0301 autres les principaux invite\u0301s du rendez-vous de Nairobi qui se de\u0301roule au Kenyatta international convention center (KICC).<\/p>\n<p>Malgre\u0301 leurs agendas surcharge\u0301s, tous les chefs d\u2019Etat pre\u0301sents ont consacre\u0301 plusieurs pour un de\u0301bat de haut niveau sur le the\u0300me central des assises de Nairobi: \u00ab La transformation de l\u2019Afrique, le Groupe de la Banque africaine de de\u0301veloppement et la re\u0301forme de l\u2019architecture financie\u0300re mondiale \u00bb.<\/p>\n<p>De William Ruto a\u0300 Paul Kagame\u0301 en passant par Denis Sassou Nguesso et Moussa Faki Mahamat, pre\u0301sident de la Commission de l\u2019Union africaine (UA), tous les dirigeants du continent ont exprime\u0301 leur de\u0301ception de l\u2019architecture financie\u0300re mondiale actuelle qui n\u2019est pas favorable a\u0300 l\u2019Afrique.<\/p>\n<p>Les architectes du syste\u0300me financier actuel \u00ab avaient sans doute dans leurs te\u0302tes leurs propres inte\u0301re\u0302ts \u00bb, a estime\u0301 Paul Kagame\u0301.<\/p>\n<p>\u00ab Il est universellement reconnu qu\u2019il faut proce\u0301der rapidement a\u0300 la refonte de l\u2019architecture financie\u0300re mondiale \u00bb he\u0301rite\u0301 de la fin des deux guerres mondiales, a rappele\u0301 le pre\u0301sident kenyan. En attendant l\u2019aboutissement de ces reformes, William Ruto a sugge\u0301re\u0301 de renforcer la capacite\u0301 la Banque africaine de de\u0301veloppement pour la rendre plus dynamique dans le financement des e\u0301conomies africaines.<\/p>\n<p>Le nume\u0301ro un kenyan a fait sensation en annonc\u0327ant durant la ce\u0301re\u0301monie que son pays a de\u0301cide\u0301 d\u2019augmenter sa participation dans la BAD de plus de 200 millions de dollars.<\/p>\n<p>Revenant sur la ne\u0301cessite\u0301 de reformer l\u2019architecture financie\u0300re mondiale, le pre\u0301sident de la Commission africaine (UA) a rappele\u0301 que l\u2019Afrique a e\u0301te\u0301 le cobaye des diffe\u0301rentes approches notamment avec les fameux plans d\u2019ajustement structurel (PAS) et autres.<\/p>\n<p>\u00ab Nos partenaires doivent changer d\u2019approche. Nos partenaires doivent comprendre que l\u2019architecture financie\u0300re mondiale actuelle, 80 ans apre\u0300s sa mise en place ne re\u0301pond plus aux aspirations du monde \u00bb, a cogne\u0301 Moussa Faki Mahamat.<\/p>\n<p>Le pre\u0301sident congolais Denis Sassou Nguesso a pour sa part estime\u0301 que la spirale de la dette qui e\u0301touffe le de\u0301veloppement du continent est l\u2019une des conse\u0301quences de l\u2019architecture financie\u0300re mondiale.<\/p>\n<p>Dans un sursaut d\u2019orgueil, Sassou Nguesso a regrette\u0301 que l\u2019architecture financie\u0300re actuelle ne valorise pas le potentiel e\u0301conomique du continent. Les e\u0301normes riches du continent ne sont pas pris en compte dans le calcul du PIB des Etats africains, a-t-il de\u0301plore\u0301.<\/p>\n<p>La veille dans une autre confe\u0301rence tenue dans le cadre des assemble\u0301es annuelles de la BAD, les africains ont exprime\u0301 leur espoir de voir le mammouth bouge\u0301 suite a\u0300 la monte\u0301e fulgurance des BRICS, cette organisation qui regroupe les pays e\u0301mergeants et de\u0301sormais plusieurs pays du continent.<\/p>\n<p>La re\u0301volution de l\u2019architecture financie\u0300re mondiale proviendra des progre\u0300s des BRICS dont les leaders sont la Chine, le Bre\u0301sil et la Russie, selon eux.<\/p>\n<p><b>Yves Laurent Goma, envoye\u0301 spe\u0301cial<\/b><\/p>\n<p><strong>Pour plus d&rsquo;informations et d&rsquo;analyses sur la <a href=\"https:\/\/www.africa-press.net\/gabon\">Gabon<\/a>, suivez <a href=\"https:\/\/www.africa-press.net\/\">Africa-Press<\/a><\/strong><\/p>\n","protected":false},"excerpt":{"rendered":"<p>Africa-Press &#8211; Gabon. Le pre\u0301sident du Kenya, William Ruto a officiellement donne\u0301 le coup d\u2019envoi des 59e\u0300me assemble\u0301es annuelles du groupe de la Banque africaine de de\u0301veloppement (BAD) e\u0301dition 2024 dont les travaux se de\u0301roulent a\u0300 Nairobi la capitale kenyane depuis le 27 mai et prendront fin le 31 mai prochain. En plus du pre\u0301sident [&hellip;]<\/p>\n","protected":false},"author":82,"featured_media":39397,"comment_status":"open","ping_status":"closed","sticky":false,"template":"","format":"standard","meta":{"footnotes":""},"categories":[3,10],"tags":[36,50,49],"class_list":["post-39399","post","type-post","status-publish","format-standard","has-post-thumbnail","hentry","category-economie","category-toutes-les-actualites","tag-africa-press","tag-africa-press-gabon","tag-gabon"],"yoast_head":"<!-- This site is optimized with the Yoast SEO Premium plugin v26.1 (Yoast SEO v27.0) - https:\/\/yoast.com\/product\/yoast-seo-premium-wordpress\/ -->\n<title>Assembl\u00e9es annuelles de la BAD : dans le vif du sujet - Gabon<\/title>\n<meta name=\"description\" content=\"Le pre\u0301sident du Kenya, William Ruto a officiellement donne\u0301 le coup d\u2019envoi des 59e\u0300me assemble\u0301es annuelles du grou ...\" \/>\n<meta name=\"robots\" content=\"index, follow, max-snippet:-1, max-image-preview:large, max-video-preview:-1\" \/>\n<link rel=\"canonical\" href=\"https:\/\/www.africa-press.net\/gabon\/economie\/assemblees-annuelles-de-la-bad-dans-le-vif-du-sujet\" \/>\n<meta property=\"og:locale\" content=\"fr_FR\" \/>\n<meta property=\"og:type\" content=\"article\" \/>\n<meta property=\"og:title\" content=\"Assembl\u00e9es annuelles de la BAD : dans le vif du sujet\" \/>\n<meta property=\"og:description\" content=\"Le pre\u0301sident du Kenya, William Ruto a officiellement donne\u0301 le coup d\u2019envoi des 59e\u0300me assemble\u0301es annuelles du grou ...\" \/>\n<meta property=\"og:url\" content=\"https:\/\/www.africa-press.net\/gabon\/economie\/assemblees-annuelles-de-la-bad-dans-le-vif-du-sujet\" \/>\n<meta property=\"og:site_name\" content=\"Gabon\" \/>\n<meta property=\"article:published_time\" content=\"2024-05-30T12:51:02+00:00\" \/>\n<meta property=\"article:modified_time\" content=\"2024-05-30T14:39:46+00:00\" \/>\n<meta property=\"og:image\" content=\"https:\/\/static.africa-press.net\/gabon\/sites\/54\/2024\/05\/sm_1717067050.128995.jpg\" \/>\n\t<meta property=\"og:image:width\" content=\"1728\" \/>\n\t<meta property=\"og:image:height\" content=\"1152\" \/>\n\t<meta property=\"og:image:type\" content=\"image\/jpeg\" \/>\n<meta name=\"author\" content=\"cfeditorfr\" \/>\n<meta name=\"twitter:card\" content=\"summary_large_image\" \/>\n<meta name=\"twitter:label1\" content=\"\u00c9crit par\" \/>\n\t<meta name=\"twitter:data1\" content=\"cfeditorfr\" \/>\n\t<meta name=\"twitter:label2\" content=\"Dur\u00e9e de lecture estim\u00e9e\" \/>\n\t<meta name=\"twitter:data2\" content=\"4 minutes\" \/>\n<script type=\"application\/ld+json\" class=\"yoast-schema-graph\">{\"@context\":\"https:\/\/schema.org\",\"@graph\":[{\"@type\":\"Article\",\"@id\":\"https:\/\/www.africa-press.net\/gabon\/economie\/assemblees-annuelles-de-la-bad-dans-le-vif-du-sujet#article\",\"isPartOf\":{\"@id\":\"https:\/\/www.africa-press.net\/gabon\/economie\/assemblees-annuelles-de-la-bad-dans-le-vif-du-sujet\"},\"author\":{\"name\":\"cfeditorfr\",\"@id\":\"https:\/\/www.africa-press.net\/gabon\/#\/schema\/person\/2b1cf3cd81a31e3cd26889ca66d677f1\"},\"headline\":\"Assembl\u00e9es annuelles de la BAD : dans le vif du sujet\",\"datePublished\":\"2024-05-30T12:51:02+00:00\",\"dateModified\":\"2024-05-30T14:39:46+00:00\",\"mainEntityOfPage\":{\"@id\":\"https:\/\/www.africa-press.net\/gabon\/economie\/assemblees-annuelles-de-la-bad-dans-le-vif-du-sujet\"},\"wordCount\":663,\"commentCount\":0,\"image\":{\"@id\":\"https:\/\/www.africa-press.net\/gabon\/economie\/assemblees-annuelles-de-la-bad-dans-le-vif-du-sujet#primaryimage\"},\"thumbnailUrl\":\"https:\/\/static.africa-press.net\/gabon\/sites\/54\/2024\/05\/sm_1717067050.128995.jpg\",\"keywords\":[\"Africa Press\",\"Africa Press-Gabon\",\"Gabon\"],\"articleSection\":[\"\u00c9conomie\",\"Toutes les actualit\u00e9s\"],\"inLanguage\":\"fr-FR\",\"potentialAction\":[{\"@type\":\"CommentAction\",\"name\":\"Comment\",\"target\":[\"https:\/\/www.africa-press.net\/gabon\/economie\/assemblees-annuelles-de-la-bad-dans-le-vif-du-sujet#respond\"]}]},{\"@type\":\"WebPage\",\"@id\":\"https:\/\/www.africa-press.net\/gabon\/economie\/assemblees-annuelles-de-la-bad-dans-le-vif-du-sujet\",\"url\":\"https:\/\/www.africa-press.net\/gabon\/economie\/assemblees-annuelles-de-la-bad-dans-le-vif-du-sujet\",\"name\":\"Assembl\u00e9es annuelles de la BAD : dans le vif du sujet - Gabon\",\"isPartOf\":{\"@id\":\"https:\/\/www.africa-press.net\/gabon\/#website\"},\"primaryImageOfPage\":{\"@id\":\"https:\/\/www.africa-press.net\/gabon\/economie\/assemblees-annuelles-de-la-bad-dans-le-vif-du-sujet#primaryimage\"},\"image\":{\"@id\":\"https:\/\/www.africa-press.net\/gabon\/economie\/assemblees-annuelles-de-la-bad-dans-le-vif-du-sujet#primaryimage\"},\"thumbnailUrl\":\"https:\/\/static.africa-press.net\/gabon\/sites\/54\/2024\/05\/sm_1717067050.128995.jpg\",\"datePublished\":\"2024-05-30T12:51:02+00:00\",\"dateModified\":\"2024-05-30T14:39:46+00:00\",\"author\":{\"@id\":\"https:\/\/www.africa-press.net\/gabon\/#\/schema\/person\/2b1cf3cd81a31e3cd26889ca66d677f1\"},\"description\":\"Le pre\u0301sident du Kenya, William Ruto a officiellement donne\u0301 le coup d\u2019envoi des 59e\u0300me assemble\u0301es annuelles du grou ...\",\"breadcrumb\":{\"@id\":\"https:\/\/www.africa-press.net\/gabon\/economie\/assemblees-annuelles-de-la-bad-dans-le-vif-du-sujet#breadcrumb\"},\"inLanguage\":\"fr-FR\",\"potentialAction\":[{\"@type\":\"ReadAction\",\"target\":[\"https:\/\/www.africa-press.net\/gabon\/economie\/assemblees-annuelles-de-la-bad-dans-le-vif-du-sujet\"]}]},{\"@type\":\"ImageObject\",\"inLanguage\":\"fr-FR\",\"@id\":\"https:\/\/www.africa-press.net\/gabon\/economie\/assemblees-annuelles-de-la-bad-dans-le-vif-du-sujet#primaryimage\",\"url\":\"https:\/\/static.africa-press.net\/gabon\/sites\/54\/2024\/05\/sm_1717067050.128995.jpg\",\"contentUrl\":\"https:\/\/static.africa-press.net\/gabon\/sites\/54\/2024\/05\/sm_1717067050.128995.jpg\",\"width\":1728,\"height\":1152,\"caption\":\"Assembl\u00e9es annuelles de la BAD : dans le vif du sujet\"},{\"@type\":\"BreadcrumbList\",\"@id\":\"https:\/\/www.africa-press.net\/gabon\/economie\/assemblees-annuelles-de-la-bad-dans-le-vif-du-sujet#breadcrumb\",\"itemListElement\":[{\"@type\":\"ListItem\",\"position\":1,\"name\":\"Accueil\",\"item\":\"https:\/\/www.africa-press.net\/gabon\/\"},{\"@type\":\"ListItem\",\"position\":2,\"name\":\"Assembl\u00e9es annuelles de la BAD : dans le vif du sujet\"}]},{\"@type\":\"WebSite\",\"@id\":\"https:\/\/www.africa-press.net\/gabon\/#website\",\"url\":\"https:\/\/www.africa-press.net\/gabon\/\",\"name\":\"Gabon\",\"description\":\"Just another Africa News Agency Sites site\",\"potentialAction\":[{\"@type\":\"SearchAction\",\"target\":{\"@type\":\"EntryPoint\",\"urlTemplate\":\"https:\/\/www.africa-press.net\/gabon\/?s={search_term_string}\"},\"query-input\":{\"@type\":\"PropertyValueSpecification\",\"valueRequired\":true,\"valueName\":\"search_term_string\"}}],\"inLanguage\":\"fr-FR\"},{\"@type\":\"Person\",\"@id\":\"https:\/\/www.africa-press.net\/gabon\/#\/schema\/person\/2b1cf3cd81a31e3cd26889ca66d677f1\",\"name\":\"cfeditorfr\"}]}<\/script>\n<!-- \/ Yoast SEO Premium plugin. -->","yoast_head_json":{"title":"Assembl\u00e9es annuelles de la BAD : dans le vif du sujet - Gabon","description":"Le pre\u0301sident du Kenya, William Ruto a officiellement donne\u0301 le coup d\u2019envoi des 59e\u0300me assemble\u0301es annuelles du grou ...","robots":{"index":"index","follow":"follow","max-snippet":"max-snippet:-1","max-image-preview":"max-image-preview:large","max-video-preview":"max-video-preview:-1"},"canonical":"https:\/\/www.africa-press.net\/gabon\/economie\/assemblees-annuelles-de-la-bad-dans-le-vif-du-sujet","og_locale":"fr_FR","og_type":"article","og_title":"Assembl\u00e9es annuelles de la BAD : dans le vif du sujet","og_description":"Le pre\u0301sident du Kenya, William Ruto a officiellement donne\u0301 le coup d\u2019envoi des 59e\u0300me assemble\u0301es annuelles du grou ...","og_url":"https:\/\/www.africa-press.net\/gabon\/economie\/assemblees-annuelles-de-la-bad-dans-le-vif-du-sujet","og_site_name":"Gabon","article_published_time":"2024-05-30T12:51:02+00:00","article_modified_time":"2024-05-30T14:39:46+00:00","og_image":[{"width":1728,"height":1152,"url":"https:\/\/static.africa-press.net\/gabon\/sites\/54\/2024\/05\/sm_1717067050.128995.jpg","type":"image\/jpeg"}],"author":"cfeditorfr","twitter_card":"summary_large_image","twitter_misc":{"\u00c9crit par":"cfeditorfr","Dur\u00e9e de lecture estim\u00e9e":"4 minutes"},"schema":{"@context":"https:\/\/schema.org","@graph":[{"@type":"Article","@id":"https:\/\/www.africa-press.net\/gabon\/economie\/assemblees-annuelles-de-la-bad-dans-le-vif-du-sujet#article","isPartOf":{"@id":"https:\/\/www.africa-press.net\/gabon\/economie\/assemblees-annuelles-de-la-bad-dans-le-vif-du-sujet"},"author":{"name":"cfeditorfr","@id":"https:\/\/www.africa-press.net\/gabon\/#\/schema\/person\/2b1cf3cd81a31e3cd26889ca66d677f1"},"headline":"Assembl\u00e9es annuelles de la BAD : dans le vif du sujet","datePublished":"2024-05-30T12:51:02+00:00","dateModified":"2024-05-30T14:39:46+00:00","mainEntityOfPage":{"@id":"https:\/\/www.africa-press.net\/gabon\/economie\/assemblees-annuelles-de-la-bad-dans-le-vif-du-sujet"},"wordCount":663,"commentCount":0,"image":{"@id":"https:\/\/www.africa-press.net\/gabon\/economie\/assemblees-annuelles-de-la-bad-dans-le-vif-du-sujet#primaryimage"},"thumbnailUrl":"https:\/\/static.africa-press.net\/gabon\/sites\/54\/2024\/05\/sm_1717067050.128995.jpg","keywords":["Africa Press","Africa Press-Gabon","Gabon"],"articleSection":["\u00c9conomie","Toutes les actualit\u00e9s"],"inLanguage":"fr-FR","potentialAction":[{"@type":"CommentAction","name":"Comment","target":["https:\/\/www.africa-press.net\/gabon\/economie\/assemblees-annuelles-de-la-bad-dans-le-vif-du-sujet#respond"]}]},{"@type":"WebPage","@id":"https:\/\/www.africa-press.net\/gabon\/economie\/assemblees-annuelles-de-la-bad-dans-le-vif-du-sujet","url":"https:\/\/www.africa-press.net\/gabon\/economie\/assemblees-annuelles-de-la-bad-dans-le-vif-du-sujet","name":"Assembl\u00e9es annuelles de la BAD : dans le vif du sujet - Gabon","isPartOf":{"@id":"https:\/\/www.africa-press.net\/gabon\/#website"},"primaryImageOfPage":{"@id":"https:\/\/www.africa-press.net\/gabon\/economie\/assemblees-annuelles-de-la-bad-dans-le-vif-du-sujet#primaryimage"},"image":{"@id":"https:\/\/www.africa-press.net\/gabon\/economie\/assemblees-annuelles-de-la-bad-dans-le-vif-du-sujet#primaryimage"},"thumbnailUrl":"https:\/\/static.africa-press.net\/gabon\/sites\/54\/2024\/05\/sm_1717067050.128995.jpg","datePublished":"2024-05-30T12:51:02+00:00","dateModified":"2024-05-30T14:39:46+00:00","author":{"@id":"https:\/\/www.africa-press.net\/gabon\/#\/schema\/person\/2b1cf3cd81a31e3cd26889ca66d677f1"},"description":"Le pre\u0301sident du Kenya, William Ruto a officiellement donne\u0301 le coup d\u2019envoi des 59e\u0300me assemble\u0301es annuelles du grou ...","breadcrumb":{"@id":"https:\/\/www.africa-press.net\/gabon\/economie\/assemblees-annuelles-de-la-bad-dans-le-vif-du-sujet#breadcrumb"},"inLanguage":"fr-FR","potentialAction":[{"@type":"ReadAction","target":["https:\/\/www.africa-press.net\/gabon\/economie\/assemblees-annuelles-de-la-bad-dans-le-vif-du-sujet"]}]},{"@type":"ImageObject","inLanguage":"fr-FR","@id":"https:\/\/www.africa-press.net\/gabon\/economie\/assemblees-annuelles-de-la-bad-dans-le-vif-du-sujet#primaryimage","url":"https:\/\/static.africa-press.net\/gabon\/sites\/54\/2024\/05\/sm_1717067050.128995.jpg","contentUrl":"https:\/\/static.africa-press.net\/gabon\/sites\/54\/2024\/05\/sm_1717067050.128995.jpg","width":1728,"height":1152,"caption":"Assembl\u00e9es annuelles de la BAD : dans le vif du sujet"},{"@type":"BreadcrumbList","@id":"https:\/\/www.africa-press.net\/gabon\/economie\/assemblees-annuelles-de-la-bad-dans-le-vif-du-sujet#breadcrumb","itemListElement":[{"@type":"ListItem","position":1,"name":"Accueil","item":"https:\/\/www.africa-press.net\/gabon\/"},{"@type":"ListItem","position":2,"name":"Assembl\u00e9es annuelles de la BAD : dans le vif du sujet"}]},{"@type":"WebSite","@id":"https:\/\/www.africa-press.net\/gabon\/#website","url":"https:\/\/www.africa-press.net\/gabon\/","name":"Gabon","description":"Just another Africa News Agency Sites site","potentialAction":[{"@type":"SearchAction","target":{"@type":"EntryPoint","urlTemplate":"https:\/\/www.africa-press.net\/gabon\/?s={search_term_string}"},"query-input":{"@type":"PropertyValueSpecification","valueRequired":true,"valueName":"search_term_string"}}],"inLanguage":"fr-FR"},{"@type":"Person","@id":"https:\/\/www.africa-press.net\/gabon\/#\/schema\/person\/2b1cf3cd81a31e3cd26889ca66d677f1","name":"cfeditorfr"}]}},"_links":{"self":[{"href":"https:\/\/www.africa-press.net\/gabon\/wp-json\/wp\/v2\/posts\/39399","targetHints":{"allow":["GET"]}}],"collection":[{"href":"https:\/\/www.africa-press.net\/gabon\/wp-json\/wp\/v2\/posts"}],"about":[{"href":"https:\/\/www.africa-press.net\/gabon\/wp-json\/wp\/v2\/types\/post"}],"author":[{"embeddable":true,"href":"https:\/\/www.africa-press.net\/gabon\/wp-json\/wp\/v2\/users\/82"}],"replies":[{"embeddable":true,"href":"https:\/\/www.africa-press.net\/gabon\/wp-json\/wp\/v2\/comments?post=39399"}],"version-history":[{"count":0,"href":"https:\/\/www.africa-press.net\/gabon\/wp-json\/wp\/v2\/posts\/39399\/revisions"}],"wp:featuredmedia":[{"embeddable":true,"href":"https:\/\/www.africa-press.net\/gabon\/wp-json\/wp\/v2\/media\/39397"}],"wp:attachment":[{"href":"https:\/\/www.africa-press.net\/gabon\/wp-json\/wp\/v2\/media?parent=39399"}],"wp:term":[{"taxonomy":"category","embeddable":true,"href":"https:\/\/www.africa-press.net\/gabon\/wp-json\/wp\/v2\/categories?post=39399"},{"taxonomy":"post_tag","embeddable":true,"href":"https:\/\/www.africa-press.net\/gabon\/wp-json\/wp\/v2\/tags?post=39399"}],"curies":[{"name":"wp","href":"https:\/\/api.w.org\/{rel}","templated":true}]}}