{"id":39430,"date":"2024-05-30T19:42:22","date_gmt":"2024-05-30T19:42:22","guid":{"rendered":"https:\/\/www.africa-press.net\/gabon\/politique\/droits-de-lhomme-10-jours-dactions-pour-humaniser-les-lieux-de-privation-de-liberte-au-gabon"},"modified":"2024-05-30T20:32:19","modified_gmt":"2024-05-30T20:32:19","slug":"droits-de-lhomme-10-jours-dactions-pour-humaniser-les-lieux-de-privation-de-liberte-au-gabon","status":"publish","type":"post","link":"https:\/\/www.africa-press.net\/gabon\/toutes-les-actualites\/droits-de-lhomme-10-jours-dactions-pour-humaniser-les-lieux-de-privation-de-liberte-au-gabon","title":{"rendered":"Droits de l\u2019Homme : \u00ab10 jours d\u2019actions pour humaniser les lieux de privation de libert\u00e9\u00bb au Gabon"},"content":{"rendered":"<p><span style=\"color: #ff6600\"><strong>Africa-Press &#8211; Gabon. <\/strong><\/span>Au Gabon ou\u0300 chaque anne\u0301e, le 30 mai, est ce\u0301le\u0301bre\u0301e la Journe\u0301e nationale des droits de l\u2019Homme, le gouvernement tient a\u0300 marquer son attachement a\u0300 la question, particulie\u0300rement a\u0300 la garantie des liberte\u0301s fondamentales. Cette anne\u0301e 2024, c\u2019est sous le the\u0300me \u00abDix jours d\u2019actions pour humaniser les lieux de privation de liberte\u0301\u00bb qu\u2019est organise\u0301 cet e\u0301ve\u0300nement.<\/p>\n<p>Institue\u0301 par le de\u0301cret n\u00b0 103\/PR\/MDHLCCLCI du 15 janvier 2007, la Journe\u0301e nationale des droits de l\u2019Homme se ce\u0301le\u0300bre chaque 30 mai au Gabon. Cette anne\u0301e 2024, c\u2019est sous le the\u0300me \u00abDix jours d\u2019actions pour humaniser les lieux de privation de liberte\u0301\u00bb, qu\u2019elle est ce\u0301le\u0301bre\u0301e. Si les manifestations pre\u0301vues pour cette comme\u0301moration se feront a\u0300 une date ulte\u0301rieure, prononc\u0327ant le discours officiel relatif a\u0300 cette journe\u0301e, le secre\u0301taire ge\u0301ne\u0301ral du ministe\u0300re de la Justice a rappele\u0301 que le Gabon e\u0301tant partie a\u0300 plusieurs traite\u0301s internationaux et re\u0301gionaux relatifs aux droits de l\u2019Homme, a des devoirs.<\/p>\n<p>Soit, respecter, prote\u0301ger et re\u0301aliser les droits contenus dans lesdits traite\u0301s. La Convention contre la torture et autres peines ou traitements cruels, inhumains ou de\u0301gradants et son Protocole facultatif, ratifie\u0301s respectivement en 2000 et 2010. Ces textes, a fait savoir, Franc\u0327ois Mangari, \u00abobligent les E\u0301tats parties a\u0300 prendre les mesures approprie\u0301es pour re\u0301primer la torture et prote\u0301ger les personnes contre toutes atteintes a\u0300 leur inte\u0301grite\u0301 physique et mentale dont elles pourraient e\u0302tre victimes\u00bb. Ce, notant que cet engagement du Gabon a e\u0301te\u0301 confirme\u0301 par le pre\u0301sident de la Transition le 31 de\u0301cembre 2023 dans son adresse a\u0300 la Nation a\u0300 l\u2019occasion du nouvel an.<\/p>\n<p>Conforme\u0301ment aux recommandations du sous-comite\u0301 pour la pre\u0301vention de la torture<\/p>\n<p>\u00abJ\u2019entends faire de la promotion des droits humains un axe majeur de cette transition. Je veux \u0153uvrer a\u0300 construire un Gabon sans distinction de race, de sexe, de nationalite\u0301, d\u2019origine ethnique, de langue ou de religion\u00bb, disait Brice Clotaire Oligui Nguema, Le choix porte\u0301 sur le the\u0300me de cette anne\u0301e, a-t-il indique\u0301, \u00abs\u2019inscrit donc dans la vision du chef de l\u2019E\u0301tat et re\u0301pond, par ailleurs, aux recommandations formule\u0301es par les experts du sous-comite\u0301 pour la pre\u0301vention de la torture et autres peines ou traitements cruels, inhumains ou de\u0301gradants, au sujet de l\u2019ame\u0301lioration des conditions de de\u0301tention dans les lieux de privation de liberte\u0301\u00bb. Au Gabon en mars 2024, ils avaient visite\u0301 les prisons, les cellules de garde a\u0300 vue et l\u2019ho\u0302pital psychiatrique.<\/p>\n<p>Ces recommandations portent sur la lutte contre la pratique de la torture et les traitements cruels inhumains et de\u0301gradants dans les lieux de privation de liberte\u0301 et l\u2019ame\u0301lioration des conditions de de\u0301tention dans ces lieux. L\u2019ame\u0301lioration des conditions de de\u0301tention dans les lieux de privation de liberte\u0301, a indique\u0301 Franc\u0327ois Mangari, re\u0301pond au besoin de respecter la dignite\u0301 de la personne. Il rappelle qu\u2019il s\u2019agit d\u2019un droit fondamental, tel que de\u0301fini dans la De\u0301claration universelle des droits de l\u2019Homme de 1948 et la Charte africaine des droits de l\u2019Homme et des peuples de 1981 tout aussi confirme\u0301 dans la Constitution de la Re\u0301publique gabonaise de 1991 et la Charte de la Transition de 2023.<\/p>\n<p>Une formation et bien plus<\/p>\n<p>Et souligne que les re\u0301ponses aux principales recommandations ont de\u0301ja\u0300 e\u0301te\u0301 mate\u0301rialise\u0301es par plusieurs actions. Parmi elles, la mesure de gra\u0302ce pre\u0301sidentielle en avril 2024 accorde\u0301e a\u0300 687 de\u0301tenus, la fermeture de\u0301finitive du pavillon \u00abG\u00bb du Centre national de sante\u0301 mentale de Melen et l\u2019assainissement de plusieurs lieux de privation de liberte\u0301. \u00abAinsi, durant les dix jours d\u2019actions pour humaniser les lieux de privation de liberte\u0301, notre de\u0301partement a organise\u0301 des sessions de renforcement des capacite\u0301s des personnels exerc\u0327ant dans lesdits lieux, sur la Convention contre la torture et autres peines ou traitements cruels, inhumains ou de\u0301gradants et sur les principes d\u2019hygie\u0300ne et de salubrite\u0301\u00bb, a informe\u0301 Franc\u0327ois Mangari.<\/p>\n<p>Selon lui, 210 agents publics ont be\u0301ne\u0301ficie\u0301 de cette formation, 40 au Centre national de sante\u0301 mentale de Melen, 20 a\u0300 la direction de la Su\u0302rete\u0301 urbaine et 150 a\u0300 la Prison centrale de Libreville. \u00abD\u2019autres actions visant a\u0300 ame\u0301liorer les conditions de de\u0301tention dans les lieux de privation de liberte\u0301 vont naturellement se poursuivre au sein des de\u0301partements sectoriels concerne\u0301s\u00bb, a-t-il informe\u0301 rappelant que la question de la promotion et de la protection des droits de l\u2019Homme relevant des missions re\u0301galiennes de l\u2019E\u0301tat, requiert e\u0301galement l\u2019implication de tous les citoyens.<\/p>\n<p><strong>Pour plus d&rsquo;informations et d&rsquo;analyses sur la <a href=\"https:\/\/www.africa-press.net\/gabon\">Gabon<\/a>, suivez <a href=\"https:\/\/www.africa-press.net\/\">Africa-Press<\/a><\/strong><\/p>\n","protected":false},"excerpt":{"rendered":"<p>Africa-Press &#8211; Gabon. Au Gabon ou\u0300 chaque anne\u0301e, le 30 mai, est ce\u0301le\u0301bre\u0301e la Journe\u0301e nationale des droits de l\u2019Homme, le gouvernement tient a\u0300 marquer son attachement a\u0300 la question, particulie\u0300rement a\u0300 la garantie des liberte\u0301s fondamentales. Cette anne\u0301e 2024, c\u2019est sous le the\u0300me \u00abDix jours d\u2019actions pour humaniser les lieux de privation de liberte\u0301\u00bb [&hellip;]<\/p>\n","protected":false},"author":82,"featured_media":39429,"comment_status":"open","ping_status":"closed","sticky":false,"template":"","format":"standard","meta":{"footnotes":""},"categories":[21,10],"tags":[36,50,49],"class_list":["post-39430","post","type-post","status-publish","format-standard","has-post-thumbnail","hentry","category-communaute","category-toutes-les-actualites","tag-africa-press","tag-africa-press-gabon","tag-gabon"],"yoast_head":"<!-- This site is optimized with the Yoast SEO Premium plugin v26.1 (Yoast SEO v27.0) - https:\/\/yoast.com\/product\/yoast-seo-premium-wordpress\/ -->\n<title>Droits de l\u2019Homme : \u00ab10 jours d\u2019actions pour humaniser les lieux de privation de libert\u00e9\u00bb au Gabon - Gabon<\/title>\n<meta name=\"description\" content=\"Au Gabon ou\u0300 chaque anne\u0301e, le 30 mai, est ce\u0301le\u0301bre\u0301e la Journe\u0301e nationale des droits de l\u2019Homme, le gouvernement tien ...\" \/>\n<meta name=\"robots\" content=\"index, follow, max-snippet:-1, max-image-preview:large, max-video-preview:-1\" \/>\n<link rel=\"canonical\" href=\"https:\/\/www.africa-press.net\/gabon\/toutes-les-actualites\/droits-de-lhomme-10-jours-dactions-pour-humaniser-les-lieux-de-privation-de-liberte-au-gabon\" \/>\n<meta property=\"og:locale\" content=\"fr_FR\" \/>\n<meta property=\"og:type\" content=\"article\" \/>\n<meta property=\"og:title\" content=\"Droits de l\u2019Homme : \u00ab10 jours d\u2019actions pour humaniser les lieux de privation de libert\u00e9\u00bb au Gabon\" \/>\n<meta property=\"og:description\" content=\"Au Gabon ou\u0300 chaque anne\u0301e, le 30 mai, est ce\u0301le\u0301bre\u0301e la Journe\u0301e nationale des droits de l\u2019Homme, le gouvernement tien ...\" \/>\n<meta property=\"og:url\" content=\"https:\/\/www.africa-press.net\/gabon\/toutes-les-actualites\/droits-de-lhomme-10-jours-dactions-pour-humaniser-les-lieux-de-privation-de-liberte-au-gabon\" \/>\n<meta property=\"og:site_name\" content=\"Gabon\" \/>\n<meta property=\"article:published_time\" content=\"2024-05-30T19:42:22+00:00\" \/>\n<meta property=\"article:modified_time\" content=\"2024-05-30T20:32:19+00:00\" \/>\n<meta property=\"og:image\" content=\"https:\/\/static.africa-press.net\/gabon\/sites\/54\/2024\/05\/sm_1717088347.360269.jpg\" \/>\n\t<meta property=\"og:image:width\" content=\"720\" \/>\n\t<meta property=\"og:image:height\" content=\"492\" \/>\n\t<meta property=\"og:image:type\" content=\"image\/jpeg\" \/>\n<meta name=\"author\" content=\"cfeditorfr\" \/>\n<meta name=\"twitter:card\" content=\"summary_large_image\" \/>\n<meta name=\"twitter:label1\" content=\"\u00c9crit par\" \/>\n\t<meta name=\"twitter:data1\" content=\"cfeditorfr\" \/>\n\t<meta name=\"twitter:label2\" content=\"Dur\u00e9e de lecture estim\u00e9e\" \/>\n\t<meta name=\"twitter:data2\" content=\"4 minutes\" \/>\n<script type=\"application\/ld+json\" class=\"yoast-schema-graph\">{\"@context\":\"https:\/\/schema.org\",\"@graph\":[{\"@type\":\"Article\",\"@id\":\"https:\/\/www.africa-press.net\/gabon\/toutes-les-actualites\/droits-de-lhomme-10-jours-dactions-pour-humaniser-les-lieux-de-privation-de-liberte-au-gabon#article\",\"isPartOf\":{\"@id\":\"https:\/\/www.africa-press.net\/gabon\/toutes-les-actualites\/droits-de-lhomme-10-jours-dactions-pour-humaniser-les-lieux-de-privation-de-liberte-au-gabon\"},\"author\":{\"name\":\"cfeditorfr\",\"@id\":\"https:\/\/www.africa-press.net\/gabon\/#\/schema\/person\/2b1cf3cd81a31e3cd26889ca66d677f1\"},\"headline\":\"Droits de l\u2019Homme : \u00ab10 jours d\u2019actions pour humaniser les lieux de privation de libert\u00e9\u00bb au Gabon\",\"datePublished\":\"2024-05-30T19:42:22+00:00\",\"dateModified\":\"2024-05-30T20:32:19+00:00\",\"mainEntityOfPage\":{\"@id\":\"https:\/\/www.africa-press.net\/gabon\/toutes-les-actualites\/droits-de-lhomme-10-jours-dactions-pour-humaniser-les-lieux-de-privation-de-liberte-au-gabon\"},\"wordCount\":844,\"commentCount\":0,\"image\":{\"@id\":\"https:\/\/www.africa-press.net\/gabon\/toutes-les-actualites\/droits-de-lhomme-10-jours-dactions-pour-humaniser-les-lieux-de-privation-de-liberte-au-gabon#primaryimage\"},\"thumbnailUrl\":\"https:\/\/static.africa-press.net\/gabon\/sites\/54\/2024\/05\/sm_1717088347.360269.jpg\",\"keywords\":[\"Africa Press\",\"Africa Press-Gabon\",\"Gabon\"],\"articleSection\":[\"Communaut\u00e9\",\"Toutes les actualit\u00e9s\"],\"inLanguage\":\"fr-FR\",\"potentialAction\":[{\"@type\":\"CommentAction\",\"name\":\"Comment\",\"target\":[\"https:\/\/www.africa-press.net\/gabon\/toutes-les-actualites\/droits-de-lhomme-10-jours-dactions-pour-humaniser-les-lieux-de-privation-de-liberte-au-gabon#respond\"]}]},{\"@type\":\"WebPage\",\"@id\":\"https:\/\/www.africa-press.net\/gabon\/toutes-les-actualites\/droits-de-lhomme-10-jours-dactions-pour-humaniser-les-lieux-de-privation-de-liberte-au-gabon\",\"url\":\"https:\/\/www.africa-press.net\/gabon\/toutes-les-actualites\/droits-de-lhomme-10-jours-dactions-pour-humaniser-les-lieux-de-privation-de-liberte-au-gabon\",\"name\":\"Droits de l\u2019Homme : \u00ab10 jours d\u2019actions pour humaniser les lieux de privation de libert\u00e9\u00bb au Gabon - Gabon\",\"isPartOf\":{\"@id\":\"https:\/\/www.africa-press.net\/gabon\/#website\"},\"primaryImageOfPage\":{\"@id\":\"https:\/\/www.africa-press.net\/gabon\/toutes-les-actualites\/droits-de-lhomme-10-jours-dactions-pour-humaniser-les-lieux-de-privation-de-liberte-au-gabon#primaryimage\"},\"image\":{\"@id\":\"https:\/\/www.africa-press.net\/gabon\/toutes-les-actualites\/droits-de-lhomme-10-jours-dactions-pour-humaniser-les-lieux-de-privation-de-liberte-au-gabon#primaryimage\"},\"thumbnailUrl\":\"https:\/\/static.africa-press.net\/gabon\/sites\/54\/2024\/05\/sm_1717088347.360269.jpg\",\"datePublished\":\"2024-05-30T19:42:22+00:00\",\"dateModified\":\"2024-05-30T20:32:19+00:00\",\"author\":{\"@id\":\"https:\/\/www.africa-press.net\/gabon\/#\/schema\/person\/2b1cf3cd81a31e3cd26889ca66d677f1\"},\"description\":\"Au Gabon ou\u0300 chaque anne\u0301e, le 30 mai, est ce\u0301le\u0301bre\u0301e la Journe\u0301e nationale des droits de l\u2019Homme, le gouvernement tien ...\",\"breadcrumb\":{\"@id\":\"https:\/\/www.africa-press.net\/gabon\/toutes-les-actualites\/droits-de-lhomme-10-jours-dactions-pour-humaniser-les-lieux-de-privation-de-liberte-au-gabon#breadcrumb\"},\"inLanguage\":\"fr-FR\",\"potentialAction\":[{\"@type\":\"ReadAction\",\"target\":[\"https:\/\/www.africa-press.net\/gabon\/toutes-les-actualites\/droits-de-lhomme-10-jours-dactions-pour-humaniser-les-lieux-de-privation-de-liberte-au-gabon\"]}]},{\"@type\":\"ImageObject\",\"inLanguage\":\"fr-FR\",\"@id\":\"https:\/\/www.africa-press.net\/gabon\/toutes-les-actualites\/droits-de-lhomme-10-jours-dactions-pour-humaniser-les-lieux-de-privation-de-liberte-au-gabon#primaryimage\",\"url\":\"https:\/\/static.africa-press.net\/gabon\/sites\/54\/2024\/05\/sm_1717088347.360269.jpg\",\"contentUrl\":\"https:\/\/static.africa-press.net\/gabon\/sites\/54\/2024\/05\/sm_1717088347.360269.jpg\",\"width\":720,\"height\":492,\"caption\":\"Droits de l\u2019Homme : \u00ab10 jours d\u2019actions pour humaniser les lieux de privation de libert\u00e9\u00bb au Gabon\"},{\"@type\":\"BreadcrumbList\",\"@id\":\"https:\/\/www.africa-press.net\/gabon\/toutes-les-actualites\/droits-de-lhomme-10-jours-dactions-pour-humaniser-les-lieux-de-privation-de-liberte-au-gabon#breadcrumb\",\"itemListElement\":[{\"@type\":\"ListItem\",\"position\":1,\"name\":\"Accueil\",\"item\":\"https:\/\/www.africa-press.net\/gabon\/\"},{\"@type\":\"ListItem\",\"position\":2,\"name\":\"Droits de l\u2019Homme : \u00ab10 jours d\u2019actions pour humaniser les lieux de privation de libert\u00e9\u00bb au Gabon\"}]},{\"@type\":\"WebSite\",\"@id\":\"https:\/\/www.africa-press.net\/gabon\/#website\",\"url\":\"https:\/\/www.africa-press.net\/gabon\/\",\"name\":\"Gabon\",\"description\":\"Just another Africa News Agency Sites site\",\"potentialAction\":[{\"@type\":\"SearchAction\",\"target\":{\"@type\":\"EntryPoint\",\"urlTemplate\":\"https:\/\/www.africa-press.net\/gabon\/?s={search_term_string}\"},\"query-input\":{\"@type\":\"PropertyValueSpecification\",\"valueRequired\":true,\"valueName\":\"search_term_string\"}}],\"inLanguage\":\"fr-FR\"},{\"@type\":\"Person\",\"@id\":\"https:\/\/www.africa-press.net\/gabon\/#\/schema\/person\/2b1cf3cd81a31e3cd26889ca66d677f1\",\"name\":\"cfeditorfr\"}]}<\/script>\n<!-- \/ Yoast SEO Premium plugin. -->","yoast_head_json":{"title":"Droits de l\u2019Homme : \u00ab10 jours d\u2019actions pour humaniser les lieux de privation de libert\u00e9\u00bb au Gabon - Gabon","description":"Au Gabon ou\u0300 chaque anne\u0301e, le 30 mai, est ce\u0301le\u0301bre\u0301e la Journe\u0301e nationale des droits de l\u2019Homme, le gouvernement tien ...","robots":{"index":"index","follow":"follow","max-snippet":"max-snippet:-1","max-image-preview":"max-image-preview:large","max-video-preview":"max-video-preview:-1"},"canonical":"https:\/\/www.africa-press.net\/gabon\/toutes-les-actualites\/droits-de-lhomme-10-jours-dactions-pour-humaniser-les-lieux-de-privation-de-liberte-au-gabon","og_locale":"fr_FR","og_type":"article","og_title":"Droits de l\u2019Homme : \u00ab10 jours d\u2019actions pour humaniser les lieux de privation de libert\u00e9\u00bb au Gabon","og_description":"Au Gabon ou\u0300 chaque anne\u0301e, le 30 mai, est ce\u0301le\u0301bre\u0301e la Journe\u0301e nationale des droits de l\u2019Homme, le gouvernement tien ...","og_url":"https:\/\/www.africa-press.net\/gabon\/toutes-les-actualites\/droits-de-lhomme-10-jours-dactions-pour-humaniser-les-lieux-de-privation-de-liberte-au-gabon","og_site_name":"Gabon","article_published_time":"2024-05-30T19:42:22+00:00","article_modified_time":"2024-05-30T20:32:19+00:00","og_image":[{"width":720,"height":492,"url":"https:\/\/static.africa-press.net\/gabon\/sites\/54\/2024\/05\/sm_1717088347.360269.jpg","type":"image\/jpeg"}],"author":"cfeditorfr","twitter_card":"summary_large_image","twitter_misc":{"\u00c9crit par":"cfeditorfr","Dur\u00e9e de lecture estim\u00e9e":"4 minutes"},"schema":{"@context":"https:\/\/schema.org","@graph":[{"@type":"Article","@id":"https:\/\/www.africa-press.net\/gabon\/toutes-les-actualites\/droits-de-lhomme-10-jours-dactions-pour-humaniser-les-lieux-de-privation-de-liberte-au-gabon#article","isPartOf":{"@id":"https:\/\/www.africa-press.net\/gabon\/toutes-les-actualites\/droits-de-lhomme-10-jours-dactions-pour-humaniser-les-lieux-de-privation-de-liberte-au-gabon"},"author":{"name":"cfeditorfr","@id":"https:\/\/www.africa-press.net\/gabon\/#\/schema\/person\/2b1cf3cd81a31e3cd26889ca66d677f1"},"headline":"Droits de l\u2019Homme : \u00ab10 jours d\u2019actions pour humaniser les lieux de privation de libert\u00e9\u00bb au Gabon","datePublished":"2024-05-30T19:42:22+00:00","dateModified":"2024-05-30T20:32:19+00:00","mainEntityOfPage":{"@id":"https:\/\/www.africa-press.net\/gabon\/toutes-les-actualites\/droits-de-lhomme-10-jours-dactions-pour-humaniser-les-lieux-de-privation-de-liberte-au-gabon"},"wordCount":844,"commentCount":0,"image":{"@id":"https:\/\/www.africa-press.net\/gabon\/toutes-les-actualites\/droits-de-lhomme-10-jours-dactions-pour-humaniser-les-lieux-de-privation-de-liberte-au-gabon#primaryimage"},"thumbnailUrl":"https:\/\/static.africa-press.net\/gabon\/sites\/54\/2024\/05\/sm_1717088347.360269.jpg","keywords":["Africa Press","Africa Press-Gabon","Gabon"],"articleSection":["Communaut\u00e9","Toutes les actualit\u00e9s"],"inLanguage":"fr-FR","potentialAction":[{"@type":"CommentAction","name":"Comment","target":["https:\/\/www.africa-press.net\/gabon\/toutes-les-actualites\/droits-de-lhomme-10-jours-dactions-pour-humaniser-les-lieux-de-privation-de-liberte-au-gabon#respond"]}]},{"@type":"WebPage","@id":"https:\/\/www.africa-press.net\/gabon\/toutes-les-actualites\/droits-de-lhomme-10-jours-dactions-pour-humaniser-les-lieux-de-privation-de-liberte-au-gabon","url":"https:\/\/www.africa-press.net\/gabon\/toutes-les-actualites\/droits-de-lhomme-10-jours-dactions-pour-humaniser-les-lieux-de-privation-de-liberte-au-gabon","name":"Droits de l\u2019Homme : \u00ab10 jours d\u2019actions pour humaniser les lieux de privation de libert\u00e9\u00bb au Gabon - Gabon","isPartOf":{"@id":"https:\/\/www.africa-press.net\/gabon\/#website"},"primaryImageOfPage":{"@id":"https:\/\/www.africa-press.net\/gabon\/toutes-les-actualites\/droits-de-lhomme-10-jours-dactions-pour-humaniser-les-lieux-de-privation-de-liberte-au-gabon#primaryimage"},"image":{"@id":"https:\/\/www.africa-press.net\/gabon\/toutes-les-actualites\/droits-de-lhomme-10-jours-dactions-pour-humaniser-les-lieux-de-privation-de-liberte-au-gabon#primaryimage"},"thumbnailUrl":"https:\/\/static.africa-press.net\/gabon\/sites\/54\/2024\/05\/sm_1717088347.360269.jpg","datePublished":"2024-05-30T19:42:22+00:00","dateModified":"2024-05-30T20:32:19+00:00","author":{"@id":"https:\/\/www.africa-press.net\/gabon\/#\/schema\/person\/2b1cf3cd81a31e3cd26889ca66d677f1"},"description":"Au Gabon ou\u0300 chaque anne\u0301e, le 30 mai, est ce\u0301le\u0301bre\u0301e la Journe\u0301e nationale des droits de l\u2019Homme, le gouvernement tien ...","breadcrumb":{"@id":"https:\/\/www.africa-press.net\/gabon\/toutes-les-actualites\/droits-de-lhomme-10-jours-dactions-pour-humaniser-les-lieux-de-privation-de-liberte-au-gabon#breadcrumb"},"inLanguage":"fr-FR","potentialAction":[{"@type":"ReadAction","target":["https:\/\/www.africa-press.net\/gabon\/toutes-les-actualites\/droits-de-lhomme-10-jours-dactions-pour-humaniser-les-lieux-de-privation-de-liberte-au-gabon"]}]},{"@type":"ImageObject","inLanguage":"fr-FR","@id":"https:\/\/www.africa-press.net\/gabon\/toutes-les-actualites\/droits-de-lhomme-10-jours-dactions-pour-humaniser-les-lieux-de-privation-de-liberte-au-gabon#primaryimage","url":"https:\/\/static.africa-press.net\/gabon\/sites\/54\/2024\/05\/sm_1717088347.360269.jpg","contentUrl":"https:\/\/static.africa-press.net\/gabon\/sites\/54\/2024\/05\/sm_1717088347.360269.jpg","width":720,"height":492,"caption":"Droits de l\u2019Homme : \u00ab10 jours d\u2019actions pour humaniser les lieux de privation de libert\u00e9\u00bb au Gabon"},{"@type":"BreadcrumbList","@id":"https:\/\/www.africa-press.net\/gabon\/toutes-les-actualites\/droits-de-lhomme-10-jours-dactions-pour-humaniser-les-lieux-de-privation-de-liberte-au-gabon#breadcrumb","itemListElement":[{"@type":"ListItem","position":1,"name":"Accueil","item":"https:\/\/www.africa-press.net\/gabon\/"},{"@type":"ListItem","position":2,"name":"Droits de l\u2019Homme : \u00ab10 jours d\u2019actions pour humaniser les lieux de privation de libert\u00e9\u00bb au Gabon"}]},{"@type":"WebSite","@id":"https:\/\/www.africa-press.net\/gabon\/#website","url":"https:\/\/www.africa-press.net\/gabon\/","name":"Gabon","description":"Just another Africa News Agency Sites site","potentialAction":[{"@type":"SearchAction","target":{"@type":"EntryPoint","urlTemplate":"https:\/\/www.africa-press.net\/gabon\/?s={search_term_string}"},"query-input":{"@type":"PropertyValueSpecification","valueRequired":true,"valueName":"search_term_string"}}],"inLanguage":"fr-FR"},{"@type":"Person","@id":"https:\/\/www.africa-press.net\/gabon\/#\/schema\/person\/2b1cf3cd81a31e3cd26889ca66d677f1","name":"cfeditorfr"}]}},"_links":{"self":[{"href":"https:\/\/www.africa-press.net\/gabon\/wp-json\/wp\/v2\/posts\/39430","targetHints":{"allow":["GET"]}}],"collection":[{"href":"https:\/\/www.africa-press.net\/gabon\/wp-json\/wp\/v2\/posts"}],"about":[{"href":"https:\/\/www.africa-press.net\/gabon\/wp-json\/wp\/v2\/types\/post"}],"author":[{"embeddable":true,"href":"https:\/\/www.africa-press.net\/gabon\/wp-json\/wp\/v2\/users\/82"}],"replies":[{"embeddable":true,"href":"https:\/\/www.africa-press.net\/gabon\/wp-json\/wp\/v2\/comments?post=39430"}],"version-history":[{"count":0,"href":"https:\/\/www.africa-press.net\/gabon\/wp-json\/wp\/v2\/posts\/39430\/revisions"}],"wp:featuredmedia":[{"embeddable":true,"href":"https:\/\/www.africa-press.net\/gabon\/wp-json\/wp\/v2\/media\/39429"}],"wp:attachment":[{"href":"https:\/\/www.africa-press.net\/gabon\/wp-json\/wp\/v2\/media?parent=39430"}],"wp:term":[{"taxonomy":"category","embeddable":true,"href":"https:\/\/www.africa-press.net\/gabon\/wp-json\/wp\/v2\/categories?post=39430"},{"taxonomy":"post_tag","embeddable":true,"href":"https:\/\/www.africa-press.net\/gabon\/wp-json\/wp\/v2\/tags?post=39430"}],"curies":[{"name":"wp","href":"https:\/\/api.w.org\/{rel}","templated":true}]}}