{"id":39444,"date":"2024-05-30T19:43:15","date_gmt":"2024-05-30T19:43:15","guid":{"rendered":"https:\/\/www.africa-press.net\/gabon\/politique\/3e-edition-du-filiga-rendez-vous-du-30-mai-au-1er-juin"},"modified":"2024-05-30T20:38:32","modified_gmt":"2024-05-30T20:38:32","slug":"3e-edition-du-filiga-rendez-vous-du-30-mai-au-1er-juin","status":"publish","type":"post","link":"https:\/\/www.africa-press.net\/gabon\/culture-et-art\/3e-edition-du-filiga-rendez-vous-du-30-mai-au-1er-juin","title":{"rendered":"3e \u00e9dition du Filiga : Rendez-vous du 30 mai au 1er juin"},"content":{"rendered":"<p><span style=\"color: #ff6600\"><strong>Africa-Press &#8211; Gabon. <\/strong><\/span>Le livre sera une nouvelle fois a\u0300 l\u2019honneur cette semaine a\u0300 Libreville qui, apre\u0300s avoir accueilli il y a quelques jours le Salon fe\u0301minin du livre, recevra de\u0300s ce jeudi 30 mai la troisie\u0300me e\u0301dition du Festival international du livre gabonais et des arts (Filiga). Cette e\u0301dition, qui se tiendra jusqu\u2019au 1er juin, est organise\u0301e sous le the\u0300me \u00abFace a\u0300 l\u2019histoire, re\u0301e\u0301crire et vivre son e\u0301poque\u00bb.<\/p>\n<p>Du 30 mai au 1er juin, se tiendra a\u0300 Libreville la 3e e\u0301dition du Festival international du livre gabonais (Filiga) sous le the\u0300me \u00abFace a\u0300 l\u2019histoire, re\u0301e\u0301crire et vivre son e\u0301poque\u00bb. Selon le pre\u0301sident du comite\u0301 d\u2019organisation, l\u2019e\u0301crivain Rosny Le Sage Souaga, une interpellation lance\u0301e a\u0300 l\u2019e\u0301crivain qui doit faire face aux diffe\u0301rents bouleversements sociopolitiques de l\u2019Afrique actuelle. Avec cette e\u0301dition, ont fait savoir les organisateurs le 28 mai, l\u2019ide\u0301e est d\u2019explorer la manie\u0300re les e\u0301crivains et les artistes se re\u0301approprient le passe\u0301 pour mieux comprendre le pre\u0301sent et imaginer l\u2019avenir.<\/p>\n<p>Estimant que la litte\u0301rature est un outil \u00abpuissant\u00bb permettant de revisiter l\u2019histoire collective africaine, questionner les re\u0301cits officiels et donner de la voix aux marginalise\u0301s et oublie\u0301s, ils voient en ce festival l\u2019occasion de mettre en relief les e\u0301changes interculturels entre les diffe\u0301rentes traditions litte\u0301raires. \u00abIl est temps que nous donnons notre position, que nous donnons notre ressenti. Et comme vous le savez, l\u2019e\u0301crivain est un conseiller. C\u2019est un type qui sensibilise. Les e\u0301crivains sont des acteurs tre\u0300s importants dans la reconstruction dans l\u2019histoire du pays\u00bb, a de\u0301clare\u0301 Rosny Le Sage Souaga.<\/p>\n<p>La Co\u0302te d\u2019Ivoire a\u0300 l\u2019honneur<\/p>\n<p>Chaque anne\u0301e un pays e\u0301tant mis a\u0300 l\u2019honneur, apre\u0300s le Cameroun lors de la deuxie\u0300me e\u0301dition en 2023, la Co\u0302te d\u2019Ivoire sera sous les feux des projecteurs cette anne\u0301e 2024. Ce sera e\u0301galement l\u2019occasion pour le public attendu nombreux de de\u0301couvrir les e\u0301crits et les e\u0301crivains de ce pays a\u0300 travers les stands d\u2019expositions et autres ateliers d\u2019e\u0301critures. Bien d\u2019autres pays seront tout aussi repre\u0301sente\u0301s a\u0300 l\u2019instar du Canada avec Edgard Gousse. Professeur, e\u0301crivain et confe\u0301rencier, il est l\u2019auteur du roman, \u00ab Le Sorcier de la Maison Blanche \u00bb. Il a affirme\u0301 le 28 mai, que sa pre\u0301sence au Gabon est le fruit de son gou\u0302t pour l\u2019errance.<\/p>\n<p>Le Togo sera tout aussi repre\u0301sente\u0301 avec l\u2019artiste slameur, Bravo connu pour ses textes tre\u0300s de\u0301nonciateurs. \u00abNous aurons droit a\u0300 de la poe\u0301sie orale qui choque, qui de\u0301nonce. J\u2019espe\u0300re apporter ma pierre a\u0300 l\u2019e\u0301difice\u00bb, a-t-il de\u0301clare\u0301. En tout, pre\u0300s de 18 nationalite\u0301s se compteront durant ces rencontres de trois jours au Muse\u0301e nationale de Libreville. Des auteurs gabonais et e\u0301trangers de renom qui au-dela\u0300 des rencontres entre eux pour tisser des liens et cre\u0301er des ponts entre les cultures, partageront avec le public leurs expe\u0301riences, leurs ide\u0301es et leurs \u0153uvres.<\/p>\n<p><strong>Pour plus d&rsquo;informations et d&rsquo;analyses sur la <a href=\"https:\/\/www.africa-press.net\/gabon\">Gabon<\/a>, suivez <a href=\"https:\/\/www.africa-press.net\/\">Africa-Press<\/a><\/strong><\/p>\n","protected":false},"excerpt":{"rendered":"<p>Africa-Press &#8211; Gabon. Le livre sera une nouvelle fois a\u0300 l\u2019honneur cette semaine a\u0300 Libreville qui, apre\u0300s avoir accueilli il y a quelques jours le Salon fe\u0301minin du livre, recevra de\u0300s ce jeudi 30 mai la troisie\u0300me e\u0301dition du Festival international du livre gabonais et des arts (Filiga). Cette e\u0301dition, qui se tiendra jusqu\u2019au 1er [&hellip;]<\/p>\n","protected":false},"author":82,"featured_media":39443,"comment_status":"open","ping_status":"closed","sticky":false,"template":"","format":"standard","meta":{"footnotes":""},"categories":[5,10],"tags":[36,50,49],"class_list":["post-39444","post","type-post","status-publish","format-standard","has-post-thumbnail","hentry","category-culture-et-art","category-toutes-les-actualites","tag-africa-press","tag-africa-press-gabon","tag-gabon"],"yoast_head":"<!-- This site is optimized with the Yoast SEO Premium plugin v26.1 (Yoast SEO v27.0) - https:\/\/yoast.com\/product\/yoast-seo-premium-wordpress\/ -->\n<title>3e \u00e9dition du Filiga : Rendez-vous du 30 mai au 1er juin - Gabon<\/title>\n<meta name=\"description\" content=\"Le livre sera une nouvelle fois a\u0300 l\u2019honneur cette semaine a\u0300 Libreville qui, apre\u0300s avoir accueilli il y a quelques jou ...\" \/>\n<meta name=\"robots\" content=\"index, follow, max-snippet:-1, max-image-preview:large, max-video-preview:-1\" \/>\n<link rel=\"canonical\" href=\"https:\/\/www.africa-press.net\/gabon\/culture-et-art\/3e-edition-du-filiga-rendez-vous-du-30-mai-au-1er-juin\" \/>\n<meta property=\"og:locale\" content=\"fr_FR\" \/>\n<meta property=\"og:type\" content=\"article\" \/>\n<meta property=\"og:title\" content=\"3e \u00e9dition du Filiga : Rendez-vous du 30 mai au 1er juin\" \/>\n<meta property=\"og:description\" content=\"Le livre sera une nouvelle fois a\u0300 l\u2019honneur cette semaine a\u0300 Libreville qui, apre\u0300s avoir accueilli il y a quelques jou ...\" \/>\n<meta property=\"og:url\" content=\"https:\/\/www.africa-press.net\/gabon\/culture-et-art\/3e-edition-du-filiga-rendez-vous-du-30-mai-au-1er-juin\" \/>\n<meta property=\"og:site_name\" content=\"Gabon\" \/>\n<meta property=\"article:published_time\" content=\"2024-05-30T19:43:15+00:00\" \/>\n<meta property=\"article:modified_time\" content=\"2024-05-30T20:38:32+00:00\" \/>\n<meta property=\"og:image\" content=\"https:\/\/static.africa-press.net\/gabon\/sites\/54\/2024\/05\/sm_1717088689.661958.jpg\" \/>\n\t<meta property=\"og:image:width\" content=\"720\" \/>\n\t<meta property=\"og:image:height\" content=\"493\" \/>\n\t<meta property=\"og:image:type\" content=\"image\/jpeg\" \/>\n<meta name=\"author\" content=\"cfeditorfr\" \/>\n<meta name=\"twitter:card\" content=\"summary_large_image\" \/>\n<meta name=\"twitter:label1\" content=\"\u00c9crit par\" \/>\n\t<meta name=\"twitter:data1\" content=\"cfeditorfr\" \/>\n\t<meta name=\"twitter:label2\" content=\"Dur\u00e9e de lecture estim\u00e9e\" \/>\n\t<meta name=\"twitter:data2\" content=\"3 minutes\" \/>\n<script type=\"application\/ld+json\" class=\"yoast-schema-graph\">{\"@context\":\"https:\/\/schema.org\",\"@graph\":[{\"@type\":\"Article\",\"@id\":\"https:\/\/www.africa-press.net\/gabon\/culture-et-art\/3e-edition-du-filiga-rendez-vous-du-30-mai-au-1er-juin#article\",\"isPartOf\":{\"@id\":\"https:\/\/www.africa-press.net\/gabon\/culture-et-art\/3e-edition-du-filiga-rendez-vous-du-30-mai-au-1er-juin\"},\"author\":{\"name\":\"cfeditorfr\",\"@id\":\"https:\/\/www.africa-press.net\/gabon\/#\/schema\/person\/2b1cf3cd81a31e3cd26889ca66d677f1\"},\"headline\":\"3e \u00e9dition du Filiga : Rendez-vous du 30 mai au 1er juin\",\"datePublished\":\"2024-05-30T19:43:15+00:00\",\"dateModified\":\"2024-05-30T20:38:32+00:00\",\"mainEntityOfPage\":{\"@id\":\"https:\/\/www.africa-press.net\/gabon\/culture-et-art\/3e-edition-du-filiga-rendez-vous-du-30-mai-au-1er-juin\"},\"wordCount\":570,\"commentCount\":0,\"image\":{\"@id\":\"https:\/\/www.africa-press.net\/gabon\/culture-et-art\/3e-edition-du-filiga-rendez-vous-du-30-mai-au-1er-juin#primaryimage\"},\"thumbnailUrl\":\"https:\/\/static.africa-press.net\/gabon\/sites\/54\/2024\/05\/sm_1717088689.661958.jpg\",\"keywords\":[\"Africa Press\",\"Africa Press-Gabon\",\"Gabon\"],\"articleSection\":[\"Culture et Art\",\"Toutes les actualit\u00e9s\"],\"inLanguage\":\"fr-FR\",\"potentialAction\":[{\"@type\":\"CommentAction\",\"name\":\"Comment\",\"target\":[\"https:\/\/www.africa-press.net\/gabon\/culture-et-art\/3e-edition-du-filiga-rendez-vous-du-30-mai-au-1er-juin#respond\"]}]},{\"@type\":\"WebPage\",\"@id\":\"https:\/\/www.africa-press.net\/gabon\/culture-et-art\/3e-edition-du-filiga-rendez-vous-du-30-mai-au-1er-juin\",\"url\":\"https:\/\/www.africa-press.net\/gabon\/culture-et-art\/3e-edition-du-filiga-rendez-vous-du-30-mai-au-1er-juin\",\"name\":\"3e \u00e9dition du Filiga : Rendez-vous du 30 mai au 1er juin - Gabon\",\"isPartOf\":{\"@id\":\"https:\/\/www.africa-press.net\/gabon\/#website\"},\"primaryImageOfPage\":{\"@id\":\"https:\/\/www.africa-press.net\/gabon\/culture-et-art\/3e-edition-du-filiga-rendez-vous-du-30-mai-au-1er-juin#primaryimage\"},\"image\":{\"@id\":\"https:\/\/www.africa-press.net\/gabon\/culture-et-art\/3e-edition-du-filiga-rendez-vous-du-30-mai-au-1er-juin#primaryimage\"},\"thumbnailUrl\":\"https:\/\/static.africa-press.net\/gabon\/sites\/54\/2024\/05\/sm_1717088689.661958.jpg\",\"datePublished\":\"2024-05-30T19:43:15+00:00\",\"dateModified\":\"2024-05-30T20:38:32+00:00\",\"author\":{\"@id\":\"https:\/\/www.africa-press.net\/gabon\/#\/schema\/person\/2b1cf3cd81a31e3cd26889ca66d677f1\"},\"description\":\"Le livre sera une nouvelle fois a\u0300 l\u2019honneur cette semaine a\u0300 Libreville qui, apre\u0300s avoir accueilli il y a quelques jou ...\",\"breadcrumb\":{\"@id\":\"https:\/\/www.africa-press.net\/gabon\/culture-et-art\/3e-edition-du-filiga-rendez-vous-du-30-mai-au-1er-juin#breadcrumb\"},\"inLanguage\":\"fr-FR\",\"potentialAction\":[{\"@type\":\"ReadAction\",\"target\":[\"https:\/\/www.africa-press.net\/gabon\/culture-et-art\/3e-edition-du-filiga-rendez-vous-du-30-mai-au-1er-juin\"]}]},{\"@type\":\"ImageObject\",\"inLanguage\":\"fr-FR\",\"@id\":\"https:\/\/www.africa-press.net\/gabon\/culture-et-art\/3e-edition-du-filiga-rendez-vous-du-30-mai-au-1er-juin#primaryimage\",\"url\":\"https:\/\/static.africa-press.net\/gabon\/sites\/54\/2024\/05\/sm_1717088689.661958.jpg\",\"contentUrl\":\"https:\/\/static.africa-press.net\/gabon\/sites\/54\/2024\/05\/sm_1717088689.661958.jpg\",\"width\":720,\"height\":493,\"caption\":\"3e \u00e9dition du Filiga : Rendez-vous du 30 mai au 1er juin\"},{\"@type\":\"BreadcrumbList\",\"@id\":\"https:\/\/www.africa-press.net\/gabon\/culture-et-art\/3e-edition-du-filiga-rendez-vous-du-30-mai-au-1er-juin#breadcrumb\",\"itemListElement\":[{\"@type\":\"ListItem\",\"position\":1,\"name\":\"Accueil\",\"item\":\"https:\/\/www.africa-press.net\/gabon\/\"},{\"@type\":\"ListItem\",\"position\":2,\"name\":\"3e \u00e9dition du Filiga : Rendez-vous du 30 mai au 1er juin\"}]},{\"@type\":\"WebSite\",\"@id\":\"https:\/\/www.africa-press.net\/gabon\/#website\",\"url\":\"https:\/\/www.africa-press.net\/gabon\/\",\"name\":\"Gabon\",\"description\":\"Just another Africa News Agency Sites site\",\"potentialAction\":[{\"@type\":\"SearchAction\",\"target\":{\"@type\":\"EntryPoint\",\"urlTemplate\":\"https:\/\/www.africa-press.net\/gabon\/?s={search_term_string}\"},\"query-input\":{\"@type\":\"PropertyValueSpecification\",\"valueRequired\":true,\"valueName\":\"search_term_string\"}}],\"inLanguage\":\"fr-FR\"},{\"@type\":\"Person\",\"@id\":\"https:\/\/www.africa-press.net\/gabon\/#\/schema\/person\/2b1cf3cd81a31e3cd26889ca66d677f1\",\"name\":\"cfeditorfr\"}]}<\/script>\n<!-- \/ Yoast SEO Premium plugin. -->","yoast_head_json":{"title":"3e \u00e9dition du Filiga : Rendez-vous du 30 mai au 1er juin - Gabon","description":"Le livre sera une nouvelle fois a\u0300 l\u2019honneur cette semaine a\u0300 Libreville qui, apre\u0300s avoir accueilli il y a quelques jou ...","robots":{"index":"index","follow":"follow","max-snippet":"max-snippet:-1","max-image-preview":"max-image-preview:large","max-video-preview":"max-video-preview:-1"},"canonical":"https:\/\/www.africa-press.net\/gabon\/culture-et-art\/3e-edition-du-filiga-rendez-vous-du-30-mai-au-1er-juin","og_locale":"fr_FR","og_type":"article","og_title":"3e \u00e9dition du Filiga : Rendez-vous du 30 mai au 1er juin","og_description":"Le livre sera une nouvelle fois a\u0300 l\u2019honneur cette semaine a\u0300 Libreville qui, apre\u0300s avoir accueilli il y a quelques jou ...","og_url":"https:\/\/www.africa-press.net\/gabon\/culture-et-art\/3e-edition-du-filiga-rendez-vous-du-30-mai-au-1er-juin","og_site_name":"Gabon","article_published_time":"2024-05-30T19:43:15+00:00","article_modified_time":"2024-05-30T20:38:32+00:00","og_image":[{"width":720,"height":493,"url":"https:\/\/static.africa-press.net\/gabon\/sites\/54\/2024\/05\/sm_1717088689.661958.jpg","type":"image\/jpeg"}],"author":"cfeditorfr","twitter_card":"summary_large_image","twitter_misc":{"\u00c9crit par":"cfeditorfr","Dur\u00e9e de lecture estim\u00e9e":"3 minutes"},"schema":{"@context":"https:\/\/schema.org","@graph":[{"@type":"Article","@id":"https:\/\/www.africa-press.net\/gabon\/culture-et-art\/3e-edition-du-filiga-rendez-vous-du-30-mai-au-1er-juin#article","isPartOf":{"@id":"https:\/\/www.africa-press.net\/gabon\/culture-et-art\/3e-edition-du-filiga-rendez-vous-du-30-mai-au-1er-juin"},"author":{"name":"cfeditorfr","@id":"https:\/\/www.africa-press.net\/gabon\/#\/schema\/person\/2b1cf3cd81a31e3cd26889ca66d677f1"},"headline":"3e \u00e9dition du Filiga : Rendez-vous du 30 mai au 1er juin","datePublished":"2024-05-30T19:43:15+00:00","dateModified":"2024-05-30T20:38:32+00:00","mainEntityOfPage":{"@id":"https:\/\/www.africa-press.net\/gabon\/culture-et-art\/3e-edition-du-filiga-rendez-vous-du-30-mai-au-1er-juin"},"wordCount":570,"commentCount":0,"image":{"@id":"https:\/\/www.africa-press.net\/gabon\/culture-et-art\/3e-edition-du-filiga-rendez-vous-du-30-mai-au-1er-juin#primaryimage"},"thumbnailUrl":"https:\/\/static.africa-press.net\/gabon\/sites\/54\/2024\/05\/sm_1717088689.661958.jpg","keywords":["Africa Press","Africa Press-Gabon","Gabon"],"articleSection":["Culture et Art","Toutes les actualit\u00e9s"],"inLanguage":"fr-FR","potentialAction":[{"@type":"CommentAction","name":"Comment","target":["https:\/\/www.africa-press.net\/gabon\/culture-et-art\/3e-edition-du-filiga-rendez-vous-du-30-mai-au-1er-juin#respond"]}]},{"@type":"WebPage","@id":"https:\/\/www.africa-press.net\/gabon\/culture-et-art\/3e-edition-du-filiga-rendez-vous-du-30-mai-au-1er-juin","url":"https:\/\/www.africa-press.net\/gabon\/culture-et-art\/3e-edition-du-filiga-rendez-vous-du-30-mai-au-1er-juin","name":"3e \u00e9dition du Filiga : Rendez-vous du 30 mai au 1er juin - Gabon","isPartOf":{"@id":"https:\/\/www.africa-press.net\/gabon\/#website"},"primaryImageOfPage":{"@id":"https:\/\/www.africa-press.net\/gabon\/culture-et-art\/3e-edition-du-filiga-rendez-vous-du-30-mai-au-1er-juin#primaryimage"},"image":{"@id":"https:\/\/www.africa-press.net\/gabon\/culture-et-art\/3e-edition-du-filiga-rendez-vous-du-30-mai-au-1er-juin#primaryimage"},"thumbnailUrl":"https:\/\/static.africa-press.net\/gabon\/sites\/54\/2024\/05\/sm_1717088689.661958.jpg","datePublished":"2024-05-30T19:43:15+00:00","dateModified":"2024-05-30T20:38:32+00:00","author":{"@id":"https:\/\/www.africa-press.net\/gabon\/#\/schema\/person\/2b1cf3cd81a31e3cd26889ca66d677f1"},"description":"Le livre sera une nouvelle fois a\u0300 l\u2019honneur cette semaine a\u0300 Libreville qui, apre\u0300s avoir accueilli il y a quelques jou ...","breadcrumb":{"@id":"https:\/\/www.africa-press.net\/gabon\/culture-et-art\/3e-edition-du-filiga-rendez-vous-du-30-mai-au-1er-juin#breadcrumb"},"inLanguage":"fr-FR","potentialAction":[{"@type":"ReadAction","target":["https:\/\/www.africa-press.net\/gabon\/culture-et-art\/3e-edition-du-filiga-rendez-vous-du-30-mai-au-1er-juin"]}]},{"@type":"ImageObject","inLanguage":"fr-FR","@id":"https:\/\/www.africa-press.net\/gabon\/culture-et-art\/3e-edition-du-filiga-rendez-vous-du-30-mai-au-1er-juin#primaryimage","url":"https:\/\/static.africa-press.net\/gabon\/sites\/54\/2024\/05\/sm_1717088689.661958.jpg","contentUrl":"https:\/\/static.africa-press.net\/gabon\/sites\/54\/2024\/05\/sm_1717088689.661958.jpg","width":720,"height":493,"caption":"3e \u00e9dition du Filiga : Rendez-vous du 30 mai au 1er juin"},{"@type":"BreadcrumbList","@id":"https:\/\/www.africa-press.net\/gabon\/culture-et-art\/3e-edition-du-filiga-rendez-vous-du-30-mai-au-1er-juin#breadcrumb","itemListElement":[{"@type":"ListItem","position":1,"name":"Accueil","item":"https:\/\/www.africa-press.net\/gabon\/"},{"@type":"ListItem","position":2,"name":"3e \u00e9dition du Filiga : Rendez-vous du 30 mai au 1er juin"}]},{"@type":"WebSite","@id":"https:\/\/www.africa-press.net\/gabon\/#website","url":"https:\/\/www.africa-press.net\/gabon\/","name":"Gabon","description":"Just another Africa News Agency Sites site","potentialAction":[{"@type":"SearchAction","target":{"@type":"EntryPoint","urlTemplate":"https:\/\/www.africa-press.net\/gabon\/?s={search_term_string}"},"query-input":{"@type":"PropertyValueSpecification","valueRequired":true,"valueName":"search_term_string"}}],"inLanguage":"fr-FR"},{"@type":"Person","@id":"https:\/\/www.africa-press.net\/gabon\/#\/schema\/person\/2b1cf3cd81a31e3cd26889ca66d677f1","name":"cfeditorfr"}]}},"_links":{"self":[{"href":"https:\/\/www.africa-press.net\/gabon\/wp-json\/wp\/v2\/posts\/39444","targetHints":{"allow":["GET"]}}],"collection":[{"href":"https:\/\/www.africa-press.net\/gabon\/wp-json\/wp\/v2\/posts"}],"about":[{"href":"https:\/\/www.africa-press.net\/gabon\/wp-json\/wp\/v2\/types\/post"}],"author":[{"embeddable":true,"href":"https:\/\/www.africa-press.net\/gabon\/wp-json\/wp\/v2\/users\/82"}],"replies":[{"embeddable":true,"href":"https:\/\/www.africa-press.net\/gabon\/wp-json\/wp\/v2\/comments?post=39444"}],"version-history":[{"count":0,"href":"https:\/\/www.africa-press.net\/gabon\/wp-json\/wp\/v2\/posts\/39444\/revisions"}],"wp:featuredmedia":[{"embeddable":true,"href":"https:\/\/www.africa-press.net\/gabon\/wp-json\/wp\/v2\/media\/39443"}],"wp:attachment":[{"href":"https:\/\/www.africa-press.net\/gabon\/wp-json\/wp\/v2\/media?parent=39444"}],"wp:term":[{"taxonomy":"category","embeddable":true,"href":"https:\/\/www.africa-press.net\/gabon\/wp-json\/wp\/v2\/categories?post=39444"},{"taxonomy":"post_tag","embeddable":true,"href":"https:\/\/www.africa-press.net\/gabon\/wp-json\/wp\/v2\/tags?post=39444"}],"curies":[{"name":"wp","href":"https:\/\/api.w.org\/{rel}","templated":true}]}}