{"id":39462,"date":"2024-05-30T19:40:17","date_gmt":"2024-05-30T19:40:17","guid":{"rendered":"https:\/\/www.africa-press.net\/gabon\/politique\/albert-ondo-ossa-et-pierre-claver-maganga-moussavou-ensemble-ce-31-mai-2"},"modified":"2024-05-31T12:51:17","modified_gmt":"2024-05-31T12:51:17","slug":"albert-ondo-ossa-et-pierre-claver-maganga-moussavou-ensemble-ce-31-mai-2","status":"publish","type":"post","link":"https:\/\/www.africa-press.net\/gabon\/politique\/albert-ondo-ossa-et-pierre-claver-maganga-moussavou-ensemble-ce-31-mai-2","title":{"rendered":"Albert Ondo Ossa et Pierre Claver Maganga Moussavou Ensemble ce 31 Mai ?"},"content":{"rendered":"<p><span style=\"color: #ff6600\"><strong>Africa-Press &#8211; Gabon. <\/strong><\/span>Ce vendredi 31 mai a\u0300 Libreville, Pierre Claver Maganga Moussavou et Albert Ondo Ossa devraient s\u2019exprimer ensemble. Si au sein de l\u2019opinion certains soupc\u0327onnent un dro\u0302le d\u2019attelage depuis l\u2019annonce de cette sortie, d\u2019autres se demandent de quoi parleront les deux anciens candidats a\u0300 la dernie\u0300re pre\u0301sidentielle. Recommandations du Dialogue national inclusif (DNI), Transition&#8230; Dans le pays, les attentions sont cristallise\u0301es autour de ces sujets politiques.<\/p>\n<p>A\u0300 travers un communique\u0301 ce jeudi 30 mai, le Parti social-de\u0301mocrate (PSD) a annonce\u0301 que Pierre Claver Maganga Moussavou et Albert Ondo Ossa, animeront une confe\u0301rence de presse conjointe, demain vendredi 31 mai 2024. Ledit communique\u0301 ne dit rien sur l\u2019objet de la confe\u0301rence de presse de ces deux candidats a\u0300 la pre\u0301sidentielle d\u2019aou\u0302t 2023, mais dans un contexte ou\u0300 les re\u0301solutions du Dialogue national inclusif (DNI) nourrissent bien de conversations et particulie\u0300rement dans les milieux politiques au regard des re\u0301solutions prises a\u0300 Angondje, d\u2019aucuns imaginent bien qu\u2019elle s\u2019articulera autour de cette actualite\u0301 et plus globalement, autour de l\u2019avis de ce nouveau duo sur la Transition en cours.<\/p>\n<p>Ondo Ossa affirmait que les militaires ne redresseront pas le Gabon<\/p>\n<p>Albert Ondo Ossa dont la candidature avait e\u0301te\u0301 porte\u0301e par la plateforme Alternance 2023 pour faire face au pouvoir d\u2019Ali Bongo, avait aux premie\u0300res heures de la Transition, remis en cause le coup d\u2019E\u0301tat du 30 aou\u0302t en le qualifiant d\u2019une \u00abre\u0301volution de palais\u00bb. Ce, avant d\u2019adopter une attitude plus mode\u0301re\u0301e apre\u0300s une rencontre avec le pre\u0301sident de la Transition le 5 septembre 2023. Rencontre a\u0300 l\u2019issue de laquelle il s\u2019e\u0301tait re\u0301solu a\u0300 dire \u00abosons croire a\u0300 un avenir meilleur et resplendissant pour notre cher pays le Gabon\u00bb. Cependant, en de\u0301cembre 2023 cette lueur d\u2019espoir avait semble\u0301 s\u2019e\u0301teindre tant il assurait de\u0301sormais que le Gabon ne serait redresse\u0301 que par une personne qui n\u2019a jamais tue\u0301 ni vole\u0301. \u00abIl n\u2019en sera pas autrement\u00bb, affirmait-il.<\/p>\n<p>Il s\u2019exprimait dans le cadre du 42e anniversaire de la marche de la Gare routie\u0300re (5 de\u0301cembre 1981) par le Mouvement de redressement national (Morena), et affirmait parlant du Gabon, \u00abce n\u2019est pas les militaires qui pourront le redresser\u00bb. Il semblait remettre en cause la gouvernance et les agissements des militaires au pouvoir. Reste\u0301 muet depuis lors, il prendra 5 mois apre\u0300s, a\u0300 nouveau la parole en public. Pierre Claver Maganga Moussavou quant a\u0300 lui, s\u2019est souvent exprime\u0301. Plus re\u0301cemment encore, apre\u0300s le DNI, il estimait que \u00abla suspension de partis politiques invente\u0301e par 600 personnes est ne\u0301e d\u2019une ve\u0301ritable incompre\u0301hension du syste\u0300me politique\u00bb.<\/p>\n<p>Apre\u0300s le DNI, Maganga Moussavou a de\u0301nonce\u0301 une incompre\u0301hension du syste\u0300me politique<\/p>\n<p>Le pre\u0301sident du PSD, qui n\u2019appre\u0301cie visiblement pas les re\u0301solutions du DNI, soupc\u0327onne les militaires au pouvoir de vouloir re\u0301instaurer le monopartisme. \u00abOn ne peut pas accepter que par le biais du CTRI, on nous retire le multipartisme me\u0302me un seul jour. C\u2019est inadmissible et nous ne pouvons pas l\u2019accepter\u00bb, s\u2019est exclame\u0301 l\u2019homme parmi bien d\u2019autres acteurs politiques qui estiment que le Gabon ne se porte pas mieux 8 mois apre\u0300s le coup d\u2019E\u0301tat et que les chances de voir cette Transition atteindre les objectifs ambitieux fixe\u0301s par les militaires au pouvoir s\u2019amenuisent. Il de\u0301nonce une pre\u0301sidentialisation du re\u0301gime et une concertation politique ba\u0302cle\u0301e conduite par des hommes choisis a\u0300 dessein.<\/p>\n<p>Il n\u2019a d\u2019ailleurs pas he\u0301site\u0301 a\u0300 partager une vide\u0301o d\u2019un ancien conseiller d\u2019Ali Bongo et porte-parole de l\u2019ex-parti au pouvoir qui estime que le DNI a dessine\u0301 \u00abcontre toute attente\u00bb, les pa\u0302les contours du futur Gabon promis par le pre\u0301sident de la Transition. Ondo Ossa contrairement a\u0300 Maganga Moussavou qui a assiste\u0301 aux ce\u0301re\u0301monies d\u2019ouverture et de clo\u0302ture du DNI, a brille\u0301 par son absence, mais pourrait bien avoir son mot a\u0300 dire. Dans le pays ou\u0300 certaines indiscre\u0301tions assurent que sous cette Transition, \u00abAlbert Ondo Ossa be\u0301ne\u0301ficie des faveurs d\u2019un ancien pre\u0301sident de la Re\u0301publique\u00bb, sa prise de parole aux co\u0302te\u0301s de Pierre Claver Maganga Moussavou laisse plus d\u2019un dubitatif. \u00abDro\u0302le d\u2019attelage !\u00bb commentent certains pluto\u0302t e\u0301tonne\u0301s.<\/p>\n<p><strong>Pour plus d&rsquo;informations et d&rsquo;analyses sur la <a href=\"https:\/\/www.africa-press.net\/gabon\">Gabon<\/a>, suivez <a href=\"https:\/\/www.africa-press.net\/\">Africa-Press<\/a><\/strong><\/p>\n","protected":false},"excerpt":{"rendered":"<p>Africa-Press &#8211; Gabon. Ce vendredi 31 mai a\u0300 Libreville, Pierre Claver Maganga Moussavou et Albert Ondo Ossa devraient s\u2019exprimer ensemble. Si au sein de l\u2019opinion certains soupc\u0327onnent un dro\u0302le d\u2019attelage depuis l\u2019annonce de cette sortie, d\u2019autres se demandent de quoi parleront les deux anciens candidats a\u0300 la dernie\u0300re pre\u0301sidentielle. Recommandations du Dialogue national inclusif (DNI), [&hellip;]<\/p>\n","protected":false},"author":82,"featured_media":39461,"comment_status":"open","ping_status":"closed","sticky":false,"template":"","format":"standard","meta":{"footnotes":""},"categories":[2,10],"tags":[36,50,49],"class_list":["post-39462","post","type-post","status-publish","format-standard","has-post-thumbnail","hentry","category-politique","category-toutes-les-actualites","tag-africa-press","tag-africa-press-gabon","tag-gabon"],"yoast_head":"<!-- This site is optimized with the Yoast SEO Premium plugin v26.1 (Yoast SEO v27.0) - https:\/\/yoast.com\/product\/yoast-seo-premium-wordpress\/ -->\n<title>Albert Ondo Ossa et Pierre Claver Maganga Moussavou Ensemble ce 31 Mai ? - Gabon<\/title>\n<meta name=\"description\" content=\"Ce vendredi 31 mai a\u0300 Libreville, Pierre Claver Maganga Moussavou et Albert Ondo Ossa devraient s\u2019exprimer ensemble. Si ...\" \/>\n<meta name=\"robots\" content=\"index, follow, max-snippet:-1, max-image-preview:large, max-video-preview:-1\" \/>\n<link rel=\"canonical\" href=\"https:\/\/www.africa-press.net\/gabon\/politique\/albert-ondo-ossa-et-pierre-claver-maganga-moussavou-ensemble-ce-31-mai-2\" \/>\n<meta property=\"og:locale\" content=\"fr_FR\" \/>\n<meta property=\"og:type\" content=\"article\" \/>\n<meta property=\"og:title\" content=\"Albert Ondo Ossa et Pierre Claver Maganga Moussavou Ensemble ce 31 Mai ?\" \/>\n<meta property=\"og:description\" content=\"Ce vendredi 31 mai a\u0300 Libreville, Pierre Claver Maganga Moussavou et Albert Ondo Ossa devraient s\u2019exprimer ensemble. Si ...\" \/>\n<meta property=\"og:url\" content=\"https:\/\/www.africa-press.net\/gabon\/politique\/albert-ondo-ossa-et-pierre-claver-maganga-moussavou-ensemble-ce-31-mai-2\" \/>\n<meta property=\"og:site_name\" content=\"Gabon\" \/>\n<meta property=\"article:published_time\" content=\"2024-05-30T19:40:17+00:00\" \/>\n<meta property=\"article:modified_time\" content=\"2024-05-31T12:51:17+00:00\" \/>\n<meta property=\"og:image\" content=\"https:\/\/static.africa-press.net\/gabon\/sites\/54\/2024\/05\/sm_1717147044.985191.jpg\" \/>\n\t<meta property=\"og:image:width\" content=\"720\" \/>\n\t<meta property=\"og:image:height\" content=\"540\" \/>\n\t<meta property=\"og:image:type\" content=\"image\/jpeg\" \/>\n<meta name=\"author\" content=\"cfeditorfr\" \/>\n<meta name=\"twitter:card\" content=\"summary_large_image\" \/>\n<meta name=\"twitter:label1\" content=\"\u00c9crit par\" \/>\n\t<meta name=\"twitter:data1\" content=\"cfeditorfr\" \/>\n\t<meta name=\"twitter:label2\" content=\"Dur\u00e9e de lecture estim\u00e9e\" \/>\n\t<meta name=\"twitter:data2\" content=\"4 minutes\" \/>\n<script type=\"application\/ld+json\" class=\"yoast-schema-graph\">{\"@context\":\"https:\/\/schema.org\",\"@graph\":[{\"@type\":\"Article\",\"@id\":\"https:\/\/www.africa-press.net\/gabon\/politique\/albert-ondo-ossa-et-pierre-claver-maganga-moussavou-ensemble-ce-31-mai-2#article\",\"isPartOf\":{\"@id\":\"https:\/\/www.africa-press.net\/gabon\/politique\/albert-ondo-ossa-et-pierre-claver-maganga-moussavou-ensemble-ce-31-mai-2\"},\"author\":{\"name\":\"cfeditorfr\",\"@id\":\"https:\/\/www.africa-press.net\/gabon\/#\/schema\/person\/2b1cf3cd81a31e3cd26889ca66d677f1\"},\"headline\":\"Albert Ondo Ossa et Pierre Claver Maganga Moussavou Ensemble ce 31 Mai ?\",\"datePublished\":\"2024-05-30T19:40:17+00:00\",\"dateModified\":\"2024-05-31T12:51:17+00:00\",\"mainEntityOfPage\":{\"@id\":\"https:\/\/www.africa-press.net\/gabon\/politique\/albert-ondo-ossa-et-pierre-claver-maganga-moussavou-ensemble-ce-31-mai-2\"},\"wordCount\":779,\"commentCount\":0,\"image\":{\"@id\":\"https:\/\/www.africa-press.net\/gabon\/politique\/albert-ondo-ossa-et-pierre-claver-maganga-moussavou-ensemble-ce-31-mai-2#primaryimage\"},\"thumbnailUrl\":\"https:\/\/static.africa-press.net\/gabon\/sites\/54\/2024\/05\/sm_1717147044.985191.jpg\",\"keywords\":[\"Africa Press\",\"Africa Press-Gabon\",\"Gabon\"],\"articleSection\":[\"Politique\",\"Toutes les actualit\u00e9s\"],\"inLanguage\":\"fr-FR\",\"potentialAction\":[{\"@type\":\"CommentAction\",\"name\":\"Comment\",\"target\":[\"https:\/\/www.africa-press.net\/gabon\/politique\/albert-ondo-ossa-et-pierre-claver-maganga-moussavou-ensemble-ce-31-mai-2#respond\"]}]},{\"@type\":\"WebPage\",\"@id\":\"https:\/\/www.africa-press.net\/gabon\/politique\/albert-ondo-ossa-et-pierre-claver-maganga-moussavou-ensemble-ce-31-mai-2\",\"url\":\"https:\/\/www.africa-press.net\/gabon\/politique\/albert-ondo-ossa-et-pierre-claver-maganga-moussavou-ensemble-ce-31-mai-2\",\"name\":\"Albert Ondo Ossa et Pierre Claver Maganga Moussavou Ensemble ce 31 Mai ? - Gabon\",\"isPartOf\":{\"@id\":\"https:\/\/www.africa-press.net\/gabon\/#website\"},\"primaryImageOfPage\":{\"@id\":\"https:\/\/www.africa-press.net\/gabon\/politique\/albert-ondo-ossa-et-pierre-claver-maganga-moussavou-ensemble-ce-31-mai-2#primaryimage\"},\"image\":{\"@id\":\"https:\/\/www.africa-press.net\/gabon\/politique\/albert-ondo-ossa-et-pierre-claver-maganga-moussavou-ensemble-ce-31-mai-2#primaryimage\"},\"thumbnailUrl\":\"https:\/\/static.africa-press.net\/gabon\/sites\/54\/2024\/05\/sm_1717147044.985191.jpg\",\"datePublished\":\"2024-05-30T19:40:17+00:00\",\"dateModified\":\"2024-05-31T12:51:17+00:00\",\"author\":{\"@id\":\"https:\/\/www.africa-press.net\/gabon\/#\/schema\/person\/2b1cf3cd81a31e3cd26889ca66d677f1\"},\"description\":\"Ce vendredi 31 mai a\u0300 Libreville, Pierre Claver Maganga Moussavou et Albert Ondo Ossa devraient s\u2019exprimer ensemble. Si ...\",\"breadcrumb\":{\"@id\":\"https:\/\/www.africa-press.net\/gabon\/politique\/albert-ondo-ossa-et-pierre-claver-maganga-moussavou-ensemble-ce-31-mai-2#breadcrumb\"},\"inLanguage\":\"fr-FR\",\"potentialAction\":[{\"@type\":\"ReadAction\",\"target\":[\"https:\/\/www.africa-press.net\/gabon\/politique\/albert-ondo-ossa-et-pierre-claver-maganga-moussavou-ensemble-ce-31-mai-2\"]}]},{\"@type\":\"ImageObject\",\"inLanguage\":\"fr-FR\",\"@id\":\"https:\/\/www.africa-press.net\/gabon\/politique\/albert-ondo-ossa-et-pierre-claver-maganga-moussavou-ensemble-ce-31-mai-2#primaryimage\",\"url\":\"https:\/\/static.africa-press.net\/gabon\/sites\/54\/2024\/05\/sm_1717147044.985191.jpg\",\"contentUrl\":\"https:\/\/static.africa-press.net\/gabon\/sites\/54\/2024\/05\/sm_1717147044.985191.jpg\",\"width\":720,\"height\":540,\"caption\":\"Albert Ondo Ossa et Pierre Claver Maganga Moussavou Ensemble ce 31 Mai ?\"},{\"@type\":\"BreadcrumbList\",\"@id\":\"https:\/\/www.africa-press.net\/gabon\/politique\/albert-ondo-ossa-et-pierre-claver-maganga-moussavou-ensemble-ce-31-mai-2#breadcrumb\",\"itemListElement\":[{\"@type\":\"ListItem\",\"position\":1,\"name\":\"Accueil\",\"item\":\"https:\/\/www.africa-press.net\/gabon\/\"},{\"@type\":\"ListItem\",\"position\":2,\"name\":\"Albert Ondo Ossa et Pierre Claver Maganga Moussavou Ensemble ce 31 Mai ?\"}]},{\"@type\":\"WebSite\",\"@id\":\"https:\/\/www.africa-press.net\/gabon\/#website\",\"url\":\"https:\/\/www.africa-press.net\/gabon\/\",\"name\":\"Gabon\",\"description\":\"Just another Africa News Agency Sites site\",\"potentialAction\":[{\"@type\":\"SearchAction\",\"target\":{\"@type\":\"EntryPoint\",\"urlTemplate\":\"https:\/\/www.africa-press.net\/gabon\/?s={search_term_string}\"},\"query-input\":{\"@type\":\"PropertyValueSpecification\",\"valueRequired\":true,\"valueName\":\"search_term_string\"}}],\"inLanguage\":\"fr-FR\"},{\"@type\":\"Person\",\"@id\":\"https:\/\/www.africa-press.net\/gabon\/#\/schema\/person\/2b1cf3cd81a31e3cd26889ca66d677f1\",\"name\":\"cfeditorfr\"}]}<\/script>\n<!-- \/ Yoast SEO Premium plugin. -->","yoast_head_json":{"title":"Albert Ondo Ossa et Pierre Claver Maganga Moussavou Ensemble ce 31 Mai ? - Gabon","description":"Ce vendredi 31 mai a\u0300 Libreville, Pierre Claver Maganga Moussavou et Albert Ondo Ossa devraient s\u2019exprimer ensemble. Si ...","robots":{"index":"index","follow":"follow","max-snippet":"max-snippet:-1","max-image-preview":"max-image-preview:large","max-video-preview":"max-video-preview:-1"},"canonical":"https:\/\/www.africa-press.net\/gabon\/politique\/albert-ondo-ossa-et-pierre-claver-maganga-moussavou-ensemble-ce-31-mai-2","og_locale":"fr_FR","og_type":"article","og_title":"Albert Ondo Ossa et Pierre Claver Maganga Moussavou Ensemble ce 31 Mai ?","og_description":"Ce vendredi 31 mai a\u0300 Libreville, Pierre Claver Maganga Moussavou et Albert Ondo Ossa devraient s\u2019exprimer ensemble. Si ...","og_url":"https:\/\/www.africa-press.net\/gabon\/politique\/albert-ondo-ossa-et-pierre-claver-maganga-moussavou-ensemble-ce-31-mai-2","og_site_name":"Gabon","article_published_time":"2024-05-30T19:40:17+00:00","article_modified_time":"2024-05-31T12:51:17+00:00","og_image":[{"width":720,"height":540,"url":"https:\/\/static.africa-press.net\/gabon\/sites\/54\/2024\/05\/sm_1717147044.985191.jpg","type":"image\/jpeg"}],"author":"cfeditorfr","twitter_card":"summary_large_image","twitter_misc":{"\u00c9crit par":"cfeditorfr","Dur\u00e9e de lecture estim\u00e9e":"4 minutes"},"schema":{"@context":"https:\/\/schema.org","@graph":[{"@type":"Article","@id":"https:\/\/www.africa-press.net\/gabon\/politique\/albert-ondo-ossa-et-pierre-claver-maganga-moussavou-ensemble-ce-31-mai-2#article","isPartOf":{"@id":"https:\/\/www.africa-press.net\/gabon\/politique\/albert-ondo-ossa-et-pierre-claver-maganga-moussavou-ensemble-ce-31-mai-2"},"author":{"name":"cfeditorfr","@id":"https:\/\/www.africa-press.net\/gabon\/#\/schema\/person\/2b1cf3cd81a31e3cd26889ca66d677f1"},"headline":"Albert Ondo Ossa et Pierre Claver Maganga Moussavou Ensemble ce 31 Mai ?","datePublished":"2024-05-30T19:40:17+00:00","dateModified":"2024-05-31T12:51:17+00:00","mainEntityOfPage":{"@id":"https:\/\/www.africa-press.net\/gabon\/politique\/albert-ondo-ossa-et-pierre-claver-maganga-moussavou-ensemble-ce-31-mai-2"},"wordCount":779,"commentCount":0,"image":{"@id":"https:\/\/www.africa-press.net\/gabon\/politique\/albert-ondo-ossa-et-pierre-claver-maganga-moussavou-ensemble-ce-31-mai-2#primaryimage"},"thumbnailUrl":"https:\/\/static.africa-press.net\/gabon\/sites\/54\/2024\/05\/sm_1717147044.985191.jpg","keywords":["Africa Press","Africa Press-Gabon","Gabon"],"articleSection":["Politique","Toutes les actualit\u00e9s"],"inLanguage":"fr-FR","potentialAction":[{"@type":"CommentAction","name":"Comment","target":["https:\/\/www.africa-press.net\/gabon\/politique\/albert-ondo-ossa-et-pierre-claver-maganga-moussavou-ensemble-ce-31-mai-2#respond"]}]},{"@type":"WebPage","@id":"https:\/\/www.africa-press.net\/gabon\/politique\/albert-ondo-ossa-et-pierre-claver-maganga-moussavou-ensemble-ce-31-mai-2","url":"https:\/\/www.africa-press.net\/gabon\/politique\/albert-ondo-ossa-et-pierre-claver-maganga-moussavou-ensemble-ce-31-mai-2","name":"Albert Ondo Ossa et Pierre Claver Maganga Moussavou Ensemble ce 31 Mai ? - Gabon","isPartOf":{"@id":"https:\/\/www.africa-press.net\/gabon\/#website"},"primaryImageOfPage":{"@id":"https:\/\/www.africa-press.net\/gabon\/politique\/albert-ondo-ossa-et-pierre-claver-maganga-moussavou-ensemble-ce-31-mai-2#primaryimage"},"image":{"@id":"https:\/\/www.africa-press.net\/gabon\/politique\/albert-ondo-ossa-et-pierre-claver-maganga-moussavou-ensemble-ce-31-mai-2#primaryimage"},"thumbnailUrl":"https:\/\/static.africa-press.net\/gabon\/sites\/54\/2024\/05\/sm_1717147044.985191.jpg","datePublished":"2024-05-30T19:40:17+00:00","dateModified":"2024-05-31T12:51:17+00:00","author":{"@id":"https:\/\/www.africa-press.net\/gabon\/#\/schema\/person\/2b1cf3cd81a31e3cd26889ca66d677f1"},"description":"Ce vendredi 31 mai a\u0300 Libreville, Pierre Claver Maganga Moussavou et Albert Ondo Ossa devraient s\u2019exprimer ensemble. Si ...","breadcrumb":{"@id":"https:\/\/www.africa-press.net\/gabon\/politique\/albert-ondo-ossa-et-pierre-claver-maganga-moussavou-ensemble-ce-31-mai-2#breadcrumb"},"inLanguage":"fr-FR","potentialAction":[{"@type":"ReadAction","target":["https:\/\/www.africa-press.net\/gabon\/politique\/albert-ondo-ossa-et-pierre-claver-maganga-moussavou-ensemble-ce-31-mai-2"]}]},{"@type":"ImageObject","inLanguage":"fr-FR","@id":"https:\/\/www.africa-press.net\/gabon\/politique\/albert-ondo-ossa-et-pierre-claver-maganga-moussavou-ensemble-ce-31-mai-2#primaryimage","url":"https:\/\/static.africa-press.net\/gabon\/sites\/54\/2024\/05\/sm_1717147044.985191.jpg","contentUrl":"https:\/\/static.africa-press.net\/gabon\/sites\/54\/2024\/05\/sm_1717147044.985191.jpg","width":720,"height":540,"caption":"Albert Ondo Ossa et Pierre Claver Maganga Moussavou Ensemble ce 31 Mai ?"},{"@type":"BreadcrumbList","@id":"https:\/\/www.africa-press.net\/gabon\/politique\/albert-ondo-ossa-et-pierre-claver-maganga-moussavou-ensemble-ce-31-mai-2#breadcrumb","itemListElement":[{"@type":"ListItem","position":1,"name":"Accueil","item":"https:\/\/www.africa-press.net\/gabon\/"},{"@type":"ListItem","position":2,"name":"Albert Ondo Ossa et Pierre Claver Maganga Moussavou Ensemble ce 31 Mai ?"}]},{"@type":"WebSite","@id":"https:\/\/www.africa-press.net\/gabon\/#website","url":"https:\/\/www.africa-press.net\/gabon\/","name":"Gabon","description":"Just another Africa News Agency Sites site","potentialAction":[{"@type":"SearchAction","target":{"@type":"EntryPoint","urlTemplate":"https:\/\/www.africa-press.net\/gabon\/?s={search_term_string}"},"query-input":{"@type":"PropertyValueSpecification","valueRequired":true,"valueName":"search_term_string"}}],"inLanguage":"fr-FR"},{"@type":"Person","@id":"https:\/\/www.africa-press.net\/gabon\/#\/schema\/person\/2b1cf3cd81a31e3cd26889ca66d677f1","name":"cfeditorfr"}]}},"_links":{"self":[{"href":"https:\/\/www.africa-press.net\/gabon\/wp-json\/wp\/v2\/posts\/39462","targetHints":{"allow":["GET"]}}],"collection":[{"href":"https:\/\/www.africa-press.net\/gabon\/wp-json\/wp\/v2\/posts"}],"about":[{"href":"https:\/\/www.africa-press.net\/gabon\/wp-json\/wp\/v2\/types\/post"}],"author":[{"embeddable":true,"href":"https:\/\/www.africa-press.net\/gabon\/wp-json\/wp\/v2\/users\/82"}],"replies":[{"embeddable":true,"href":"https:\/\/www.africa-press.net\/gabon\/wp-json\/wp\/v2\/comments?post=39462"}],"version-history":[{"count":0,"href":"https:\/\/www.africa-press.net\/gabon\/wp-json\/wp\/v2\/posts\/39462\/revisions"}],"wp:featuredmedia":[{"embeddable":true,"href":"https:\/\/www.africa-press.net\/gabon\/wp-json\/wp\/v2\/media\/39461"}],"wp:attachment":[{"href":"https:\/\/www.africa-press.net\/gabon\/wp-json\/wp\/v2\/media?parent=39462"}],"wp:term":[{"taxonomy":"category","embeddable":true,"href":"https:\/\/www.africa-press.net\/gabon\/wp-json\/wp\/v2\/categories?post=39462"},{"taxonomy":"post_tag","embeddable":true,"href":"https:\/\/www.africa-press.net\/gabon\/wp-json\/wp\/v2\/tags?post=39462"}],"curies":[{"name":"wp","href":"https:\/\/api.w.org\/{rel}","templated":true}]}}