{"id":39464,"date":"2024-05-30T19:42:09","date_gmt":"2024-05-30T19:42:09","guid":{"rendered":"https:\/\/www.africa-press.net\/gabon\/politique\/assemblees-annuelles-2024-de-la-bad-barro-chambrier-a-la-tete-de-la-delegation-gabonaise-2"},"modified":"2024-05-31T12:52:08","modified_gmt":"2024-05-31T12:52:08","slug":"assemblees-annuelles-2024-de-la-bad-barro-chambrier-a-la-tete-de-la-delegation-gabonaise-2","status":"publish","type":"post","link":"https:\/\/www.africa-press.net\/gabon\/economie\/assemblees-annuelles-2024-de-la-bad-barro-chambrier-a-la-tete-de-la-delegation-gabonaise-2","title":{"rendered":"Assembl\u00e9es annuelles 2024 de la BAD : Barro Chambrier \u00e0 la t\u00eate de la d\u00e9l\u00e9gation gabonaise"},"content":{"rendered":"<p><span style=\"color: #ff6600\"><strong>Africa-Press &#8211; Gabon. <\/strong><\/span>Le 29 mai a\u0300 Nairobi, les travaux des Assemble\u0301es annuelles du groupe de la Banque africaine de de\u0301veloppement (BAD). Alexandre Barro Chambrier qui a pris part a\u0300 la ce\u0301re\u0301monie d\u2019ouverture, conduit la de\u0301le\u0301gation gabonaise a\u0300 cette rencontre qui se tient sous le the\u0300me \u00abla transformation de l\u2019Afrique, le Groupe de la Banque africaine de de\u0301veloppement et la re\u0301forme de l\u2019architecture financie\u0300re mondiale\u00bb et dont la ce\u0301re\u0301monie d\u2019ouverture a e\u0301te\u0301 marque\u0301e par la pre\u0301sentation de la Strate\u0301gie de\u0301cennale (2024-2033) du Groupe.<\/p>\n<p>A\u0300 Nairobi au Kenya ou\u0300 il est arrive\u0301 depuis quelques jours, le vice-premier ministre en charge de la Planification et de la Prospective, Alexandre Barro Chambrier, a assiste\u0301 le 29 mai a\u0300 la ce\u0301re\u0301monie d\u2019ouverture de la 59e Assemble\u0301e annuelle du Groupe de la Banque africaine de de\u0301veloppement (BAD) suivie du 60e anniversaire de l\u2019institution. A\u0300 cette ce\u0301re\u0301monie place\u0301e sous le patronage du pre\u0301sident kenyan, William Samoei Ruto, Barro Chambrier mandate\u0301 par le pre\u0301sident de la Transition, e\u0301tait aux co\u0302te\u0301s de plusieurs chefs d\u2019E\u0301tat et de gouvernement dont Denis Sassou Nguesso de la Re\u0301publique du Congo et Paul Kagame du Rwanda.<\/p>\n<p>Selon la vice-primature, le dialogue pre\u0301sidentiel de haut niveau, qui a nourri les discussions de circonstance, portait sur la \u00abLa transformation de l\u2019Afrique, le Groupe de la Banque africaine de de\u0301veloppement et la re\u0301forme de l\u2019architecture financie\u0300re mondiale\u00bb. Il a permis aux pane\u0301listes d\u2019exprimer la ne\u0301cessite\u0301 pour les E\u0301tats africains de \u00abparler d\u2019une seule voix dans le concert des nations et de trouver des me\u0301canismes de financement du de\u0301veloppement (volume, maturite\u0301, taux d\u2019inte\u0301re\u0302t) mieux adapte\u0301s aux besoins du continent pour atteindre les objectifs de l\u2019Agenda 2063 de l\u2019Union africaine\u00bb.<\/p>\n<p>Au terme de la ce\u0301re\u0301monie, Akinwumi Adesina, le pre\u0301sident de la BAD a de\u0301voile\u0301 la Strate\u0301gie de\u0301cennale (2024-2033) du Groupe. Celle-ci de\u0301crit comment la BAD \u00abinvestira dans le meilleur atout de l\u2019Afrique: ses jeunes hommes et femmes dynamiques\u00bb. Ce, d\u2019autant plus que note la BAD, \u00abla population africaine, qui est la plus jeune et dont la croissance est la plus rapide au monde, offre au continent une fene\u0302tre d\u2019opportunite\u0301 de\u0301mographique sans pre\u0301ce\u0301dent\u00bb. Cette Strate\u0301gie pre\u0301sente la vision d\u2019une Afrique prospe\u0300re, inclusive, re\u0301siliente et inte\u0301gre\u0301e. Une vision appuye\u0301e sur deux objectifs strate\u0301giques: l\u2019acce\u0301le\u0301ration de la croissance verte et inclusive et la promotion d\u2019e\u0301conomies prospe\u0300res et re\u0301silientes.<\/p>\n<p><strong>Pour plus d&rsquo;informations et d&rsquo;analyses sur la <a href=\"https:\/\/www.africa-press.net\/gabon\">Gabon<\/a>, suivez <a href=\"https:\/\/www.africa-press.net\/\">Africa-Press<\/a><\/strong><\/p>\n","protected":false},"excerpt":{"rendered":"<p>Africa-Press &#8211; Gabon. Le 29 mai a\u0300 Nairobi, les travaux des Assemble\u0301es annuelles du groupe de la Banque africaine de de\u0301veloppement (BAD). Alexandre Barro Chambrier qui a pris part a\u0300 la ce\u0301re\u0301monie d\u2019ouverture, conduit la de\u0301le\u0301gation gabonaise a\u0300 cette rencontre qui se tient sous le the\u0300me \u00abla transformation de l\u2019Afrique, le Groupe de la Banque [&hellip;]<\/p>\n","protected":false},"author":82,"featured_media":39463,"comment_status":"open","ping_status":"closed","sticky":false,"template":"","format":"standard","meta":{"footnotes":""},"categories":[3,10],"tags":[36,50,49],"class_list":["post-39464","post","type-post","status-publish","format-standard","has-post-thumbnail","hentry","category-economie","category-toutes-les-actualites","tag-africa-press","tag-africa-press-gabon","tag-gabon"],"yoast_head":"<!-- This site is optimized with the Yoast SEO Premium plugin v26.1 (Yoast SEO v27.0) - https:\/\/yoast.com\/product\/yoast-seo-premium-wordpress\/ -->\n<title>Assembl\u00e9es annuelles 2024 de la BAD : Barro Chambrier \u00e0 la t\u00eate de la d\u00e9l\u00e9gation gabonaise - Gabon<\/title>\n<meta name=\"description\" content=\"Le 29 mai a\u0300 Nairobi, les travaux des Assemble\u0301es annuelles du groupe de la Banque africaine de de\u0301veloppement (BAD). Al ...\" \/>\n<meta name=\"robots\" content=\"index, follow, max-snippet:-1, max-image-preview:large, max-video-preview:-1\" \/>\n<link rel=\"canonical\" href=\"https:\/\/www.africa-press.net\/gabon\/economie\/assemblees-annuelles-2024-de-la-bad-barro-chambrier-a-la-tete-de-la-delegation-gabonaise-2\" \/>\n<meta property=\"og:locale\" content=\"fr_FR\" \/>\n<meta property=\"og:type\" content=\"article\" \/>\n<meta property=\"og:title\" content=\"Assembl\u00e9es annuelles 2024 de la BAD : Barro Chambrier \u00e0 la t\u00eate de la d\u00e9l\u00e9gation gabonaise\" \/>\n<meta property=\"og:description\" content=\"Le 29 mai a\u0300 Nairobi, les travaux des Assemble\u0301es annuelles du groupe de la Banque africaine de de\u0301veloppement (BAD). Al ...\" \/>\n<meta property=\"og:url\" content=\"https:\/\/www.africa-press.net\/gabon\/economie\/assemblees-annuelles-2024-de-la-bad-barro-chambrier-a-la-tete-de-la-delegation-gabonaise-2\" \/>\n<meta property=\"og:site_name\" content=\"Gabon\" \/>\n<meta property=\"article:published_time\" content=\"2024-05-30T19:42:09+00:00\" \/>\n<meta property=\"article:modified_time\" content=\"2024-05-31T12:52:08+00:00\" \/>\n<meta property=\"og:image\" content=\"https:\/\/static.africa-press.net\/gabon\/sites\/54\/2024\/05\/sm_1717147112.238089.jpg\" \/>\n\t<meta property=\"og:image:width\" content=\"720\" \/>\n\t<meta property=\"og:image:height\" content=\"412\" \/>\n\t<meta property=\"og:image:type\" content=\"image\/jpeg\" \/>\n<meta name=\"author\" content=\"cfeditorfr\" \/>\n<meta name=\"twitter:card\" content=\"summary_large_image\" \/>\n<meta name=\"twitter:label1\" content=\"\u00c9crit par\" \/>\n\t<meta name=\"twitter:data1\" content=\"cfeditorfr\" \/>\n\t<meta name=\"twitter:label2\" content=\"Dur\u00e9e de lecture estim\u00e9e\" \/>\n\t<meta name=\"twitter:data2\" content=\"2 minutes\" \/>\n<script type=\"application\/ld+json\" class=\"yoast-schema-graph\">{\"@context\":\"https:\/\/schema.org\",\"@graph\":[{\"@type\":\"Article\",\"@id\":\"https:\/\/www.africa-press.net\/gabon\/economie\/assemblees-annuelles-2024-de-la-bad-barro-chambrier-a-la-tete-de-la-delegation-gabonaise-2#article\",\"isPartOf\":{\"@id\":\"https:\/\/www.africa-press.net\/gabon\/economie\/assemblees-annuelles-2024-de-la-bad-barro-chambrier-a-la-tete-de-la-delegation-gabonaise-2\"},\"author\":{\"name\":\"cfeditorfr\",\"@id\":\"https:\/\/www.africa-press.net\/gabon\/#\/schema\/person\/2b1cf3cd81a31e3cd26889ca66d677f1\"},\"headline\":\"Assembl\u00e9es annuelles 2024 de la BAD : Barro Chambrier \u00e0 la t\u00eate de la d\u00e9l\u00e9gation gabonaise\",\"datePublished\":\"2024-05-30T19:42:09+00:00\",\"dateModified\":\"2024-05-31T12:52:08+00:00\",\"mainEntityOfPage\":{\"@id\":\"https:\/\/www.africa-press.net\/gabon\/economie\/assemblees-annuelles-2024-de-la-bad-barro-chambrier-a-la-tete-de-la-delegation-gabonaise-2\"},\"wordCount\":491,\"commentCount\":0,\"image\":{\"@id\":\"https:\/\/www.africa-press.net\/gabon\/economie\/assemblees-annuelles-2024-de-la-bad-barro-chambrier-a-la-tete-de-la-delegation-gabonaise-2#primaryimage\"},\"thumbnailUrl\":\"https:\/\/static.africa-press.net\/gabon\/sites\/54\/2024\/05\/sm_1717147112.238089.jpg\",\"keywords\":[\"Africa Press\",\"Africa Press-Gabon\",\"Gabon\"],\"articleSection\":[\"\u00c9conomie\",\"Toutes les actualit\u00e9s\"],\"inLanguage\":\"fr-FR\",\"potentialAction\":[{\"@type\":\"CommentAction\",\"name\":\"Comment\",\"target\":[\"https:\/\/www.africa-press.net\/gabon\/economie\/assemblees-annuelles-2024-de-la-bad-barro-chambrier-a-la-tete-de-la-delegation-gabonaise-2#respond\"]}]},{\"@type\":\"WebPage\",\"@id\":\"https:\/\/www.africa-press.net\/gabon\/economie\/assemblees-annuelles-2024-de-la-bad-barro-chambrier-a-la-tete-de-la-delegation-gabonaise-2\",\"url\":\"https:\/\/www.africa-press.net\/gabon\/economie\/assemblees-annuelles-2024-de-la-bad-barro-chambrier-a-la-tete-de-la-delegation-gabonaise-2\",\"name\":\"Assembl\u00e9es annuelles 2024 de la BAD : Barro Chambrier \u00e0 la t\u00eate de la d\u00e9l\u00e9gation gabonaise - Gabon\",\"isPartOf\":{\"@id\":\"https:\/\/www.africa-press.net\/gabon\/#website\"},\"primaryImageOfPage\":{\"@id\":\"https:\/\/www.africa-press.net\/gabon\/economie\/assemblees-annuelles-2024-de-la-bad-barro-chambrier-a-la-tete-de-la-delegation-gabonaise-2#primaryimage\"},\"image\":{\"@id\":\"https:\/\/www.africa-press.net\/gabon\/economie\/assemblees-annuelles-2024-de-la-bad-barro-chambrier-a-la-tete-de-la-delegation-gabonaise-2#primaryimage\"},\"thumbnailUrl\":\"https:\/\/static.africa-press.net\/gabon\/sites\/54\/2024\/05\/sm_1717147112.238089.jpg\",\"datePublished\":\"2024-05-30T19:42:09+00:00\",\"dateModified\":\"2024-05-31T12:52:08+00:00\",\"author\":{\"@id\":\"https:\/\/www.africa-press.net\/gabon\/#\/schema\/person\/2b1cf3cd81a31e3cd26889ca66d677f1\"},\"description\":\"Le 29 mai a\u0300 Nairobi, les travaux des Assemble\u0301es annuelles du groupe de la Banque africaine de de\u0301veloppement (BAD). Al ...\",\"breadcrumb\":{\"@id\":\"https:\/\/www.africa-press.net\/gabon\/economie\/assemblees-annuelles-2024-de-la-bad-barro-chambrier-a-la-tete-de-la-delegation-gabonaise-2#breadcrumb\"},\"inLanguage\":\"fr-FR\",\"potentialAction\":[{\"@type\":\"ReadAction\",\"target\":[\"https:\/\/www.africa-press.net\/gabon\/economie\/assemblees-annuelles-2024-de-la-bad-barro-chambrier-a-la-tete-de-la-delegation-gabonaise-2\"]}]},{\"@type\":\"ImageObject\",\"inLanguage\":\"fr-FR\",\"@id\":\"https:\/\/www.africa-press.net\/gabon\/economie\/assemblees-annuelles-2024-de-la-bad-barro-chambrier-a-la-tete-de-la-delegation-gabonaise-2#primaryimage\",\"url\":\"https:\/\/static.africa-press.net\/gabon\/sites\/54\/2024\/05\/sm_1717147112.238089.jpg\",\"contentUrl\":\"https:\/\/static.africa-press.net\/gabon\/sites\/54\/2024\/05\/sm_1717147112.238089.jpg\",\"width\":720,\"height\":412,\"caption\":\"Assembl\u00e9es annuelles 2024 de la BAD : Barro Chambrier \u00e0 la t\u00eate de la d\u00e9l\u00e9gation gabonaise\"},{\"@type\":\"BreadcrumbList\",\"@id\":\"https:\/\/www.africa-press.net\/gabon\/economie\/assemblees-annuelles-2024-de-la-bad-barro-chambrier-a-la-tete-de-la-delegation-gabonaise-2#breadcrumb\",\"itemListElement\":[{\"@type\":\"ListItem\",\"position\":1,\"name\":\"Accueil\",\"item\":\"https:\/\/www.africa-press.net\/gabon\/\"},{\"@type\":\"ListItem\",\"position\":2,\"name\":\"Assembl\u00e9es annuelles 2024 de la BAD : Barro Chambrier \u00e0 la t\u00eate de la d\u00e9l\u00e9gation gabonaise\"}]},{\"@type\":\"WebSite\",\"@id\":\"https:\/\/www.africa-press.net\/gabon\/#website\",\"url\":\"https:\/\/www.africa-press.net\/gabon\/\",\"name\":\"Gabon\",\"description\":\"Just another Africa News Agency Sites site\",\"potentialAction\":[{\"@type\":\"SearchAction\",\"target\":{\"@type\":\"EntryPoint\",\"urlTemplate\":\"https:\/\/www.africa-press.net\/gabon\/?s={search_term_string}\"},\"query-input\":{\"@type\":\"PropertyValueSpecification\",\"valueRequired\":true,\"valueName\":\"search_term_string\"}}],\"inLanguage\":\"fr-FR\"},{\"@type\":\"Person\",\"@id\":\"https:\/\/www.africa-press.net\/gabon\/#\/schema\/person\/2b1cf3cd81a31e3cd26889ca66d677f1\",\"name\":\"cfeditorfr\"}]}<\/script>\n<!-- \/ Yoast SEO Premium plugin. -->","yoast_head_json":{"title":"Assembl\u00e9es annuelles 2024 de la BAD : Barro Chambrier \u00e0 la t\u00eate de la d\u00e9l\u00e9gation gabonaise - Gabon","description":"Le 29 mai a\u0300 Nairobi, les travaux des Assemble\u0301es annuelles du groupe de la Banque africaine de de\u0301veloppement (BAD). Al ...","robots":{"index":"index","follow":"follow","max-snippet":"max-snippet:-1","max-image-preview":"max-image-preview:large","max-video-preview":"max-video-preview:-1"},"canonical":"https:\/\/www.africa-press.net\/gabon\/economie\/assemblees-annuelles-2024-de-la-bad-barro-chambrier-a-la-tete-de-la-delegation-gabonaise-2","og_locale":"fr_FR","og_type":"article","og_title":"Assembl\u00e9es annuelles 2024 de la BAD : Barro Chambrier \u00e0 la t\u00eate de la d\u00e9l\u00e9gation gabonaise","og_description":"Le 29 mai a\u0300 Nairobi, les travaux des Assemble\u0301es annuelles du groupe de la Banque africaine de de\u0301veloppement (BAD). Al ...","og_url":"https:\/\/www.africa-press.net\/gabon\/economie\/assemblees-annuelles-2024-de-la-bad-barro-chambrier-a-la-tete-de-la-delegation-gabonaise-2","og_site_name":"Gabon","article_published_time":"2024-05-30T19:42:09+00:00","article_modified_time":"2024-05-31T12:52:08+00:00","og_image":[{"width":720,"height":412,"url":"https:\/\/static.africa-press.net\/gabon\/sites\/54\/2024\/05\/sm_1717147112.238089.jpg","type":"image\/jpeg"}],"author":"cfeditorfr","twitter_card":"summary_large_image","twitter_misc":{"\u00c9crit par":"cfeditorfr","Dur\u00e9e de lecture estim\u00e9e":"2 minutes"},"schema":{"@context":"https:\/\/schema.org","@graph":[{"@type":"Article","@id":"https:\/\/www.africa-press.net\/gabon\/economie\/assemblees-annuelles-2024-de-la-bad-barro-chambrier-a-la-tete-de-la-delegation-gabonaise-2#article","isPartOf":{"@id":"https:\/\/www.africa-press.net\/gabon\/economie\/assemblees-annuelles-2024-de-la-bad-barro-chambrier-a-la-tete-de-la-delegation-gabonaise-2"},"author":{"name":"cfeditorfr","@id":"https:\/\/www.africa-press.net\/gabon\/#\/schema\/person\/2b1cf3cd81a31e3cd26889ca66d677f1"},"headline":"Assembl\u00e9es annuelles 2024 de la BAD : Barro Chambrier \u00e0 la t\u00eate de la d\u00e9l\u00e9gation gabonaise","datePublished":"2024-05-30T19:42:09+00:00","dateModified":"2024-05-31T12:52:08+00:00","mainEntityOfPage":{"@id":"https:\/\/www.africa-press.net\/gabon\/economie\/assemblees-annuelles-2024-de-la-bad-barro-chambrier-a-la-tete-de-la-delegation-gabonaise-2"},"wordCount":491,"commentCount":0,"image":{"@id":"https:\/\/www.africa-press.net\/gabon\/economie\/assemblees-annuelles-2024-de-la-bad-barro-chambrier-a-la-tete-de-la-delegation-gabonaise-2#primaryimage"},"thumbnailUrl":"https:\/\/static.africa-press.net\/gabon\/sites\/54\/2024\/05\/sm_1717147112.238089.jpg","keywords":["Africa Press","Africa Press-Gabon","Gabon"],"articleSection":["\u00c9conomie","Toutes les actualit\u00e9s"],"inLanguage":"fr-FR","potentialAction":[{"@type":"CommentAction","name":"Comment","target":["https:\/\/www.africa-press.net\/gabon\/economie\/assemblees-annuelles-2024-de-la-bad-barro-chambrier-a-la-tete-de-la-delegation-gabonaise-2#respond"]}]},{"@type":"WebPage","@id":"https:\/\/www.africa-press.net\/gabon\/economie\/assemblees-annuelles-2024-de-la-bad-barro-chambrier-a-la-tete-de-la-delegation-gabonaise-2","url":"https:\/\/www.africa-press.net\/gabon\/economie\/assemblees-annuelles-2024-de-la-bad-barro-chambrier-a-la-tete-de-la-delegation-gabonaise-2","name":"Assembl\u00e9es annuelles 2024 de la BAD : Barro Chambrier \u00e0 la t\u00eate de la d\u00e9l\u00e9gation gabonaise - Gabon","isPartOf":{"@id":"https:\/\/www.africa-press.net\/gabon\/#website"},"primaryImageOfPage":{"@id":"https:\/\/www.africa-press.net\/gabon\/economie\/assemblees-annuelles-2024-de-la-bad-barro-chambrier-a-la-tete-de-la-delegation-gabonaise-2#primaryimage"},"image":{"@id":"https:\/\/www.africa-press.net\/gabon\/economie\/assemblees-annuelles-2024-de-la-bad-barro-chambrier-a-la-tete-de-la-delegation-gabonaise-2#primaryimage"},"thumbnailUrl":"https:\/\/static.africa-press.net\/gabon\/sites\/54\/2024\/05\/sm_1717147112.238089.jpg","datePublished":"2024-05-30T19:42:09+00:00","dateModified":"2024-05-31T12:52:08+00:00","author":{"@id":"https:\/\/www.africa-press.net\/gabon\/#\/schema\/person\/2b1cf3cd81a31e3cd26889ca66d677f1"},"description":"Le 29 mai a\u0300 Nairobi, les travaux des Assemble\u0301es annuelles du groupe de la Banque africaine de de\u0301veloppement (BAD). Al ...","breadcrumb":{"@id":"https:\/\/www.africa-press.net\/gabon\/economie\/assemblees-annuelles-2024-de-la-bad-barro-chambrier-a-la-tete-de-la-delegation-gabonaise-2#breadcrumb"},"inLanguage":"fr-FR","potentialAction":[{"@type":"ReadAction","target":["https:\/\/www.africa-press.net\/gabon\/economie\/assemblees-annuelles-2024-de-la-bad-barro-chambrier-a-la-tete-de-la-delegation-gabonaise-2"]}]},{"@type":"ImageObject","inLanguage":"fr-FR","@id":"https:\/\/www.africa-press.net\/gabon\/economie\/assemblees-annuelles-2024-de-la-bad-barro-chambrier-a-la-tete-de-la-delegation-gabonaise-2#primaryimage","url":"https:\/\/static.africa-press.net\/gabon\/sites\/54\/2024\/05\/sm_1717147112.238089.jpg","contentUrl":"https:\/\/static.africa-press.net\/gabon\/sites\/54\/2024\/05\/sm_1717147112.238089.jpg","width":720,"height":412,"caption":"Assembl\u00e9es annuelles 2024 de la BAD : Barro Chambrier \u00e0 la t\u00eate de la d\u00e9l\u00e9gation gabonaise"},{"@type":"BreadcrumbList","@id":"https:\/\/www.africa-press.net\/gabon\/economie\/assemblees-annuelles-2024-de-la-bad-barro-chambrier-a-la-tete-de-la-delegation-gabonaise-2#breadcrumb","itemListElement":[{"@type":"ListItem","position":1,"name":"Accueil","item":"https:\/\/www.africa-press.net\/gabon\/"},{"@type":"ListItem","position":2,"name":"Assembl\u00e9es annuelles 2024 de la BAD : Barro Chambrier \u00e0 la t\u00eate de la d\u00e9l\u00e9gation gabonaise"}]},{"@type":"WebSite","@id":"https:\/\/www.africa-press.net\/gabon\/#website","url":"https:\/\/www.africa-press.net\/gabon\/","name":"Gabon","description":"Just another Africa News Agency Sites site","potentialAction":[{"@type":"SearchAction","target":{"@type":"EntryPoint","urlTemplate":"https:\/\/www.africa-press.net\/gabon\/?s={search_term_string}"},"query-input":{"@type":"PropertyValueSpecification","valueRequired":true,"valueName":"search_term_string"}}],"inLanguage":"fr-FR"},{"@type":"Person","@id":"https:\/\/www.africa-press.net\/gabon\/#\/schema\/person\/2b1cf3cd81a31e3cd26889ca66d677f1","name":"cfeditorfr"}]}},"_links":{"self":[{"href":"https:\/\/www.africa-press.net\/gabon\/wp-json\/wp\/v2\/posts\/39464","targetHints":{"allow":["GET"]}}],"collection":[{"href":"https:\/\/www.africa-press.net\/gabon\/wp-json\/wp\/v2\/posts"}],"about":[{"href":"https:\/\/www.africa-press.net\/gabon\/wp-json\/wp\/v2\/types\/post"}],"author":[{"embeddable":true,"href":"https:\/\/www.africa-press.net\/gabon\/wp-json\/wp\/v2\/users\/82"}],"replies":[{"embeddable":true,"href":"https:\/\/www.africa-press.net\/gabon\/wp-json\/wp\/v2\/comments?post=39464"}],"version-history":[{"count":0,"href":"https:\/\/www.africa-press.net\/gabon\/wp-json\/wp\/v2\/posts\/39464\/revisions"}],"wp:featuredmedia":[{"embeddable":true,"href":"https:\/\/www.africa-press.net\/gabon\/wp-json\/wp\/v2\/media\/39463"}],"wp:attachment":[{"href":"https:\/\/www.africa-press.net\/gabon\/wp-json\/wp\/v2\/media?parent=39464"}],"wp:term":[{"taxonomy":"category","embeddable":true,"href":"https:\/\/www.africa-press.net\/gabon\/wp-json\/wp\/v2\/categories?post=39464"},{"taxonomy":"post_tag","embeddable":true,"href":"https:\/\/www.africa-press.net\/gabon\/wp-json\/wp\/v2\/tags?post=39464"}],"curies":[{"name":"wp","href":"https:\/\/api.w.org\/{rel}","templated":true}]}}