{"id":39488,"date":"2024-05-31T12:38:46","date_gmt":"2024-05-31T12:38:46","guid":{"rendered":"https:\/\/www.africa-press.net\/gabon\/politique\/gamba-mbongo-rafemo-au-fait-des-preoccupations-des-populations"},"modified":"2024-05-31T14:00:49","modified_gmt":"2024-05-31T14:00:49","slug":"gamba-mbongo-rafemo-au-fait-des-preoccupations-des-populations","status":"publish","type":"post","link":"https:\/\/www.africa-press.net\/gabon\/toutes-les-actualites\/gamba-mbongo-rafemo-au-fait-des-preoccupations-des-populations","title":{"rendered":"Gamba : Mbongo Rafemo au fait des pr\u00e9occupations des populations"},"content":{"rendered":"<p><span style=\"color: #ff6600\"><strong>Africa-Press &#8211; Gabon. <\/strong><\/span>En se\u0301jour dans la province de l\u2019Ogooue\u0301-Maritime, le ministre de l\u2019Industrie en a profite\u0301 pour se rendre, en de\u0301but de semaine, dans la ville de Gamba ou\u0300 plusieurs pre\u0301occupations lui ont e\u0301te\u0301 adresse\u0301es aussi bien par les autorite\u0301s locales que les jeunes, les plus a\u0302ge\u0301s et les auto-entrepreneurs. Le membre du gouvernement, qui n\u2019y est pas reste\u0301 insensible, a promis l\u2019essor vers la fe\u0301licite\u0301 pour tous.<\/p>\n<p>A\u0300 en croire le de\u0301le\u0301gue\u0301 spe\u0301cial de la commune, la vie a\u0300 Gamba et dans le de\u0301partement de Ndougou n\u2019est plus la me\u0302me depuis quelques anne\u0301es. Surtout depuis le de\u0301part de la socie\u0301te\u0301 pe\u0301trolie\u0300re Shell Gabon et la de\u0301localisation de la socie\u0301te\u0301 Assala, au point que les habitants alertent ces dernie\u0300res anne\u0301es sur leurs conditions de vie devenues pre\u0301caires. Sensible a\u0300 leur souffrance, Franc\u0327ois Mbongo Rafemo Bourdette a tenu a\u0300 profiter de son se\u0301jour dans la province de l\u2019Ogooue\u0301-Maritime pour aller a\u0300 leur rencontre en vue de recueillir leurs pre\u0301occupations. Et parmi leurs attentes, le proviseur du lyce\u0301e public de Gamba a fait part \u00abdes plus urgentes\u00bb, a\u0300 savoir: la fourniture de l\u2019e\u0301tablissement en eau potable et en e\u0301lectricite\u0301, la mise a\u0300 disposition de la ressource humaine et de logements pour le personnel administratif, ainsi que des plateaux sportifs pour ce lyce\u0301e de 282 e\u0301le\u0300ves dont une partie est encore en construction plus de deux ans apre\u0300s le lancement des travaux.<\/p>\n<p>Comptant au nombre des victimes du fort ralentissement du de\u0301veloppement de leur de\u0301partement, les femmes rurales de Ndougou ont pour leur part e\u0301voque\u0301 les nombreux \u00abobstacles qui entravent leur autonomisation\u00bb par le biais de leurs activite\u0301s agricoles. Elles ont notamment cite\u0301 \u00ables difficulte\u0301s d\u2019acce\u0300s aux champs et l\u2019intrusion des e\u0301le\u0301phants\u00bb qui ane\u0301antissent leurs efforts et les empe\u0302chent de participer de fac\u0327on effective a\u0300 la relance de l\u2019e\u0301conomie locale. Pour pallier cette situation, elles sollicitent une subvention de la part des pouvoirs publics, y compris \u00abpour l\u2019e\u0301quilibre de la cellule familiale\u00bb.<\/p>\n<p>A\u0300 la suite du de\u0301le\u0301gue\u0301 spe\u0301cial de la commune, qui a explique\u0301 le phe\u0301nome\u0300ne par \u00abun exode important des populations\u00bb, les jeunes ont e\u0301voque\u0301 leur cho\u0302mage. \u00abLa plupart des jeunes diplo\u0302me\u0301s peinent a\u0300 trouver un emploi de\u0301cent, et ceux qui en ont un sont souvent sous-paye\u0301s et pre\u0301caires\u00bb, a de\u0301nonce\u0301 leur repre\u0301sentant, non sans relever le difficile acce\u0300s a\u0300 la formation.<\/p>\n<p>Apre\u0300s la pre\u0301sentation de toutes ces pre\u0301occupations, Franc\u0327ois Mbongo Rafemo Bourdette s\u2019est montre\u0301 solidaire des populations, reconnaissant notamment que ces diffe\u0301rents manquements constituent un ve\u0301ritable frein au de\u0301veloppement de la commune et du de\u0301partement de Ndougou ou\u0300 l\u2019industrie pe\u0301trolie\u0300re est le premier employeur. Aussi, le membre du gouvernement a-t-il tenu a\u0300 rassurer les populations de la part du pre\u0301sident de la Transition. Il les a assure\u0301s que le ge\u0301ne\u0301ral Brice Clotaire Oligui Nguema ne les oublie pas, et qu\u2019il a un regard attentif sur la situation qui pre\u0301vaut a\u0300 Gamba. Le Plan national de de\u0301veloppement pour la transition (PNDT) prend en compte cette re\u0301gion, a-t-il rappele\u0301, se voulant fe\u0301de\u0301rateur.<\/p>\n<p><strong>Pour plus d&rsquo;informations et d&rsquo;analyses sur la <a href=\"https:\/\/www.africa-press.net\/gabon\">Gabon<\/a>, suivez <a href=\"https:\/\/www.africa-press.net\/\">Africa-Press<\/a><\/strong><\/p>\n","protected":false},"excerpt":{"rendered":"<p>Africa-Press &#8211; Gabon. En se\u0301jour dans la province de l\u2019Ogooue\u0301-Maritime, le ministre de l\u2019Industrie en a profite\u0301 pour se rendre, en de\u0301but de semaine, dans la ville de Gamba ou\u0300 plusieurs pre\u0301occupations lui ont e\u0301te\u0301 adresse\u0301es aussi bien par les autorite\u0301s locales que les jeunes, les plus a\u0302ge\u0301s et les auto-entrepreneurs. Le membre du gouvernement, [&hellip;]<\/p>\n","protected":false},"author":82,"featured_media":39486,"comment_status":"open","ping_status":"closed","sticky":false,"template":"","format":"standard","meta":{"footnotes":""},"categories":[21,10],"tags":[36,50,49],"class_list":["post-39488","post","type-post","status-publish","format-standard","has-post-thumbnail","hentry","category-communaute","category-toutes-les-actualites","tag-africa-press","tag-africa-press-gabon","tag-gabon"],"yoast_head":"<!-- This site is optimized with the Yoast SEO Premium plugin v26.1 (Yoast SEO v27.0) - https:\/\/yoast.com\/product\/yoast-seo-premium-wordpress\/ -->\n<title>Gamba : Mbongo Rafemo au fait des pr\u00e9occupations des populations - Gabon<\/title>\n<meta name=\"description\" content=\"En se\u0301jour dans la province de l\u2019Ogooue\u0301-Maritime, le ministre de l\u2019Industrie en a profite\u0301 pour se rendre, en de\u0301but de ...\" \/>\n<meta name=\"robots\" content=\"index, follow, max-snippet:-1, max-image-preview:large, max-video-preview:-1\" \/>\n<link rel=\"canonical\" href=\"https:\/\/www.africa-press.net\/gabon\/toutes-les-actualites\/gamba-mbongo-rafemo-au-fait-des-preoccupations-des-populations\" \/>\n<meta property=\"og:locale\" content=\"fr_FR\" \/>\n<meta property=\"og:type\" content=\"article\" \/>\n<meta property=\"og:title\" content=\"Gamba : Mbongo Rafemo au fait des pr\u00e9occupations des populations\" \/>\n<meta property=\"og:description\" content=\"En se\u0301jour dans la province de l\u2019Ogooue\u0301-Maritime, le ministre de l\u2019Industrie en a profite\u0301 pour se rendre, en de\u0301but de ...\" \/>\n<meta property=\"og:url\" content=\"https:\/\/www.africa-press.net\/gabon\/toutes-les-actualites\/gamba-mbongo-rafemo-au-fait-des-preoccupations-des-populations\" \/>\n<meta property=\"og:site_name\" content=\"Gabon\" \/>\n<meta property=\"article:published_time\" content=\"2024-05-31T12:38:46+00:00\" \/>\n<meta property=\"article:modified_time\" content=\"2024-05-31T14:00:49+00:00\" \/>\n<meta property=\"og:image\" content=\"https:\/\/static.africa-press.net\/gabon\/sites\/54\/2024\/05\/sm_1717151276.9752.jpg\" \/>\n\t<meta property=\"og:image:width\" content=\"1080\" \/>\n\t<meta property=\"og:image:height\" content=\"810\" \/>\n\t<meta property=\"og:image:type\" content=\"image\/jpeg\" \/>\n<meta name=\"author\" content=\"cfeditorfr\" \/>\n<meta name=\"twitter:card\" content=\"summary_large_image\" \/>\n<meta name=\"twitter:label1\" content=\"\u00c9crit par\" \/>\n\t<meta name=\"twitter:data1\" content=\"cfeditorfr\" \/>\n\t<meta name=\"twitter:label2\" content=\"Dur\u00e9e de lecture estim\u00e9e\" \/>\n\t<meta name=\"twitter:data2\" content=\"3 minutes\" \/>\n<script type=\"application\/ld+json\" class=\"yoast-schema-graph\">{\"@context\":\"https:\/\/schema.org\",\"@graph\":[{\"@type\":\"Article\",\"@id\":\"https:\/\/www.africa-press.net\/gabon\/toutes-les-actualites\/gamba-mbongo-rafemo-au-fait-des-preoccupations-des-populations#article\",\"isPartOf\":{\"@id\":\"https:\/\/www.africa-press.net\/gabon\/toutes-les-actualites\/gamba-mbongo-rafemo-au-fait-des-preoccupations-des-populations\"},\"author\":{\"name\":\"cfeditorfr\",\"@id\":\"https:\/\/www.africa-press.net\/gabon\/#\/schema\/person\/2b1cf3cd81a31e3cd26889ca66d677f1\"},\"headline\":\"Gamba : Mbongo Rafemo au fait des pr\u00e9occupations des populations\",\"datePublished\":\"2024-05-31T12:38:46+00:00\",\"dateModified\":\"2024-05-31T14:00:49+00:00\",\"mainEntityOfPage\":{\"@id\":\"https:\/\/www.africa-press.net\/gabon\/toutes-les-actualites\/gamba-mbongo-rafemo-au-fait-des-preoccupations-des-populations\"},\"wordCount\":608,\"commentCount\":0,\"image\":{\"@id\":\"https:\/\/www.africa-press.net\/gabon\/toutes-les-actualites\/gamba-mbongo-rafemo-au-fait-des-preoccupations-des-populations#primaryimage\"},\"thumbnailUrl\":\"https:\/\/static.africa-press.net\/gabon\/sites\/54\/2024\/05\/sm_1717151276.9752.jpg\",\"keywords\":[\"Africa Press\",\"Africa Press-Gabon\",\"Gabon\"],\"articleSection\":[\"Communaut\u00e9\",\"Toutes les actualit\u00e9s\"],\"inLanguage\":\"fr-FR\",\"potentialAction\":[{\"@type\":\"CommentAction\",\"name\":\"Comment\",\"target\":[\"https:\/\/www.africa-press.net\/gabon\/toutes-les-actualites\/gamba-mbongo-rafemo-au-fait-des-preoccupations-des-populations#respond\"]}]},{\"@type\":\"WebPage\",\"@id\":\"https:\/\/www.africa-press.net\/gabon\/toutes-les-actualites\/gamba-mbongo-rafemo-au-fait-des-preoccupations-des-populations\",\"url\":\"https:\/\/www.africa-press.net\/gabon\/toutes-les-actualites\/gamba-mbongo-rafemo-au-fait-des-preoccupations-des-populations\",\"name\":\"Gamba : Mbongo Rafemo au fait des pr\u00e9occupations des populations - Gabon\",\"isPartOf\":{\"@id\":\"https:\/\/www.africa-press.net\/gabon\/#website\"},\"primaryImageOfPage\":{\"@id\":\"https:\/\/www.africa-press.net\/gabon\/toutes-les-actualites\/gamba-mbongo-rafemo-au-fait-des-preoccupations-des-populations#primaryimage\"},\"image\":{\"@id\":\"https:\/\/www.africa-press.net\/gabon\/toutes-les-actualites\/gamba-mbongo-rafemo-au-fait-des-preoccupations-des-populations#primaryimage\"},\"thumbnailUrl\":\"https:\/\/static.africa-press.net\/gabon\/sites\/54\/2024\/05\/sm_1717151276.9752.jpg\",\"datePublished\":\"2024-05-31T12:38:46+00:00\",\"dateModified\":\"2024-05-31T14:00:49+00:00\",\"author\":{\"@id\":\"https:\/\/www.africa-press.net\/gabon\/#\/schema\/person\/2b1cf3cd81a31e3cd26889ca66d677f1\"},\"description\":\"En se\u0301jour dans la province de l\u2019Ogooue\u0301-Maritime, le ministre de l\u2019Industrie en a profite\u0301 pour se rendre, en de\u0301but de ...\",\"breadcrumb\":{\"@id\":\"https:\/\/www.africa-press.net\/gabon\/toutes-les-actualites\/gamba-mbongo-rafemo-au-fait-des-preoccupations-des-populations#breadcrumb\"},\"inLanguage\":\"fr-FR\",\"potentialAction\":[{\"@type\":\"ReadAction\",\"target\":[\"https:\/\/www.africa-press.net\/gabon\/toutes-les-actualites\/gamba-mbongo-rafemo-au-fait-des-preoccupations-des-populations\"]}]},{\"@type\":\"ImageObject\",\"inLanguage\":\"fr-FR\",\"@id\":\"https:\/\/www.africa-press.net\/gabon\/toutes-les-actualites\/gamba-mbongo-rafemo-au-fait-des-preoccupations-des-populations#primaryimage\",\"url\":\"https:\/\/static.africa-press.net\/gabon\/sites\/54\/2024\/05\/sm_1717151276.9752.jpg\",\"contentUrl\":\"https:\/\/static.africa-press.net\/gabon\/sites\/54\/2024\/05\/sm_1717151276.9752.jpg\",\"width\":1080,\"height\":810,\"caption\":\"Gamba : Mbongo Rafemo au fait des pr\u00e9occupations des populations\"},{\"@type\":\"BreadcrumbList\",\"@id\":\"https:\/\/www.africa-press.net\/gabon\/toutes-les-actualites\/gamba-mbongo-rafemo-au-fait-des-preoccupations-des-populations#breadcrumb\",\"itemListElement\":[{\"@type\":\"ListItem\",\"position\":1,\"name\":\"Accueil\",\"item\":\"https:\/\/www.africa-press.net\/gabon\/\"},{\"@type\":\"ListItem\",\"position\":2,\"name\":\"Gamba : Mbongo Rafemo au fait des pr\u00e9occupations des populations\"}]},{\"@type\":\"WebSite\",\"@id\":\"https:\/\/www.africa-press.net\/gabon\/#website\",\"url\":\"https:\/\/www.africa-press.net\/gabon\/\",\"name\":\"Gabon\",\"description\":\"Just another Africa News Agency Sites site\",\"potentialAction\":[{\"@type\":\"SearchAction\",\"target\":{\"@type\":\"EntryPoint\",\"urlTemplate\":\"https:\/\/www.africa-press.net\/gabon\/?s={search_term_string}\"},\"query-input\":{\"@type\":\"PropertyValueSpecification\",\"valueRequired\":true,\"valueName\":\"search_term_string\"}}],\"inLanguage\":\"fr-FR\"},{\"@type\":\"Person\",\"@id\":\"https:\/\/www.africa-press.net\/gabon\/#\/schema\/person\/2b1cf3cd81a31e3cd26889ca66d677f1\",\"name\":\"cfeditorfr\"}]}<\/script>\n<!-- \/ Yoast SEO Premium plugin. -->","yoast_head_json":{"title":"Gamba : Mbongo Rafemo au fait des pr\u00e9occupations des populations - Gabon","description":"En se\u0301jour dans la province de l\u2019Ogooue\u0301-Maritime, le ministre de l\u2019Industrie en a profite\u0301 pour se rendre, en de\u0301but de ...","robots":{"index":"index","follow":"follow","max-snippet":"max-snippet:-1","max-image-preview":"max-image-preview:large","max-video-preview":"max-video-preview:-1"},"canonical":"https:\/\/www.africa-press.net\/gabon\/toutes-les-actualites\/gamba-mbongo-rafemo-au-fait-des-preoccupations-des-populations","og_locale":"fr_FR","og_type":"article","og_title":"Gamba : Mbongo Rafemo au fait des pr\u00e9occupations des populations","og_description":"En se\u0301jour dans la province de l\u2019Ogooue\u0301-Maritime, le ministre de l\u2019Industrie en a profite\u0301 pour se rendre, en de\u0301but de ...","og_url":"https:\/\/www.africa-press.net\/gabon\/toutes-les-actualites\/gamba-mbongo-rafemo-au-fait-des-preoccupations-des-populations","og_site_name":"Gabon","article_published_time":"2024-05-31T12:38:46+00:00","article_modified_time":"2024-05-31T14:00:49+00:00","og_image":[{"width":1080,"height":810,"url":"https:\/\/static.africa-press.net\/gabon\/sites\/54\/2024\/05\/sm_1717151276.9752.jpg","type":"image\/jpeg"}],"author":"cfeditorfr","twitter_card":"summary_large_image","twitter_misc":{"\u00c9crit par":"cfeditorfr","Dur\u00e9e de lecture estim\u00e9e":"3 minutes"},"schema":{"@context":"https:\/\/schema.org","@graph":[{"@type":"Article","@id":"https:\/\/www.africa-press.net\/gabon\/toutes-les-actualites\/gamba-mbongo-rafemo-au-fait-des-preoccupations-des-populations#article","isPartOf":{"@id":"https:\/\/www.africa-press.net\/gabon\/toutes-les-actualites\/gamba-mbongo-rafemo-au-fait-des-preoccupations-des-populations"},"author":{"name":"cfeditorfr","@id":"https:\/\/www.africa-press.net\/gabon\/#\/schema\/person\/2b1cf3cd81a31e3cd26889ca66d677f1"},"headline":"Gamba : Mbongo Rafemo au fait des pr\u00e9occupations des populations","datePublished":"2024-05-31T12:38:46+00:00","dateModified":"2024-05-31T14:00:49+00:00","mainEntityOfPage":{"@id":"https:\/\/www.africa-press.net\/gabon\/toutes-les-actualites\/gamba-mbongo-rafemo-au-fait-des-preoccupations-des-populations"},"wordCount":608,"commentCount":0,"image":{"@id":"https:\/\/www.africa-press.net\/gabon\/toutes-les-actualites\/gamba-mbongo-rafemo-au-fait-des-preoccupations-des-populations#primaryimage"},"thumbnailUrl":"https:\/\/static.africa-press.net\/gabon\/sites\/54\/2024\/05\/sm_1717151276.9752.jpg","keywords":["Africa Press","Africa Press-Gabon","Gabon"],"articleSection":["Communaut\u00e9","Toutes les actualit\u00e9s"],"inLanguage":"fr-FR","potentialAction":[{"@type":"CommentAction","name":"Comment","target":["https:\/\/www.africa-press.net\/gabon\/toutes-les-actualites\/gamba-mbongo-rafemo-au-fait-des-preoccupations-des-populations#respond"]}]},{"@type":"WebPage","@id":"https:\/\/www.africa-press.net\/gabon\/toutes-les-actualites\/gamba-mbongo-rafemo-au-fait-des-preoccupations-des-populations","url":"https:\/\/www.africa-press.net\/gabon\/toutes-les-actualites\/gamba-mbongo-rafemo-au-fait-des-preoccupations-des-populations","name":"Gamba : Mbongo Rafemo au fait des pr\u00e9occupations des populations - Gabon","isPartOf":{"@id":"https:\/\/www.africa-press.net\/gabon\/#website"},"primaryImageOfPage":{"@id":"https:\/\/www.africa-press.net\/gabon\/toutes-les-actualites\/gamba-mbongo-rafemo-au-fait-des-preoccupations-des-populations#primaryimage"},"image":{"@id":"https:\/\/www.africa-press.net\/gabon\/toutes-les-actualites\/gamba-mbongo-rafemo-au-fait-des-preoccupations-des-populations#primaryimage"},"thumbnailUrl":"https:\/\/static.africa-press.net\/gabon\/sites\/54\/2024\/05\/sm_1717151276.9752.jpg","datePublished":"2024-05-31T12:38:46+00:00","dateModified":"2024-05-31T14:00:49+00:00","author":{"@id":"https:\/\/www.africa-press.net\/gabon\/#\/schema\/person\/2b1cf3cd81a31e3cd26889ca66d677f1"},"description":"En se\u0301jour dans la province de l\u2019Ogooue\u0301-Maritime, le ministre de l\u2019Industrie en a profite\u0301 pour se rendre, en de\u0301but de ...","breadcrumb":{"@id":"https:\/\/www.africa-press.net\/gabon\/toutes-les-actualites\/gamba-mbongo-rafemo-au-fait-des-preoccupations-des-populations#breadcrumb"},"inLanguage":"fr-FR","potentialAction":[{"@type":"ReadAction","target":["https:\/\/www.africa-press.net\/gabon\/toutes-les-actualites\/gamba-mbongo-rafemo-au-fait-des-preoccupations-des-populations"]}]},{"@type":"ImageObject","inLanguage":"fr-FR","@id":"https:\/\/www.africa-press.net\/gabon\/toutes-les-actualites\/gamba-mbongo-rafemo-au-fait-des-preoccupations-des-populations#primaryimage","url":"https:\/\/static.africa-press.net\/gabon\/sites\/54\/2024\/05\/sm_1717151276.9752.jpg","contentUrl":"https:\/\/static.africa-press.net\/gabon\/sites\/54\/2024\/05\/sm_1717151276.9752.jpg","width":1080,"height":810,"caption":"Gamba : Mbongo Rafemo au fait des pr\u00e9occupations des populations"},{"@type":"BreadcrumbList","@id":"https:\/\/www.africa-press.net\/gabon\/toutes-les-actualites\/gamba-mbongo-rafemo-au-fait-des-preoccupations-des-populations#breadcrumb","itemListElement":[{"@type":"ListItem","position":1,"name":"Accueil","item":"https:\/\/www.africa-press.net\/gabon\/"},{"@type":"ListItem","position":2,"name":"Gamba : Mbongo Rafemo au fait des pr\u00e9occupations des populations"}]},{"@type":"WebSite","@id":"https:\/\/www.africa-press.net\/gabon\/#website","url":"https:\/\/www.africa-press.net\/gabon\/","name":"Gabon","description":"Just another Africa News Agency Sites site","potentialAction":[{"@type":"SearchAction","target":{"@type":"EntryPoint","urlTemplate":"https:\/\/www.africa-press.net\/gabon\/?s={search_term_string}"},"query-input":{"@type":"PropertyValueSpecification","valueRequired":true,"valueName":"search_term_string"}}],"inLanguage":"fr-FR"},{"@type":"Person","@id":"https:\/\/www.africa-press.net\/gabon\/#\/schema\/person\/2b1cf3cd81a31e3cd26889ca66d677f1","name":"cfeditorfr"}]}},"_links":{"self":[{"href":"https:\/\/www.africa-press.net\/gabon\/wp-json\/wp\/v2\/posts\/39488","targetHints":{"allow":["GET"]}}],"collection":[{"href":"https:\/\/www.africa-press.net\/gabon\/wp-json\/wp\/v2\/posts"}],"about":[{"href":"https:\/\/www.africa-press.net\/gabon\/wp-json\/wp\/v2\/types\/post"}],"author":[{"embeddable":true,"href":"https:\/\/www.africa-press.net\/gabon\/wp-json\/wp\/v2\/users\/82"}],"replies":[{"embeddable":true,"href":"https:\/\/www.africa-press.net\/gabon\/wp-json\/wp\/v2\/comments?post=39488"}],"version-history":[{"count":0,"href":"https:\/\/www.africa-press.net\/gabon\/wp-json\/wp\/v2\/posts\/39488\/revisions"}],"wp:featuredmedia":[{"embeddable":true,"href":"https:\/\/www.africa-press.net\/gabon\/wp-json\/wp\/v2\/media\/39486"}],"wp:attachment":[{"href":"https:\/\/www.africa-press.net\/gabon\/wp-json\/wp\/v2\/media?parent=39488"}],"wp:term":[{"taxonomy":"category","embeddable":true,"href":"https:\/\/www.africa-press.net\/gabon\/wp-json\/wp\/v2\/categories?post=39488"},{"taxonomy":"post_tag","embeddable":true,"href":"https:\/\/www.africa-press.net\/gabon\/wp-json\/wp\/v2\/tags?post=39488"}],"curies":[{"name":"wp","href":"https:\/\/api.w.org\/{rel}","templated":true}]}}