{"id":39496,"date":"2024-05-31T12:39:08","date_gmt":"2024-05-31T12:39:08","guid":{"rendered":"https:\/\/www.africa-press.net\/gabon\/politique\/oligui-nguema-a-lelysee-ce-vendredi"},"modified":"2024-05-31T14:04:00","modified_gmt":"2024-05-31T14:04:00","slug":"oligui-nguema-a-lelysee-ce-vendredi","status":"publish","type":"post","link":"https:\/\/www.africa-press.net\/gabon\/politique\/oligui-nguema-a-lelysee-ce-vendredi","title":{"rendered":"Oligui Nguema \u00e0 l\u2019Elys\u00e9e ce vendredi"},"content":{"rendered":"<p><span style=\"color: #ff6600\"><strong>Africa-Press &#8211; Gabon. <\/strong><\/span><b>En visite officielle en France depuis le de\u0301but de la semaine, le pre\u0301sident de la Transition gabonaise, Brice Clotaire Oligui Nguema sera rec\u0327u au palais de l\u2019Elyse\u0301e ce vendredi pour un te\u0302te a\u0300 te\u0302te avec son homologue Emmanuel Macron.<\/b><\/p>\n<p>Affaires, de\u0301fense et diplomatie sont les sujets pre\u0301vus au centre de ce premier te\u0302te a\u0300 te\u0302te au palais de l\u2019Elyse\u0301e entre le pre\u0301sident franc\u0327ais et le tombeur du re\u0301gime des Bongo pe\u0300re et fils qui a dirige\u0301 le Gabon durant 55 ans (1967-2023) avec la complicite\u0301 suppose\u0301e de la France.<\/p>\n<p>En pre\u0301vision de la rencontre d\u2019aujourd\u2019hui, le Ge\u0301ne\u0301ral Oligui Nguema a rec\u0327u jeudi en audience Jean -Marie Bockel, Envoye\u0301 personnel du Pre\u0301sident de la Re\u0301publique franc\u0327aise.<\/p>\n<p>\u00ab Outre les questions de De\u0301fense aborde\u0301es durant l\u2019audience, Son Excellence le Ge\u0301ne\u0301ral Brice Clotaire Oligui Nguema et monsieur Jean -Marie Bockel ont e\u0301voque\u0301 les contours du te\u0302te -a\u0300-te\u0302te que va accorder le Pre\u0301sident de la Re\u0301publique franc\u0327aise a\u0300 son Homologue Gabonais dans les prochaines heures \u00bb, a indique\u0301 la pre\u0301sidence gabonaise dans un communique\u0301.<\/p>\n<p><b>Camille Boussoughou<\/b><\/p>\n<p><strong>Pour plus d&rsquo;informations et d&rsquo;analyses sur la <a href=\"https:\/\/www.africa-press.net\/gabon\">Gabon<\/a>, suivez <a href=\"https:\/\/www.africa-press.net\/\">Africa-Press<\/a><\/strong><\/p>\n","protected":false},"excerpt":{"rendered":"<p>Africa-Press &#8211; Gabon. En visite officielle en France depuis le de\u0301but de la semaine, le pre\u0301sident de la Transition gabonaise, Brice Clotaire Oligui Nguema sera rec\u0327u au palais de l\u2019Elyse\u0301e ce vendredi pour un te\u0302te a\u0300 te\u0302te avec son homologue Emmanuel Macron. Affaires, de\u0301fense et diplomatie sont les sujets pre\u0301vus au centre de ce premier [&hellip;]<\/p>\n","protected":false},"author":82,"featured_media":39495,"comment_status":"open","ping_status":"closed","sticky":false,"template":"","format":"standard","meta":{"footnotes":""},"categories":[2,10],"tags":[36,50,49],"class_list":["post-39496","post","type-post","status-publish","format-standard","has-post-thumbnail","hentry","category-politique","category-toutes-les-actualites","tag-africa-press","tag-africa-press-gabon","tag-gabon"],"yoast_head":"<!-- This site is optimized with the Yoast SEO Premium plugin v26.1 (Yoast SEO v27.0) - https:\/\/yoast.com\/product\/yoast-seo-premium-wordpress\/ -->\n<title>Oligui Nguema \u00e0 l\u2019Elys\u00e9e ce vendredi - Gabon<\/title>\n<meta name=\"description\" content=\"En visite officielle en France depuis le de\u0301but de la semaine, le pre\u0301sident de la Transition gabonaise, Brice Clotai ...\" \/>\n<meta name=\"robots\" content=\"index, follow, max-snippet:-1, max-image-preview:large, max-video-preview:-1\" \/>\n<link rel=\"canonical\" href=\"https:\/\/www.africa-press.net\/gabon\/politique\/oligui-nguema-a-lelysee-ce-vendredi\" \/>\n<meta property=\"og:locale\" content=\"fr_FR\" \/>\n<meta property=\"og:type\" content=\"article\" \/>\n<meta property=\"og:title\" content=\"Oligui Nguema \u00e0 l\u2019Elys\u00e9e ce vendredi\" \/>\n<meta property=\"og:description\" content=\"En visite officielle en France depuis le de\u0301but de la semaine, le pre\u0301sident de la Transition gabonaise, Brice Clotai ...\" \/>\n<meta property=\"og:url\" content=\"https:\/\/www.africa-press.net\/gabon\/politique\/oligui-nguema-a-lelysee-ce-vendredi\" \/>\n<meta property=\"og:site_name\" content=\"Gabon\" \/>\n<meta property=\"article:published_time\" content=\"2024-05-31T12:39:08+00:00\" \/>\n<meta property=\"article:modified_time\" content=\"2024-05-31T14:04:00+00:00\" \/>\n<meta property=\"og:image\" content=\"https:\/\/static.africa-press.net\/gabon\/sites\/54\/2024\/05\/sm_1717151475.504053.jpg\" \/>\n\t<meta property=\"og:image:width\" content=\"850\" \/>\n\t<meta property=\"og:image:height\" content=\"557\" \/>\n\t<meta property=\"og:image:type\" content=\"image\/jpeg\" \/>\n<meta name=\"author\" content=\"cfeditorfr\" \/>\n<meta name=\"twitter:card\" content=\"summary_large_image\" \/>\n<meta name=\"twitter:label1\" content=\"\u00c9crit par\" \/>\n\t<meta name=\"twitter:data1\" content=\"cfeditorfr\" \/>\n\t<meta name=\"twitter:label2\" content=\"Dur\u00e9e de lecture estim\u00e9e\" \/>\n\t<meta name=\"twitter:data2\" content=\"1 minute\" \/>\n<script type=\"application\/ld+json\" class=\"yoast-schema-graph\">{\"@context\":\"https:\/\/schema.org\",\"@graph\":[{\"@type\":\"Article\",\"@id\":\"https:\/\/www.africa-press.net\/gabon\/politique\/oligui-nguema-a-lelysee-ce-vendredi#article\",\"isPartOf\":{\"@id\":\"https:\/\/www.africa-press.net\/gabon\/politique\/oligui-nguema-a-lelysee-ce-vendredi\"},\"author\":{\"name\":\"cfeditorfr\",\"@id\":\"https:\/\/www.africa-press.net\/gabon\/#\/schema\/person\/2b1cf3cd81a31e3cd26889ca66d677f1\"},\"headline\":\"Oligui Nguema \u00e0 l\u2019Elys\u00e9e ce vendredi\",\"datePublished\":\"2024-05-31T12:39:08+00:00\",\"dateModified\":\"2024-05-31T14:04:00+00:00\",\"mainEntityOfPage\":{\"@id\":\"https:\/\/www.africa-press.net\/gabon\/politique\/oligui-nguema-a-lelysee-ce-vendredi\"},\"wordCount\":231,\"commentCount\":0,\"image\":{\"@id\":\"https:\/\/www.africa-press.net\/gabon\/politique\/oligui-nguema-a-lelysee-ce-vendredi#primaryimage\"},\"thumbnailUrl\":\"https:\/\/static.africa-press.net\/gabon\/sites\/54\/2024\/05\/sm_1717151475.504053.jpg\",\"keywords\":[\"Africa Press\",\"Africa Press-Gabon\",\"Gabon\"],\"articleSection\":[\"Politique\",\"Toutes les actualit\u00e9s\"],\"inLanguage\":\"fr-FR\",\"potentialAction\":[{\"@type\":\"CommentAction\",\"name\":\"Comment\",\"target\":[\"https:\/\/www.africa-press.net\/gabon\/politique\/oligui-nguema-a-lelysee-ce-vendredi#respond\"]}]},{\"@type\":\"WebPage\",\"@id\":\"https:\/\/www.africa-press.net\/gabon\/politique\/oligui-nguema-a-lelysee-ce-vendredi\",\"url\":\"https:\/\/www.africa-press.net\/gabon\/politique\/oligui-nguema-a-lelysee-ce-vendredi\",\"name\":\"Oligui Nguema \u00e0 l\u2019Elys\u00e9e ce vendredi - Gabon\",\"isPartOf\":{\"@id\":\"https:\/\/www.africa-press.net\/gabon\/#website\"},\"primaryImageOfPage\":{\"@id\":\"https:\/\/www.africa-press.net\/gabon\/politique\/oligui-nguema-a-lelysee-ce-vendredi#primaryimage\"},\"image\":{\"@id\":\"https:\/\/www.africa-press.net\/gabon\/politique\/oligui-nguema-a-lelysee-ce-vendredi#primaryimage\"},\"thumbnailUrl\":\"https:\/\/static.africa-press.net\/gabon\/sites\/54\/2024\/05\/sm_1717151475.504053.jpg\",\"datePublished\":\"2024-05-31T12:39:08+00:00\",\"dateModified\":\"2024-05-31T14:04:00+00:00\",\"author\":{\"@id\":\"https:\/\/www.africa-press.net\/gabon\/#\/schema\/person\/2b1cf3cd81a31e3cd26889ca66d677f1\"},\"description\":\"En visite officielle en France depuis le de\u0301but de la semaine, le pre\u0301sident de la Transition gabonaise, Brice Clotai ...\",\"breadcrumb\":{\"@id\":\"https:\/\/www.africa-press.net\/gabon\/politique\/oligui-nguema-a-lelysee-ce-vendredi#breadcrumb\"},\"inLanguage\":\"fr-FR\",\"potentialAction\":[{\"@type\":\"ReadAction\",\"target\":[\"https:\/\/www.africa-press.net\/gabon\/politique\/oligui-nguema-a-lelysee-ce-vendredi\"]}]},{\"@type\":\"ImageObject\",\"inLanguage\":\"fr-FR\",\"@id\":\"https:\/\/www.africa-press.net\/gabon\/politique\/oligui-nguema-a-lelysee-ce-vendredi#primaryimage\",\"url\":\"https:\/\/static.africa-press.net\/gabon\/sites\/54\/2024\/05\/sm_1717151475.504053.jpg\",\"contentUrl\":\"https:\/\/static.africa-press.net\/gabon\/sites\/54\/2024\/05\/sm_1717151475.504053.jpg\",\"width\":850,\"height\":557,\"caption\":\"Oligui Nguema \u00e0 l\u2019Elys\u00e9e ce vendredi\"},{\"@type\":\"BreadcrumbList\",\"@id\":\"https:\/\/www.africa-press.net\/gabon\/politique\/oligui-nguema-a-lelysee-ce-vendredi#breadcrumb\",\"itemListElement\":[{\"@type\":\"ListItem\",\"position\":1,\"name\":\"Accueil\",\"item\":\"https:\/\/www.africa-press.net\/gabon\/\"},{\"@type\":\"ListItem\",\"position\":2,\"name\":\"Oligui Nguema \u00e0 l\u2019Elys\u00e9e ce vendredi\"}]},{\"@type\":\"WebSite\",\"@id\":\"https:\/\/www.africa-press.net\/gabon\/#website\",\"url\":\"https:\/\/www.africa-press.net\/gabon\/\",\"name\":\"Gabon\",\"description\":\"Just another Africa News Agency Sites site\",\"potentialAction\":[{\"@type\":\"SearchAction\",\"target\":{\"@type\":\"EntryPoint\",\"urlTemplate\":\"https:\/\/www.africa-press.net\/gabon\/?s={search_term_string}\"},\"query-input\":{\"@type\":\"PropertyValueSpecification\",\"valueRequired\":true,\"valueName\":\"search_term_string\"}}],\"inLanguage\":\"fr-FR\"},{\"@type\":\"Person\",\"@id\":\"https:\/\/www.africa-press.net\/gabon\/#\/schema\/person\/2b1cf3cd81a31e3cd26889ca66d677f1\",\"name\":\"cfeditorfr\"}]}<\/script>\n<!-- \/ Yoast SEO Premium plugin. -->","yoast_head_json":{"title":"Oligui Nguema \u00e0 l\u2019Elys\u00e9e ce vendredi - Gabon","description":"En visite officielle en France depuis le de\u0301but de la semaine, le pre\u0301sident de la Transition gabonaise, Brice Clotai ...","robots":{"index":"index","follow":"follow","max-snippet":"max-snippet:-1","max-image-preview":"max-image-preview:large","max-video-preview":"max-video-preview:-1"},"canonical":"https:\/\/www.africa-press.net\/gabon\/politique\/oligui-nguema-a-lelysee-ce-vendredi","og_locale":"fr_FR","og_type":"article","og_title":"Oligui Nguema \u00e0 l\u2019Elys\u00e9e ce vendredi","og_description":"En visite officielle en France depuis le de\u0301but de la semaine, le pre\u0301sident de la Transition gabonaise, Brice Clotai ...","og_url":"https:\/\/www.africa-press.net\/gabon\/politique\/oligui-nguema-a-lelysee-ce-vendredi","og_site_name":"Gabon","article_published_time":"2024-05-31T12:39:08+00:00","article_modified_time":"2024-05-31T14:04:00+00:00","og_image":[{"width":850,"height":557,"url":"https:\/\/static.africa-press.net\/gabon\/sites\/54\/2024\/05\/sm_1717151475.504053.jpg","type":"image\/jpeg"}],"author":"cfeditorfr","twitter_card":"summary_large_image","twitter_misc":{"\u00c9crit par":"cfeditorfr","Dur\u00e9e de lecture estim\u00e9e":"1 minute"},"schema":{"@context":"https:\/\/schema.org","@graph":[{"@type":"Article","@id":"https:\/\/www.africa-press.net\/gabon\/politique\/oligui-nguema-a-lelysee-ce-vendredi#article","isPartOf":{"@id":"https:\/\/www.africa-press.net\/gabon\/politique\/oligui-nguema-a-lelysee-ce-vendredi"},"author":{"name":"cfeditorfr","@id":"https:\/\/www.africa-press.net\/gabon\/#\/schema\/person\/2b1cf3cd81a31e3cd26889ca66d677f1"},"headline":"Oligui Nguema \u00e0 l\u2019Elys\u00e9e ce vendredi","datePublished":"2024-05-31T12:39:08+00:00","dateModified":"2024-05-31T14:04:00+00:00","mainEntityOfPage":{"@id":"https:\/\/www.africa-press.net\/gabon\/politique\/oligui-nguema-a-lelysee-ce-vendredi"},"wordCount":231,"commentCount":0,"image":{"@id":"https:\/\/www.africa-press.net\/gabon\/politique\/oligui-nguema-a-lelysee-ce-vendredi#primaryimage"},"thumbnailUrl":"https:\/\/static.africa-press.net\/gabon\/sites\/54\/2024\/05\/sm_1717151475.504053.jpg","keywords":["Africa Press","Africa Press-Gabon","Gabon"],"articleSection":["Politique","Toutes les actualit\u00e9s"],"inLanguage":"fr-FR","potentialAction":[{"@type":"CommentAction","name":"Comment","target":["https:\/\/www.africa-press.net\/gabon\/politique\/oligui-nguema-a-lelysee-ce-vendredi#respond"]}]},{"@type":"WebPage","@id":"https:\/\/www.africa-press.net\/gabon\/politique\/oligui-nguema-a-lelysee-ce-vendredi","url":"https:\/\/www.africa-press.net\/gabon\/politique\/oligui-nguema-a-lelysee-ce-vendredi","name":"Oligui Nguema \u00e0 l\u2019Elys\u00e9e ce vendredi - Gabon","isPartOf":{"@id":"https:\/\/www.africa-press.net\/gabon\/#website"},"primaryImageOfPage":{"@id":"https:\/\/www.africa-press.net\/gabon\/politique\/oligui-nguema-a-lelysee-ce-vendredi#primaryimage"},"image":{"@id":"https:\/\/www.africa-press.net\/gabon\/politique\/oligui-nguema-a-lelysee-ce-vendredi#primaryimage"},"thumbnailUrl":"https:\/\/static.africa-press.net\/gabon\/sites\/54\/2024\/05\/sm_1717151475.504053.jpg","datePublished":"2024-05-31T12:39:08+00:00","dateModified":"2024-05-31T14:04:00+00:00","author":{"@id":"https:\/\/www.africa-press.net\/gabon\/#\/schema\/person\/2b1cf3cd81a31e3cd26889ca66d677f1"},"description":"En visite officielle en France depuis le de\u0301but de la semaine, le pre\u0301sident de la Transition gabonaise, Brice Clotai ...","breadcrumb":{"@id":"https:\/\/www.africa-press.net\/gabon\/politique\/oligui-nguema-a-lelysee-ce-vendredi#breadcrumb"},"inLanguage":"fr-FR","potentialAction":[{"@type":"ReadAction","target":["https:\/\/www.africa-press.net\/gabon\/politique\/oligui-nguema-a-lelysee-ce-vendredi"]}]},{"@type":"ImageObject","inLanguage":"fr-FR","@id":"https:\/\/www.africa-press.net\/gabon\/politique\/oligui-nguema-a-lelysee-ce-vendredi#primaryimage","url":"https:\/\/static.africa-press.net\/gabon\/sites\/54\/2024\/05\/sm_1717151475.504053.jpg","contentUrl":"https:\/\/static.africa-press.net\/gabon\/sites\/54\/2024\/05\/sm_1717151475.504053.jpg","width":850,"height":557,"caption":"Oligui Nguema \u00e0 l\u2019Elys\u00e9e ce vendredi"},{"@type":"BreadcrumbList","@id":"https:\/\/www.africa-press.net\/gabon\/politique\/oligui-nguema-a-lelysee-ce-vendredi#breadcrumb","itemListElement":[{"@type":"ListItem","position":1,"name":"Accueil","item":"https:\/\/www.africa-press.net\/gabon\/"},{"@type":"ListItem","position":2,"name":"Oligui Nguema \u00e0 l\u2019Elys\u00e9e ce vendredi"}]},{"@type":"WebSite","@id":"https:\/\/www.africa-press.net\/gabon\/#website","url":"https:\/\/www.africa-press.net\/gabon\/","name":"Gabon","description":"Just another Africa News Agency Sites site","potentialAction":[{"@type":"SearchAction","target":{"@type":"EntryPoint","urlTemplate":"https:\/\/www.africa-press.net\/gabon\/?s={search_term_string}"},"query-input":{"@type":"PropertyValueSpecification","valueRequired":true,"valueName":"search_term_string"}}],"inLanguage":"fr-FR"},{"@type":"Person","@id":"https:\/\/www.africa-press.net\/gabon\/#\/schema\/person\/2b1cf3cd81a31e3cd26889ca66d677f1","name":"cfeditorfr"}]}},"_links":{"self":[{"href":"https:\/\/www.africa-press.net\/gabon\/wp-json\/wp\/v2\/posts\/39496","targetHints":{"allow":["GET"]}}],"collection":[{"href":"https:\/\/www.africa-press.net\/gabon\/wp-json\/wp\/v2\/posts"}],"about":[{"href":"https:\/\/www.africa-press.net\/gabon\/wp-json\/wp\/v2\/types\/post"}],"author":[{"embeddable":true,"href":"https:\/\/www.africa-press.net\/gabon\/wp-json\/wp\/v2\/users\/82"}],"replies":[{"embeddable":true,"href":"https:\/\/www.africa-press.net\/gabon\/wp-json\/wp\/v2\/comments?post=39496"}],"version-history":[{"count":0,"href":"https:\/\/www.africa-press.net\/gabon\/wp-json\/wp\/v2\/posts\/39496\/revisions"}],"wp:featuredmedia":[{"embeddable":true,"href":"https:\/\/www.africa-press.net\/gabon\/wp-json\/wp\/v2\/media\/39495"}],"wp:attachment":[{"href":"https:\/\/www.africa-press.net\/gabon\/wp-json\/wp\/v2\/media?parent=39496"}],"wp:term":[{"taxonomy":"category","embeddable":true,"href":"https:\/\/www.africa-press.net\/gabon\/wp-json\/wp\/v2\/categories?post=39496"},{"taxonomy":"post_tag","embeddable":true,"href":"https:\/\/www.africa-press.net\/gabon\/wp-json\/wp\/v2\/tags?post=39496"}],"curies":[{"name":"wp","href":"https:\/\/api.w.org\/{rel}","templated":true}]}}