{"id":39502,"date":"2024-05-31T12:39:21","date_gmt":"2024-05-31T12:39:21","guid":{"rendered":"https:\/\/www.africa-press.net\/gabon\/politique\/deces-de-la-mere-de-linternational-gabonais-sydney-obissa"},"modified":"2024-05-31T14:06:14","modified_gmt":"2024-05-31T14:06:14","slug":"deces-de-la-mere-de-linternational-gabonais-sydney-obissa","status":"publish","type":"post","link":"https:\/\/www.africa-press.net\/gabon\/sports\/deces-de-la-mere-de-linternational-gabonais-sydney-obissa","title":{"rendered":"D\u00e9c\u00e8s de la m\u00e8re de l\u2019international gabonais Sydney Obissa"},"content":{"rendered":"<p><span style=\"color: #ff6600\"><strong>Africa-Press &#8211; Gabon. <\/strong><\/span><b>Le de\u0301fenseur de l\u2019e\u0301quipe nationale du Gabon de football et du club belge des Francs Borains, Sidney Evrard Vie\u0301rin Obissa a perdu sa me\u0300re, Marie Louise Obissa ne\u0301e Gnigone Engone, a appris la re\u0301daction de Gabonactu.com sans plus de de\u0301tails.<\/b><\/p>\n<p>Dans un communique\u0301, la Fe\u0301de\u0301ration gabonaise de football (FEGAFOOT) a pre\u0301sente\u0301 ses since\u0300res condole\u0301ances au joueur a\u0302ge\u0301 de 24 ans.<\/p>\n<p><b>Marie Dorothe\u0301e<\/b><\/p>\n<p><strong>Pour plus d&rsquo;informations et d&rsquo;analyses sur la <a href=\"https:\/\/www.africa-press.net\/gabon\">Gabon<\/a>, suivez <a href=\"https:\/\/www.africa-press.net\/\">Africa-Press<\/a><\/strong><\/p>\n","protected":false},"excerpt":{"rendered":"<p>Africa-Press &#8211; Gabon. Le de\u0301fenseur de l\u2019e\u0301quipe nationale du Gabon de football et du club belge des Francs Borains, Sidney Evrard Vie\u0301rin Obissa a perdu sa me\u0300re, Marie Louise Obissa ne\u0301e Gnigone Engone, a appris la re\u0301daction de Gabonactu.com sans plus de de\u0301tails. Dans un communique\u0301, la Fe\u0301de\u0301ration gabonaise de football (FEGAFOOT) a pre\u0301sente\u0301 ses [&hellip;]<\/p>\n","protected":false},"author":82,"featured_media":39501,"comment_status":"open","ping_status":"closed","sticky":false,"template":"","format":"standard","meta":{"footnotes":""},"categories":[6,10],"tags":[36,50,49],"class_list":["post-39502","post","type-post","status-publish","format-standard","has-post-thumbnail","hentry","category-sports","category-toutes-les-actualites","tag-africa-press","tag-africa-press-gabon","tag-gabon"],"yoast_head":"<!-- This site is optimized with the Yoast SEO Premium plugin v26.1 (Yoast SEO v27.0) - https:\/\/yoast.com\/product\/yoast-seo-premium-wordpress\/ -->\n<title>D\u00e9c\u00e8s de la m\u00e8re de l\u2019international gabonais Sydney Obissa - Gabon<\/title>\n<meta name=\"description\" content=\"Le de\u0301fenseur de l\u2019e\u0301quipe nationale du Gabon de football et du club belge des Francs Borains, Sidney Evrard Vie\u0301rin ...\" \/>\n<meta name=\"robots\" content=\"index, follow, max-snippet:-1, max-image-preview:large, max-video-preview:-1\" \/>\n<link rel=\"canonical\" href=\"https:\/\/www.africa-press.net\/gabon\/sports\/deces-de-la-mere-de-linternational-gabonais-sydney-obissa\" \/>\n<meta property=\"og:locale\" content=\"fr_FR\" \/>\n<meta property=\"og:type\" content=\"article\" \/>\n<meta property=\"og:title\" content=\"D\u00e9c\u00e8s de la m\u00e8re de l\u2019international gabonais Sydney Obissa\" \/>\n<meta property=\"og:description\" content=\"Le de\u0301fenseur de l\u2019e\u0301quipe nationale du Gabon de football et du club belge des Francs Borains, Sidney Evrard Vie\u0301rin ...\" \/>\n<meta property=\"og:url\" content=\"https:\/\/www.africa-press.net\/gabon\/sports\/deces-de-la-mere-de-linternational-gabonais-sydney-obissa\" \/>\n<meta property=\"og:site_name\" content=\"Gabon\" \/>\n<meta property=\"article:published_time\" content=\"2024-05-31T12:39:21+00:00\" \/>\n<meta property=\"article:modified_time\" content=\"2024-05-31T14:06:14+00:00\" \/>\n<meta property=\"og:image\" content=\"https:\/\/static.africa-press.net\/gabon\/sites\/54\/2024\/05\/sm_1717151593.903335.jpg\" \/>\n\t<meta property=\"og:image:width\" content=\"720\" \/>\n\t<meta property=\"og:image:height\" content=\"424\" \/>\n\t<meta property=\"og:image:type\" content=\"image\/jpeg\" \/>\n<meta name=\"author\" content=\"cfeditorfr\" \/>\n<meta name=\"twitter:card\" content=\"summary_large_image\" \/>\n<meta name=\"twitter:label1\" content=\"\u00c9crit par\" \/>\n\t<meta name=\"twitter:data1\" content=\"cfeditorfr\" \/>\n<script type=\"application\/ld+json\" class=\"yoast-schema-graph\">{\"@context\":\"https:\/\/schema.org\",\"@graph\":[{\"@type\":\"Article\",\"@id\":\"https:\/\/www.africa-press.net\/gabon\/sports\/deces-de-la-mere-de-linternational-gabonais-sydney-obissa#article\",\"isPartOf\":{\"@id\":\"https:\/\/www.africa-press.net\/gabon\/sports\/deces-de-la-mere-de-linternational-gabonais-sydney-obissa\"},\"author\":{\"name\":\"cfeditorfr\",\"@id\":\"https:\/\/www.africa-press.net\/gabon\/#\/schema\/person\/2b1cf3cd81a31e3cd26889ca66d677f1\"},\"headline\":\"D\u00e9c\u00e8s de la m\u00e8re de l\u2019international gabonais Sydney Obissa\",\"datePublished\":\"2024-05-31T12:39:21+00:00\",\"dateModified\":\"2024-05-31T14:06:14+00:00\",\"mainEntityOfPage\":{\"@id\":\"https:\/\/www.africa-press.net\/gabon\/sports\/deces-de-la-mere-de-linternational-gabonais-sydney-obissa\"},\"wordCount\":105,\"commentCount\":0,\"image\":{\"@id\":\"https:\/\/www.africa-press.net\/gabon\/sports\/deces-de-la-mere-de-linternational-gabonais-sydney-obissa#primaryimage\"},\"thumbnailUrl\":\"https:\/\/static.africa-press.net\/gabon\/sites\/54\/2024\/05\/sm_1717151593.903335.jpg\",\"keywords\":[\"Africa Press\",\"Africa Press-Gabon\",\"Gabon\"],\"articleSection\":[\"Sports\",\"Toutes les actualit\u00e9s\"],\"inLanguage\":\"fr-FR\",\"potentialAction\":[{\"@type\":\"CommentAction\",\"name\":\"Comment\",\"target\":[\"https:\/\/www.africa-press.net\/gabon\/sports\/deces-de-la-mere-de-linternational-gabonais-sydney-obissa#respond\"]}]},{\"@type\":\"WebPage\",\"@id\":\"https:\/\/www.africa-press.net\/gabon\/sports\/deces-de-la-mere-de-linternational-gabonais-sydney-obissa\",\"url\":\"https:\/\/www.africa-press.net\/gabon\/sports\/deces-de-la-mere-de-linternational-gabonais-sydney-obissa\",\"name\":\"D\u00e9c\u00e8s de la m\u00e8re de l\u2019international gabonais Sydney Obissa - Gabon\",\"isPartOf\":{\"@id\":\"https:\/\/www.africa-press.net\/gabon\/#website\"},\"primaryImageOfPage\":{\"@id\":\"https:\/\/www.africa-press.net\/gabon\/sports\/deces-de-la-mere-de-linternational-gabonais-sydney-obissa#primaryimage\"},\"image\":{\"@id\":\"https:\/\/www.africa-press.net\/gabon\/sports\/deces-de-la-mere-de-linternational-gabonais-sydney-obissa#primaryimage\"},\"thumbnailUrl\":\"https:\/\/static.africa-press.net\/gabon\/sites\/54\/2024\/05\/sm_1717151593.903335.jpg\",\"datePublished\":\"2024-05-31T12:39:21+00:00\",\"dateModified\":\"2024-05-31T14:06:14+00:00\",\"author\":{\"@id\":\"https:\/\/www.africa-press.net\/gabon\/#\/schema\/person\/2b1cf3cd81a31e3cd26889ca66d677f1\"},\"description\":\"Le de\u0301fenseur de l\u2019e\u0301quipe nationale du Gabon de football et du club belge des Francs Borains, Sidney Evrard Vie\u0301rin ...\",\"breadcrumb\":{\"@id\":\"https:\/\/www.africa-press.net\/gabon\/sports\/deces-de-la-mere-de-linternational-gabonais-sydney-obissa#breadcrumb\"},\"inLanguage\":\"fr-FR\",\"potentialAction\":[{\"@type\":\"ReadAction\",\"target\":[\"https:\/\/www.africa-press.net\/gabon\/sports\/deces-de-la-mere-de-linternational-gabonais-sydney-obissa\"]}]},{\"@type\":\"ImageObject\",\"inLanguage\":\"fr-FR\",\"@id\":\"https:\/\/www.africa-press.net\/gabon\/sports\/deces-de-la-mere-de-linternational-gabonais-sydney-obissa#primaryimage\",\"url\":\"https:\/\/static.africa-press.net\/gabon\/sites\/54\/2024\/05\/sm_1717151593.903335.jpg\",\"contentUrl\":\"https:\/\/static.africa-press.net\/gabon\/sites\/54\/2024\/05\/sm_1717151593.903335.jpg\",\"width\":720,\"height\":424,\"caption\":\"D\u00e9c\u00e8s de la m\u00e8re de l\u2019international gabonais Sydney Obissa\"},{\"@type\":\"BreadcrumbList\",\"@id\":\"https:\/\/www.africa-press.net\/gabon\/sports\/deces-de-la-mere-de-linternational-gabonais-sydney-obissa#breadcrumb\",\"itemListElement\":[{\"@type\":\"ListItem\",\"position\":1,\"name\":\"Accueil\",\"item\":\"https:\/\/www.africa-press.net\/gabon\/\"},{\"@type\":\"ListItem\",\"position\":2,\"name\":\"D\u00e9c\u00e8s de la m\u00e8re de l\u2019international gabonais Sydney Obissa\"}]},{\"@type\":\"WebSite\",\"@id\":\"https:\/\/www.africa-press.net\/gabon\/#website\",\"url\":\"https:\/\/www.africa-press.net\/gabon\/\",\"name\":\"Gabon\",\"description\":\"Just another Africa News Agency Sites site\",\"potentialAction\":[{\"@type\":\"SearchAction\",\"target\":{\"@type\":\"EntryPoint\",\"urlTemplate\":\"https:\/\/www.africa-press.net\/gabon\/?s={search_term_string}\"},\"query-input\":{\"@type\":\"PropertyValueSpecification\",\"valueRequired\":true,\"valueName\":\"search_term_string\"}}],\"inLanguage\":\"fr-FR\"},{\"@type\":\"Person\",\"@id\":\"https:\/\/www.africa-press.net\/gabon\/#\/schema\/person\/2b1cf3cd81a31e3cd26889ca66d677f1\",\"name\":\"cfeditorfr\"}]}<\/script>\n<!-- \/ Yoast SEO Premium plugin. -->","yoast_head_json":{"title":"D\u00e9c\u00e8s de la m\u00e8re de l\u2019international gabonais Sydney Obissa - Gabon","description":"Le de\u0301fenseur de l\u2019e\u0301quipe nationale du Gabon de football et du club belge des Francs Borains, Sidney Evrard Vie\u0301rin ...","robots":{"index":"index","follow":"follow","max-snippet":"max-snippet:-1","max-image-preview":"max-image-preview:large","max-video-preview":"max-video-preview:-1"},"canonical":"https:\/\/www.africa-press.net\/gabon\/sports\/deces-de-la-mere-de-linternational-gabonais-sydney-obissa","og_locale":"fr_FR","og_type":"article","og_title":"D\u00e9c\u00e8s de la m\u00e8re de l\u2019international gabonais Sydney Obissa","og_description":"Le de\u0301fenseur de l\u2019e\u0301quipe nationale du Gabon de football et du club belge des Francs Borains, Sidney Evrard Vie\u0301rin ...","og_url":"https:\/\/www.africa-press.net\/gabon\/sports\/deces-de-la-mere-de-linternational-gabonais-sydney-obissa","og_site_name":"Gabon","article_published_time":"2024-05-31T12:39:21+00:00","article_modified_time":"2024-05-31T14:06:14+00:00","og_image":[{"width":720,"height":424,"url":"https:\/\/static.africa-press.net\/gabon\/sites\/54\/2024\/05\/sm_1717151593.903335.jpg","type":"image\/jpeg"}],"author":"cfeditorfr","twitter_card":"summary_large_image","twitter_misc":{"\u00c9crit par":"cfeditorfr"},"schema":{"@context":"https:\/\/schema.org","@graph":[{"@type":"Article","@id":"https:\/\/www.africa-press.net\/gabon\/sports\/deces-de-la-mere-de-linternational-gabonais-sydney-obissa#article","isPartOf":{"@id":"https:\/\/www.africa-press.net\/gabon\/sports\/deces-de-la-mere-de-linternational-gabonais-sydney-obissa"},"author":{"name":"cfeditorfr","@id":"https:\/\/www.africa-press.net\/gabon\/#\/schema\/person\/2b1cf3cd81a31e3cd26889ca66d677f1"},"headline":"D\u00e9c\u00e8s de la m\u00e8re de l\u2019international gabonais Sydney Obissa","datePublished":"2024-05-31T12:39:21+00:00","dateModified":"2024-05-31T14:06:14+00:00","mainEntityOfPage":{"@id":"https:\/\/www.africa-press.net\/gabon\/sports\/deces-de-la-mere-de-linternational-gabonais-sydney-obissa"},"wordCount":105,"commentCount":0,"image":{"@id":"https:\/\/www.africa-press.net\/gabon\/sports\/deces-de-la-mere-de-linternational-gabonais-sydney-obissa#primaryimage"},"thumbnailUrl":"https:\/\/static.africa-press.net\/gabon\/sites\/54\/2024\/05\/sm_1717151593.903335.jpg","keywords":["Africa Press","Africa Press-Gabon","Gabon"],"articleSection":["Sports","Toutes les actualit\u00e9s"],"inLanguage":"fr-FR","potentialAction":[{"@type":"CommentAction","name":"Comment","target":["https:\/\/www.africa-press.net\/gabon\/sports\/deces-de-la-mere-de-linternational-gabonais-sydney-obissa#respond"]}]},{"@type":"WebPage","@id":"https:\/\/www.africa-press.net\/gabon\/sports\/deces-de-la-mere-de-linternational-gabonais-sydney-obissa","url":"https:\/\/www.africa-press.net\/gabon\/sports\/deces-de-la-mere-de-linternational-gabonais-sydney-obissa","name":"D\u00e9c\u00e8s de la m\u00e8re de l\u2019international gabonais Sydney Obissa - Gabon","isPartOf":{"@id":"https:\/\/www.africa-press.net\/gabon\/#website"},"primaryImageOfPage":{"@id":"https:\/\/www.africa-press.net\/gabon\/sports\/deces-de-la-mere-de-linternational-gabonais-sydney-obissa#primaryimage"},"image":{"@id":"https:\/\/www.africa-press.net\/gabon\/sports\/deces-de-la-mere-de-linternational-gabonais-sydney-obissa#primaryimage"},"thumbnailUrl":"https:\/\/static.africa-press.net\/gabon\/sites\/54\/2024\/05\/sm_1717151593.903335.jpg","datePublished":"2024-05-31T12:39:21+00:00","dateModified":"2024-05-31T14:06:14+00:00","author":{"@id":"https:\/\/www.africa-press.net\/gabon\/#\/schema\/person\/2b1cf3cd81a31e3cd26889ca66d677f1"},"description":"Le de\u0301fenseur de l\u2019e\u0301quipe nationale du Gabon de football et du club belge des Francs Borains, Sidney Evrard Vie\u0301rin ...","breadcrumb":{"@id":"https:\/\/www.africa-press.net\/gabon\/sports\/deces-de-la-mere-de-linternational-gabonais-sydney-obissa#breadcrumb"},"inLanguage":"fr-FR","potentialAction":[{"@type":"ReadAction","target":["https:\/\/www.africa-press.net\/gabon\/sports\/deces-de-la-mere-de-linternational-gabonais-sydney-obissa"]}]},{"@type":"ImageObject","inLanguage":"fr-FR","@id":"https:\/\/www.africa-press.net\/gabon\/sports\/deces-de-la-mere-de-linternational-gabonais-sydney-obissa#primaryimage","url":"https:\/\/static.africa-press.net\/gabon\/sites\/54\/2024\/05\/sm_1717151593.903335.jpg","contentUrl":"https:\/\/static.africa-press.net\/gabon\/sites\/54\/2024\/05\/sm_1717151593.903335.jpg","width":720,"height":424,"caption":"D\u00e9c\u00e8s de la m\u00e8re de l\u2019international gabonais Sydney Obissa"},{"@type":"BreadcrumbList","@id":"https:\/\/www.africa-press.net\/gabon\/sports\/deces-de-la-mere-de-linternational-gabonais-sydney-obissa#breadcrumb","itemListElement":[{"@type":"ListItem","position":1,"name":"Accueil","item":"https:\/\/www.africa-press.net\/gabon\/"},{"@type":"ListItem","position":2,"name":"D\u00e9c\u00e8s de la m\u00e8re de l\u2019international gabonais Sydney Obissa"}]},{"@type":"WebSite","@id":"https:\/\/www.africa-press.net\/gabon\/#website","url":"https:\/\/www.africa-press.net\/gabon\/","name":"Gabon","description":"Just another Africa News Agency Sites site","potentialAction":[{"@type":"SearchAction","target":{"@type":"EntryPoint","urlTemplate":"https:\/\/www.africa-press.net\/gabon\/?s={search_term_string}"},"query-input":{"@type":"PropertyValueSpecification","valueRequired":true,"valueName":"search_term_string"}}],"inLanguage":"fr-FR"},{"@type":"Person","@id":"https:\/\/www.africa-press.net\/gabon\/#\/schema\/person\/2b1cf3cd81a31e3cd26889ca66d677f1","name":"cfeditorfr"}]}},"_links":{"self":[{"href":"https:\/\/www.africa-press.net\/gabon\/wp-json\/wp\/v2\/posts\/39502","targetHints":{"allow":["GET"]}}],"collection":[{"href":"https:\/\/www.africa-press.net\/gabon\/wp-json\/wp\/v2\/posts"}],"about":[{"href":"https:\/\/www.africa-press.net\/gabon\/wp-json\/wp\/v2\/types\/post"}],"author":[{"embeddable":true,"href":"https:\/\/www.africa-press.net\/gabon\/wp-json\/wp\/v2\/users\/82"}],"replies":[{"embeddable":true,"href":"https:\/\/www.africa-press.net\/gabon\/wp-json\/wp\/v2\/comments?post=39502"}],"version-history":[{"count":0,"href":"https:\/\/www.africa-press.net\/gabon\/wp-json\/wp\/v2\/posts\/39502\/revisions"}],"wp:featuredmedia":[{"embeddable":true,"href":"https:\/\/www.africa-press.net\/gabon\/wp-json\/wp\/v2\/media\/39501"}],"wp:attachment":[{"href":"https:\/\/www.africa-press.net\/gabon\/wp-json\/wp\/v2\/media?parent=39502"}],"wp:term":[{"taxonomy":"category","embeddable":true,"href":"https:\/\/www.africa-press.net\/gabon\/wp-json\/wp\/v2\/categories?post=39502"},{"taxonomy":"post_tag","embeddable":true,"href":"https:\/\/www.africa-press.net\/gabon\/wp-json\/wp\/v2\/tags?post=39502"}],"curies":[{"name":"wp","href":"https:\/\/api.w.org\/{rel}","templated":true}]}}