{"id":42920,"date":"2024-08-07T21:37:09","date_gmt":"2024-08-07T21:37:09","guid":{"rendered":"https:\/\/www.africa-press.net\/gabon\/politique\/trafic-des-compteurs-la-seeg-appelle-a-la-vigilance"},"modified":"2024-08-07T21:59:08","modified_gmt":"2024-08-07T21:59:08","slug":"trafic-des-compteurs-la-seeg-appelle-a-la-vigilance","status":"publish","type":"post","link":"https:\/\/www.africa-press.net\/gabon\/economie\/trafic-des-compteurs-la-seeg-appelle-a-la-vigilance","title":{"rendered":"Trafic des compteurs : la SEEG appelle \u00e0 la vigilance"},"content":{"rendered":"<p><span style=\"color: #ff6600\"><strong>Africa-Press &#8211; Gabon. <\/strong><\/span><b>La Direction Ge\u0301ne\u0301rale de la SEEG porte a\u0300 la connaissance du public que des individus mal intentionne\u0301s et non encore identifie\u0301s, agents SEEG y compris, proce\u0300dent actuellement au de\u0301marchage commercial des compteurs d\u2019eau et d\u2019e\u0301lectricite\u0301 aupre\u0300s des me\u0301nages du Grand Libreville et de l\u2019inte\u0301rieur du pays, ainsi qu\u2019au recouvrement des frais lie\u0301s a\u0300 cette prestation.<\/b><\/p>\n<p>Devant la recrudescence du phe\u0301nome\u0300ne, la SEEG rappelle a\u0300 l\u2019ensemble des usagers du service public de l\u2019eau potable et de l\u2019e\u0301lectricite\u0301 que les souscriptions d\u2019abonnement se font exclusivement dans ses agences commerciales et sont traite\u0301es par nos charge\u0301s cliente\u0300le.<\/p>\n<p><b>Les re\u0300glements se font uniquement a\u0300 la caisse et aucun agent n\u2019est autorise\u0301 a\u0300 percevoir des fonds en dehors de cet endroit. Tout paiement est assujetti a\u0300 la de\u0301livrance d\u2019une quittance<\/b>.<\/p>\n<p>Une demande de branchement ne\u0301cessite au pre\u0301alable la constitution d\u2019un dossier comportant le nume\u0301ro du poteau e\u0301lectrique le plus proche du logement et la photocopie d\u2019une pie\u0300ce d\u2019identite\u0301 (carte d\u2019identite\u0301 nationale, passeport, etc.) en cours de validite\u0301.<\/p>\n<p>Le dossier ainsi constitue\u0301 est de\u0301pose\u0301 a\u0300 l\u2019agence commerciale aupre\u0300s du Charge\u0301 de cliente\u0300le, qui accompagne le demandeur jusqu\u2019a\u0300 re\u0301alisation du branchement dans un de\u0301lai de 3 semaines apre\u0300s paiement du devis.<\/p>\n<p><b>Les compteurs sont disponibles a\u0300 la SEEG.<\/b> <b>Toute transaction effectue\u0301e aupre\u0300s d\u2019un tiers n\u2019engage nullement l\u2019entreprise.<\/b> La SEEG de\u0301cline sa responsabilite\u0301 vis-a\u0300-vis des victimes de cette arnaque et se re\u0301serve le droit d\u2019engager des poursuites judiciaires contre les auteurs de ces actes re\u0301pre\u0301hensibles. En cas de doute, le Centre Service Clients est joignable au <b>011 76 73 73.<\/b><\/p>\n<p>Division Principale Communication<\/p>\n<p>Contact Media: 011767919<\/p>\n<p>Facebook: @SEEG01<\/p>\n<p>TikTok: seegespaceclients<\/p>\n<p><strong>Pour plus d&rsquo;informations et d&rsquo;analyses sur la <span style=\"color: #ff6600\">Gabon<\/span>, suivez <span style=\"color: #ff6600\">Africa-Press<\/span><\/strong><\/p>\n","protected":false},"excerpt":{"rendered":"<p>Africa-Press &#8211; Gabon. La Direction Ge\u0301ne\u0301rale de la SEEG porte a\u0300 la connaissance du public que des individus mal intentionne\u0301s et non encore identifie\u0301s, agents SEEG y compris, proce\u0300dent actuellement au de\u0301marchage commercial des compteurs d\u2019eau et d\u2019e\u0301lectricite\u0301 aupre\u0300s des me\u0301nages du Grand Libreville et de l\u2019inte\u0301rieur du pays, ainsi qu\u2019au recouvrement des frais lie\u0301s [&hellip;]<\/p>\n","protected":false},"author":82,"featured_media":42919,"comment_status":"open","ping_status":"closed","sticky":false,"template":"","format":"standard","meta":{"footnotes":""},"categories":[3,10],"tags":[49],"class_list":["post-42920","post","type-post","status-publish","format-standard","has-post-thumbnail","hentry","category-economie","category-toutes-les-actualites","tag-gabon"],"yoast_head":"<!-- This site is optimized with the Yoast SEO Premium plugin v26.1 (Yoast SEO v27.0) - https:\/\/yoast.com\/product\/yoast-seo-premium-wordpress\/ -->\n<title>Trafic des compteurs : la SEEG appelle \u00e0 la vigilance - Gabon<\/title>\n<meta name=\"description\" content=\"La Direction Ge\u0301ne\u0301rale de la SEEG porte a\u0300 la connaissance du public que des individus mal intentionne\u0301s et non enco ...\" \/>\n<meta name=\"robots\" content=\"index, follow, max-snippet:-1, max-image-preview:large, max-video-preview:-1\" \/>\n<link rel=\"canonical\" href=\"https:\/\/www.africa-press.net\/gabon\/economie\/trafic-des-compteurs-la-seeg-appelle-a-la-vigilance\" \/>\n<meta property=\"og:locale\" content=\"fr_FR\" \/>\n<meta property=\"og:type\" content=\"article\" \/>\n<meta property=\"og:title\" content=\"Trafic des compteurs : la SEEG appelle \u00e0 la vigilance\" \/>\n<meta property=\"og:description\" content=\"La Direction Ge\u0301ne\u0301rale de la SEEG porte a\u0300 la connaissance du public que des individus mal intentionne\u0301s et non enco ...\" \/>\n<meta property=\"og:url\" content=\"https:\/\/www.africa-press.net\/gabon\/economie\/trafic-des-compteurs-la-seeg-appelle-a-la-vigilance\" \/>\n<meta property=\"og:site_name\" content=\"Gabon\" \/>\n<meta property=\"article:published_time\" content=\"2024-08-07T21:37:09+00:00\" \/>\n<meta property=\"article:modified_time\" content=\"2024-08-07T21:59:08+00:00\" \/>\n<meta property=\"og:image\" content=\"https:\/\/static.africa-press.net\/gabon\/sites\/54\/2024\/08\/sm_1723055206.771139.jpg\" \/>\n\t<meta property=\"og:image:width\" content=\"1080\" \/>\n\t<meta property=\"og:image:height\" content=\"607\" \/>\n\t<meta property=\"og:image:type\" content=\"image\/jpeg\" \/>\n<meta name=\"author\" content=\"cfeditorfr\" \/>\n<meta name=\"twitter:card\" content=\"summary_large_image\" \/>\n<meta name=\"twitter:label1\" content=\"\u00c9crit par\" \/>\n\t<meta name=\"twitter:data1\" content=\"cfeditorfr\" \/>\n\t<meta name=\"twitter:label2\" content=\"Dur\u00e9e de lecture estim\u00e9e\" \/>\n\t<meta name=\"twitter:data2\" content=\"2 minutes\" \/>\n<script type=\"application\/ld+json\" class=\"yoast-schema-graph\">{\"@context\":\"https:\/\/schema.org\",\"@graph\":[{\"@type\":\"Article\",\"@id\":\"https:\/\/www.africa-press.net\/gabon\/economie\/trafic-des-compteurs-la-seeg-appelle-a-la-vigilance#article\",\"isPartOf\":{\"@id\":\"https:\/\/www.africa-press.net\/gabon\/economie\/trafic-des-compteurs-la-seeg-appelle-a-la-vigilance\"},\"author\":{\"name\":\"cfeditorfr\",\"@id\":\"https:\/\/www.africa-press.net\/gabon\/#\/schema\/person\/2b1cf3cd81a31e3cd26889ca66d677f1\"},\"headline\":\"Trafic des compteurs : la SEEG appelle \u00e0 la vigilance\",\"datePublished\":\"2024-08-07T21:37:09+00:00\",\"dateModified\":\"2024-08-07T21:59:08+00:00\",\"mainEntityOfPage\":{\"@id\":\"https:\/\/www.africa-press.net\/gabon\/economie\/trafic-des-compteurs-la-seeg-appelle-a-la-vigilance\"},\"wordCount\":336,\"commentCount\":0,\"image\":{\"@id\":\"https:\/\/www.africa-press.net\/gabon\/economie\/trafic-des-compteurs-la-seeg-appelle-a-la-vigilance#primaryimage\"},\"thumbnailUrl\":\"https:\/\/static.africa-press.net\/gabon\/sites\/54\/2024\/08\/sm_1723055206.771139.jpg\",\"keywords\":[\"Gabon\"],\"articleSection\":[\"\u00c9conomie\",\"Toutes les actualit\u00e9s\"],\"inLanguage\":\"fr-FR\",\"potentialAction\":[{\"@type\":\"CommentAction\",\"name\":\"Comment\",\"target\":[\"https:\/\/www.africa-press.net\/gabon\/economie\/trafic-des-compteurs-la-seeg-appelle-a-la-vigilance#respond\"]}]},{\"@type\":\"WebPage\",\"@id\":\"https:\/\/www.africa-press.net\/gabon\/economie\/trafic-des-compteurs-la-seeg-appelle-a-la-vigilance\",\"url\":\"https:\/\/www.africa-press.net\/gabon\/economie\/trafic-des-compteurs-la-seeg-appelle-a-la-vigilance\",\"name\":\"Trafic des compteurs : la SEEG appelle \u00e0 la vigilance - Gabon\",\"isPartOf\":{\"@id\":\"https:\/\/www.africa-press.net\/gabon\/#website\"},\"primaryImageOfPage\":{\"@id\":\"https:\/\/www.africa-press.net\/gabon\/economie\/trafic-des-compteurs-la-seeg-appelle-a-la-vigilance#primaryimage\"},\"image\":{\"@id\":\"https:\/\/www.africa-press.net\/gabon\/economie\/trafic-des-compteurs-la-seeg-appelle-a-la-vigilance#primaryimage\"},\"thumbnailUrl\":\"https:\/\/static.africa-press.net\/gabon\/sites\/54\/2024\/08\/sm_1723055206.771139.jpg\",\"datePublished\":\"2024-08-07T21:37:09+00:00\",\"dateModified\":\"2024-08-07T21:59:08+00:00\",\"author\":{\"@id\":\"https:\/\/www.africa-press.net\/gabon\/#\/schema\/person\/2b1cf3cd81a31e3cd26889ca66d677f1\"},\"description\":\"La Direction Ge\u0301ne\u0301rale de la SEEG porte a\u0300 la connaissance du public que des individus mal intentionne\u0301s et non enco ...\",\"breadcrumb\":{\"@id\":\"https:\/\/www.africa-press.net\/gabon\/economie\/trafic-des-compteurs-la-seeg-appelle-a-la-vigilance#breadcrumb\"},\"inLanguage\":\"fr-FR\",\"potentialAction\":[{\"@type\":\"ReadAction\",\"target\":[\"https:\/\/www.africa-press.net\/gabon\/economie\/trafic-des-compteurs-la-seeg-appelle-a-la-vigilance\"]}]},{\"@type\":\"ImageObject\",\"inLanguage\":\"fr-FR\",\"@id\":\"https:\/\/www.africa-press.net\/gabon\/economie\/trafic-des-compteurs-la-seeg-appelle-a-la-vigilance#primaryimage\",\"url\":\"https:\/\/static.africa-press.net\/gabon\/sites\/54\/2024\/08\/sm_1723055206.771139.jpg\",\"contentUrl\":\"https:\/\/static.africa-press.net\/gabon\/sites\/54\/2024\/08\/sm_1723055206.771139.jpg\",\"width\":1080,\"height\":607,\"caption\":\"Trafic des compteurs : la SEEG appelle \u00e0 la vigilance\"},{\"@type\":\"BreadcrumbList\",\"@id\":\"https:\/\/www.africa-press.net\/gabon\/economie\/trafic-des-compteurs-la-seeg-appelle-a-la-vigilance#breadcrumb\",\"itemListElement\":[{\"@type\":\"ListItem\",\"position\":1,\"name\":\"Accueil\",\"item\":\"https:\/\/www.africa-press.net\/gabon\/\"},{\"@type\":\"ListItem\",\"position\":2,\"name\":\"Trafic des compteurs : la SEEG appelle \u00e0 la vigilance\"}]},{\"@type\":\"WebSite\",\"@id\":\"https:\/\/www.africa-press.net\/gabon\/#website\",\"url\":\"https:\/\/www.africa-press.net\/gabon\/\",\"name\":\"Gabon\",\"description\":\"Just another Africa News Agency Sites site\",\"potentialAction\":[{\"@type\":\"SearchAction\",\"target\":{\"@type\":\"EntryPoint\",\"urlTemplate\":\"https:\/\/www.africa-press.net\/gabon\/?s={search_term_string}\"},\"query-input\":{\"@type\":\"PropertyValueSpecification\",\"valueRequired\":true,\"valueName\":\"search_term_string\"}}],\"inLanguage\":\"fr-FR\"},{\"@type\":\"Person\",\"@id\":\"https:\/\/www.africa-press.net\/gabon\/#\/schema\/person\/2b1cf3cd81a31e3cd26889ca66d677f1\",\"name\":\"cfeditorfr\"}]}<\/script>\n<!-- \/ Yoast SEO Premium plugin. -->","yoast_head_json":{"title":"Trafic des compteurs : la SEEG appelle \u00e0 la vigilance - Gabon","description":"La Direction Ge\u0301ne\u0301rale de la SEEG porte a\u0300 la connaissance du public que des individus mal intentionne\u0301s et non enco ...","robots":{"index":"index","follow":"follow","max-snippet":"max-snippet:-1","max-image-preview":"max-image-preview:large","max-video-preview":"max-video-preview:-1"},"canonical":"https:\/\/www.africa-press.net\/gabon\/economie\/trafic-des-compteurs-la-seeg-appelle-a-la-vigilance","og_locale":"fr_FR","og_type":"article","og_title":"Trafic des compteurs : la SEEG appelle \u00e0 la vigilance","og_description":"La Direction Ge\u0301ne\u0301rale de la SEEG porte a\u0300 la connaissance du public que des individus mal intentionne\u0301s et non enco ...","og_url":"https:\/\/www.africa-press.net\/gabon\/economie\/trafic-des-compteurs-la-seeg-appelle-a-la-vigilance","og_site_name":"Gabon","article_published_time":"2024-08-07T21:37:09+00:00","article_modified_time":"2024-08-07T21:59:08+00:00","og_image":[{"width":1080,"height":607,"url":"https:\/\/static.africa-press.net\/gabon\/sites\/54\/2024\/08\/sm_1723055206.771139.jpg","type":"image\/jpeg"}],"author":"cfeditorfr","twitter_card":"summary_large_image","twitter_misc":{"\u00c9crit par":"cfeditorfr","Dur\u00e9e de lecture estim\u00e9e":"2 minutes"},"schema":{"@context":"https:\/\/schema.org","@graph":[{"@type":"Article","@id":"https:\/\/www.africa-press.net\/gabon\/economie\/trafic-des-compteurs-la-seeg-appelle-a-la-vigilance#article","isPartOf":{"@id":"https:\/\/www.africa-press.net\/gabon\/economie\/trafic-des-compteurs-la-seeg-appelle-a-la-vigilance"},"author":{"name":"cfeditorfr","@id":"https:\/\/www.africa-press.net\/gabon\/#\/schema\/person\/2b1cf3cd81a31e3cd26889ca66d677f1"},"headline":"Trafic des compteurs : la SEEG appelle \u00e0 la vigilance","datePublished":"2024-08-07T21:37:09+00:00","dateModified":"2024-08-07T21:59:08+00:00","mainEntityOfPage":{"@id":"https:\/\/www.africa-press.net\/gabon\/economie\/trafic-des-compteurs-la-seeg-appelle-a-la-vigilance"},"wordCount":336,"commentCount":0,"image":{"@id":"https:\/\/www.africa-press.net\/gabon\/economie\/trafic-des-compteurs-la-seeg-appelle-a-la-vigilance#primaryimage"},"thumbnailUrl":"https:\/\/static.africa-press.net\/gabon\/sites\/54\/2024\/08\/sm_1723055206.771139.jpg","keywords":["Gabon"],"articleSection":["\u00c9conomie","Toutes les actualit\u00e9s"],"inLanguage":"fr-FR","potentialAction":[{"@type":"CommentAction","name":"Comment","target":["https:\/\/www.africa-press.net\/gabon\/economie\/trafic-des-compteurs-la-seeg-appelle-a-la-vigilance#respond"]}]},{"@type":"WebPage","@id":"https:\/\/www.africa-press.net\/gabon\/economie\/trafic-des-compteurs-la-seeg-appelle-a-la-vigilance","url":"https:\/\/www.africa-press.net\/gabon\/economie\/trafic-des-compteurs-la-seeg-appelle-a-la-vigilance","name":"Trafic des compteurs : la SEEG appelle \u00e0 la vigilance - Gabon","isPartOf":{"@id":"https:\/\/www.africa-press.net\/gabon\/#website"},"primaryImageOfPage":{"@id":"https:\/\/www.africa-press.net\/gabon\/economie\/trafic-des-compteurs-la-seeg-appelle-a-la-vigilance#primaryimage"},"image":{"@id":"https:\/\/www.africa-press.net\/gabon\/economie\/trafic-des-compteurs-la-seeg-appelle-a-la-vigilance#primaryimage"},"thumbnailUrl":"https:\/\/static.africa-press.net\/gabon\/sites\/54\/2024\/08\/sm_1723055206.771139.jpg","datePublished":"2024-08-07T21:37:09+00:00","dateModified":"2024-08-07T21:59:08+00:00","author":{"@id":"https:\/\/www.africa-press.net\/gabon\/#\/schema\/person\/2b1cf3cd81a31e3cd26889ca66d677f1"},"description":"La Direction Ge\u0301ne\u0301rale de la SEEG porte a\u0300 la connaissance du public que des individus mal intentionne\u0301s et non enco ...","breadcrumb":{"@id":"https:\/\/www.africa-press.net\/gabon\/economie\/trafic-des-compteurs-la-seeg-appelle-a-la-vigilance#breadcrumb"},"inLanguage":"fr-FR","potentialAction":[{"@type":"ReadAction","target":["https:\/\/www.africa-press.net\/gabon\/economie\/trafic-des-compteurs-la-seeg-appelle-a-la-vigilance"]}]},{"@type":"ImageObject","inLanguage":"fr-FR","@id":"https:\/\/www.africa-press.net\/gabon\/economie\/trafic-des-compteurs-la-seeg-appelle-a-la-vigilance#primaryimage","url":"https:\/\/static.africa-press.net\/gabon\/sites\/54\/2024\/08\/sm_1723055206.771139.jpg","contentUrl":"https:\/\/static.africa-press.net\/gabon\/sites\/54\/2024\/08\/sm_1723055206.771139.jpg","width":1080,"height":607,"caption":"Trafic des compteurs : la SEEG appelle \u00e0 la vigilance"},{"@type":"BreadcrumbList","@id":"https:\/\/www.africa-press.net\/gabon\/economie\/trafic-des-compteurs-la-seeg-appelle-a-la-vigilance#breadcrumb","itemListElement":[{"@type":"ListItem","position":1,"name":"Accueil","item":"https:\/\/www.africa-press.net\/gabon\/"},{"@type":"ListItem","position":2,"name":"Trafic des compteurs : la SEEG appelle \u00e0 la vigilance"}]},{"@type":"WebSite","@id":"https:\/\/www.africa-press.net\/gabon\/#website","url":"https:\/\/www.africa-press.net\/gabon\/","name":"Gabon","description":"Just another Africa News Agency Sites site","potentialAction":[{"@type":"SearchAction","target":{"@type":"EntryPoint","urlTemplate":"https:\/\/www.africa-press.net\/gabon\/?s={search_term_string}"},"query-input":{"@type":"PropertyValueSpecification","valueRequired":true,"valueName":"search_term_string"}}],"inLanguage":"fr-FR"},{"@type":"Person","@id":"https:\/\/www.africa-press.net\/gabon\/#\/schema\/person\/2b1cf3cd81a31e3cd26889ca66d677f1","name":"cfeditorfr"}]}},"_links":{"self":[{"href":"https:\/\/www.africa-press.net\/gabon\/wp-json\/wp\/v2\/posts\/42920","targetHints":{"allow":["GET"]}}],"collection":[{"href":"https:\/\/www.africa-press.net\/gabon\/wp-json\/wp\/v2\/posts"}],"about":[{"href":"https:\/\/www.africa-press.net\/gabon\/wp-json\/wp\/v2\/types\/post"}],"author":[{"embeddable":true,"href":"https:\/\/www.africa-press.net\/gabon\/wp-json\/wp\/v2\/users\/82"}],"replies":[{"embeddable":true,"href":"https:\/\/www.africa-press.net\/gabon\/wp-json\/wp\/v2\/comments?post=42920"}],"version-history":[{"count":0,"href":"https:\/\/www.africa-press.net\/gabon\/wp-json\/wp\/v2\/posts\/42920\/revisions"}],"wp:featuredmedia":[{"embeddable":true,"href":"https:\/\/www.africa-press.net\/gabon\/wp-json\/wp\/v2\/media\/42919"}],"wp:attachment":[{"href":"https:\/\/www.africa-press.net\/gabon\/wp-json\/wp\/v2\/media?parent=42920"}],"wp:term":[{"taxonomy":"category","embeddable":true,"href":"https:\/\/www.africa-press.net\/gabon\/wp-json\/wp\/v2\/categories?post=42920"},{"taxonomy":"post_tag","embeddable":true,"href":"https:\/\/www.africa-press.net\/gabon\/wp-json\/wp\/v2\/tags?post=42920"}],"curies":[{"name":"wp","href":"https:\/\/api.w.org\/{rel}","templated":true}]}}