{"id":43673,"date":"2024-08-24T11:44:00","date_gmt":"2024-08-24T11:44:00","guid":{"rendered":"https:\/\/www.africa-press.net\/gabon\/politique\/30-aout-2024-la-journee-nationale-de-la-liberation-sera-fetee-a-libreville"},"modified":"2024-08-24T11:44:00","modified_gmt":"2024-08-24T11:44:00","slug":"30-aout-2024-la-journee-nationale-de-la-liberation-sera-fetee-a-libreville","status":"publish","type":"post","link":"https:\/\/www.africa-press.net\/gabon\/politique\/30-aout-2024-la-journee-nationale-de-la-liberation-sera-fetee-a-libreville","title":{"rendered":"30 AOUT 2024 : La Journ\u00e9e nationale de la lib\u00e9ration sera f\u00eat\u00e9e \u00e0 Libreville"},"content":{"rendered":"<p><span style=\"color: #ff6600\"><strong>Africa-Press &#8211; Gabon. <\/strong><\/span><b>La pre\u0301sidence de la re\u0301publique gabonaise a, dans un communique\u0301 ce vendredi, porte\u0301 un de\u0301menti formel sur certaines rumeurs insistantes, relaye\u0301es par les me\u0301dias sociaux, annonc\u0327ant l\u2019organisation des festivite\u0301s relatives a\u0300 la premie\u0300re e\u0301dition de la Journe\u0301e nationale de la libe\u0301ration, le 30 aou\u0302t prochain, sur les bords de l\u2019Ogooue\u0301, a\u0300 Lambare\u0301ne\u0301 (centre). <\/b><\/p>\n<p>\u00ab La pre\u0301sidence de la re\u0301publique tient a\u0300 pre\u0301ciser que la premie\u0300re e\u0301dition de la Journe\u0301e nationale de la libe\u0301ration, institue\u0301e le 30 aou\u0302t de chaque anne\u0301e, aura bel et bien lieu a\u0300 Libreville. Le chronogramme de cette comme\u0301moration fera l\u2019objet d\u2019un communique\u0301 ulte\u0301rieur \u00bb, peut-on lire.<\/p>\n<p>Toutefois, la pre\u0301sidence de la re\u0301publique indique que cet e\u0301ve\u0301nement qui concerne l\u2019ensemble des neuf (9) provinces du pays se fera de manie\u0300re rotative les anne\u0301es a\u0300 venir.<\/p>\n<p>La Journe\u0301e nationale de la libe\u0301ration a e\u0301te\u0301 institue\u0301e le 30 aou\u0302t de chaque anne\u0301e par un projet de de\u0301cret pris a\u0300 l\u2019issue du Conseil des ministres, en sa se\u0301ance du 22 janvier 2024. Elle comme\u0301more la prise effective du pouvoir par les Forces de de\u0301fense et de se\u0301curite\u0301, cou\u0302tant la pre\u0301sidence a\u0300 Ali Bongo Ondimba et mettant un terme a\u0300 55 ans de re\u0300gne du Parti de\u0301mocratique gabonais (PDG).<\/p>\n<p>Il a e\u0301galement e\u0301te\u0301 cre\u0301e un \u2018\u2019Ordre national de la libe\u0301ration\u2019\u2019, dont le pre\u0301sident de la transition, Brice Clotaire Oligui Ngue\u0301ma, a e\u0301te\u0301 e\u0301leve\u0301 a\u0300 la dignite\u0301 de \u2018\u2019Grand Mai\u0302tre\u2019\u2019. Il a pour but de \u00ab re\u0301compenser les personnes ou les collectivite\u0301s civiles et militaires qui se sont distingue\u0301es dans l\u2019action du coup de la libe\u0301ration du Gabon, le 30 aou\u0302t 2023 et dans le de\u0301roulement de la transition \u00bb.<\/p>\n<p><b>Fe\u0301eodora Madiba<\/b><\/p>\n<p><strong>Pour plus d&rsquo;informations et d&rsquo;analyses sur la <a href=\"https:\/\/www.africa-press.net\/gabon\">Gabon<\/a>, suivez <a href=\"https:\/\/www.africa-press.net\/\">Africa-Press<\/a><\/strong><\/p>\n","protected":false},"excerpt":{"rendered":"<p>Africa-Press &#8211; Gabon. La pre\u0301sidence de la re\u0301publique gabonaise a, dans un communique\u0301 ce vendredi, porte\u0301 un de\u0301menti formel sur certaines rumeurs insistantes, relaye\u0301es par les me\u0301dias sociaux, annonc\u0327ant l\u2019organisation des festivite\u0301s relatives a\u0300 la premie\u0300re e\u0301dition de la Journe\u0301e nationale de la libe\u0301ration, le 30 aou\u0302t prochain, sur les bords de l\u2019Ogooue\u0301, a\u0300 Lambare\u0301ne\u0301 [&hellip;]<\/p>\n","protected":false},"author":82,"featured_media":43672,"comment_status":"open","ping_status":"closed","sticky":false,"template":"","format":"standard","meta":{"footnotes":""},"categories":[2,10],"tags":[36,50,49],"class_list":["post-43673","post","type-post","status-publish","format-standard","has-post-thumbnail","hentry","category-politique","category-toutes-les-actualites","tag-africa-press","tag-africa-press-gabon","tag-gabon"],"yoast_head":"<!-- This site is optimized with the Yoast SEO Premium plugin v26.1 (Yoast SEO v27.0) - https:\/\/yoast.com\/product\/yoast-seo-premium-wordpress\/ -->\n<title>30 AOUT 2024 : La Journ\u00e9e nationale de la lib\u00e9ration sera f\u00eat\u00e9e \u00e0 Libreville - Gabon<\/title>\n<meta name=\"robots\" content=\"index, follow, max-snippet:-1, max-image-preview:large, max-video-preview:-1\" \/>\n<link rel=\"canonical\" href=\"https:\/\/www.africa-press.net\/gabon\/politique\/30-aout-2024-la-journee-nationale-de-la-liberation-sera-fetee-a-libreville\" \/>\n<meta property=\"og:locale\" content=\"fr_FR\" \/>\n<meta property=\"og:type\" content=\"article\" \/>\n<meta property=\"og:title\" content=\"30 AOUT 2024 : La Journ\u00e9e nationale de la lib\u00e9ration sera f\u00eat\u00e9e \u00e0 Libreville\" \/>\n<meta property=\"og:description\" content=\"Africa-Press &#8211; Gabon. La pre\u0301sidence de la re\u0301publique gabonaise a, dans un communique\u0301 ce vendredi, porte\u0301 un de\u0301menti formel sur certaines rumeurs insistantes, relaye\u0301es par les me\u0301dias sociaux, annonc\u0327ant l\u2019organisation des festivite\u0301s relatives a\u0300 la premie\u0300re e\u0301dition de la Journe\u0301e nationale de la libe\u0301ration, le 30 aou\u0302t prochain, sur les bords de l\u2019Ogooue\u0301, a\u0300 Lambare\u0301ne\u0301 [&hellip;]\" \/>\n<meta property=\"og:url\" content=\"https:\/\/www.africa-press.net\/gabon\/politique\/30-aout-2024-la-journee-nationale-de-la-liberation-sera-fetee-a-libreville\" \/>\n<meta property=\"og:site_name\" content=\"Gabon\" \/>\n<meta property=\"article:published_time\" content=\"2024-08-24T11:44:00+00:00\" \/>\n<meta name=\"author\" content=\"cfeditorfr\" \/>\n<meta name=\"twitter:card\" content=\"summary_large_image\" \/>\n<meta name=\"twitter:label1\" content=\"\u00c9crit par\" \/>\n\t<meta name=\"twitter:data1\" content=\"cfeditorfr\" \/>\n\t<meta name=\"twitter:label2\" content=\"Dur\u00e9e de lecture estim\u00e9e\" \/>\n\t<meta name=\"twitter:data2\" content=\"2 minutes\" \/>\n<script type=\"application\/ld+json\" class=\"yoast-schema-graph\">{\"@context\":\"https:\/\/schema.org\",\"@graph\":[{\"@type\":\"Article\",\"@id\":\"https:\/\/www.africa-press.net\/gabon\/politique\/30-aout-2024-la-journee-nationale-de-la-liberation-sera-fetee-a-libreville#article\",\"isPartOf\":{\"@id\":\"https:\/\/www.africa-press.net\/gabon\/politique\/30-aout-2024-la-journee-nationale-de-la-liberation-sera-fetee-a-libreville\"},\"author\":{\"name\":\"cfeditorfr\",\"@id\":\"https:\/\/www.africa-press.net\/gabon\/#\/schema\/person\/2b1cf3cd81a31e3cd26889ca66d677f1\"},\"headline\":\"30 AOUT 2024 : La Journ\u00e9e nationale de la lib\u00e9ration sera f\u00eat\u00e9e \u00e0 Libreville\",\"datePublished\":\"2024-08-24T11:44:00+00:00\",\"mainEntityOfPage\":{\"@id\":\"https:\/\/www.africa-press.net\/gabon\/politique\/30-aout-2024-la-journee-nationale-de-la-liberation-sera-fetee-a-libreville\"},\"wordCount\":355,\"commentCount\":0,\"image\":{\"@id\":\"https:\/\/www.africa-press.net\/gabon\/politique\/30-aout-2024-la-journee-nationale-de-la-liberation-sera-fetee-a-libreville#primaryimage\"},\"thumbnailUrl\":\"https:\/\/static.africa-press.net\/gabon\/sites\/54\/2024\/08\/QasimFR1724487245.662377.jpg\",\"keywords\":[\"Africa Press\",\"Africa Press-Gabon\",\"Gabon\"],\"articleSection\":[\"Politique\",\"Toutes les actualit\u00e9s\"],\"inLanguage\":\"fr-FR\",\"potentialAction\":[{\"@type\":\"CommentAction\",\"name\":\"Comment\",\"target\":[\"https:\/\/www.africa-press.net\/gabon\/politique\/30-aout-2024-la-journee-nationale-de-la-liberation-sera-fetee-a-libreville#respond\"]}]},{\"@type\":\"WebPage\",\"@id\":\"https:\/\/www.africa-press.net\/gabon\/politique\/30-aout-2024-la-journee-nationale-de-la-liberation-sera-fetee-a-libreville\",\"url\":\"https:\/\/www.africa-press.net\/gabon\/politique\/30-aout-2024-la-journee-nationale-de-la-liberation-sera-fetee-a-libreville\",\"name\":\"30 AOUT 2024 : La Journ\u00e9e nationale de la lib\u00e9ration sera f\u00eat\u00e9e \u00e0 Libreville - Gabon\",\"isPartOf\":{\"@id\":\"https:\/\/www.africa-press.net\/gabon\/#website\"},\"primaryImageOfPage\":{\"@id\":\"https:\/\/www.africa-press.net\/gabon\/politique\/30-aout-2024-la-journee-nationale-de-la-liberation-sera-fetee-a-libreville#primaryimage\"},\"image\":{\"@id\":\"https:\/\/www.africa-press.net\/gabon\/politique\/30-aout-2024-la-journee-nationale-de-la-liberation-sera-fetee-a-libreville#primaryimage\"},\"thumbnailUrl\":\"https:\/\/static.africa-press.net\/gabon\/sites\/54\/2024\/08\/QasimFR1724487245.662377.jpg\",\"datePublished\":\"2024-08-24T11:44:00+00:00\",\"author\":{\"@id\":\"https:\/\/www.africa-press.net\/gabon\/#\/schema\/person\/2b1cf3cd81a31e3cd26889ca66d677f1\"},\"breadcrumb\":{\"@id\":\"https:\/\/www.africa-press.net\/gabon\/politique\/30-aout-2024-la-journee-nationale-de-la-liberation-sera-fetee-a-libreville#breadcrumb\"},\"inLanguage\":\"fr-FR\",\"potentialAction\":[{\"@type\":\"ReadAction\",\"target\":[\"https:\/\/www.africa-press.net\/gabon\/politique\/30-aout-2024-la-journee-nationale-de-la-liberation-sera-fetee-a-libreville\"]}]},{\"@type\":\"ImageObject\",\"inLanguage\":\"fr-FR\",\"@id\":\"https:\/\/www.africa-press.net\/gabon\/politique\/30-aout-2024-la-journee-nationale-de-la-liberation-sera-fetee-a-libreville#primaryimage\",\"url\":\"https:\/\/static.africa-press.net\/gabon\/sites\/54\/2024\/08\/QasimFR1724487245.662377.jpg\",\"contentUrl\":\"https:\/\/static.africa-press.net\/gabon\/sites\/54\/2024\/08\/QasimFR1724487245.662377.jpg\",\"width\":1080,\"height\":486,\"caption\":\"30 AOUT 2024 : La Journ\u00e9e nationale de la lib\u00e9ration sera f\u00eat\u00e9e \u00e0 Libreville\"},{\"@type\":\"BreadcrumbList\",\"@id\":\"https:\/\/www.africa-press.net\/gabon\/politique\/30-aout-2024-la-journee-nationale-de-la-liberation-sera-fetee-a-libreville#breadcrumb\",\"itemListElement\":[{\"@type\":\"ListItem\",\"position\":1,\"name\":\"Accueil\",\"item\":\"https:\/\/www.africa-press.net\/gabon\/\"},{\"@type\":\"ListItem\",\"position\":2,\"name\":\"30 AOUT 2024 : La Journ\u00e9e nationale de la lib\u00e9ration sera f\u00eat\u00e9e \u00e0 Libreville\"}]},{\"@type\":\"WebSite\",\"@id\":\"https:\/\/www.africa-press.net\/gabon\/#website\",\"url\":\"https:\/\/www.africa-press.net\/gabon\/\",\"name\":\"Gabon\",\"description\":\"Just another Africa News Agency Sites site\",\"potentialAction\":[{\"@type\":\"SearchAction\",\"target\":{\"@type\":\"EntryPoint\",\"urlTemplate\":\"https:\/\/www.africa-press.net\/gabon\/?s={search_term_string}\"},\"query-input\":{\"@type\":\"PropertyValueSpecification\",\"valueRequired\":true,\"valueName\":\"search_term_string\"}}],\"inLanguage\":\"fr-FR\"},{\"@type\":\"Person\",\"@id\":\"https:\/\/www.africa-press.net\/gabon\/#\/schema\/person\/2b1cf3cd81a31e3cd26889ca66d677f1\",\"name\":\"cfeditorfr\"}]}<\/script>\n<!-- \/ Yoast SEO Premium plugin. -->","yoast_head_json":{"title":"30 AOUT 2024 : La Journ\u00e9e nationale de la lib\u00e9ration sera f\u00eat\u00e9e \u00e0 Libreville - Gabon","robots":{"index":"index","follow":"follow","max-snippet":"max-snippet:-1","max-image-preview":"max-image-preview:large","max-video-preview":"max-video-preview:-1"},"canonical":"https:\/\/www.africa-press.net\/gabon\/politique\/30-aout-2024-la-journee-nationale-de-la-liberation-sera-fetee-a-libreville","og_locale":"fr_FR","og_type":"article","og_title":"30 AOUT 2024 : La Journ\u00e9e nationale de la lib\u00e9ration sera f\u00eat\u00e9e \u00e0 Libreville","og_description":"Africa-Press &#8211; Gabon. La pre\u0301sidence de la re\u0301publique gabonaise a, dans un communique\u0301 ce vendredi, porte\u0301 un de\u0301menti formel sur certaines rumeurs insistantes, relaye\u0301es par les me\u0301dias sociaux, annonc\u0327ant l\u2019organisation des festivite\u0301s relatives a\u0300 la premie\u0300re e\u0301dition de la Journe\u0301e nationale de la libe\u0301ration, le 30 aou\u0302t prochain, sur les bords de l\u2019Ogooue\u0301, a\u0300 Lambare\u0301ne\u0301 [&hellip;]","og_url":"https:\/\/www.africa-press.net\/gabon\/politique\/30-aout-2024-la-journee-nationale-de-la-liberation-sera-fetee-a-libreville","og_site_name":"Gabon","article_published_time":"2024-08-24T11:44:00+00:00","author":"cfeditorfr","twitter_card":"summary_large_image","twitter_misc":{"\u00c9crit par":"cfeditorfr","Dur\u00e9e de lecture estim\u00e9e":"2 minutes"},"schema":{"@context":"https:\/\/schema.org","@graph":[{"@type":"Article","@id":"https:\/\/www.africa-press.net\/gabon\/politique\/30-aout-2024-la-journee-nationale-de-la-liberation-sera-fetee-a-libreville#article","isPartOf":{"@id":"https:\/\/www.africa-press.net\/gabon\/politique\/30-aout-2024-la-journee-nationale-de-la-liberation-sera-fetee-a-libreville"},"author":{"name":"cfeditorfr","@id":"https:\/\/www.africa-press.net\/gabon\/#\/schema\/person\/2b1cf3cd81a31e3cd26889ca66d677f1"},"headline":"30 AOUT 2024 : La Journ\u00e9e nationale de la lib\u00e9ration sera f\u00eat\u00e9e \u00e0 Libreville","datePublished":"2024-08-24T11:44:00+00:00","mainEntityOfPage":{"@id":"https:\/\/www.africa-press.net\/gabon\/politique\/30-aout-2024-la-journee-nationale-de-la-liberation-sera-fetee-a-libreville"},"wordCount":355,"commentCount":0,"image":{"@id":"https:\/\/www.africa-press.net\/gabon\/politique\/30-aout-2024-la-journee-nationale-de-la-liberation-sera-fetee-a-libreville#primaryimage"},"thumbnailUrl":"https:\/\/static.africa-press.net\/gabon\/sites\/54\/2024\/08\/QasimFR1724487245.662377.jpg","keywords":["Africa Press","Africa Press-Gabon","Gabon"],"articleSection":["Politique","Toutes les actualit\u00e9s"],"inLanguage":"fr-FR","potentialAction":[{"@type":"CommentAction","name":"Comment","target":["https:\/\/www.africa-press.net\/gabon\/politique\/30-aout-2024-la-journee-nationale-de-la-liberation-sera-fetee-a-libreville#respond"]}]},{"@type":"WebPage","@id":"https:\/\/www.africa-press.net\/gabon\/politique\/30-aout-2024-la-journee-nationale-de-la-liberation-sera-fetee-a-libreville","url":"https:\/\/www.africa-press.net\/gabon\/politique\/30-aout-2024-la-journee-nationale-de-la-liberation-sera-fetee-a-libreville","name":"30 AOUT 2024 : La Journ\u00e9e nationale de la lib\u00e9ration sera f\u00eat\u00e9e \u00e0 Libreville - Gabon","isPartOf":{"@id":"https:\/\/www.africa-press.net\/gabon\/#website"},"primaryImageOfPage":{"@id":"https:\/\/www.africa-press.net\/gabon\/politique\/30-aout-2024-la-journee-nationale-de-la-liberation-sera-fetee-a-libreville#primaryimage"},"image":{"@id":"https:\/\/www.africa-press.net\/gabon\/politique\/30-aout-2024-la-journee-nationale-de-la-liberation-sera-fetee-a-libreville#primaryimage"},"thumbnailUrl":"https:\/\/static.africa-press.net\/gabon\/sites\/54\/2024\/08\/QasimFR1724487245.662377.jpg","datePublished":"2024-08-24T11:44:00+00:00","author":{"@id":"https:\/\/www.africa-press.net\/gabon\/#\/schema\/person\/2b1cf3cd81a31e3cd26889ca66d677f1"},"breadcrumb":{"@id":"https:\/\/www.africa-press.net\/gabon\/politique\/30-aout-2024-la-journee-nationale-de-la-liberation-sera-fetee-a-libreville#breadcrumb"},"inLanguage":"fr-FR","potentialAction":[{"@type":"ReadAction","target":["https:\/\/www.africa-press.net\/gabon\/politique\/30-aout-2024-la-journee-nationale-de-la-liberation-sera-fetee-a-libreville"]}]},{"@type":"ImageObject","inLanguage":"fr-FR","@id":"https:\/\/www.africa-press.net\/gabon\/politique\/30-aout-2024-la-journee-nationale-de-la-liberation-sera-fetee-a-libreville#primaryimage","url":"https:\/\/static.africa-press.net\/gabon\/sites\/54\/2024\/08\/QasimFR1724487245.662377.jpg","contentUrl":"https:\/\/static.africa-press.net\/gabon\/sites\/54\/2024\/08\/QasimFR1724487245.662377.jpg","width":1080,"height":486,"caption":"30 AOUT 2024 : La Journ\u00e9e nationale de la lib\u00e9ration sera f\u00eat\u00e9e \u00e0 Libreville"},{"@type":"BreadcrumbList","@id":"https:\/\/www.africa-press.net\/gabon\/politique\/30-aout-2024-la-journee-nationale-de-la-liberation-sera-fetee-a-libreville#breadcrumb","itemListElement":[{"@type":"ListItem","position":1,"name":"Accueil","item":"https:\/\/www.africa-press.net\/gabon\/"},{"@type":"ListItem","position":2,"name":"30 AOUT 2024 : La Journ\u00e9e nationale de la lib\u00e9ration sera f\u00eat\u00e9e \u00e0 Libreville"}]},{"@type":"WebSite","@id":"https:\/\/www.africa-press.net\/gabon\/#website","url":"https:\/\/www.africa-press.net\/gabon\/","name":"Gabon","description":"Just another Africa News Agency Sites site","potentialAction":[{"@type":"SearchAction","target":{"@type":"EntryPoint","urlTemplate":"https:\/\/www.africa-press.net\/gabon\/?s={search_term_string}"},"query-input":{"@type":"PropertyValueSpecification","valueRequired":true,"valueName":"search_term_string"}}],"inLanguage":"fr-FR"},{"@type":"Person","@id":"https:\/\/www.africa-press.net\/gabon\/#\/schema\/person\/2b1cf3cd81a31e3cd26889ca66d677f1","name":"cfeditorfr"}]}},"_links":{"self":[{"href":"https:\/\/www.africa-press.net\/gabon\/wp-json\/wp\/v2\/posts\/43673","targetHints":{"allow":["GET"]}}],"collection":[{"href":"https:\/\/www.africa-press.net\/gabon\/wp-json\/wp\/v2\/posts"}],"about":[{"href":"https:\/\/www.africa-press.net\/gabon\/wp-json\/wp\/v2\/types\/post"}],"author":[{"embeddable":true,"href":"https:\/\/www.africa-press.net\/gabon\/wp-json\/wp\/v2\/users\/82"}],"replies":[{"embeddable":true,"href":"https:\/\/www.africa-press.net\/gabon\/wp-json\/wp\/v2\/comments?post=43673"}],"version-history":[{"count":0,"href":"https:\/\/www.africa-press.net\/gabon\/wp-json\/wp\/v2\/posts\/43673\/revisions"}],"wp:featuredmedia":[{"embeddable":true,"href":"https:\/\/www.africa-press.net\/gabon\/wp-json\/wp\/v2\/media\/43672"}],"wp:attachment":[{"href":"https:\/\/www.africa-press.net\/gabon\/wp-json\/wp\/v2\/media?parent=43673"}],"wp:term":[{"taxonomy":"category","embeddable":true,"href":"https:\/\/www.africa-press.net\/gabon\/wp-json\/wp\/v2\/categories?post=43673"},{"taxonomy":"post_tag","embeddable":true,"href":"https:\/\/www.africa-press.net\/gabon\/wp-json\/wp\/v2\/tags?post=43673"}],"curies":[{"name":"wp","href":"https:\/\/api.w.org\/{rel}","templated":true}]}}