{"id":43679,"date":"2024-08-24T11:48:00","date_gmt":"2024-08-24T11:48:00","guid":{"rendered":"https:\/\/www.africa-press.net\/gabon\/politique\/wire-groupe-oil-feld-services-les-agents-denoncent-une-precarite-sociale-et-une-marginalisation-professionnelle"},"modified":"2024-08-24T11:48:00","modified_gmt":"2024-08-24T11:48:00","slug":"wire-groupe-oil-feld-services-les-agents-denoncent-une-precarite-sociale-et-une-marginalisation-professionnelle","status":"publish","type":"post","link":"https:\/\/www.africa-press.net\/gabon\/toutes-les-actualites\/wire-groupe-oil-feld-services-les-agents-denoncent-une-precarite-sociale-et-une-marginalisation-professionnelle","title":{"rendered":"Wire groupe Oil-Feld services : les agents d\u00e9noncent une pr\u00e9carit\u00e9 sociale et une marginalisation professionnelle"},"content":{"rendered":"<p><span style=\"color: #ff6600\"><strong>Africa-Press &#8211; Gabon. <\/strong><\/span><b>La marginalisation des employe\u0301s de l\u2019entreprise Wife groupe Oil-Feld services est sans e\u0301quivoque. Depuis plus de six mois ils sont balade\u0301s par leurs de\u0301le\u0301gue\u0301s du personnel, le syndicat des employe\u0301s et ex-employe\u0301s retraite\u0301s du pe\u0301trole et activite\u0301s connexes (SEERPAC) et par les responsables de leur socie\u0301te\u0301. De janvier a\u0300 juillet dernier, il s\u2019est tenu des ne\u0301gociations sur le paiement des passifs des agents. Entre le 26 janvier au 1er juillet, les trois parties cite\u0301es sont malheureusement tombe\u0301es sur une non-conciliation.<\/b><\/p>\n<p>\u00ab Une grosse zone d\u2019ombre existe toujours jusqu\u2019a\u0300 ce jour. Car, les passifs re\u0301clame\u0301s se reposent sur des documents de paie, grille, et classification remise en juillet 2023 par le directeur \u00bb, de\u0301nonce un agent qui a garde\u0301 l\u2019anonymat de peur d\u2019e\u0302tre vire\u0301.<\/p>\n<p>A\u0300 Wire groupe Oil-Feld services les employe\u0301s fustigent le montant de la prime de chantier fixe\u0301 a\u0300 7 500 de F.CFA. Par ailleurs, d\u2019apre\u0300s le proce\u0300s-verbal de non-conciliation le syndicat des employe\u0301s et ex-employe\u0301s retraite\u0301s du pe\u0301trole et activite\u0301s connexes (SEERPAC) dit avoir rec\u0327u en juillet 2023 des mains propres du directeur ge\u0301ne\u0301ral, plusieurs documents dont des fiches de paie, grille salariale, reclassification socio-professionnelle. Des documents qui ont servi de support de discussions sur la position des employe\u0301s et de leurs salaires (primes, et indemnite\u0301 qui constituent les passifs). Desdits e\u0301le\u0301ments administratifs sembleraient avoir e\u0301te\u0301 mis en place apre\u0300s la prise de poste de monsieur Armindo De Oliveira, le nouveau ge\u0301rant de Wire groupe Oil-Feld services, remplac\u0327ant Phillipe Cavaignac parti pour le compte du me\u0302me groupe en Tanzanie.<\/p>\n<p>\u00ab Ils se braquent a\u0300 demeurer dans un mutisme sur la question de la re\u0301partition des passifs et les e\u0301le\u0301ments de salaire, primes et cate\u0301gories qui e\u0301taient prises pour faire le calcul pour chaque employe\u0301 \u00bb, explique notre source.<\/p>\n<p>Aussi, apre\u0300s sept mois de ne\u0301gociations que l\u2019e\u0301quipe actuelle aurait pre\u0301sente\u0301 d\u2019autres documents administratifs de paie (grille de salaire, reclassification), avant d\u2019informer a\u0300 toutes les parties que les documents remis par son pre\u0301de\u0301cesseur il y\u2019a un an en arrie\u0300re avant le de\u0301but des ne\u0301gociations, comportaient des erreurs informatiques en ce qui concernent les primes et les salaire des agents, etc&#8230; Or, les passifs des agents tant re\u0301clame\u0301s se reposent sur les premiers documents de paie remis par le directeur ge\u0301ne\u0301ral sortant en juillet 2023.<\/p>\n<p>\u00ab Le syndicat et les de\u0301le\u0301gue\u0301s du personnel avaient simplement de\u0301cide\u0301 de faire ce qu\u2019ils avaient pre\u0301vu de faire, et comme ils voulaient : engager des ne\u0301gociations durant ces sept mois sans se re\u0301fe\u0301rer a\u0300 ce qui leur ont mandat \u00bb, de\u0301nonce un autre agent.<\/p>\n<p>Pour lui, \u00ab c\u2019est donc en comparant les bulletins de salaire et la grille de salaire transmise par le directeur ge\u0301ne\u0301ral, que les employe\u0301s ont vu la diffe\u0301rence qui existe entre les salaires, primes et les indemnite\u0301s \u00bb.<\/p>\n<p>D\u2019apre\u0300s les salarie\u0301s, cette man\u0153uvre vise a\u0300 ne pas payer les passifs qu\u2019ils re\u0301clament pour afin retrouver l\u2019accalmie au sein de cette structure de\u0301tentrice de gros contrats avec Total Energies EP Gabon, Perenco oil and gaz Gabon, Maurel&amp;Prom SA Gabon et Assala pour ne citer que ces majors.<\/p>\n<p>\u00ab C\u2019est des proble\u0300mes qui minent notre entreprise, la maltraitance professionnelle avec la complicite\u0301 de nos fre\u0300res gabonais dont le DRH, les chefs de de\u0301partement qui accompagnent les dirigeants dans cette discrimination professionnel \u00bb, critique un e\u0301nie\u0300me agent.<\/p>\n<p>Si la direction veut mettre un budget de plus de 360 000 000 de F.CFA pour re\u0301gler de ces passifs, il ressort que ce montant ne re\u0301pondrait pas a\u0300 l\u2019article 188 du Code de travail. Aussi, les agents critiquent le fait que les de\u0301le\u0301gue\u0301s du personnel et certains agents-complices se seraient partage\u0301s la grosse par du ga\u0302teau au de\u0301triment d\u2019autres. Certains sont menace\u0301s de licenciement, de coupure de salaire, etc&#8230;<\/p>\n<p>\u00ab Wire a achete\u0301 des guests house ou\u0300 il loge des expatrie\u0301s qui viennent ici en transit pour travailler sur les sites. On a des travailleurs qui re\u0301cupe\u0300rent a\u0300 travers le pays, mais quand ils montent sur Port-Gentil, ils sont abandonne\u0301s hors l\u2019entreprise a des guests houses \u00bb, de\u0301nonce un agent.<\/p>\n<p><b>Jean-Jacques Rovaria Djodji<\/b><\/p>\n<p><strong>Pour plus d&rsquo;informations et d&rsquo;analyses sur la <a href=\"https:\/\/www.africa-press.net\/gabon\">Gabon<\/a>, suivez <a href=\"https:\/\/www.africa-press.net\/\">Africa-Press<\/a><\/strong><\/p>\n","protected":false},"excerpt":{"rendered":"<p>Africa-Press &#8211; Gabon. La marginalisation des employe\u0301s de l\u2019entreprise Wife groupe Oil-Feld services est sans e\u0301quivoque. Depuis plus de six mois ils sont balade\u0301s par leurs de\u0301le\u0301gue\u0301s du personnel, le syndicat des employe\u0301s et ex-employe\u0301s retraite\u0301s du pe\u0301trole et activite\u0301s connexes (SEERPAC) et par les responsables de leur socie\u0301te\u0301. De janvier a\u0300 juillet dernier, il [&hellip;]<\/p>\n","protected":false},"author":82,"featured_media":43678,"comment_status":"open","ping_status":"closed","sticky":false,"template":"","format":"standard","meta":{"footnotes":""},"categories":[11,10],"tags":[36,50,49],"class_list":["post-43679","post","type-post","status-publish","format-standard","has-post-thumbnail","hentry","category-homepage-french","category-toutes-les-actualites","tag-africa-press","tag-africa-press-gabon","tag-gabon"],"yoast_head":"<!-- This site is optimized with the Yoast SEO Premium plugin v26.1 (Yoast SEO v27.0) - https:\/\/yoast.com\/product\/yoast-seo-premium-wordpress\/ -->\n<title>Wire groupe Oil-Feld services : les agents d\u00e9noncent une pr\u00e9carit\u00e9 sociale et une marginalisation professionnelle - Gabon<\/title>\n<meta name=\"robots\" content=\"index, follow, max-snippet:-1, max-image-preview:large, max-video-preview:-1\" \/>\n<link rel=\"canonical\" href=\"https:\/\/www.africa-press.net\/gabon\/politique\/wire-groupe-oil-feld-services-les-agents-denoncent-une-precarite-sociale-et-une-marginalisation-professionnelle\" \/>\n<meta property=\"og:locale\" content=\"fr_FR\" \/>\n<meta property=\"og:type\" content=\"article\" \/>\n<meta property=\"og:title\" content=\"Wire groupe Oil-Feld services : les agents d\u00e9noncent une pr\u00e9carit\u00e9 sociale et une marginalisation professionnelle\" \/>\n<meta property=\"og:description\" content=\"Africa-Press &#8211; Gabon. La marginalisation des employe\u0301s de l\u2019entreprise Wife groupe Oil-Feld services est sans e\u0301quivoque. Depuis plus de six mois ils sont balade\u0301s par leurs de\u0301le\u0301gue\u0301s du personnel, le syndicat des employe\u0301s et ex-employe\u0301s retraite\u0301s du pe\u0301trole et activite\u0301s connexes (SEERPAC) et par les responsables de leur socie\u0301te\u0301. De janvier a\u0300 juillet dernier, il [&hellip;]\" \/>\n<meta property=\"og:url\" content=\"https:\/\/www.africa-press.net\/gabon\/politique\/wire-groupe-oil-feld-services-les-agents-denoncent-une-precarite-sociale-et-une-marginalisation-professionnelle\" \/>\n<meta property=\"og:site_name\" content=\"Gabon\" \/>\n<meta property=\"article:published_time\" content=\"2024-08-24T11:48:00+00:00\" \/>\n<meta name=\"author\" content=\"cfeditorfr\" \/>\n<meta name=\"twitter:card\" content=\"summary_large_image\" \/>\n<meta name=\"twitter:label1\" content=\"\u00c9crit par\" \/>\n\t<meta name=\"twitter:data1\" content=\"cfeditorfr\" \/>\n\t<meta name=\"twitter:label2\" content=\"Dur\u00e9e de lecture estim\u00e9e\" \/>\n\t<meta name=\"twitter:data2\" content=\"4 minutes\" \/>\n<script type=\"application\/ld+json\" class=\"yoast-schema-graph\">{\"@context\":\"https:\/\/schema.org\",\"@graph\":[{\"@type\":\"Article\",\"@id\":\"https:\/\/www.africa-press.net\/gabon\/politique\/wire-groupe-oil-feld-services-les-agents-denoncent-une-precarite-sociale-et-une-marginalisation-professionnelle#article\",\"isPartOf\":{\"@id\":\"https:\/\/www.africa-press.net\/gabon\/politique\/wire-groupe-oil-feld-services-les-agents-denoncent-une-precarite-sociale-et-une-marginalisation-professionnelle\"},\"author\":{\"name\":\"cfeditorfr\",\"@id\":\"https:\/\/www.africa-press.net\/gabon\/#\/schema\/person\/2b1cf3cd81a31e3cd26889ca66d677f1\"},\"headline\":\"Wire groupe Oil-Feld services : les agents d\u00e9noncent une pr\u00e9carit\u00e9 sociale et une marginalisation professionnelle\",\"datePublished\":\"2024-08-24T11:48:00+00:00\",\"mainEntityOfPage\":{\"@id\":\"https:\/\/www.africa-press.net\/gabon\/politique\/wire-groupe-oil-feld-services-les-agents-denoncent-une-precarite-sociale-et-une-marginalisation-professionnelle\"},\"wordCount\":793,\"commentCount\":0,\"image\":{\"@id\":\"https:\/\/www.africa-press.net\/gabon\/politique\/wire-groupe-oil-feld-services-les-agents-denoncent-une-precarite-sociale-et-une-marginalisation-professionnelle#primaryimage\"},\"thumbnailUrl\":\"https:\/\/static.africa-press.net\/gabon\/sites\/54\/2024\/08\/QasimFR1724487496.733839.jpg\",\"keywords\":[\"Africa Press\",\"Africa Press-Gabon\",\"Gabon\"],\"articleSection\":[\"homepage-french\",\"Toutes les actualit\u00e9s\"],\"inLanguage\":\"fr-FR\",\"potentialAction\":[{\"@type\":\"CommentAction\",\"name\":\"Comment\",\"target\":[\"https:\/\/www.africa-press.net\/gabon\/politique\/wire-groupe-oil-feld-services-les-agents-denoncent-une-precarite-sociale-et-une-marginalisation-professionnelle#respond\"]}]},{\"@type\":\"WebPage\",\"@id\":\"https:\/\/www.africa-press.net\/gabon\/politique\/wire-groupe-oil-feld-services-les-agents-denoncent-une-precarite-sociale-et-une-marginalisation-professionnelle\",\"url\":\"https:\/\/www.africa-press.net\/gabon\/politique\/wire-groupe-oil-feld-services-les-agents-denoncent-une-precarite-sociale-et-une-marginalisation-professionnelle\",\"name\":\"Wire groupe Oil-Feld services : les agents d\u00e9noncent une pr\u00e9carit\u00e9 sociale et une marginalisation professionnelle - Gabon\",\"isPartOf\":{\"@id\":\"https:\/\/www.africa-press.net\/gabon\/#website\"},\"primaryImageOfPage\":{\"@id\":\"https:\/\/www.africa-press.net\/gabon\/politique\/wire-groupe-oil-feld-services-les-agents-denoncent-une-precarite-sociale-et-une-marginalisation-professionnelle#primaryimage\"},\"image\":{\"@id\":\"https:\/\/www.africa-press.net\/gabon\/politique\/wire-groupe-oil-feld-services-les-agents-denoncent-une-precarite-sociale-et-une-marginalisation-professionnelle#primaryimage\"},\"thumbnailUrl\":\"https:\/\/static.africa-press.net\/gabon\/sites\/54\/2024\/08\/QasimFR1724487496.733839.jpg\",\"datePublished\":\"2024-08-24T11:48:00+00:00\",\"author\":{\"@id\":\"https:\/\/www.africa-press.net\/gabon\/#\/schema\/person\/2b1cf3cd81a31e3cd26889ca66d677f1\"},\"breadcrumb\":{\"@id\":\"https:\/\/www.africa-press.net\/gabon\/politique\/wire-groupe-oil-feld-services-les-agents-denoncent-une-precarite-sociale-et-une-marginalisation-professionnelle#breadcrumb\"},\"inLanguage\":\"fr-FR\",\"potentialAction\":[{\"@type\":\"ReadAction\",\"target\":[\"https:\/\/www.africa-press.net\/gabon\/politique\/wire-groupe-oil-feld-services-les-agents-denoncent-une-precarite-sociale-et-une-marginalisation-professionnelle\"]}]},{\"@type\":\"ImageObject\",\"inLanguage\":\"fr-FR\",\"@id\":\"https:\/\/www.africa-press.net\/gabon\/politique\/wire-groupe-oil-feld-services-les-agents-denoncent-une-precarite-sociale-et-une-marginalisation-professionnelle#primaryimage\",\"url\":\"https:\/\/static.africa-press.net\/gabon\/sites\/54\/2024\/08\/QasimFR1724487496.733839.jpg\",\"contentUrl\":\"https:\/\/static.africa-press.net\/gabon\/sites\/54\/2024\/08\/QasimFR1724487496.733839.jpg\",\"width\":662,\"height\":416,\"caption\":\"Wire groupe Oil-Feld services : les agents d\u00e9noncent une pr\u00e9carit\u00e9 sociale et une marginalisation professionnelle\"},{\"@type\":\"BreadcrumbList\",\"@id\":\"https:\/\/www.africa-press.net\/gabon\/politique\/wire-groupe-oil-feld-services-les-agents-denoncent-une-precarite-sociale-et-une-marginalisation-professionnelle#breadcrumb\",\"itemListElement\":[{\"@type\":\"ListItem\",\"position\":1,\"name\":\"Accueil\",\"item\":\"https:\/\/www.africa-press.net\/gabon\/\"},{\"@type\":\"ListItem\",\"position\":2,\"name\":\"Wire groupe Oil-Feld services : les agents d\u00e9noncent une pr\u00e9carit\u00e9 sociale et une marginalisation professionnelle\"}]},{\"@type\":\"WebSite\",\"@id\":\"https:\/\/www.africa-press.net\/gabon\/#website\",\"url\":\"https:\/\/www.africa-press.net\/gabon\/\",\"name\":\"Gabon\",\"description\":\"Just another Africa News Agency Sites site\",\"potentialAction\":[{\"@type\":\"SearchAction\",\"target\":{\"@type\":\"EntryPoint\",\"urlTemplate\":\"https:\/\/www.africa-press.net\/gabon\/?s={search_term_string}\"},\"query-input\":{\"@type\":\"PropertyValueSpecification\",\"valueRequired\":true,\"valueName\":\"search_term_string\"}}],\"inLanguage\":\"fr-FR\"},{\"@type\":\"Person\",\"@id\":\"https:\/\/www.africa-press.net\/gabon\/#\/schema\/person\/2b1cf3cd81a31e3cd26889ca66d677f1\",\"name\":\"cfeditorfr\"}]}<\/script>\n<!-- \/ Yoast SEO Premium plugin. -->","yoast_head_json":{"title":"Wire groupe Oil-Feld services : les agents d\u00e9noncent une pr\u00e9carit\u00e9 sociale et une marginalisation professionnelle - Gabon","robots":{"index":"index","follow":"follow","max-snippet":"max-snippet:-1","max-image-preview":"max-image-preview:large","max-video-preview":"max-video-preview:-1"},"canonical":"https:\/\/www.africa-press.net\/gabon\/politique\/wire-groupe-oil-feld-services-les-agents-denoncent-une-precarite-sociale-et-une-marginalisation-professionnelle","og_locale":"fr_FR","og_type":"article","og_title":"Wire groupe Oil-Feld services : les agents d\u00e9noncent une pr\u00e9carit\u00e9 sociale et une marginalisation professionnelle","og_description":"Africa-Press &#8211; Gabon. La marginalisation des employe\u0301s de l\u2019entreprise Wife groupe Oil-Feld services est sans e\u0301quivoque. Depuis plus de six mois ils sont balade\u0301s par leurs de\u0301le\u0301gue\u0301s du personnel, le syndicat des employe\u0301s et ex-employe\u0301s retraite\u0301s du pe\u0301trole et activite\u0301s connexes (SEERPAC) et par les responsables de leur socie\u0301te\u0301. De janvier a\u0300 juillet dernier, il [&hellip;]","og_url":"https:\/\/www.africa-press.net\/gabon\/politique\/wire-groupe-oil-feld-services-les-agents-denoncent-une-precarite-sociale-et-une-marginalisation-professionnelle","og_site_name":"Gabon","article_published_time":"2024-08-24T11:48:00+00:00","author":"cfeditorfr","twitter_card":"summary_large_image","twitter_misc":{"\u00c9crit par":"cfeditorfr","Dur\u00e9e de lecture estim\u00e9e":"4 minutes"},"schema":{"@context":"https:\/\/schema.org","@graph":[{"@type":"Article","@id":"https:\/\/www.africa-press.net\/gabon\/politique\/wire-groupe-oil-feld-services-les-agents-denoncent-une-precarite-sociale-et-une-marginalisation-professionnelle#article","isPartOf":{"@id":"https:\/\/www.africa-press.net\/gabon\/politique\/wire-groupe-oil-feld-services-les-agents-denoncent-une-precarite-sociale-et-une-marginalisation-professionnelle"},"author":{"name":"cfeditorfr","@id":"https:\/\/www.africa-press.net\/gabon\/#\/schema\/person\/2b1cf3cd81a31e3cd26889ca66d677f1"},"headline":"Wire groupe Oil-Feld services : les agents d\u00e9noncent une pr\u00e9carit\u00e9 sociale et une marginalisation professionnelle","datePublished":"2024-08-24T11:48:00+00:00","mainEntityOfPage":{"@id":"https:\/\/www.africa-press.net\/gabon\/politique\/wire-groupe-oil-feld-services-les-agents-denoncent-une-precarite-sociale-et-une-marginalisation-professionnelle"},"wordCount":793,"commentCount":0,"image":{"@id":"https:\/\/www.africa-press.net\/gabon\/politique\/wire-groupe-oil-feld-services-les-agents-denoncent-une-precarite-sociale-et-une-marginalisation-professionnelle#primaryimage"},"thumbnailUrl":"https:\/\/static.africa-press.net\/gabon\/sites\/54\/2024\/08\/QasimFR1724487496.733839.jpg","keywords":["Africa Press","Africa Press-Gabon","Gabon"],"articleSection":["homepage-french","Toutes les actualit\u00e9s"],"inLanguage":"fr-FR","potentialAction":[{"@type":"CommentAction","name":"Comment","target":["https:\/\/www.africa-press.net\/gabon\/politique\/wire-groupe-oil-feld-services-les-agents-denoncent-une-precarite-sociale-et-une-marginalisation-professionnelle#respond"]}]},{"@type":"WebPage","@id":"https:\/\/www.africa-press.net\/gabon\/politique\/wire-groupe-oil-feld-services-les-agents-denoncent-une-precarite-sociale-et-une-marginalisation-professionnelle","url":"https:\/\/www.africa-press.net\/gabon\/politique\/wire-groupe-oil-feld-services-les-agents-denoncent-une-precarite-sociale-et-une-marginalisation-professionnelle","name":"Wire groupe Oil-Feld services : les agents d\u00e9noncent une pr\u00e9carit\u00e9 sociale et une marginalisation professionnelle - Gabon","isPartOf":{"@id":"https:\/\/www.africa-press.net\/gabon\/#website"},"primaryImageOfPage":{"@id":"https:\/\/www.africa-press.net\/gabon\/politique\/wire-groupe-oil-feld-services-les-agents-denoncent-une-precarite-sociale-et-une-marginalisation-professionnelle#primaryimage"},"image":{"@id":"https:\/\/www.africa-press.net\/gabon\/politique\/wire-groupe-oil-feld-services-les-agents-denoncent-une-precarite-sociale-et-une-marginalisation-professionnelle#primaryimage"},"thumbnailUrl":"https:\/\/static.africa-press.net\/gabon\/sites\/54\/2024\/08\/QasimFR1724487496.733839.jpg","datePublished":"2024-08-24T11:48:00+00:00","author":{"@id":"https:\/\/www.africa-press.net\/gabon\/#\/schema\/person\/2b1cf3cd81a31e3cd26889ca66d677f1"},"breadcrumb":{"@id":"https:\/\/www.africa-press.net\/gabon\/politique\/wire-groupe-oil-feld-services-les-agents-denoncent-une-precarite-sociale-et-une-marginalisation-professionnelle#breadcrumb"},"inLanguage":"fr-FR","potentialAction":[{"@type":"ReadAction","target":["https:\/\/www.africa-press.net\/gabon\/politique\/wire-groupe-oil-feld-services-les-agents-denoncent-une-precarite-sociale-et-une-marginalisation-professionnelle"]}]},{"@type":"ImageObject","inLanguage":"fr-FR","@id":"https:\/\/www.africa-press.net\/gabon\/politique\/wire-groupe-oil-feld-services-les-agents-denoncent-une-precarite-sociale-et-une-marginalisation-professionnelle#primaryimage","url":"https:\/\/static.africa-press.net\/gabon\/sites\/54\/2024\/08\/QasimFR1724487496.733839.jpg","contentUrl":"https:\/\/static.africa-press.net\/gabon\/sites\/54\/2024\/08\/QasimFR1724487496.733839.jpg","width":662,"height":416,"caption":"Wire groupe Oil-Feld services : les agents d\u00e9noncent une pr\u00e9carit\u00e9 sociale et une marginalisation professionnelle"},{"@type":"BreadcrumbList","@id":"https:\/\/www.africa-press.net\/gabon\/politique\/wire-groupe-oil-feld-services-les-agents-denoncent-une-precarite-sociale-et-une-marginalisation-professionnelle#breadcrumb","itemListElement":[{"@type":"ListItem","position":1,"name":"Accueil","item":"https:\/\/www.africa-press.net\/gabon\/"},{"@type":"ListItem","position":2,"name":"Wire groupe Oil-Feld services : les agents d\u00e9noncent une pr\u00e9carit\u00e9 sociale et une marginalisation professionnelle"}]},{"@type":"WebSite","@id":"https:\/\/www.africa-press.net\/gabon\/#website","url":"https:\/\/www.africa-press.net\/gabon\/","name":"Gabon","description":"Just another Africa News Agency Sites site","potentialAction":[{"@type":"SearchAction","target":{"@type":"EntryPoint","urlTemplate":"https:\/\/www.africa-press.net\/gabon\/?s={search_term_string}"},"query-input":{"@type":"PropertyValueSpecification","valueRequired":true,"valueName":"search_term_string"}}],"inLanguage":"fr-FR"},{"@type":"Person","@id":"https:\/\/www.africa-press.net\/gabon\/#\/schema\/person\/2b1cf3cd81a31e3cd26889ca66d677f1","name":"cfeditorfr"}]}},"_links":{"self":[{"href":"https:\/\/www.africa-press.net\/gabon\/wp-json\/wp\/v2\/posts\/43679","targetHints":{"allow":["GET"]}}],"collection":[{"href":"https:\/\/www.africa-press.net\/gabon\/wp-json\/wp\/v2\/posts"}],"about":[{"href":"https:\/\/www.africa-press.net\/gabon\/wp-json\/wp\/v2\/types\/post"}],"author":[{"embeddable":true,"href":"https:\/\/www.africa-press.net\/gabon\/wp-json\/wp\/v2\/users\/82"}],"replies":[{"embeddable":true,"href":"https:\/\/www.africa-press.net\/gabon\/wp-json\/wp\/v2\/comments?post=43679"}],"version-history":[{"count":0,"href":"https:\/\/www.africa-press.net\/gabon\/wp-json\/wp\/v2\/posts\/43679\/revisions"}],"wp:featuredmedia":[{"embeddable":true,"href":"https:\/\/www.africa-press.net\/gabon\/wp-json\/wp\/v2\/media\/43678"}],"wp:attachment":[{"href":"https:\/\/www.africa-press.net\/gabon\/wp-json\/wp\/v2\/media?parent=43679"}],"wp:term":[{"taxonomy":"category","embeddable":true,"href":"https:\/\/www.africa-press.net\/gabon\/wp-json\/wp\/v2\/categories?post=43679"},{"taxonomy":"post_tag","embeddable":true,"href":"https:\/\/www.africa-press.net\/gabon\/wp-json\/wp\/v2\/tags?post=43679"}],"curies":[{"name":"wp","href":"https:\/\/api.w.org\/{rel}","templated":true}]}}