{"id":43681,"date":"2024-08-24T11:53:00","date_gmt":"2024-08-24T11:53:00","guid":{"rendered":"https:\/\/www.africa-press.net\/gabon\/politique\/la-seeg-va-etre-auditee-sur-demande-doligui-nguema"},"modified":"2024-08-24T11:53:00","modified_gmt":"2024-08-24T11:53:00","slug":"la-seeg-va-etre-auditee-sur-demande-doligui-nguema","status":"publish","type":"post","link":"https:\/\/www.africa-press.net\/gabon\/politique\/la-seeg-va-etre-auditee-sur-demande-doligui-nguema","title":{"rendered":"La SEEG va \u00eatre audit\u00e9e sur demande d\u2019Oligui Nguema"},"content":{"rendered":"<p><span style=\"color: #ff6600\"><strong>Africa-Press &#8211; Gabon. <\/strong><\/span>Comme il fallait s\u2019y attendre, le pre\u0301sident de la transition a donne\u0301 instructions a\u0300 la task-force en place depuis le coup d\u2019E\u0301tat pour la re\u0301alisation d\u2019un audit qu\u2019il veut \u00abrigoureux et approfondi\u00bb.<\/p>\n<p>\u00abUn audit rigoureux et approfondi\u00bb de la Socie\u0301te\u0301 d\u2019e\u0301nergie et d\u2019eau du Gabon (SEEG). C\u2019est ce a\u0300 quoi devront s\u2019atteler les membres de la task-force mise en place par les militaires au pouvoir peu apre\u0300s qu\u2019ils ont de\u0301pose\u0301 Ali Bongo. Il s\u2019agit d\u2019une commande express du pre\u0301sident de la transition, informe le Palais ce vendredi 23 aou\u0302t au moment ou\u0300 l\u2019entreprise e\u0301tatique se voit re\u0301clamer une dette d\u2019une vingtaine de millions d\u2019euros par son partenaire britannique Aggreko. Mais selon le Bord-de-mer, c\u2019est d\u2019autres affaires qui ont fait re\u0301agir Brice Clotaire Oligui Nguema.<\/p>\n<p>Le ge\u0301ne\u0301ral-pre\u0301sident re\u0301agirait, dit-on, aux re\u0301cents scandales ayant secoue\u0301 la socie\u0301te\u0301 ces derniers mois, dont le plus re\u0301cent est lie\u0301 au piratage informatique ayant fait perdre plusieurs milliards de francs CFA a\u0300 la boi\u0302te du fait de certains prestataires aide\u0301s en interne. Au Palais ou\u0300 l\u2019on promet de\u0301ja\u0300 que \u00ables responsables de cette situation regrettable devront re\u0301pondre de leurs actes devant la loi\u00bb, on pre\u0301cise surtout que cet audit devrait permettre de \u00abde\u0301tecter les anomalies dans la gestion de la SEEG, d\u2019identifier les responsables de ces pratiques inapproprie\u0301es et de proposer des solutions concre\u0300tes pour redresser cette situation pre\u0301occupante\u00bb.<\/p>\n<p>Restaurer la confiance avec les usagers<\/p>\n<p>Si les militaires souhaitent \u00abfaire la lumie\u0300re sur les dysfonctionnements qui affectent l\u2019entreprise, y compris les violations de se\u0301curite\u0301 informatique, les suspicions de fraudes, ainsi que les de\u0301cisions controverse\u0301es prises par la direction actuelle\u00bb, l\u2019initiative du chef de file du Comite\u0301 pour la transition et la restauration des institutions (CTRI), de\u0301fend-on, \u00abs\u2019inscrit dans une volonte\u0301 affirme\u0301e de transparence et de restauration de la confiance au sein de cette entite\u0301 essentielle pour le pays\u00bb.<\/p>\n<p>Aussi, les re\u0301sultats de cette enque\u0302te sont-ils de\u0301ja\u0300 \u00abvivement attendus\u00bb a\u0300 Libreville ou\u0300 autorite\u0301s publiques et usagers revendiquent \u00abla ve\u0301rite\u0301\u00bb, mais surtout la continuite\u0301 du service public offert par la SEEG.<\/p>\n<p><strong>Pour plus d&rsquo;informations et d&rsquo;analyses sur la <a href=\"https:\/\/www.africa-press.net\/gabon\">Gabon<\/a>, suivez <a href=\"https:\/\/www.africa-press.net\/\">Africa-Press<\/a><\/strong><\/p>\n","protected":false},"excerpt":{"rendered":"<p>Africa-Press &#8211; Gabon. Comme il fallait s\u2019y attendre, le pre\u0301sident de la transition a donne\u0301 instructions a\u0300 la task-force en place depuis le coup d\u2019E\u0301tat pour la re\u0301alisation d\u2019un audit qu\u2019il veut \u00abrigoureux et approfondi\u00bb. \u00abUn audit rigoureux et approfondi\u00bb de la Socie\u0301te\u0301 d\u2019e\u0301nergie et d\u2019eau du Gabon (SEEG). C\u2019est ce a\u0300 quoi devront s\u2019atteler [&hellip;]<\/p>\n","protected":false},"author":82,"featured_media":43680,"comment_status":"open","ping_status":"closed","sticky":false,"template":"","format":"standard","meta":{"footnotes":""},"categories":[2,10],"tags":[36,50,49],"class_list":["post-43681","post","type-post","status-publish","format-standard","has-post-thumbnail","hentry","category-politique","category-toutes-les-actualites","tag-africa-press","tag-africa-press-gabon","tag-gabon"],"yoast_head":"<!-- This site is optimized with the Yoast SEO Premium plugin v26.1 (Yoast SEO v27.0) - https:\/\/yoast.com\/product\/yoast-seo-premium-wordpress\/ -->\n<title>La SEEG va \u00eatre audit\u00e9e sur demande d\u2019Oligui Nguema - Gabon<\/title>\n<meta name=\"robots\" content=\"index, follow, max-snippet:-1, max-image-preview:large, max-video-preview:-1\" \/>\n<link rel=\"canonical\" href=\"https:\/\/www.africa-press.net\/gabon\/politique\/la-seeg-va-etre-auditee-sur-demande-doligui-nguema\" \/>\n<meta property=\"og:locale\" content=\"fr_FR\" \/>\n<meta property=\"og:type\" content=\"article\" \/>\n<meta property=\"og:title\" content=\"La SEEG va \u00eatre audit\u00e9e sur demande d\u2019Oligui Nguema\" \/>\n<meta property=\"og:description\" content=\"Africa-Press &#8211; Gabon. Comme il fallait s\u2019y attendre, le pre\u0301sident de la transition a donne\u0301 instructions a\u0300 la task-force en place depuis le coup d\u2019E\u0301tat pour la re\u0301alisation d\u2019un audit qu\u2019il veut \u00abrigoureux et approfondi\u00bb. \u00abUn audit rigoureux et approfondi\u00bb de la Socie\u0301te\u0301 d\u2019e\u0301nergie et d\u2019eau du Gabon (SEEG). C\u2019est ce a\u0300 quoi devront s\u2019atteler [&hellip;]\" \/>\n<meta property=\"og:url\" content=\"https:\/\/www.africa-press.net\/gabon\/politique\/la-seeg-va-etre-auditee-sur-demande-doligui-nguema\" \/>\n<meta property=\"og:site_name\" content=\"Gabon\" \/>\n<meta property=\"article:published_time\" content=\"2024-08-24T11:53:00+00:00\" \/>\n<meta name=\"author\" content=\"cfeditorfr\" \/>\n<meta name=\"twitter:card\" content=\"summary_large_image\" \/>\n<meta name=\"twitter:label1\" content=\"\u00c9crit par\" \/>\n\t<meta name=\"twitter:data1\" content=\"cfeditorfr\" \/>\n\t<meta name=\"twitter:label2\" content=\"Dur\u00e9e de lecture estim\u00e9e\" \/>\n\t<meta name=\"twitter:data2\" content=\"2 minutes\" \/>\n<script type=\"application\/ld+json\" class=\"yoast-schema-graph\">{\"@context\":\"https:\/\/schema.org\",\"@graph\":[{\"@type\":\"Article\",\"@id\":\"https:\/\/www.africa-press.net\/gabon\/politique\/la-seeg-va-etre-auditee-sur-demande-doligui-nguema#article\",\"isPartOf\":{\"@id\":\"https:\/\/www.africa-press.net\/gabon\/politique\/la-seeg-va-etre-auditee-sur-demande-doligui-nguema\"},\"author\":{\"name\":\"cfeditorfr\",\"@id\":\"https:\/\/www.africa-press.net\/gabon\/#\/schema\/person\/2b1cf3cd81a31e3cd26889ca66d677f1\"},\"headline\":\"La SEEG va \u00eatre audit\u00e9e sur demande d\u2019Oligui Nguema\",\"datePublished\":\"2024-08-24T11:53:00+00:00\",\"mainEntityOfPage\":{\"@id\":\"https:\/\/www.africa-press.net\/gabon\/politique\/la-seeg-va-etre-auditee-sur-demande-doligui-nguema\"},\"wordCount\":418,\"commentCount\":0,\"image\":{\"@id\":\"https:\/\/www.africa-press.net\/gabon\/politique\/la-seeg-va-etre-auditee-sur-demande-doligui-nguema#primaryimage\"},\"thumbnailUrl\":\"https:\/\/static.africa-press.net\/gabon\/sites\/54\/2024\/08\/QasimFR1724487784.106774.jpg\",\"keywords\":[\"Africa Press\",\"Africa Press-Gabon\",\"Gabon\"],\"articleSection\":[\"Politique\",\"Toutes les actualit\u00e9s\"],\"inLanguage\":\"fr-FR\",\"potentialAction\":[{\"@type\":\"CommentAction\",\"name\":\"Comment\",\"target\":[\"https:\/\/www.africa-press.net\/gabon\/politique\/la-seeg-va-etre-auditee-sur-demande-doligui-nguema#respond\"]}]},{\"@type\":\"WebPage\",\"@id\":\"https:\/\/www.africa-press.net\/gabon\/politique\/la-seeg-va-etre-auditee-sur-demande-doligui-nguema\",\"url\":\"https:\/\/www.africa-press.net\/gabon\/politique\/la-seeg-va-etre-auditee-sur-demande-doligui-nguema\",\"name\":\"La SEEG va \u00eatre audit\u00e9e sur demande d\u2019Oligui Nguema - Gabon\",\"isPartOf\":{\"@id\":\"https:\/\/www.africa-press.net\/gabon\/#website\"},\"primaryImageOfPage\":{\"@id\":\"https:\/\/www.africa-press.net\/gabon\/politique\/la-seeg-va-etre-auditee-sur-demande-doligui-nguema#primaryimage\"},\"image\":{\"@id\":\"https:\/\/www.africa-press.net\/gabon\/politique\/la-seeg-va-etre-auditee-sur-demande-doligui-nguema#primaryimage\"},\"thumbnailUrl\":\"https:\/\/static.africa-press.net\/gabon\/sites\/54\/2024\/08\/QasimFR1724487784.106774.jpg\",\"datePublished\":\"2024-08-24T11:53:00+00:00\",\"author\":{\"@id\":\"https:\/\/www.africa-press.net\/gabon\/#\/schema\/person\/2b1cf3cd81a31e3cd26889ca66d677f1\"},\"breadcrumb\":{\"@id\":\"https:\/\/www.africa-press.net\/gabon\/politique\/la-seeg-va-etre-auditee-sur-demande-doligui-nguema#breadcrumb\"},\"inLanguage\":\"fr-FR\",\"potentialAction\":[{\"@type\":\"ReadAction\",\"target\":[\"https:\/\/www.africa-press.net\/gabon\/politique\/la-seeg-va-etre-auditee-sur-demande-doligui-nguema\"]}]},{\"@type\":\"ImageObject\",\"inLanguage\":\"fr-FR\",\"@id\":\"https:\/\/www.africa-press.net\/gabon\/politique\/la-seeg-va-etre-auditee-sur-demande-doligui-nguema#primaryimage\",\"url\":\"https:\/\/static.africa-press.net\/gabon\/sites\/54\/2024\/08\/QasimFR1724487784.106774.jpg\",\"contentUrl\":\"https:\/\/static.africa-press.net\/gabon\/sites\/54\/2024\/08\/QasimFR1724487784.106774.jpg\",\"width\":963,\"height\":693,\"caption\":\"La SEEG va \u00eatre audit\u00e9e sur demande d\u2019Oligui Nguema\"},{\"@type\":\"BreadcrumbList\",\"@id\":\"https:\/\/www.africa-press.net\/gabon\/politique\/la-seeg-va-etre-auditee-sur-demande-doligui-nguema#breadcrumb\",\"itemListElement\":[{\"@type\":\"ListItem\",\"position\":1,\"name\":\"Accueil\",\"item\":\"https:\/\/www.africa-press.net\/gabon\/\"},{\"@type\":\"ListItem\",\"position\":2,\"name\":\"La SEEG va \u00eatre audit\u00e9e sur demande d\u2019Oligui Nguema\"}]},{\"@type\":\"WebSite\",\"@id\":\"https:\/\/www.africa-press.net\/gabon\/#website\",\"url\":\"https:\/\/www.africa-press.net\/gabon\/\",\"name\":\"Gabon\",\"description\":\"Just another Africa News Agency Sites site\",\"potentialAction\":[{\"@type\":\"SearchAction\",\"target\":{\"@type\":\"EntryPoint\",\"urlTemplate\":\"https:\/\/www.africa-press.net\/gabon\/?s={search_term_string}\"},\"query-input\":{\"@type\":\"PropertyValueSpecification\",\"valueRequired\":true,\"valueName\":\"search_term_string\"}}],\"inLanguage\":\"fr-FR\"},{\"@type\":\"Person\",\"@id\":\"https:\/\/www.africa-press.net\/gabon\/#\/schema\/person\/2b1cf3cd81a31e3cd26889ca66d677f1\",\"name\":\"cfeditorfr\"}]}<\/script>\n<!-- \/ Yoast SEO Premium plugin. -->","yoast_head_json":{"title":"La SEEG va \u00eatre audit\u00e9e sur demande d\u2019Oligui Nguema - Gabon","robots":{"index":"index","follow":"follow","max-snippet":"max-snippet:-1","max-image-preview":"max-image-preview:large","max-video-preview":"max-video-preview:-1"},"canonical":"https:\/\/www.africa-press.net\/gabon\/politique\/la-seeg-va-etre-auditee-sur-demande-doligui-nguema","og_locale":"fr_FR","og_type":"article","og_title":"La SEEG va \u00eatre audit\u00e9e sur demande d\u2019Oligui Nguema","og_description":"Africa-Press &#8211; Gabon. Comme il fallait s\u2019y attendre, le pre\u0301sident de la transition a donne\u0301 instructions a\u0300 la task-force en place depuis le coup d\u2019E\u0301tat pour la re\u0301alisation d\u2019un audit qu\u2019il veut \u00abrigoureux et approfondi\u00bb. \u00abUn audit rigoureux et approfondi\u00bb de la Socie\u0301te\u0301 d\u2019e\u0301nergie et d\u2019eau du Gabon (SEEG). C\u2019est ce a\u0300 quoi devront s\u2019atteler [&hellip;]","og_url":"https:\/\/www.africa-press.net\/gabon\/politique\/la-seeg-va-etre-auditee-sur-demande-doligui-nguema","og_site_name":"Gabon","article_published_time":"2024-08-24T11:53:00+00:00","author":"cfeditorfr","twitter_card":"summary_large_image","twitter_misc":{"\u00c9crit par":"cfeditorfr","Dur\u00e9e de lecture estim\u00e9e":"2 minutes"},"schema":{"@context":"https:\/\/schema.org","@graph":[{"@type":"Article","@id":"https:\/\/www.africa-press.net\/gabon\/politique\/la-seeg-va-etre-auditee-sur-demande-doligui-nguema#article","isPartOf":{"@id":"https:\/\/www.africa-press.net\/gabon\/politique\/la-seeg-va-etre-auditee-sur-demande-doligui-nguema"},"author":{"name":"cfeditorfr","@id":"https:\/\/www.africa-press.net\/gabon\/#\/schema\/person\/2b1cf3cd81a31e3cd26889ca66d677f1"},"headline":"La SEEG va \u00eatre audit\u00e9e sur demande d\u2019Oligui Nguema","datePublished":"2024-08-24T11:53:00+00:00","mainEntityOfPage":{"@id":"https:\/\/www.africa-press.net\/gabon\/politique\/la-seeg-va-etre-auditee-sur-demande-doligui-nguema"},"wordCount":418,"commentCount":0,"image":{"@id":"https:\/\/www.africa-press.net\/gabon\/politique\/la-seeg-va-etre-auditee-sur-demande-doligui-nguema#primaryimage"},"thumbnailUrl":"https:\/\/static.africa-press.net\/gabon\/sites\/54\/2024\/08\/QasimFR1724487784.106774.jpg","keywords":["Africa Press","Africa Press-Gabon","Gabon"],"articleSection":["Politique","Toutes les actualit\u00e9s"],"inLanguage":"fr-FR","potentialAction":[{"@type":"CommentAction","name":"Comment","target":["https:\/\/www.africa-press.net\/gabon\/politique\/la-seeg-va-etre-auditee-sur-demande-doligui-nguema#respond"]}]},{"@type":"WebPage","@id":"https:\/\/www.africa-press.net\/gabon\/politique\/la-seeg-va-etre-auditee-sur-demande-doligui-nguema","url":"https:\/\/www.africa-press.net\/gabon\/politique\/la-seeg-va-etre-auditee-sur-demande-doligui-nguema","name":"La SEEG va \u00eatre audit\u00e9e sur demande d\u2019Oligui Nguema - Gabon","isPartOf":{"@id":"https:\/\/www.africa-press.net\/gabon\/#website"},"primaryImageOfPage":{"@id":"https:\/\/www.africa-press.net\/gabon\/politique\/la-seeg-va-etre-auditee-sur-demande-doligui-nguema#primaryimage"},"image":{"@id":"https:\/\/www.africa-press.net\/gabon\/politique\/la-seeg-va-etre-auditee-sur-demande-doligui-nguema#primaryimage"},"thumbnailUrl":"https:\/\/static.africa-press.net\/gabon\/sites\/54\/2024\/08\/QasimFR1724487784.106774.jpg","datePublished":"2024-08-24T11:53:00+00:00","author":{"@id":"https:\/\/www.africa-press.net\/gabon\/#\/schema\/person\/2b1cf3cd81a31e3cd26889ca66d677f1"},"breadcrumb":{"@id":"https:\/\/www.africa-press.net\/gabon\/politique\/la-seeg-va-etre-auditee-sur-demande-doligui-nguema#breadcrumb"},"inLanguage":"fr-FR","potentialAction":[{"@type":"ReadAction","target":["https:\/\/www.africa-press.net\/gabon\/politique\/la-seeg-va-etre-auditee-sur-demande-doligui-nguema"]}]},{"@type":"ImageObject","inLanguage":"fr-FR","@id":"https:\/\/www.africa-press.net\/gabon\/politique\/la-seeg-va-etre-auditee-sur-demande-doligui-nguema#primaryimage","url":"https:\/\/static.africa-press.net\/gabon\/sites\/54\/2024\/08\/QasimFR1724487784.106774.jpg","contentUrl":"https:\/\/static.africa-press.net\/gabon\/sites\/54\/2024\/08\/QasimFR1724487784.106774.jpg","width":963,"height":693,"caption":"La SEEG va \u00eatre audit\u00e9e sur demande d\u2019Oligui Nguema"},{"@type":"BreadcrumbList","@id":"https:\/\/www.africa-press.net\/gabon\/politique\/la-seeg-va-etre-auditee-sur-demande-doligui-nguema#breadcrumb","itemListElement":[{"@type":"ListItem","position":1,"name":"Accueil","item":"https:\/\/www.africa-press.net\/gabon\/"},{"@type":"ListItem","position":2,"name":"La SEEG va \u00eatre audit\u00e9e sur demande d\u2019Oligui Nguema"}]},{"@type":"WebSite","@id":"https:\/\/www.africa-press.net\/gabon\/#website","url":"https:\/\/www.africa-press.net\/gabon\/","name":"Gabon","description":"Just another Africa News Agency Sites site","potentialAction":[{"@type":"SearchAction","target":{"@type":"EntryPoint","urlTemplate":"https:\/\/www.africa-press.net\/gabon\/?s={search_term_string}"},"query-input":{"@type":"PropertyValueSpecification","valueRequired":true,"valueName":"search_term_string"}}],"inLanguage":"fr-FR"},{"@type":"Person","@id":"https:\/\/www.africa-press.net\/gabon\/#\/schema\/person\/2b1cf3cd81a31e3cd26889ca66d677f1","name":"cfeditorfr"}]}},"_links":{"self":[{"href":"https:\/\/www.africa-press.net\/gabon\/wp-json\/wp\/v2\/posts\/43681","targetHints":{"allow":["GET"]}}],"collection":[{"href":"https:\/\/www.africa-press.net\/gabon\/wp-json\/wp\/v2\/posts"}],"about":[{"href":"https:\/\/www.africa-press.net\/gabon\/wp-json\/wp\/v2\/types\/post"}],"author":[{"embeddable":true,"href":"https:\/\/www.africa-press.net\/gabon\/wp-json\/wp\/v2\/users\/82"}],"replies":[{"embeddable":true,"href":"https:\/\/www.africa-press.net\/gabon\/wp-json\/wp\/v2\/comments?post=43681"}],"version-history":[{"count":0,"href":"https:\/\/www.africa-press.net\/gabon\/wp-json\/wp\/v2\/posts\/43681\/revisions"}],"wp:featuredmedia":[{"embeddable":true,"href":"https:\/\/www.africa-press.net\/gabon\/wp-json\/wp\/v2\/media\/43680"}],"wp:attachment":[{"href":"https:\/\/www.africa-press.net\/gabon\/wp-json\/wp\/v2\/media?parent=43681"}],"wp:term":[{"taxonomy":"category","embeddable":true,"href":"https:\/\/www.africa-press.net\/gabon\/wp-json\/wp\/v2\/categories?post=43681"},{"taxonomy":"post_tag","embeddable":true,"href":"https:\/\/www.africa-press.net\/gabon\/wp-json\/wp\/v2\/tags?post=43681"}],"curies":[{"name":"wp","href":"https:\/\/api.w.org\/{rel}","templated":true}]}}