{"id":57716,"date":"2025-04-22T20:26:46","date_gmt":"2025-04-22T20:26:46","guid":{"rendered":"https:\/\/www.africa-press.net\/gabon\/politique\/yobegue-denonce-mascarade-electorale-rejoint-opposition"},"modified":"2025-04-22T21:04:45","modified_gmt":"2025-04-22T21:04:45","slug":"yobegue-denonce-mascarade-electorale-rejoint-opposition","status":"publish","type":"post","link":"https:\/\/www.africa-press.net\/gabon\/politique\/yobegue-denonce-mascarade-electorale-rejoint-opposition","title":{"rendered":"Y\u2019Obegue D\u00e9nonce Mascarade \u00c9lectorale, Rejoint Opposition"},"content":{"rendered":"<p><span style=\"color: #ff6600\"><strong>Africa-Press &#8211; Gabon. <\/strong><\/span><b>Au Gabon ou\u0300 le Parti de\u0301mocratique gabonais se divise en deux camps. Apre\u0300s le re\u0301ajustement des re\u0301sultats provisoires de la pre\u0301sidentielle du 12 avril, le clan Y\u2019Obegue est sorti de son silence pour de\u0301noncer une e\u0301lection \u00ab verrouille\u0301e \u00bb et sans transparence. Tandis que le clan Ange\u0301lique Ngoma ce\u0301le\u0300bre la victoire de Brice Clotaire Oligui Nguema, qu\u2019il a soutenu, Onanga Y\u2019Obegue et ses allie\u0301s annoncent leur passage dans l\u2019opposition. Une prise de distance qui confirme la fracture au sein de l\u2019ancien parti d\u2019Omar Bongo.<\/b><\/p>\n<p>Face a\u0300 ce qu\u2019il qualifie de \u00abgrossie\u0300re mascarade e\u0301lectorale\u00bb, le clan Y\u2019Obegue du Parti de\u0301mocratique gabonais (PDG) a tenu a\u0300 s\u2019adresser solennellement a\u0300 la nation le 19 avril 2025. A\u0300 travers la voix de son secre\u0301taire ge\u0301ne\u0301ral, Ali Akbar Onanga Y\u2019Obegue, il a vigoureusement remis en question la cre\u0301dibilite\u0301 du scrutin, pointant du doigt l\u2019absence d\u2019inclusivite\u0301, de neutralite\u0301 et la mainmise du pouvoir de transition sur le processus e\u0301lectoral. \u00abLe score attribue\u0301 au candidat Brice Clotaire Oligui Ngue\u0301ma, passe\u0301 de 90,35 % a\u0300 94,85 %, rappelle des pratiques d\u2019un autre temps\u00bb, a-t-l de\u0301clare\u0301.<\/p>\n<p>Un chiffre qui, selon cette partie du parti, pose de se\u0301rieuses questions sur l\u2019orthodoxie de la centralisation des re\u0301sultats et trahit une volonte\u0301 manifeste de le\u0301gitimer un pouvoir issu d\u2019un coup d\u2019E\u0301tat militaire. Ali Akbar Onanga Y\u2019Obegue, Francis Nke\u0301a Nzigue et Cie qui affichent une fois de plus leur rupture ouverte avec le re\u0301gime de transition, conside\u0300rent que cette e\u0301lection n\u2019a pas rempli les promesses de renouveau annonce\u0301es apre\u0300s le coup d\u2019E\u0301tat du 30 aou\u0302t 2023. \u00abNi la refondation des institutions, ni l\u2019ouverture du jeu politique, ni la garantie d\u2019un scrutin libre n\u2019ont e\u0301te\u0301 assure\u0301es\u00bb, de\u0301plorent-ils.<\/p>\n<p><b>Rupture re\u0301affiche\u0301e<\/b><\/p>\n<p>\u00abLe PDG sera donc en toute logique dans l\u2019opposition non seulement par cohe\u0301rence politique, mais e\u0301galement par respect pour sa base militante et ses principes fondateurs, par fide\u0301lite\u0301 a\u0300 la vision noble de ses pe\u0300res fondateurs et dirigeants le\u0301gitimes successifs, notamment son pre\u0301sident fondateur, le grand camarade El hadj Omar Bongo Ondimba ainsi que son actuel pre\u0301sident, le Distingue\u0301 Camarade Pre\u0301sident Ali Bongo Ondimba\u00bb, a de\u0301clare\u0301 Ali Akbar Onanga Y\u2019Obegue. \u00abLe PDG ne se trouve pas dans l\u2019opposition par convenance ou par calcul. Le PDG choisit de rester fide\u0300le a\u0300 lui-me\u0302me, car seule cette posture peut garantir son avenir dans le paysage politique post-transition\u00bb, a-t-il ajoute\u0301.<\/p>\n<p>Un positionnement qui aurait pu e\u0302tre ine\u0301dit pour un parti qui, pendant plus de cinq de\u0301cennies, a exerce\u0301 une domination sans partage sur la vie politique nationale, mais qui interroge puisque ne faisant pas l\u2019unanimite\u0301. \u00abNous ne pouvons nous associer a\u0300 un re\u0301gime qui a de\u0301posse\u0301de\u0301 par la force le pre\u0301sident le\u0301gitimement e\u0301lu, Ali Bongo Ondimba\u00bb, a insiste\u0301 Onanga Y\u2019Obegue appelant a\u0300 la cohe\u0301rence et a\u0300 la fide\u0301lite\u0301 aux principes fondateurs. Son clan promet de revenir avec un projet politique \u00abcre\u0301dible, ambitieux et ancre\u0301 dans la re\u0301alite\u0301 sociale et e\u0301conomique du pays\u00bb.<\/p>\n<p><b>Le PDG dans l\u2019opposition, vraiment?<\/b><\/p>\n<p>Il juge que le programme annonce\u0301 par Oligui Nguema ne re\u0301pond pas aux aspirations profondes des Gabonais. Notamment, en matie\u0300re de justice sociale, de gouvernance et de transparence. Se disant soucieux de tourner la page des erreurs passe\u0301es, ce clan affiche la volonte\u0301 de ba\u0302tir une nouvelle offre politique, en rupture avec ce qui, croit-il savoir, a pu \u00abaffaiblir sa cre\u0301dibilite\u0301\u00bb et se pre\u0301sente comme porteur d\u2019une nouvelle espe\u0301rance pour les Gabonais. Il appelle les forces vives de la nation, les de\u0301mocrates et les citoyens engage\u0301s a\u0300 s\u2019unir. \u00abEnsemble, nous pourrons ba\u0302tir un front politique solide, capable de faire e\u0301chec aux tentatives de confiscation du pouvoir. Ensemble, nous saurons pre\u0301parer, avec se\u0301rieux et responsabilite\u0301, l\u2019avenir politique du Gabon\u00bb, clame Onanga Y\u2019Obegue.<\/p>\n<p>Lui et les siens entendent ainsi jouer un ro\u0302le de premier plan dans la structuration d\u2019une opposition de\u0301termine\u0301e et rassembleuse, qualifiant l\u2019e\u0301lection du 12 avril d\u2019\u00aboccasion manque\u0301e\u00bb et refusant de ce\u0301der au de\u0301couragement. Pour eux, cette pre\u0301sidentielle \u00abmarque au contraire le de\u0301but d\u2019une nouvelle phase de lutte politique, exigeante mais ne\u0301cessaire\u00bb. Le ton est donne\u0301. Le clan Y\u2019Obegue entre en opposition avec la volonte\u0301 de reba\u0302tir la le\u0301gitimite\u0301 politique du PDG et d\u2019incarner, une alternative pour le pays mais reste a\u0300 savoir si ce positionnement sera entendu de cette oreille non seulement au sein de l\u2019ex parti au pouvoir mais aussi dans le pays ou\u0300 le statut de l\u2019opposant est de\u0301sormais encadre\u0301 par la loi.<\/p>\n<p><strong>Pour plus d&rsquo;informations et d&rsquo;analyses sur la <span style=\"color: #ff6600\">Gabon<\/span>, suivez <span style=\"color: #ff6600\">Africa-Press<\/span><\/strong><\/p>\n","protected":false},"excerpt":{"rendered":"<p>Africa-Press &#8211; Gabon. Au Gabon ou\u0300 le Parti de\u0301mocratique gabonais se divise en deux camps. Apre\u0300s le re\u0301ajustement des re\u0301sultats provisoires de la pre\u0301sidentielle du 12 avril, le clan Y\u2019Obegue est sorti de son silence pour de\u0301noncer une e\u0301lection \u00ab verrouille\u0301e \u00bb et sans transparence. Tandis que le clan Ange\u0301lique Ngoma ce\u0301le\u0300bre la victoire de [&hellip;]<\/p>\n","protected":false},"author":82,"featured_media":57715,"comment_status":"open","ping_status":"closed","sticky":false,"template":"","format":"standard","meta":{"footnotes":""},"categories":[4,2,10],"tags":[49],"class_list":["post-57716","post","type-post","status-publish","format-standard","has-post-thumbnail","hentry","category-parties","category-politique","category-toutes-les-actualites","tag-gabon"],"yoast_head":"<!-- This site is optimized with the Yoast SEO Premium plugin v26.1 (Yoast SEO v27.0) - https:\/\/yoast.com\/product\/yoast-seo-premium-wordpress\/ -->\n<title>Y\u2019Obegue D\u00e9nonce Mascarade \u00c9lectorale, Rejoint Opposition - Gabon<\/title>\n<meta name=\"description\" content=\"Au Gabon ou\u0300 le Parti de\u0301mocratique gabonais se divise en deux camps. Apre\u0300s le re\u0301ajustement des re\u0301sultats provisoi ...\" \/>\n<meta name=\"robots\" content=\"index, follow, max-snippet:-1, max-image-preview:large, max-video-preview:-1\" \/>\n<link rel=\"canonical\" href=\"https:\/\/www.africa-press.net\/gabon\/politique\/yobegue-denonce-mascarade-electorale-rejoint-opposition\" \/>\n<meta property=\"og:locale\" content=\"fr_FR\" \/>\n<meta property=\"og:type\" content=\"article\" \/>\n<meta property=\"og:title\" content=\"Y\u2019Obegue D\u00e9nonce Mascarade \u00c9lectorale, Rejoint Opposition\" \/>\n<meta property=\"og:description\" content=\"Au Gabon ou\u0300 le Parti de\u0301mocratique gabonais se divise en deux camps. Apre\u0300s le re\u0301ajustement des re\u0301sultats provisoi ...\" \/>\n<meta property=\"og:url\" content=\"https:\/\/www.africa-press.net\/gabon\/politique\/yobegue-denonce-mascarade-electorale-rejoint-opposition\" \/>\n<meta property=\"og:site_name\" content=\"Gabon\" \/>\n<meta property=\"article:published_time\" content=\"2025-04-22T20:26:46+00:00\" \/>\n<meta property=\"article:modified_time\" content=\"2025-04-22T21:04:45+00:00\" \/>\n<meta property=\"og:image\" content=\"https:\/\/static.africa-press.net\/gabon\/sites\/54\/2025\/04\/sm_1745343104.037761.jpg\" \/>\n\t<meta property=\"og:image:width\" content=\"720\" \/>\n\t<meta property=\"og:image:height\" content=\"382\" \/>\n\t<meta property=\"og:image:type\" content=\"image\/jpeg\" \/>\n<meta name=\"author\" content=\"cfeditorfr\" \/>\n<meta name=\"twitter:card\" content=\"summary_large_image\" \/>\n<meta name=\"twitter:label1\" content=\"\u00c9crit par\" \/>\n\t<meta name=\"twitter:data1\" content=\"cfeditorfr\" \/>\n\t<meta name=\"twitter:label2\" content=\"Dur\u00e9e de lecture estim\u00e9e\" \/>\n\t<meta name=\"twitter:data2\" content=\"4 minutes\" \/>\n<script type=\"application\/ld+json\" class=\"yoast-schema-graph\">{\"@context\":\"https:\/\/schema.org\",\"@graph\":[{\"@type\":\"Article\",\"@id\":\"https:\/\/www.africa-press.net\/gabon\/politique\/yobegue-denonce-mascarade-electorale-rejoint-opposition#article\",\"isPartOf\":{\"@id\":\"https:\/\/www.africa-press.net\/gabon\/politique\/yobegue-denonce-mascarade-electorale-rejoint-opposition\"},\"author\":{\"name\":\"cfeditorfr\",\"@id\":\"https:\/\/www.africa-press.net\/gabon\/#\/schema\/person\/2b1cf3cd81a31e3cd26889ca66d677f1\"},\"headline\":\"Y\u2019Obegue D\u00e9nonce Mascarade \u00c9lectorale, Rejoint Opposition\",\"datePublished\":\"2025-04-22T20:26:46+00:00\",\"dateModified\":\"2025-04-22T21:04:45+00:00\",\"mainEntityOfPage\":{\"@id\":\"https:\/\/www.africa-press.net\/gabon\/politique\/yobegue-denonce-mascarade-electorale-rejoint-opposition\"},\"wordCount\":855,\"commentCount\":0,\"image\":{\"@id\":\"https:\/\/www.africa-press.net\/gabon\/politique\/yobegue-denonce-mascarade-electorale-rejoint-opposition#primaryimage\"},\"thumbnailUrl\":\"https:\/\/static.africa-press.net\/gabon\/sites\/54\/2025\/04\/sm_1745343104.037761.jpg\",\"keywords\":[\"Gabon\"],\"articleSection\":[\"Parties\",\"Politique\",\"Toutes les actualit\u00e9s\"],\"inLanguage\":\"fr-FR\",\"potentialAction\":[{\"@type\":\"CommentAction\",\"name\":\"Comment\",\"target\":[\"https:\/\/www.africa-press.net\/gabon\/politique\/yobegue-denonce-mascarade-electorale-rejoint-opposition#respond\"]}]},{\"@type\":\"WebPage\",\"@id\":\"https:\/\/www.africa-press.net\/gabon\/politique\/yobegue-denonce-mascarade-electorale-rejoint-opposition\",\"url\":\"https:\/\/www.africa-press.net\/gabon\/politique\/yobegue-denonce-mascarade-electorale-rejoint-opposition\",\"name\":\"Y\u2019Obegue D\u00e9nonce Mascarade \u00c9lectorale, Rejoint Opposition - Gabon\",\"isPartOf\":{\"@id\":\"https:\/\/www.africa-press.net\/gabon\/#website\"},\"primaryImageOfPage\":{\"@id\":\"https:\/\/www.africa-press.net\/gabon\/politique\/yobegue-denonce-mascarade-electorale-rejoint-opposition#primaryimage\"},\"image\":{\"@id\":\"https:\/\/www.africa-press.net\/gabon\/politique\/yobegue-denonce-mascarade-electorale-rejoint-opposition#primaryimage\"},\"thumbnailUrl\":\"https:\/\/static.africa-press.net\/gabon\/sites\/54\/2025\/04\/sm_1745343104.037761.jpg\",\"datePublished\":\"2025-04-22T20:26:46+00:00\",\"dateModified\":\"2025-04-22T21:04:45+00:00\",\"author\":{\"@id\":\"https:\/\/www.africa-press.net\/gabon\/#\/schema\/person\/2b1cf3cd81a31e3cd26889ca66d677f1\"},\"description\":\"Au Gabon ou\u0300 le Parti de\u0301mocratique gabonais se divise en deux camps. Apre\u0300s le re\u0301ajustement des re\u0301sultats provisoi ...\",\"breadcrumb\":{\"@id\":\"https:\/\/www.africa-press.net\/gabon\/politique\/yobegue-denonce-mascarade-electorale-rejoint-opposition#breadcrumb\"},\"inLanguage\":\"fr-FR\",\"potentialAction\":[{\"@type\":\"ReadAction\",\"target\":[\"https:\/\/www.africa-press.net\/gabon\/politique\/yobegue-denonce-mascarade-electorale-rejoint-opposition\"]}]},{\"@type\":\"ImageObject\",\"inLanguage\":\"fr-FR\",\"@id\":\"https:\/\/www.africa-press.net\/gabon\/politique\/yobegue-denonce-mascarade-electorale-rejoint-opposition#primaryimage\",\"url\":\"https:\/\/static.africa-press.net\/gabon\/sites\/54\/2025\/04\/sm_1745343104.037761.jpg\",\"contentUrl\":\"https:\/\/static.africa-press.net\/gabon\/sites\/54\/2025\/04\/sm_1745343104.037761.jpg\",\"width\":720,\"height\":382,\"caption\":\"Y\u2019Obegue D\u00e9nonce Mascarade \u00c9lectorale, Rejoint Opposition\"},{\"@type\":\"BreadcrumbList\",\"@id\":\"https:\/\/www.africa-press.net\/gabon\/politique\/yobegue-denonce-mascarade-electorale-rejoint-opposition#breadcrumb\",\"itemListElement\":[{\"@type\":\"ListItem\",\"position\":1,\"name\":\"Accueil\",\"item\":\"https:\/\/www.africa-press.net\/gabon\/\"},{\"@type\":\"ListItem\",\"position\":2,\"name\":\"Y\u2019Obegue D\u00e9nonce Mascarade \u00c9lectorale, Rejoint Opposition\"}]},{\"@type\":\"WebSite\",\"@id\":\"https:\/\/www.africa-press.net\/gabon\/#website\",\"url\":\"https:\/\/www.africa-press.net\/gabon\/\",\"name\":\"Gabon\",\"description\":\"Just another Africa News Agency Sites site\",\"potentialAction\":[{\"@type\":\"SearchAction\",\"target\":{\"@type\":\"EntryPoint\",\"urlTemplate\":\"https:\/\/www.africa-press.net\/gabon\/?s={search_term_string}\"},\"query-input\":{\"@type\":\"PropertyValueSpecification\",\"valueRequired\":true,\"valueName\":\"search_term_string\"}}],\"inLanguage\":\"fr-FR\"},{\"@type\":\"Person\",\"@id\":\"https:\/\/www.africa-press.net\/gabon\/#\/schema\/person\/2b1cf3cd81a31e3cd26889ca66d677f1\",\"name\":\"cfeditorfr\"}]}<\/script>\n<!-- \/ Yoast SEO Premium plugin. -->","yoast_head_json":{"title":"Y\u2019Obegue D\u00e9nonce Mascarade \u00c9lectorale, Rejoint Opposition - Gabon","description":"Au Gabon ou\u0300 le Parti de\u0301mocratique gabonais se divise en deux camps. Apre\u0300s le re\u0301ajustement des re\u0301sultats provisoi ...","robots":{"index":"index","follow":"follow","max-snippet":"max-snippet:-1","max-image-preview":"max-image-preview:large","max-video-preview":"max-video-preview:-1"},"canonical":"https:\/\/www.africa-press.net\/gabon\/politique\/yobegue-denonce-mascarade-electorale-rejoint-opposition","og_locale":"fr_FR","og_type":"article","og_title":"Y\u2019Obegue D\u00e9nonce Mascarade \u00c9lectorale, Rejoint Opposition","og_description":"Au Gabon ou\u0300 le Parti de\u0301mocratique gabonais se divise en deux camps. Apre\u0300s le re\u0301ajustement des re\u0301sultats provisoi ...","og_url":"https:\/\/www.africa-press.net\/gabon\/politique\/yobegue-denonce-mascarade-electorale-rejoint-opposition","og_site_name":"Gabon","article_published_time":"2025-04-22T20:26:46+00:00","article_modified_time":"2025-04-22T21:04:45+00:00","og_image":[{"width":720,"height":382,"url":"https:\/\/static.africa-press.net\/gabon\/sites\/54\/2025\/04\/sm_1745343104.037761.jpg","type":"image\/jpeg"}],"author":"cfeditorfr","twitter_card":"summary_large_image","twitter_misc":{"\u00c9crit par":"cfeditorfr","Dur\u00e9e de lecture estim\u00e9e":"4 minutes"},"schema":{"@context":"https:\/\/schema.org","@graph":[{"@type":"Article","@id":"https:\/\/www.africa-press.net\/gabon\/politique\/yobegue-denonce-mascarade-electorale-rejoint-opposition#article","isPartOf":{"@id":"https:\/\/www.africa-press.net\/gabon\/politique\/yobegue-denonce-mascarade-electorale-rejoint-opposition"},"author":{"name":"cfeditorfr","@id":"https:\/\/www.africa-press.net\/gabon\/#\/schema\/person\/2b1cf3cd81a31e3cd26889ca66d677f1"},"headline":"Y\u2019Obegue D\u00e9nonce Mascarade \u00c9lectorale, Rejoint Opposition","datePublished":"2025-04-22T20:26:46+00:00","dateModified":"2025-04-22T21:04:45+00:00","mainEntityOfPage":{"@id":"https:\/\/www.africa-press.net\/gabon\/politique\/yobegue-denonce-mascarade-electorale-rejoint-opposition"},"wordCount":855,"commentCount":0,"image":{"@id":"https:\/\/www.africa-press.net\/gabon\/politique\/yobegue-denonce-mascarade-electorale-rejoint-opposition#primaryimage"},"thumbnailUrl":"https:\/\/static.africa-press.net\/gabon\/sites\/54\/2025\/04\/sm_1745343104.037761.jpg","keywords":["Gabon"],"articleSection":["Parties","Politique","Toutes les actualit\u00e9s"],"inLanguage":"fr-FR","potentialAction":[{"@type":"CommentAction","name":"Comment","target":["https:\/\/www.africa-press.net\/gabon\/politique\/yobegue-denonce-mascarade-electorale-rejoint-opposition#respond"]}]},{"@type":"WebPage","@id":"https:\/\/www.africa-press.net\/gabon\/politique\/yobegue-denonce-mascarade-electorale-rejoint-opposition","url":"https:\/\/www.africa-press.net\/gabon\/politique\/yobegue-denonce-mascarade-electorale-rejoint-opposition","name":"Y\u2019Obegue D\u00e9nonce Mascarade \u00c9lectorale, Rejoint Opposition - Gabon","isPartOf":{"@id":"https:\/\/www.africa-press.net\/gabon\/#website"},"primaryImageOfPage":{"@id":"https:\/\/www.africa-press.net\/gabon\/politique\/yobegue-denonce-mascarade-electorale-rejoint-opposition#primaryimage"},"image":{"@id":"https:\/\/www.africa-press.net\/gabon\/politique\/yobegue-denonce-mascarade-electorale-rejoint-opposition#primaryimage"},"thumbnailUrl":"https:\/\/static.africa-press.net\/gabon\/sites\/54\/2025\/04\/sm_1745343104.037761.jpg","datePublished":"2025-04-22T20:26:46+00:00","dateModified":"2025-04-22T21:04:45+00:00","author":{"@id":"https:\/\/www.africa-press.net\/gabon\/#\/schema\/person\/2b1cf3cd81a31e3cd26889ca66d677f1"},"description":"Au Gabon ou\u0300 le Parti de\u0301mocratique gabonais se divise en deux camps. Apre\u0300s le re\u0301ajustement des re\u0301sultats provisoi ...","breadcrumb":{"@id":"https:\/\/www.africa-press.net\/gabon\/politique\/yobegue-denonce-mascarade-electorale-rejoint-opposition#breadcrumb"},"inLanguage":"fr-FR","potentialAction":[{"@type":"ReadAction","target":["https:\/\/www.africa-press.net\/gabon\/politique\/yobegue-denonce-mascarade-electorale-rejoint-opposition"]}]},{"@type":"ImageObject","inLanguage":"fr-FR","@id":"https:\/\/www.africa-press.net\/gabon\/politique\/yobegue-denonce-mascarade-electorale-rejoint-opposition#primaryimage","url":"https:\/\/static.africa-press.net\/gabon\/sites\/54\/2025\/04\/sm_1745343104.037761.jpg","contentUrl":"https:\/\/static.africa-press.net\/gabon\/sites\/54\/2025\/04\/sm_1745343104.037761.jpg","width":720,"height":382,"caption":"Y\u2019Obegue D\u00e9nonce Mascarade \u00c9lectorale, Rejoint Opposition"},{"@type":"BreadcrumbList","@id":"https:\/\/www.africa-press.net\/gabon\/politique\/yobegue-denonce-mascarade-electorale-rejoint-opposition#breadcrumb","itemListElement":[{"@type":"ListItem","position":1,"name":"Accueil","item":"https:\/\/www.africa-press.net\/gabon\/"},{"@type":"ListItem","position":2,"name":"Y\u2019Obegue D\u00e9nonce Mascarade \u00c9lectorale, Rejoint Opposition"}]},{"@type":"WebSite","@id":"https:\/\/www.africa-press.net\/gabon\/#website","url":"https:\/\/www.africa-press.net\/gabon\/","name":"Gabon","description":"Just another Africa News Agency Sites site","potentialAction":[{"@type":"SearchAction","target":{"@type":"EntryPoint","urlTemplate":"https:\/\/www.africa-press.net\/gabon\/?s={search_term_string}"},"query-input":{"@type":"PropertyValueSpecification","valueRequired":true,"valueName":"search_term_string"}}],"inLanguage":"fr-FR"},{"@type":"Person","@id":"https:\/\/www.africa-press.net\/gabon\/#\/schema\/person\/2b1cf3cd81a31e3cd26889ca66d677f1","name":"cfeditorfr"}]}},"_links":{"self":[{"href":"https:\/\/www.africa-press.net\/gabon\/wp-json\/wp\/v2\/posts\/57716","targetHints":{"allow":["GET"]}}],"collection":[{"href":"https:\/\/www.africa-press.net\/gabon\/wp-json\/wp\/v2\/posts"}],"about":[{"href":"https:\/\/www.africa-press.net\/gabon\/wp-json\/wp\/v2\/types\/post"}],"author":[{"embeddable":true,"href":"https:\/\/www.africa-press.net\/gabon\/wp-json\/wp\/v2\/users\/82"}],"replies":[{"embeddable":true,"href":"https:\/\/www.africa-press.net\/gabon\/wp-json\/wp\/v2\/comments?post=57716"}],"version-history":[{"count":0,"href":"https:\/\/www.africa-press.net\/gabon\/wp-json\/wp\/v2\/posts\/57716\/revisions"}],"wp:featuredmedia":[{"embeddable":true,"href":"https:\/\/www.africa-press.net\/gabon\/wp-json\/wp\/v2\/media\/57715"}],"wp:attachment":[{"href":"https:\/\/www.africa-press.net\/gabon\/wp-json\/wp\/v2\/media?parent=57716"}],"wp:term":[{"taxonomy":"category","embeddable":true,"href":"https:\/\/www.africa-press.net\/gabon\/wp-json\/wp\/v2\/categories?post=57716"},{"taxonomy":"post_tag","embeddable":true,"href":"https:\/\/www.africa-press.net\/gabon\/wp-json\/wp\/v2\/tags?post=57716"}],"curies":[{"name":"wp","href":"https:\/\/api.w.org\/{rel}","templated":true}]}}