{"id":62203,"date":"2025-07-12T21:27:05","date_gmt":"2025-07-12T21:27:05","guid":{"rendered":"https:\/\/www.africa-press.net\/gabon\/politique\/le-rpm-sintegre-a-la-mouvance-presidentielle-sous-conditions"},"modified":"2025-07-13T10:52:41","modified_gmt":"2025-07-13T10:52:41","slug":"le-rpm-sintegre-a-la-mouvance-presidentielle-sous-conditions","status":"publish","type":"post","link":"https:\/\/www.africa-press.net\/gabon\/politique\/le-rpm-sintegre-a-la-mouvance-presidentielle-sous-conditions","title":{"rendered":"Le RPM S&rsquo;Int\u00e8gre \u00c0 la Mouvance Pr\u00e9sidentielle sous Conditions"},"content":{"rendered":"<p><span style=\"color: #ff6600\"><strong>Africa-Press &#8211; Gabon. <\/strong><\/span><b>Le pre\u0301sident du Rassemblement pour la patrie et la modernite\u0301 (RPM), Alexandre Barro Chambrier, par ailleurs vice-pre\u0301sident du gouvernement gabonais, a, annonce\u0301 vendredi 11 juillet dans une de\u0301claration solennelle, son appartenance sous condition, a\u0300 la future majorite\u0301 pre\u0301sidentielle dont la locomotive sera l\u2019Union de\u0301mocratique des ba\u0302tisseurs (UDB), nouvelle formation politique cre\u0301er le 05 juillet dernier par le Pre\u0301sident de la Re\u0301publique, Brice Clotaire Oligui Nguema.<\/b><\/p>\n<p>\u00ab Nous re\u0301affirmons ici et maintenant, la disponibilite\u0301 du RPM a\u0300 coope\u0301rer pleinement avec ce nouvel instrument politique dans le cadre d\u2019une majorite\u0301 pre\u0301sidentielle dont les fondements doivent radicalement se de\u0301marquer des errements du passe\u0301 \u00bb, a de\u0301clare\u0301 M. Barro Chambrier sous les ovations nourries ses militants et partisans.<\/p>\n<p>Cette de\u0301claration e\u0301tait tre\u0300s attendue par des militants qui pensaient que leur parti devrait e\u0302tre absorbe\u0301 par l\u2019UDB. Le RPM veut donc garder sa marge de man\u0153uvre politique pour, indique-t-on, continuer a\u0300 soutenir l\u2019a\u0302me de ba\u0302tisseur d\u2019Oligui Nguema dans la cadre de la cre\u0301ation des richesses, des emplois, pour soigner et loger dignement les gabonais, entre autres.<\/p>\n<p>\u00ab Nous voulons ba\u0302tir ensemble pour pre\u0301server l\u2019unite\u0301 nationale, loin des pole\u0301miques peu constructives qui retardent davantage notre pays \u00bb, a-t-il dit.<\/p>\n<p><b>Camille Boussoughou<\/b> <b>et Tryphe\u0300ne Lembah<\/b><\/p>\n<p><strong>Pour plus d&rsquo;informations et d&rsquo;analyses sur la <span style=\"color: #ff6600\">Gabon<\/span>, suivez <span style=\"color: #ff6600\">Africa-Press<\/span><\/strong><\/p>\n","protected":false},"excerpt":{"rendered":"<p>Africa-Press &#8211; Gabon. Le pre\u0301sident du Rassemblement pour la patrie et la modernite\u0301 (RPM), Alexandre Barro Chambrier, par ailleurs vice-pre\u0301sident du gouvernement gabonais, a, annonce\u0301 vendredi 11 juillet dans une de\u0301claration solennelle, son appartenance sous condition, a\u0300 la future majorite\u0301 pre\u0301sidentielle dont la locomotive sera l\u2019Union de\u0301mocratique des ba\u0302tisseurs (UDB), nouvelle formation politique cre\u0301er le [&hellip;]<\/p>\n","protected":false},"author":82,"featured_media":62202,"comment_status":"open","ping_status":"closed","sticky":false,"template":"","format":"standard","meta":{"footnotes":""},"categories":[2,10],"tags":[49],"class_list":["post-62203","post","type-post","status-publish","format-standard","has-post-thumbnail","hentry","category-politique","category-toutes-les-actualites","tag-gabon"],"yoast_head":"<!-- This site is optimized with the Yoast SEO Premium plugin v26.1 (Yoast SEO v27.0) - https:\/\/yoast.com\/product\/yoast-seo-premium-wordpress\/ -->\n<title>Le RPM S&#039;Int\u00e8gre \u00c0 la Mouvance Pr\u00e9sidentielle sous Conditions - Gabon<\/title>\n<meta name=\"description\" content=\"Le pre\u0301sident du Rassemblement pour la patrie et la modernite\u0301 (RPM), Alexandre Barro Chambrier, par ailleurs vice-pr ...\" \/>\n<meta name=\"robots\" content=\"index, follow, max-snippet:-1, max-image-preview:large, max-video-preview:-1\" \/>\n<link rel=\"canonical\" href=\"https:\/\/www.africa-press.net\/gabon\/politique\/le-rpm-sintegre-a-la-mouvance-presidentielle-sous-conditions\" \/>\n<meta property=\"og:locale\" content=\"fr_FR\" \/>\n<meta property=\"og:type\" content=\"article\" \/>\n<meta property=\"og:title\" content=\"Le RPM S&#039;Int\u00e8gre \u00c0 la Mouvance Pr\u00e9sidentielle sous Conditions\" \/>\n<meta property=\"og:description\" content=\"Le pre\u0301sident du Rassemblement pour la patrie et la modernite\u0301 (RPM), Alexandre Barro Chambrier, par ailleurs vice-pr ...\" \/>\n<meta property=\"og:url\" content=\"https:\/\/www.africa-press.net\/gabon\/politique\/le-rpm-sintegre-a-la-mouvance-presidentielle-sous-conditions\" \/>\n<meta property=\"og:site_name\" content=\"Gabon\" \/>\n<meta property=\"article:published_time\" content=\"2025-07-12T21:27:05+00:00\" \/>\n<meta property=\"article:modified_time\" content=\"2025-07-13T10:52:41+00:00\" \/>\n<meta property=\"og:image\" content=\"https:\/\/static.africa-press.net\/gabon\/sites\/54\/2025\/07\/sm_1752359728.683632.jpg\" \/>\n\t<meta property=\"og:image:width\" content=\"722\" \/>\n\t<meta property=\"og:image:height\" content=\"413\" \/>\n\t<meta property=\"og:image:type\" content=\"image\/jpeg\" \/>\n<meta name=\"author\" content=\"cfeditorfr\" \/>\n<meta name=\"twitter:card\" content=\"summary_large_image\" \/>\n<meta name=\"twitter:label1\" content=\"\u00c9crit par\" \/>\n\t<meta name=\"twitter:data1\" content=\"cfeditorfr\" \/>\n\t<meta name=\"twitter:label2\" content=\"Dur\u00e9e de lecture estim\u00e9e\" \/>\n\t<meta name=\"twitter:data2\" content=\"2 minutes\" \/>\n<script type=\"application\/ld+json\" class=\"yoast-schema-graph\">{\"@context\":\"https:\/\/schema.org\",\"@graph\":[{\"@type\":\"Article\",\"@id\":\"https:\/\/www.africa-press.net\/gabon\/politique\/le-rpm-sintegre-a-la-mouvance-presidentielle-sous-conditions#article\",\"isPartOf\":{\"@id\":\"https:\/\/www.africa-press.net\/gabon\/politique\/le-rpm-sintegre-a-la-mouvance-presidentielle-sous-conditions\"},\"author\":{\"name\":\"cfeditorfr\",\"@id\":\"https:\/\/www.africa-press.net\/gabon\/#\/schema\/person\/2b1cf3cd81a31e3cd26889ca66d677f1\"},\"headline\":\"Le RPM S&rsquo;Int\u00e8gre \u00c0 la Mouvance Pr\u00e9sidentielle sous Conditions\",\"datePublished\":\"2025-07-12T21:27:05+00:00\",\"dateModified\":\"2025-07-13T10:52:41+00:00\",\"mainEntityOfPage\":{\"@id\":\"https:\/\/www.africa-press.net\/gabon\/politique\/le-rpm-sintegre-a-la-mouvance-presidentielle-sous-conditions\"},\"wordCount\":250,\"commentCount\":0,\"image\":{\"@id\":\"https:\/\/www.africa-press.net\/gabon\/politique\/le-rpm-sintegre-a-la-mouvance-presidentielle-sous-conditions#primaryimage\"},\"thumbnailUrl\":\"https:\/\/static.africa-press.net\/gabon\/sites\/54\/2025\/07\/sm_1752359728.683632.jpg\",\"keywords\":[\"Gabon\"],\"articleSection\":[\"Politique\",\"Toutes les actualit\u00e9s\"],\"inLanguage\":\"fr-FR\",\"potentialAction\":[{\"@type\":\"CommentAction\",\"name\":\"Comment\",\"target\":[\"https:\/\/www.africa-press.net\/gabon\/politique\/le-rpm-sintegre-a-la-mouvance-presidentielle-sous-conditions#respond\"]}]},{\"@type\":\"WebPage\",\"@id\":\"https:\/\/www.africa-press.net\/gabon\/politique\/le-rpm-sintegre-a-la-mouvance-presidentielle-sous-conditions\",\"url\":\"https:\/\/www.africa-press.net\/gabon\/politique\/le-rpm-sintegre-a-la-mouvance-presidentielle-sous-conditions\",\"name\":\"Le RPM S'Int\u00e8gre \u00c0 la Mouvance Pr\u00e9sidentielle sous Conditions - Gabon\",\"isPartOf\":{\"@id\":\"https:\/\/www.africa-press.net\/gabon\/#website\"},\"primaryImageOfPage\":{\"@id\":\"https:\/\/www.africa-press.net\/gabon\/politique\/le-rpm-sintegre-a-la-mouvance-presidentielle-sous-conditions#primaryimage\"},\"image\":{\"@id\":\"https:\/\/www.africa-press.net\/gabon\/politique\/le-rpm-sintegre-a-la-mouvance-presidentielle-sous-conditions#primaryimage\"},\"thumbnailUrl\":\"https:\/\/static.africa-press.net\/gabon\/sites\/54\/2025\/07\/sm_1752359728.683632.jpg\",\"datePublished\":\"2025-07-12T21:27:05+00:00\",\"dateModified\":\"2025-07-13T10:52:41+00:00\",\"author\":{\"@id\":\"https:\/\/www.africa-press.net\/gabon\/#\/schema\/person\/2b1cf3cd81a31e3cd26889ca66d677f1\"},\"description\":\"Le pre\u0301sident du Rassemblement pour la patrie et la modernite\u0301 (RPM), Alexandre Barro Chambrier, par ailleurs vice-pr ...\",\"breadcrumb\":{\"@id\":\"https:\/\/www.africa-press.net\/gabon\/politique\/le-rpm-sintegre-a-la-mouvance-presidentielle-sous-conditions#breadcrumb\"},\"inLanguage\":\"fr-FR\",\"potentialAction\":[{\"@type\":\"ReadAction\",\"target\":[\"https:\/\/www.africa-press.net\/gabon\/politique\/le-rpm-sintegre-a-la-mouvance-presidentielle-sous-conditions\"]}]},{\"@type\":\"ImageObject\",\"inLanguage\":\"fr-FR\",\"@id\":\"https:\/\/www.africa-press.net\/gabon\/politique\/le-rpm-sintegre-a-la-mouvance-presidentielle-sous-conditions#primaryimage\",\"url\":\"https:\/\/static.africa-press.net\/gabon\/sites\/54\/2025\/07\/sm_1752359728.683632.jpg\",\"contentUrl\":\"https:\/\/static.africa-press.net\/gabon\/sites\/54\/2025\/07\/sm_1752359728.683632.jpg\",\"width\":722,\"height\":413,\"caption\":\"Le RPM S'Int\u00e8gre \u00c0 la Mouvance Pr\u00e9sidentielle sous Conditions\"},{\"@type\":\"BreadcrumbList\",\"@id\":\"https:\/\/www.africa-press.net\/gabon\/politique\/le-rpm-sintegre-a-la-mouvance-presidentielle-sous-conditions#breadcrumb\",\"itemListElement\":[{\"@type\":\"ListItem\",\"position\":1,\"name\":\"Accueil\",\"item\":\"https:\/\/www.africa-press.net\/gabon\/\"},{\"@type\":\"ListItem\",\"position\":2,\"name\":\"Le RPM S&#8217;Int\u00e8gre \u00c0 la Mouvance Pr\u00e9sidentielle sous Conditions\"}]},{\"@type\":\"WebSite\",\"@id\":\"https:\/\/www.africa-press.net\/gabon\/#website\",\"url\":\"https:\/\/www.africa-press.net\/gabon\/\",\"name\":\"Gabon\",\"description\":\"Just another Africa News Agency Sites site\",\"potentialAction\":[{\"@type\":\"SearchAction\",\"target\":{\"@type\":\"EntryPoint\",\"urlTemplate\":\"https:\/\/www.africa-press.net\/gabon\/?s={search_term_string}\"},\"query-input\":{\"@type\":\"PropertyValueSpecification\",\"valueRequired\":true,\"valueName\":\"search_term_string\"}}],\"inLanguage\":\"fr-FR\"},{\"@type\":\"Person\",\"@id\":\"https:\/\/www.africa-press.net\/gabon\/#\/schema\/person\/2b1cf3cd81a31e3cd26889ca66d677f1\",\"name\":\"cfeditorfr\"}]}<\/script>\n<!-- \/ Yoast SEO Premium plugin. -->","yoast_head_json":{"title":"Le RPM S'Int\u00e8gre \u00c0 la Mouvance Pr\u00e9sidentielle sous Conditions - Gabon","description":"Le pre\u0301sident du Rassemblement pour la patrie et la modernite\u0301 (RPM), Alexandre Barro Chambrier, par ailleurs vice-pr ...","robots":{"index":"index","follow":"follow","max-snippet":"max-snippet:-1","max-image-preview":"max-image-preview:large","max-video-preview":"max-video-preview:-1"},"canonical":"https:\/\/www.africa-press.net\/gabon\/politique\/le-rpm-sintegre-a-la-mouvance-presidentielle-sous-conditions","og_locale":"fr_FR","og_type":"article","og_title":"Le RPM S'Int\u00e8gre \u00c0 la Mouvance Pr\u00e9sidentielle sous Conditions","og_description":"Le pre\u0301sident du Rassemblement pour la patrie et la modernite\u0301 (RPM), Alexandre Barro Chambrier, par ailleurs vice-pr ...","og_url":"https:\/\/www.africa-press.net\/gabon\/politique\/le-rpm-sintegre-a-la-mouvance-presidentielle-sous-conditions","og_site_name":"Gabon","article_published_time":"2025-07-12T21:27:05+00:00","article_modified_time":"2025-07-13T10:52:41+00:00","og_image":[{"width":722,"height":413,"url":"https:\/\/static.africa-press.net\/gabon\/sites\/54\/2025\/07\/sm_1752359728.683632.jpg","type":"image\/jpeg"}],"author":"cfeditorfr","twitter_card":"summary_large_image","twitter_misc":{"\u00c9crit par":"cfeditorfr","Dur\u00e9e de lecture estim\u00e9e":"2 minutes"},"schema":{"@context":"https:\/\/schema.org","@graph":[{"@type":"Article","@id":"https:\/\/www.africa-press.net\/gabon\/politique\/le-rpm-sintegre-a-la-mouvance-presidentielle-sous-conditions#article","isPartOf":{"@id":"https:\/\/www.africa-press.net\/gabon\/politique\/le-rpm-sintegre-a-la-mouvance-presidentielle-sous-conditions"},"author":{"name":"cfeditorfr","@id":"https:\/\/www.africa-press.net\/gabon\/#\/schema\/person\/2b1cf3cd81a31e3cd26889ca66d677f1"},"headline":"Le RPM S&rsquo;Int\u00e8gre \u00c0 la Mouvance Pr\u00e9sidentielle sous Conditions","datePublished":"2025-07-12T21:27:05+00:00","dateModified":"2025-07-13T10:52:41+00:00","mainEntityOfPage":{"@id":"https:\/\/www.africa-press.net\/gabon\/politique\/le-rpm-sintegre-a-la-mouvance-presidentielle-sous-conditions"},"wordCount":250,"commentCount":0,"image":{"@id":"https:\/\/www.africa-press.net\/gabon\/politique\/le-rpm-sintegre-a-la-mouvance-presidentielle-sous-conditions#primaryimage"},"thumbnailUrl":"https:\/\/static.africa-press.net\/gabon\/sites\/54\/2025\/07\/sm_1752359728.683632.jpg","keywords":["Gabon"],"articleSection":["Politique","Toutes les actualit\u00e9s"],"inLanguage":"fr-FR","potentialAction":[{"@type":"CommentAction","name":"Comment","target":["https:\/\/www.africa-press.net\/gabon\/politique\/le-rpm-sintegre-a-la-mouvance-presidentielle-sous-conditions#respond"]}]},{"@type":"WebPage","@id":"https:\/\/www.africa-press.net\/gabon\/politique\/le-rpm-sintegre-a-la-mouvance-presidentielle-sous-conditions","url":"https:\/\/www.africa-press.net\/gabon\/politique\/le-rpm-sintegre-a-la-mouvance-presidentielle-sous-conditions","name":"Le RPM S'Int\u00e8gre \u00c0 la Mouvance Pr\u00e9sidentielle sous Conditions - Gabon","isPartOf":{"@id":"https:\/\/www.africa-press.net\/gabon\/#website"},"primaryImageOfPage":{"@id":"https:\/\/www.africa-press.net\/gabon\/politique\/le-rpm-sintegre-a-la-mouvance-presidentielle-sous-conditions#primaryimage"},"image":{"@id":"https:\/\/www.africa-press.net\/gabon\/politique\/le-rpm-sintegre-a-la-mouvance-presidentielle-sous-conditions#primaryimage"},"thumbnailUrl":"https:\/\/static.africa-press.net\/gabon\/sites\/54\/2025\/07\/sm_1752359728.683632.jpg","datePublished":"2025-07-12T21:27:05+00:00","dateModified":"2025-07-13T10:52:41+00:00","author":{"@id":"https:\/\/www.africa-press.net\/gabon\/#\/schema\/person\/2b1cf3cd81a31e3cd26889ca66d677f1"},"description":"Le pre\u0301sident du Rassemblement pour la patrie et la modernite\u0301 (RPM), Alexandre Barro Chambrier, par ailleurs vice-pr ...","breadcrumb":{"@id":"https:\/\/www.africa-press.net\/gabon\/politique\/le-rpm-sintegre-a-la-mouvance-presidentielle-sous-conditions#breadcrumb"},"inLanguage":"fr-FR","potentialAction":[{"@type":"ReadAction","target":["https:\/\/www.africa-press.net\/gabon\/politique\/le-rpm-sintegre-a-la-mouvance-presidentielle-sous-conditions"]}]},{"@type":"ImageObject","inLanguage":"fr-FR","@id":"https:\/\/www.africa-press.net\/gabon\/politique\/le-rpm-sintegre-a-la-mouvance-presidentielle-sous-conditions#primaryimage","url":"https:\/\/static.africa-press.net\/gabon\/sites\/54\/2025\/07\/sm_1752359728.683632.jpg","contentUrl":"https:\/\/static.africa-press.net\/gabon\/sites\/54\/2025\/07\/sm_1752359728.683632.jpg","width":722,"height":413,"caption":"Le RPM S'Int\u00e8gre \u00c0 la Mouvance Pr\u00e9sidentielle sous Conditions"},{"@type":"BreadcrumbList","@id":"https:\/\/www.africa-press.net\/gabon\/politique\/le-rpm-sintegre-a-la-mouvance-presidentielle-sous-conditions#breadcrumb","itemListElement":[{"@type":"ListItem","position":1,"name":"Accueil","item":"https:\/\/www.africa-press.net\/gabon\/"},{"@type":"ListItem","position":2,"name":"Le RPM S&#8217;Int\u00e8gre \u00c0 la Mouvance Pr\u00e9sidentielle sous Conditions"}]},{"@type":"WebSite","@id":"https:\/\/www.africa-press.net\/gabon\/#website","url":"https:\/\/www.africa-press.net\/gabon\/","name":"Gabon","description":"Just another Africa News Agency Sites site","potentialAction":[{"@type":"SearchAction","target":{"@type":"EntryPoint","urlTemplate":"https:\/\/www.africa-press.net\/gabon\/?s={search_term_string}"},"query-input":{"@type":"PropertyValueSpecification","valueRequired":true,"valueName":"search_term_string"}}],"inLanguage":"fr-FR"},{"@type":"Person","@id":"https:\/\/www.africa-press.net\/gabon\/#\/schema\/person\/2b1cf3cd81a31e3cd26889ca66d677f1","name":"cfeditorfr"}]}},"_links":{"self":[{"href":"https:\/\/www.africa-press.net\/gabon\/wp-json\/wp\/v2\/posts\/62203","targetHints":{"allow":["GET"]}}],"collection":[{"href":"https:\/\/www.africa-press.net\/gabon\/wp-json\/wp\/v2\/posts"}],"about":[{"href":"https:\/\/www.africa-press.net\/gabon\/wp-json\/wp\/v2\/types\/post"}],"author":[{"embeddable":true,"href":"https:\/\/www.africa-press.net\/gabon\/wp-json\/wp\/v2\/users\/82"}],"replies":[{"embeddable":true,"href":"https:\/\/www.africa-press.net\/gabon\/wp-json\/wp\/v2\/comments?post=62203"}],"version-history":[{"count":0,"href":"https:\/\/www.africa-press.net\/gabon\/wp-json\/wp\/v2\/posts\/62203\/revisions"}],"wp:featuredmedia":[{"embeddable":true,"href":"https:\/\/www.africa-press.net\/gabon\/wp-json\/wp\/v2\/media\/62202"}],"wp:attachment":[{"href":"https:\/\/www.africa-press.net\/gabon\/wp-json\/wp\/v2\/media?parent=62203"}],"wp:term":[{"taxonomy":"category","embeddable":true,"href":"https:\/\/www.africa-press.net\/gabon\/wp-json\/wp\/v2\/categories?post=62203"},{"taxonomy":"post_tag","embeddable":true,"href":"https:\/\/www.africa-press.net\/gabon\/wp-json\/wp\/v2\/tags?post=62203"}],"curies":[{"name":"wp","href":"https:\/\/api.w.org\/{rel}","templated":true}]}}