{"id":62318,"date":"2025-07-16T22:53:21","date_gmt":"2025-07-16T22:53:21","guid":{"rendered":"https:\/\/www.africa-press.net\/gabon\/politique\/un-nouveau-jardin-botanique-pour-libreville-et-le-gabon"},"modified":"2025-07-16T23:57:26","modified_gmt":"2025-07-16T23:57:26","slug":"un-nouveau-jardin-botanique-pour-libreville-et-le-gabon","status":"publish","type":"post","link":"https:\/\/www.africa-press.net\/gabon\/toutes-les-actualites\/un-nouveau-jardin-botanique-pour-libreville-et-le-gabon","title":{"rendered":"Un Nouveau Jardin Botanique Pour Libreville Et Le Gabon"},"content":{"rendered":"<p><span style=\"color: #ff6600\"><strong>Africa-Press &#8211; Gabon. <\/strong><\/span><b>La capitale gabonaise s\u2019appre\u0302te a\u0300 accueillir son premier jardin botanique qui sera ame\u0301nage\u0301 au c\u0153ur de l\u2019Arboretum Raponda Walker, a\u0300 Akanda, dans la banlieue nord de Libreville. Porte\u0301 par l\u2019Agence nationale des parcs nationaux (ANPN), avec l\u2019appui du Programme des Nations Unies pour le de\u0301veloppement (PNUD) et l\u2019Initiative pour les fore\u0302ts d\u2019Afrique Centrale (CAFI), le futur jardin botanique sera plus qu\u2019un espace vert, il deviendra un ve\u0301ritable centre vivant de conservation, de recherche, d\u2019e\u0301ducation et d\u2019engagement citoyen pour la nature et la biodiversite\u0301.<\/b><\/p>\n<p>Le futur jardin botanique entend valoriser la biodiversite\u0301 gabonaise tout en contribuant a\u0300 la pre\u0301servation des espe\u0300ces (faune et flore) du Bassin du Congo. Avec pre\u0300s de 88 % de son territoire couvert de fore\u0302ts, le Gabon confirme son ambition d\u2019e\u0302tre un acteur de premier plan en matie\u0300re de protection de l\u2019environnement.<\/p>\n<p>Au-dela\u0300 de son ro\u0302le scientifique, le projet veut aussi ge\u0301ne\u0301rer un impact e\u0301conomique et social. La cre\u0301ation d\u2019emplois, l\u2019accueil de visiteurs, le soutien aux initiatives locales et la promotion de l\u2019e\u0301cotourisme font partie des objectifs affiche\u0301s.<\/p>\n<p>Peu de jardins botaniques existent en Afrique centrale. Celui de Libreville vise a\u0300 combler ce vide en devenant un lieu de re\u0301fe\u0301rence pour les chercheurs, les e\u0301tudiants, les e\u0301coles et le grand public. Des ateliers et des activite\u0301s communautaires y seront propose\u0301s, a\u0300 des dates encore a\u0300 pre\u0301ciser.<\/p>\n<p>Ce projet se pre\u0301sente donc comme un trait d\u2019union entre la ville et la nature, un espace ou\u0300 se rencontrent la science, l\u2019e\u0301ducation, le de\u0301veloppement local et la sensibilisation a\u0300 l\u2019environnement.<\/p>\n<p>Par de\u0301finition, un jardin botanique est un lieu de conservation des plantes et de certaines espe\u0300ces animales du sous-bois ; de recherche scientifique ; d\u2019e\u0301ducation et de de\u0301couverte. Avec cette initiative, Libreville s\u2019inscrit dans la dynamique des grandes villes qui font de la nature un allie\u0301 au c\u0153ur de l\u2019espace urbain.<\/p>\n<p><b>Fe\u0301eodora Madiba et Luan Martinez<\/b><\/p>\n<p><strong>Pour plus d&rsquo;informations et d&rsquo;analyses sur la <span style=\"color: #ff6600\">Gabon<\/span>, suivez <span style=\"color: #ff6600\">Africa-Press<\/span><\/strong><\/p>\n","protected":false},"excerpt":{"rendered":"<p>Africa-Press &#8211; Gabon. La capitale gabonaise s\u2019appre\u0302te a\u0300 accueillir son premier jardin botanique qui sera ame\u0301nage\u0301 au c\u0153ur de l\u2019Arboretum Raponda Walker, a\u0300 Akanda, dans la banlieue nord de Libreville. Porte\u0301 par l\u2019Agence nationale des parcs nationaux (ANPN), avec l\u2019appui du Programme des Nations Unies pour le de\u0301veloppement (PNUD) et l\u2019Initiative pour les fore\u0302ts d\u2019Afrique [&hellip;]<\/p>\n","protected":false},"author":82,"featured_media":62317,"comment_status":"open","ping_status":"closed","sticky":false,"template":"","format":"standard","meta":{"footnotes":""},"categories":[21,10],"tags":[49],"class_list":["post-62318","post","type-post","status-publish","format-standard","has-post-thumbnail","hentry","category-communaute","category-toutes-les-actualites","tag-gabon"],"yoast_head":"<!-- This site is optimized with the Yoast SEO Premium plugin v26.1 (Yoast SEO v27.0) - https:\/\/yoast.com\/product\/yoast-seo-premium-wordpress\/ -->\n<title>Un Nouveau Jardin Botanique Pour Libreville Et Le Gabon - Gabon<\/title>\n<meta name=\"description\" content=\"La capitale gabonaise s\u2019appre\u0302te a\u0300 accueillir son premier jardin botanique qui sera ame\u0301nage\u0301 au c\u0153ur de l\u2019Arboretum ...\" \/>\n<meta name=\"robots\" content=\"index, follow, max-snippet:-1, max-image-preview:large, max-video-preview:-1\" \/>\n<link rel=\"canonical\" href=\"https:\/\/www.africa-press.net\/gabon\/toutes-les-actualites\/un-nouveau-jardin-botanique-pour-libreville-et-le-gabon\" \/>\n<meta property=\"og:locale\" content=\"fr_FR\" \/>\n<meta property=\"og:type\" content=\"article\" \/>\n<meta property=\"og:title\" content=\"Un Nouveau Jardin Botanique Pour Libreville Et Le Gabon\" \/>\n<meta property=\"og:description\" content=\"La capitale gabonaise s\u2019appre\u0302te a\u0300 accueillir son premier jardin botanique qui sera ame\u0301nage\u0301 au c\u0153ur de l\u2019Arboretum ...\" \/>\n<meta property=\"og:url\" content=\"https:\/\/www.africa-press.net\/gabon\/toutes-les-actualites\/un-nouveau-jardin-botanique-pour-libreville-et-le-gabon\" \/>\n<meta property=\"og:site_name\" content=\"Gabon\" \/>\n<meta property=\"article:published_time\" content=\"2025-07-16T22:53:21+00:00\" \/>\n<meta property=\"article:modified_time\" content=\"2025-07-16T23:57:26+00:00\" \/>\n<meta property=\"og:image\" content=\"https:\/\/static.africa-press.net\/gabon\/sites\/54\/2025\/07\/sm_1752696606.22671.jpg\" \/>\n\t<meta property=\"og:image:width\" content=\"1024\" \/>\n\t<meta property=\"og:image:height\" content=\"577\" \/>\n\t<meta property=\"og:image:type\" content=\"image\/jpeg\" \/>\n<meta name=\"author\" content=\"cfeditorfr\" \/>\n<meta name=\"twitter:card\" content=\"summary_large_image\" \/>\n<meta name=\"twitter:label1\" content=\"\u00c9crit par\" \/>\n\t<meta name=\"twitter:data1\" content=\"cfeditorfr\" \/>\n\t<meta name=\"twitter:label2\" content=\"Dur\u00e9e de lecture estim\u00e9e\" \/>\n\t<meta name=\"twitter:data2\" content=\"2 minutes\" \/>\n<script type=\"application\/ld+json\" class=\"yoast-schema-graph\">{\"@context\":\"https:\/\/schema.org\",\"@graph\":[{\"@type\":\"Article\",\"@id\":\"https:\/\/www.africa-press.net\/gabon\/toutes-les-actualites\/un-nouveau-jardin-botanique-pour-libreville-et-le-gabon#article\",\"isPartOf\":{\"@id\":\"https:\/\/www.africa-press.net\/gabon\/toutes-les-actualites\/un-nouveau-jardin-botanique-pour-libreville-et-le-gabon\"},\"author\":{\"name\":\"cfeditorfr\",\"@id\":\"https:\/\/www.africa-press.net\/gabon\/#\/schema\/person\/2b1cf3cd81a31e3cd26889ca66d677f1\"},\"headline\":\"Un Nouveau Jardin Botanique Pour Libreville Et Le Gabon\",\"datePublished\":\"2025-07-16T22:53:21+00:00\",\"dateModified\":\"2025-07-16T23:57:26+00:00\",\"mainEntityOfPage\":{\"@id\":\"https:\/\/www.africa-press.net\/gabon\/toutes-les-actualites\/un-nouveau-jardin-botanique-pour-libreville-et-le-gabon\"},\"wordCount\":382,\"commentCount\":0,\"image\":{\"@id\":\"https:\/\/www.africa-press.net\/gabon\/toutes-les-actualites\/un-nouveau-jardin-botanique-pour-libreville-et-le-gabon#primaryimage\"},\"thumbnailUrl\":\"https:\/\/static.africa-press.net\/gabon\/sites\/54\/2025\/07\/sm_1752696606.22671.jpg\",\"keywords\":[\"Gabon\"],\"articleSection\":[\"Communaut\u00e9\",\"Toutes les actualit\u00e9s\"],\"inLanguage\":\"fr-FR\",\"potentialAction\":[{\"@type\":\"CommentAction\",\"name\":\"Comment\",\"target\":[\"https:\/\/www.africa-press.net\/gabon\/toutes-les-actualites\/un-nouveau-jardin-botanique-pour-libreville-et-le-gabon#respond\"]}]},{\"@type\":\"WebPage\",\"@id\":\"https:\/\/www.africa-press.net\/gabon\/toutes-les-actualites\/un-nouveau-jardin-botanique-pour-libreville-et-le-gabon\",\"url\":\"https:\/\/www.africa-press.net\/gabon\/toutes-les-actualites\/un-nouveau-jardin-botanique-pour-libreville-et-le-gabon\",\"name\":\"Un Nouveau Jardin Botanique Pour Libreville Et Le Gabon - Gabon\",\"isPartOf\":{\"@id\":\"https:\/\/www.africa-press.net\/gabon\/#website\"},\"primaryImageOfPage\":{\"@id\":\"https:\/\/www.africa-press.net\/gabon\/toutes-les-actualites\/un-nouveau-jardin-botanique-pour-libreville-et-le-gabon#primaryimage\"},\"image\":{\"@id\":\"https:\/\/www.africa-press.net\/gabon\/toutes-les-actualites\/un-nouveau-jardin-botanique-pour-libreville-et-le-gabon#primaryimage\"},\"thumbnailUrl\":\"https:\/\/static.africa-press.net\/gabon\/sites\/54\/2025\/07\/sm_1752696606.22671.jpg\",\"datePublished\":\"2025-07-16T22:53:21+00:00\",\"dateModified\":\"2025-07-16T23:57:26+00:00\",\"author\":{\"@id\":\"https:\/\/www.africa-press.net\/gabon\/#\/schema\/person\/2b1cf3cd81a31e3cd26889ca66d677f1\"},\"description\":\"La capitale gabonaise s\u2019appre\u0302te a\u0300 accueillir son premier jardin botanique qui sera ame\u0301nage\u0301 au c\u0153ur de l\u2019Arboretum ...\",\"breadcrumb\":{\"@id\":\"https:\/\/www.africa-press.net\/gabon\/toutes-les-actualites\/un-nouveau-jardin-botanique-pour-libreville-et-le-gabon#breadcrumb\"},\"inLanguage\":\"fr-FR\",\"potentialAction\":[{\"@type\":\"ReadAction\",\"target\":[\"https:\/\/www.africa-press.net\/gabon\/toutes-les-actualites\/un-nouveau-jardin-botanique-pour-libreville-et-le-gabon\"]}]},{\"@type\":\"ImageObject\",\"inLanguage\":\"fr-FR\",\"@id\":\"https:\/\/www.africa-press.net\/gabon\/toutes-les-actualites\/un-nouveau-jardin-botanique-pour-libreville-et-le-gabon#primaryimage\",\"url\":\"https:\/\/static.africa-press.net\/gabon\/sites\/54\/2025\/07\/sm_1752696606.22671.jpg\",\"contentUrl\":\"https:\/\/static.africa-press.net\/gabon\/sites\/54\/2025\/07\/sm_1752696606.22671.jpg\",\"width\":1024,\"height\":577,\"caption\":\"Un Nouveau Jardin Botanique Pour Libreville Et Le Gabon\"},{\"@type\":\"BreadcrumbList\",\"@id\":\"https:\/\/www.africa-press.net\/gabon\/toutes-les-actualites\/un-nouveau-jardin-botanique-pour-libreville-et-le-gabon#breadcrumb\",\"itemListElement\":[{\"@type\":\"ListItem\",\"position\":1,\"name\":\"Accueil\",\"item\":\"https:\/\/www.africa-press.net\/gabon\/\"},{\"@type\":\"ListItem\",\"position\":2,\"name\":\"Un Nouveau Jardin Botanique Pour Libreville Et Le Gabon\"}]},{\"@type\":\"WebSite\",\"@id\":\"https:\/\/www.africa-press.net\/gabon\/#website\",\"url\":\"https:\/\/www.africa-press.net\/gabon\/\",\"name\":\"Gabon\",\"description\":\"Just another Africa News Agency Sites site\",\"potentialAction\":[{\"@type\":\"SearchAction\",\"target\":{\"@type\":\"EntryPoint\",\"urlTemplate\":\"https:\/\/www.africa-press.net\/gabon\/?s={search_term_string}\"},\"query-input\":{\"@type\":\"PropertyValueSpecification\",\"valueRequired\":true,\"valueName\":\"search_term_string\"}}],\"inLanguage\":\"fr-FR\"},{\"@type\":\"Person\",\"@id\":\"https:\/\/www.africa-press.net\/gabon\/#\/schema\/person\/2b1cf3cd81a31e3cd26889ca66d677f1\",\"name\":\"cfeditorfr\"}]}<\/script>\n<!-- \/ Yoast SEO Premium plugin. -->","yoast_head_json":{"title":"Un Nouveau Jardin Botanique Pour Libreville Et Le Gabon - Gabon","description":"La capitale gabonaise s\u2019appre\u0302te a\u0300 accueillir son premier jardin botanique qui sera ame\u0301nage\u0301 au c\u0153ur de l\u2019Arboretum ...","robots":{"index":"index","follow":"follow","max-snippet":"max-snippet:-1","max-image-preview":"max-image-preview:large","max-video-preview":"max-video-preview:-1"},"canonical":"https:\/\/www.africa-press.net\/gabon\/toutes-les-actualites\/un-nouveau-jardin-botanique-pour-libreville-et-le-gabon","og_locale":"fr_FR","og_type":"article","og_title":"Un Nouveau Jardin Botanique Pour Libreville Et Le Gabon","og_description":"La capitale gabonaise s\u2019appre\u0302te a\u0300 accueillir son premier jardin botanique qui sera ame\u0301nage\u0301 au c\u0153ur de l\u2019Arboretum ...","og_url":"https:\/\/www.africa-press.net\/gabon\/toutes-les-actualites\/un-nouveau-jardin-botanique-pour-libreville-et-le-gabon","og_site_name":"Gabon","article_published_time":"2025-07-16T22:53:21+00:00","article_modified_time":"2025-07-16T23:57:26+00:00","og_image":[{"width":1024,"height":577,"url":"https:\/\/static.africa-press.net\/gabon\/sites\/54\/2025\/07\/sm_1752696606.22671.jpg","type":"image\/jpeg"}],"author":"cfeditorfr","twitter_card":"summary_large_image","twitter_misc":{"\u00c9crit par":"cfeditorfr","Dur\u00e9e de lecture estim\u00e9e":"2 minutes"},"schema":{"@context":"https:\/\/schema.org","@graph":[{"@type":"Article","@id":"https:\/\/www.africa-press.net\/gabon\/toutes-les-actualites\/un-nouveau-jardin-botanique-pour-libreville-et-le-gabon#article","isPartOf":{"@id":"https:\/\/www.africa-press.net\/gabon\/toutes-les-actualites\/un-nouveau-jardin-botanique-pour-libreville-et-le-gabon"},"author":{"name":"cfeditorfr","@id":"https:\/\/www.africa-press.net\/gabon\/#\/schema\/person\/2b1cf3cd81a31e3cd26889ca66d677f1"},"headline":"Un Nouveau Jardin Botanique Pour Libreville Et Le Gabon","datePublished":"2025-07-16T22:53:21+00:00","dateModified":"2025-07-16T23:57:26+00:00","mainEntityOfPage":{"@id":"https:\/\/www.africa-press.net\/gabon\/toutes-les-actualites\/un-nouveau-jardin-botanique-pour-libreville-et-le-gabon"},"wordCount":382,"commentCount":0,"image":{"@id":"https:\/\/www.africa-press.net\/gabon\/toutes-les-actualites\/un-nouveau-jardin-botanique-pour-libreville-et-le-gabon#primaryimage"},"thumbnailUrl":"https:\/\/static.africa-press.net\/gabon\/sites\/54\/2025\/07\/sm_1752696606.22671.jpg","keywords":["Gabon"],"articleSection":["Communaut\u00e9","Toutes les actualit\u00e9s"],"inLanguage":"fr-FR","potentialAction":[{"@type":"CommentAction","name":"Comment","target":["https:\/\/www.africa-press.net\/gabon\/toutes-les-actualites\/un-nouveau-jardin-botanique-pour-libreville-et-le-gabon#respond"]}]},{"@type":"WebPage","@id":"https:\/\/www.africa-press.net\/gabon\/toutes-les-actualites\/un-nouveau-jardin-botanique-pour-libreville-et-le-gabon","url":"https:\/\/www.africa-press.net\/gabon\/toutes-les-actualites\/un-nouveau-jardin-botanique-pour-libreville-et-le-gabon","name":"Un Nouveau Jardin Botanique Pour Libreville Et Le Gabon - Gabon","isPartOf":{"@id":"https:\/\/www.africa-press.net\/gabon\/#website"},"primaryImageOfPage":{"@id":"https:\/\/www.africa-press.net\/gabon\/toutes-les-actualites\/un-nouveau-jardin-botanique-pour-libreville-et-le-gabon#primaryimage"},"image":{"@id":"https:\/\/www.africa-press.net\/gabon\/toutes-les-actualites\/un-nouveau-jardin-botanique-pour-libreville-et-le-gabon#primaryimage"},"thumbnailUrl":"https:\/\/static.africa-press.net\/gabon\/sites\/54\/2025\/07\/sm_1752696606.22671.jpg","datePublished":"2025-07-16T22:53:21+00:00","dateModified":"2025-07-16T23:57:26+00:00","author":{"@id":"https:\/\/www.africa-press.net\/gabon\/#\/schema\/person\/2b1cf3cd81a31e3cd26889ca66d677f1"},"description":"La capitale gabonaise s\u2019appre\u0302te a\u0300 accueillir son premier jardin botanique qui sera ame\u0301nage\u0301 au c\u0153ur de l\u2019Arboretum ...","breadcrumb":{"@id":"https:\/\/www.africa-press.net\/gabon\/toutes-les-actualites\/un-nouveau-jardin-botanique-pour-libreville-et-le-gabon#breadcrumb"},"inLanguage":"fr-FR","potentialAction":[{"@type":"ReadAction","target":["https:\/\/www.africa-press.net\/gabon\/toutes-les-actualites\/un-nouveau-jardin-botanique-pour-libreville-et-le-gabon"]}]},{"@type":"ImageObject","inLanguage":"fr-FR","@id":"https:\/\/www.africa-press.net\/gabon\/toutes-les-actualites\/un-nouveau-jardin-botanique-pour-libreville-et-le-gabon#primaryimage","url":"https:\/\/static.africa-press.net\/gabon\/sites\/54\/2025\/07\/sm_1752696606.22671.jpg","contentUrl":"https:\/\/static.africa-press.net\/gabon\/sites\/54\/2025\/07\/sm_1752696606.22671.jpg","width":1024,"height":577,"caption":"Un Nouveau Jardin Botanique Pour Libreville Et Le Gabon"},{"@type":"BreadcrumbList","@id":"https:\/\/www.africa-press.net\/gabon\/toutes-les-actualites\/un-nouveau-jardin-botanique-pour-libreville-et-le-gabon#breadcrumb","itemListElement":[{"@type":"ListItem","position":1,"name":"Accueil","item":"https:\/\/www.africa-press.net\/gabon\/"},{"@type":"ListItem","position":2,"name":"Un Nouveau Jardin Botanique Pour Libreville Et Le Gabon"}]},{"@type":"WebSite","@id":"https:\/\/www.africa-press.net\/gabon\/#website","url":"https:\/\/www.africa-press.net\/gabon\/","name":"Gabon","description":"Just another Africa News Agency Sites site","potentialAction":[{"@type":"SearchAction","target":{"@type":"EntryPoint","urlTemplate":"https:\/\/www.africa-press.net\/gabon\/?s={search_term_string}"},"query-input":{"@type":"PropertyValueSpecification","valueRequired":true,"valueName":"search_term_string"}}],"inLanguage":"fr-FR"},{"@type":"Person","@id":"https:\/\/www.africa-press.net\/gabon\/#\/schema\/person\/2b1cf3cd81a31e3cd26889ca66d677f1","name":"cfeditorfr"}]}},"_links":{"self":[{"href":"https:\/\/www.africa-press.net\/gabon\/wp-json\/wp\/v2\/posts\/62318","targetHints":{"allow":["GET"]}}],"collection":[{"href":"https:\/\/www.africa-press.net\/gabon\/wp-json\/wp\/v2\/posts"}],"about":[{"href":"https:\/\/www.africa-press.net\/gabon\/wp-json\/wp\/v2\/types\/post"}],"author":[{"embeddable":true,"href":"https:\/\/www.africa-press.net\/gabon\/wp-json\/wp\/v2\/users\/82"}],"replies":[{"embeddable":true,"href":"https:\/\/www.africa-press.net\/gabon\/wp-json\/wp\/v2\/comments?post=62318"}],"version-history":[{"count":0,"href":"https:\/\/www.africa-press.net\/gabon\/wp-json\/wp\/v2\/posts\/62318\/revisions"}],"wp:featuredmedia":[{"embeddable":true,"href":"https:\/\/www.africa-press.net\/gabon\/wp-json\/wp\/v2\/media\/62317"}],"wp:attachment":[{"href":"https:\/\/www.africa-press.net\/gabon\/wp-json\/wp\/v2\/media?parent=62318"}],"wp:term":[{"taxonomy":"category","embeddable":true,"href":"https:\/\/www.africa-press.net\/gabon\/wp-json\/wp\/v2\/categories?post=62318"},{"taxonomy":"post_tag","embeddable":true,"href":"https:\/\/www.africa-press.net\/gabon\/wp-json\/wp\/v2\/tags?post=62318"}],"curies":[{"name":"wp","href":"https:\/\/api.w.org\/{rel}","templated":true}]}}