{"id":62388,"date":"2025-07-17T20:10:48","date_gmt":"2025-07-17T20:10:48","guid":{"rendered":"https:\/\/www.africa-press.net\/gabon\/politique\/droit-du-travail-emane-devoile-le-code-gabonais"},"modified":"2025-07-17T20:37:07","modified_gmt":"2025-07-17T20:37:07","slug":"droit-du-travail-emane-devoile-le-code-gabonais","status":"publish","type":"post","link":"https:\/\/www.africa-press.net\/gabon\/politique\/droit-du-travail-emane-devoile-le-code-gabonais","title":{"rendered":"Droit du Travail: E\u0301Mane De\u0301voile le Code Gabonais"},"content":{"rendered":"<p><span style=\"color: #ff6600\"><strong>Africa-Press &#8211; Gabon. <\/strong><\/span><b>A\u0300 Port-Gentil, le juriste Augustin E\u0301mane a pre\u0301sente\u0301, le 16 juillet 2025, son nouveau livre intitule\u0301 Le Code du travail gabonais commente\u0301. Coe\u0301crit avec l\u2019avocate Thelma Bendome-Emane, l\u2019ouvrage se veut un outil de compre\u0301hension approfondie et critique de la loi n\u00b0022\/2021, promulgue\u0301e le 19 novembre 2021. Il offre une lecture enrichie et contextualise\u0301e du droit du travail gabonais a\u0300 destination des professionnels, e\u0301tudiants et partenaires sociaux.<\/b><\/p>\n<p>Publie\u0301 chez L\u2019Harmattan et vendu au prix de 65 000 FCFA, Le Code du travail gabonais commente\u0301 s\u2019impose comme un manuel doctrinal et pratique de 672 pages. Il s\u2019adresse a\u0300 un large public \u2014 magistrats, avocats, inspecteurs du travail, employeurs, syndicalistes, chercheurs et e\u0301tudiants \u2014 tous confronte\u0301s aux subtilite\u0301s d\u2019un droit du travail en constante e\u0301volution. L\u2019ouvrage revient en profondeur sur la quatrie\u0300me grande re\u0301forme du Code depuis l\u2019inde\u0301pendance du Gabon, en apportant une analyse critique et des perspectives compare\u0301es inspire\u0301es d\u2019expe\u0301riences africaines et europe\u0301ennes.<\/p>\n<p>\u00ab Ce n\u2019est pas mon Code. Je ne fais que le commenter pour le rendre accessible \u00bb, a de\u0301clare\u0301 Augustin E\u0301mane lors de la pre\u0301sentation officielle a\u0300 Port-Gentil. En soulignant la technicite\u0301 du droit du travail, le juriste a mis en lumie\u0300re la ne\u0301cessite\u0301 d\u2019ouvrages pe\u0301dagogiques pour mieux appre\u0301hender la porte\u0301e des textes. Ainsi, les commentaires propose\u0301s allient rigueur juridique, contextualisation historique et recommandations pour une meilleure application sur le terrain, dans un langage clair, loin du jargon habituel.<\/p>\n<p>Loin de se contenter d\u2019une simple exe\u0301ge\u0300se, l\u2019ouvrage propose des pistes concre\u0300tes d\u2019ame\u0301lioration. Il engage le lecteur dans une re\u0301flexion sur les rapports entre le\u0301gislateur, acteurs e\u0301conomiques et travailleurs. Si les auteurs s\u2019abstiennent de toute prise de position politique, ils invitent ne\u0301anmoins le le\u0301gislateur a\u0300 tenir compte des contributions scientifiques et pratiques issues du terrain, pour renforcer l\u2019efficacite\u0301 des politiques publiques en matie\u0300re d\u2019emploi et de justice sociale.<\/p>\n<p>Dans un contexte ou\u0300 le dialogue social est e\u0301rige\u0301 en pilier de la stabilite\u0301 nationale, cette publication vient combler un vide notable dans la litte\u0301rature juridique gabonaise. Le Code du travail gabonais commente\u0301 constitue un jalon pour la consolidation de l\u2019E\u0301tat de droit et de la se\u0301curite\u0301 juridique, en invitant chaque acteur a\u0300 s\u2019approprier la loi comme un levier de de\u0301veloppement humain et e\u0301conomique.<\/p>\n<p><strong>Pour plus d&rsquo;informations et d&rsquo;analyses sur la <span style=\"color: #ff6600\">Gabon<\/span>, suivez <span style=\"color: #ff6600\">Africa-Press<\/span><\/strong><\/p>\n","protected":false},"excerpt":{"rendered":"<p>Africa-Press &#8211; Gabon. A\u0300 Port-Gentil, le juriste Augustin E\u0301mane a pre\u0301sente\u0301, le 16 juillet 2025, son nouveau livre intitule\u0301 Le Code du travail gabonais commente\u0301. Coe\u0301crit avec l\u2019avocate Thelma Bendome-Emane, l\u2019ouvrage se veut un outil de compre\u0301hension approfondie et critique de la loi n\u00b0022\/2021, promulgue\u0301e le 19 novembre 2021. Il offre une lecture enrichie et [&hellip;]<\/p>\n","protected":false},"author":82,"featured_media":62387,"comment_status":"open","ping_status":"closed","sticky":false,"template":"","format":"standard","meta":{"footnotes":""},"categories":[2,10],"tags":[49],"class_list":["post-62388","post","type-post","status-publish","format-standard","has-post-thumbnail","hentry","category-politique","category-toutes-les-actualites","tag-gabon"],"yoast_head":"<!-- This site is optimized with the Yoast SEO Premium plugin v26.1 (Yoast SEO v27.0) - https:\/\/yoast.com\/product\/yoast-seo-premium-wordpress\/ -->\n<title>Droit du Travail: E\u0301Mane De\u0301voile le Code Gabonais - Gabon<\/title>\n<meta name=\"description\" content=\"A\u0300 Port-Gentil, le juriste Augustin E\u0301mane a pre\u0301sente\u0301, le 16 juillet 2025, son nouveau livre intitule\u0301 Le Code du t ...\" \/>\n<meta name=\"robots\" content=\"index, follow, max-snippet:-1, max-image-preview:large, max-video-preview:-1\" \/>\n<link rel=\"canonical\" href=\"https:\/\/www.africa-press.net\/gabon\/politique\/droit-du-travail-emane-devoile-le-code-gabonais\" \/>\n<meta property=\"og:locale\" content=\"fr_FR\" \/>\n<meta property=\"og:type\" content=\"article\" \/>\n<meta property=\"og:title\" content=\"Droit du Travail: E\u0301Mane De\u0301voile le Code Gabonais\" \/>\n<meta property=\"og:description\" content=\"A\u0300 Port-Gentil, le juriste Augustin E\u0301mane a pre\u0301sente\u0301, le 16 juillet 2025, son nouveau livre intitule\u0301 Le Code du t ...\" \/>\n<meta property=\"og:url\" content=\"https:\/\/www.africa-press.net\/gabon\/politique\/droit-du-travail-emane-devoile-le-code-gabonais\" \/>\n<meta property=\"og:site_name\" content=\"Gabon\" \/>\n<meta property=\"article:published_time\" content=\"2025-07-17T20:10:48+00:00\" \/>\n<meta property=\"article:modified_time\" content=\"2025-07-17T20:37:07+00:00\" \/>\n<meta property=\"og:image\" content=\"https:\/\/static.africa-press.net\/gabon\/sites\/54\/2025\/07\/sm_1752771751.4661.jpg\" \/>\n\t<meta property=\"og:image:width\" content=\"1847\" \/>\n\t<meta property=\"og:image:height\" content=\"1080\" \/>\n\t<meta property=\"og:image:type\" content=\"image\/jpeg\" \/>\n<meta name=\"author\" content=\"cfeditorfr\" \/>\n<meta name=\"twitter:card\" content=\"summary_large_image\" \/>\n<meta name=\"twitter:label1\" content=\"\u00c9crit par\" \/>\n\t<meta name=\"twitter:data1\" content=\"cfeditorfr\" \/>\n\t<meta name=\"twitter:label2\" content=\"Dur\u00e9e de lecture estim\u00e9e\" \/>\n\t<meta name=\"twitter:data2\" content=\"3 minutes\" \/>\n<script type=\"application\/ld+json\" class=\"yoast-schema-graph\">{\"@context\":\"https:\/\/schema.org\",\"@graph\":[{\"@type\":\"Article\",\"@id\":\"https:\/\/www.africa-press.net\/gabon\/politique\/droit-du-travail-emane-devoile-le-code-gabonais#article\",\"isPartOf\":{\"@id\":\"https:\/\/www.africa-press.net\/gabon\/politique\/droit-du-travail-emane-devoile-le-code-gabonais\"},\"author\":{\"name\":\"cfeditorfr\",\"@id\":\"https:\/\/www.africa-press.net\/gabon\/#\/schema\/person\/2b1cf3cd81a31e3cd26889ca66d677f1\"},\"headline\":\"Droit du Travail: E\u0301Mane De\u0301voile le Code Gabonais\",\"datePublished\":\"2025-07-17T20:10:48+00:00\",\"dateModified\":\"2025-07-17T20:37:07+00:00\",\"mainEntityOfPage\":{\"@id\":\"https:\/\/www.africa-press.net\/gabon\/politique\/droit-du-travail-emane-devoile-le-code-gabonais\"},\"wordCount\":438,\"commentCount\":0,\"image\":{\"@id\":\"https:\/\/www.africa-press.net\/gabon\/politique\/droit-du-travail-emane-devoile-le-code-gabonais#primaryimage\"},\"thumbnailUrl\":\"https:\/\/static.africa-press.net\/gabon\/sites\/54\/2025\/07\/sm_1752771751.4661.jpg\",\"keywords\":[\"Gabon\"],\"articleSection\":[\"Politique\",\"Toutes les actualit\u00e9s\"],\"inLanguage\":\"fr-FR\",\"potentialAction\":[{\"@type\":\"CommentAction\",\"name\":\"Comment\",\"target\":[\"https:\/\/www.africa-press.net\/gabon\/politique\/droit-du-travail-emane-devoile-le-code-gabonais#respond\"]}]},{\"@type\":\"WebPage\",\"@id\":\"https:\/\/www.africa-press.net\/gabon\/politique\/droit-du-travail-emane-devoile-le-code-gabonais\",\"url\":\"https:\/\/www.africa-press.net\/gabon\/politique\/droit-du-travail-emane-devoile-le-code-gabonais\",\"name\":\"Droit du Travail: E\u0301Mane De\u0301voile le Code Gabonais - Gabon\",\"isPartOf\":{\"@id\":\"https:\/\/www.africa-press.net\/gabon\/#website\"},\"primaryImageOfPage\":{\"@id\":\"https:\/\/www.africa-press.net\/gabon\/politique\/droit-du-travail-emane-devoile-le-code-gabonais#primaryimage\"},\"image\":{\"@id\":\"https:\/\/www.africa-press.net\/gabon\/politique\/droit-du-travail-emane-devoile-le-code-gabonais#primaryimage\"},\"thumbnailUrl\":\"https:\/\/static.africa-press.net\/gabon\/sites\/54\/2025\/07\/sm_1752771751.4661.jpg\",\"datePublished\":\"2025-07-17T20:10:48+00:00\",\"dateModified\":\"2025-07-17T20:37:07+00:00\",\"author\":{\"@id\":\"https:\/\/www.africa-press.net\/gabon\/#\/schema\/person\/2b1cf3cd81a31e3cd26889ca66d677f1\"},\"description\":\"A\u0300 Port-Gentil, le juriste Augustin E\u0301mane a pre\u0301sente\u0301, le 16 juillet 2025, son nouveau livre intitule\u0301 Le Code du t ...\",\"breadcrumb\":{\"@id\":\"https:\/\/www.africa-press.net\/gabon\/politique\/droit-du-travail-emane-devoile-le-code-gabonais#breadcrumb\"},\"inLanguage\":\"fr-FR\",\"potentialAction\":[{\"@type\":\"ReadAction\",\"target\":[\"https:\/\/www.africa-press.net\/gabon\/politique\/droit-du-travail-emane-devoile-le-code-gabonais\"]}]},{\"@type\":\"ImageObject\",\"inLanguage\":\"fr-FR\",\"@id\":\"https:\/\/www.africa-press.net\/gabon\/politique\/droit-du-travail-emane-devoile-le-code-gabonais#primaryimage\",\"url\":\"https:\/\/static.africa-press.net\/gabon\/sites\/54\/2025\/07\/sm_1752771751.4661.jpg\",\"contentUrl\":\"https:\/\/static.africa-press.net\/gabon\/sites\/54\/2025\/07\/sm_1752771751.4661.jpg\",\"width\":1847,\"height\":1080,\"caption\":\"Droit du Travail: E\u0301Mane De\u0301voile le Code Gabonais\"},{\"@type\":\"BreadcrumbList\",\"@id\":\"https:\/\/www.africa-press.net\/gabon\/politique\/droit-du-travail-emane-devoile-le-code-gabonais#breadcrumb\",\"itemListElement\":[{\"@type\":\"ListItem\",\"position\":1,\"name\":\"Accueil\",\"item\":\"https:\/\/www.africa-press.net\/gabon\/\"},{\"@type\":\"ListItem\",\"position\":2,\"name\":\"Droit du Travail: E\u0301Mane De\u0301voile le Code Gabonais\"}]},{\"@type\":\"WebSite\",\"@id\":\"https:\/\/www.africa-press.net\/gabon\/#website\",\"url\":\"https:\/\/www.africa-press.net\/gabon\/\",\"name\":\"Gabon\",\"description\":\"Just another Africa News Agency Sites site\",\"potentialAction\":[{\"@type\":\"SearchAction\",\"target\":{\"@type\":\"EntryPoint\",\"urlTemplate\":\"https:\/\/www.africa-press.net\/gabon\/?s={search_term_string}\"},\"query-input\":{\"@type\":\"PropertyValueSpecification\",\"valueRequired\":true,\"valueName\":\"search_term_string\"}}],\"inLanguage\":\"fr-FR\"},{\"@type\":\"Person\",\"@id\":\"https:\/\/www.africa-press.net\/gabon\/#\/schema\/person\/2b1cf3cd81a31e3cd26889ca66d677f1\",\"name\":\"cfeditorfr\"}]}<\/script>\n<!-- \/ Yoast SEO Premium plugin. -->","yoast_head_json":{"title":"Droit du Travail: E\u0301Mane De\u0301voile le Code Gabonais - Gabon","description":"A\u0300 Port-Gentil, le juriste Augustin E\u0301mane a pre\u0301sente\u0301, le 16 juillet 2025, son nouveau livre intitule\u0301 Le Code du t ...","robots":{"index":"index","follow":"follow","max-snippet":"max-snippet:-1","max-image-preview":"max-image-preview:large","max-video-preview":"max-video-preview:-1"},"canonical":"https:\/\/www.africa-press.net\/gabon\/politique\/droit-du-travail-emane-devoile-le-code-gabonais","og_locale":"fr_FR","og_type":"article","og_title":"Droit du Travail: E\u0301Mane De\u0301voile le Code Gabonais","og_description":"A\u0300 Port-Gentil, le juriste Augustin E\u0301mane a pre\u0301sente\u0301, le 16 juillet 2025, son nouveau livre intitule\u0301 Le Code du t ...","og_url":"https:\/\/www.africa-press.net\/gabon\/politique\/droit-du-travail-emane-devoile-le-code-gabonais","og_site_name":"Gabon","article_published_time":"2025-07-17T20:10:48+00:00","article_modified_time":"2025-07-17T20:37:07+00:00","og_image":[{"width":1847,"height":1080,"url":"https:\/\/static.africa-press.net\/gabon\/sites\/54\/2025\/07\/sm_1752771751.4661.jpg","type":"image\/jpeg"}],"author":"cfeditorfr","twitter_card":"summary_large_image","twitter_misc":{"\u00c9crit par":"cfeditorfr","Dur\u00e9e de lecture estim\u00e9e":"3 minutes"},"schema":{"@context":"https:\/\/schema.org","@graph":[{"@type":"Article","@id":"https:\/\/www.africa-press.net\/gabon\/politique\/droit-du-travail-emane-devoile-le-code-gabonais#article","isPartOf":{"@id":"https:\/\/www.africa-press.net\/gabon\/politique\/droit-du-travail-emane-devoile-le-code-gabonais"},"author":{"name":"cfeditorfr","@id":"https:\/\/www.africa-press.net\/gabon\/#\/schema\/person\/2b1cf3cd81a31e3cd26889ca66d677f1"},"headline":"Droit du Travail: E\u0301Mane De\u0301voile le Code Gabonais","datePublished":"2025-07-17T20:10:48+00:00","dateModified":"2025-07-17T20:37:07+00:00","mainEntityOfPage":{"@id":"https:\/\/www.africa-press.net\/gabon\/politique\/droit-du-travail-emane-devoile-le-code-gabonais"},"wordCount":438,"commentCount":0,"image":{"@id":"https:\/\/www.africa-press.net\/gabon\/politique\/droit-du-travail-emane-devoile-le-code-gabonais#primaryimage"},"thumbnailUrl":"https:\/\/static.africa-press.net\/gabon\/sites\/54\/2025\/07\/sm_1752771751.4661.jpg","keywords":["Gabon"],"articleSection":["Politique","Toutes les actualit\u00e9s"],"inLanguage":"fr-FR","potentialAction":[{"@type":"CommentAction","name":"Comment","target":["https:\/\/www.africa-press.net\/gabon\/politique\/droit-du-travail-emane-devoile-le-code-gabonais#respond"]}]},{"@type":"WebPage","@id":"https:\/\/www.africa-press.net\/gabon\/politique\/droit-du-travail-emane-devoile-le-code-gabonais","url":"https:\/\/www.africa-press.net\/gabon\/politique\/droit-du-travail-emane-devoile-le-code-gabonais","name":"Droit du Travail: E\u0301Mane De\u0301voile le Code Gabonais - Gabon","isPartOf":{"@id":"https:\/\/www.africa-press.net\/gabon\/#website"},"primaryImageOfPage":{"@id":"https:\/\/www.africa-press.net\/gabon\/politique\/droit-du-travail-emane-devoile-le-code-gabonais#primaryimage"},"image":{"@id":"https:\/\/www.africa-press.net\/gabon\/politique\/droit-du-travail-emane-devoile-le-code-gabonais#primaryimage"},"thumbnailUrl":"https:\/\/static.africa-press.net\/gabon\/sites\/54\/2025\/07\/sm_1752771751.4661.jpg","datePublished":"2025-07-17T20:10:48+00:00","dateModified":"2025-07-17T20:37:07+00:00","author":{"@id":"https:\/\/www.africa-press.net\/gabon\/#\/schema\/person\/2b1cf3cd81a31e3cd26889ca66d677f1"},"description":"A\u0300 Port-Gentil, le juriste Augustin E\u0301mane a pre\u0301sente\u0301, le 16 juillet 2025, son nouveau livre intitule\u0301 Le Code du t ...","breadcrumb":{"@id":"https:\/\/www.africa-press.net\/gabon\/politique\/droit-du-travail-emane-devoile-le-code-gabonais#breadcrumb"},"inLanguage":"fr-FR","potentialAction":[{"@type":"ReadAction","target":["https:\/\/www.africa-press.net\/gabon\/politique\/droit-du-travail-emane-devoile-le-code-gabonais"]}]},{"@type":"ImageObject","inLanguage":"fr-FR","@id":"https:\/\/www.africa-press.net\/gabon\/politique\/droit-du-travail-emane-devoile-le-code-gabonais#primaryimage","url":"https:\/\/static.africa-press.net\/gabon\/sites\/54\/2025\/07\/sm_1752771751.4661.jpg","contentUrl":"https:\/\/static.africa-press.net\/gabon\/sites\/54\/2025\/07\/sm_1752771751.4661.jpg","width":1847,"height":1080,"caption":"Droit du Travail: E\u0301Mane De\u0301voile le Code Gabonais"},{"@type":"BreadcrumbList","@id":"https:\/\/www.africa-press.net\/gabon\/politique\/droit-du-travail-emane-devoile-le-code-gabonais#breadcrumb","itemListElement":[{"@type":"ListItem","position":1,"name":"Accueil","item":"https:\/\/www.africa-press.net\/gabon\/"},{"@type":"ListItem","position":2,"name":"Droit du Travail: E\u0301Mane De\u0301voile le Code Gabonais"}]},{"@type":"WebSite","@id":"https:\/\/www.africa-press.net\/gabon\/#website","url":"https:\/\/www.africa-press.net\/gabon\/","name":"Gabon","description":"Just another Africa News Agency Sites site","potentialAction":[{"@type":"SearchAction","target":{"@type":"EntryPoint","urlTemplate":"https:\/\/www.africa-press.net\/gabon\/?s={search_term_string}"},"query-input":{"@type":"PropertyValueSpecification","valueRequired":true,"valueName":"search_term_string"}}],"inLanguage":"fr-FR"},{"@type":"Person","@id":"https:\/\/www.africa-press.net\/gabon\/#\/schema\/person\/2b1cf3cd81a31e3cd26889ca66d677f1","name":"cfeditorfr"}]}},"_links":{"self":[{"href":"https:\/\/www.africa-press.net\/gabon\/wp-json\/wp\/v2\/posts\/62388","targetHints":{"allow":["GET"]}}],"collection":[{"href":"https:\/\/www.africa-press.net\/gabon\/wp-json\/wp\/v2\/posts"}],"about":[{"href":"https:\/\/www.africa-press.net\/gabon\/wp-json\/wp\/v2\/types\/post"}],"author":[{"embeddable":true,"href":"https:\/\/www.africa-press.net\/gabon\/wp-json\/wp\/v2\/users\/82"}],"replies":[{"embeddable":true,"href":"https:\/\/www.africa-press.net\/gabon\/wp-json\/wp\/v2\/comments?post=62388"}],"version-history":[{"count":0,"href":"https:\/\/www.africa-press.net\/gabon\/wp-json\/wp\/v2\/posts\/62388\/revisions"}],"wp:featuredmedia":[{"embeddable":true,"href":"https:\/\/www.africa-press.net\/gabon\/wp-json\/wp\/v2\/media\/62387"}],"wp:attachment":[{"href":"https:\/\/www.africa-press.net\/gabon\/wp-json\/wp\/v2\/media?parent=62388"}],"wp:term":[{"taxonomy":"category","embeddable":true,"href":"https:\/\/www.africa-press.net\/gabon\/wp-json\/wp\/v2\/categories?post=62388"},{"taxonomy":"post_tag","embeddable":true,"href":"https:\/\/www.africa-press.net\/gabon\/wp-json\/wp\/v2\/tags?post=62388"}],"curies":[{"name":"wp","href":"https:\/\/api.w.org\/{rel}","templated":true}]}}