{"id":69624,"date":"2025-11-07T23:55:08","date_gmt":"2025-11-07T23:55:08","guid":{"rendered":"https:\/\/www.africa-press.net\/gabon\/politique\/calendrier-officiel-examens-et-concours-2025-2026"},"modified":"2025-11-08T00:26:57","modified_gmt":"2025-11-08T00:26:57","slug":"calendrier-officiel-examens-et-concours-2025-2026","status":"publish","type":"post","link":"https:\/\/www.africa-press.net\/gabon\/toutes-les-actualites\/calendrier-officiel-examens-et-concours-2025-2026","title":{"rendered":"Calendrier Officiel Examens et Concours 2025-2026"},"content":{"rendered":"<p><span style=\"color: #ff6600\"><strong>Africa-Press &#8211; Gabon. <\/strong><\/span><b>Le ministre de l\u2019E\u0301ducation nationale, de l\u2019Instruction civique et de la Formation professionnelle, Came\u0301lia Ntoutoume-Leclercq, a rendu publique, le 31 octobre 2025, la de\u0301cision n\u00b0000049\/MENICFP fixant le calendrier des examens et concours pour l\u2019anne\u0301e scolaire 2025-2026. Ce texte encadre de manie\u0300re de\u0301taille\u0301e les principales e\u0301che\u0301ances des examens de l\u2019enseignement ge\u0301ne\u0301ral, normal, technique et professionnel sur l\u2019ensemble du territoire national.<\/b><\/p>\n<p>Le ministe\u0300re de l\u2019E\u0301ducation nationale, de l\u2019Instruction civique et de la Formation professionnelle a publie\u0301, par de\u0301cision ministe\u0301rielle, le calendrier complet des examens et concours de l\u2019anne\u0301e scolaire 2025-2026. Cette planification vise a\u0300 garantir une organisation rigoureuse et harmonise\u0301e des e\u0301valuations dans les diffe\u0301rents ordres d\u2019enseignement, conforme\u0301ment aux dispositions de l\u2019arre\u0302te\u0301 n\u00b00000029\/MENICFP du 13 aou\u0302t 2025 fixant le calendrier scolaire.<\/p>\n<p>Le dispositif pre\u0301voit l\u2019ouverture des inscriptions de\u0300s le lundi 3 novembre 2025 pour la quasi-totalite\u0301 des examens. Pour l\u2019enseignement ge\u0301ne\u0301ral, les premie\u0300res e\u0301preuves du Certificat d\u2019e\u0301tudes primaires (CEP) se tiendront du 20 avril au 8 mai 2026, avant les e\u0301preuves e\u0301crites pre\u0301vues le 2 juin. Le Brevet d\u2019e\u0301tudes du premier cycle (BEPC) interviendra du 9 au 13 juin pour les e\u0301preuves e\u0301crites, tandis que celles du Baccalaure\u0301at de l\u2019enseignement ge\u0301ne\u0301ral se de\u0301rouleront du 30 juin au 4 juillet 2026, suivies des oraux jusqu\u2019au 17 juillet, pour une proclamation finale le 18 juillet 2026. Ces e\u0301che\u0301ances marquent les temps forts de la fin de l\u2019anne\u0301e pour des milliers d\u2019e\u0301le\u0300ves a\u0300 travers le pays.<\/p>\n<p><b>L\u2019enseignement technique et professionnel en phase<\/b><\/p>\n<p>Le calendrier accorde e\u0301galement une attention particulie\u0300re aux filie\u0300res techniques et professionnelles. Le Certificat de capacite\u0301 a\u0300 l\u2019enseignement primaire (CCEP) ouvrira le bal des examens professionnels avec les e\u0301preuves pratiques de\u0300s le 4 mai 2026. Quant aux examens de l\u2019enseignement technique et professionnel, ils s\u2019e\u0301tendront d\u2019avril a\u0300 juillet 2026, incluant notamment les Certificats d\u2019aptitude professionnelle (CAP), les Brevet d\u2019e\u0301tudes professionnelles (BEP), le Brevet de technicien (BT). Les Baccalaure\u0301ats Technologique et Professionnel suivent un sche\u0301ma similaire au baccalaure\u0301at ge\u0301ne\u0301ral, avec des e\u0301preuves e\u0301crites pre\u0301vues du 27 juin au 10 juillet 2026. Une pe\u0301riode de 21 jours est alloue\u0301e pour l\u2019ensemble du processus, incluant les corrections et les de\u0301libe\u0301rations.<\/p>\n<p>La de\u0301cision ministe\u0301rielle, signe\u0301e a\u0300 Libreville le 31 octobre 2025, a fait l\u2019objet d\u2019une ampliation a\u0300 187 destinataires, incluant les diffe\u0301rentes directions du ministe\u0300re, les e\u0301tablissements scolaires et les archives nationales. Cette diffusion massive te\u0301moigne de la volonte\u0301 des autorite\u0301s d\u2019assurer une information transparente et exhaustive de tous les acteurs du syste\u0300me e\u0301ducatif et invite l\u2019ensemble des responsables acade\u0301miques et pe\u0301dagogiques a\u0300 veiller au strict respect du calendrier e\u0301tabli.<\/p>\n<p><strong>Pour plus d&rsquo;informations et d&rsquo;analyses sur la <span style=\"color: #ff6600\">Gabon<\/span>, suivez <span style=\"color: #ff6600\">Africa-Press<\/span><\/strong><\/p>\n","protected":false},"excerpt":{"rendered":"<p>Africa-Press &#8211; Gabon. Le ministre de l\u2019E\u0301ducation nationale, de l\u2019Instruction civique et de la Formation professionnelle, Came\u0301lia Ntoutoume-Leclercq, a rendu publique, le 31 octobre 2025, la de\u0301cision n\u00b0000049\/MENICFP fixant le calendrier des examens et concours pour l\u2019anne\u0301e scolaire 2025-2026. Ce texte encadre de manie\u0300re de\u0301taille\u0301e les principales e\u0301che\u0301ances des examens de l\u2019enseignement ge\u0301ne\u0301ral, normal, technique [&hellip;]<\/p>\n","protected":false},"author":82,"featured_media":69623,"comment_status":"open","ping_status":"closed","sticky":false,"template":"","format":"standard","meta":{"footnotes":""},"categories":[21,10],"tags":[49],"class_list":["post-69624","post","type-post","status-publish","format-standard","has-post-thumbnail","hentry","category-communaute","category-toutes-les-actualites","tag-gabon"],"yoast_head":"<!-- This site is optimized with the Yoast SEO Premium plugin v26.1 (Yoast SEO v27.0) - https:\/\/yoast.com\/product\/yoast-seo-premium-wordpress\/ -->\n<title>Calendrier Officiel Examens et Concours 2025-2026 - Gabon<\/title>\n<meta name=\"description\" content=\"Le ministre de l\u2019E\u0301ducation nationale, de l\u2019Instruction civique et de la Formation professionnelle, Came\u0301lia Ntoutoum ...\" \/>\n<meta name=\"robots\" content=\"index, follow, max-snippet:-1, max-image-preview:large, max-video-preview:-1\" \/>\n<link rel=\"canonical\" href=\"https:\/\/www.africa-press.net\/gabon\/toutes-les-actualites\/calendrier-officiel-examens-et-concours-2025-2026\" \/>\n<meta property=\"og:locale\" content=\"fr_FR\" \/>\n<meta property=\"og:type\" content=\"article\" \/>\n<meta property=\"og:title\" content=\"Calendrier Officiel Examens et Concours 2025-2026\" \/>\n<meta property=\"og:description\" content=\"Le ministre de l\u2019E\u0301ducation nationale, de l\u2019Instruction civique et de la Formation professionnelle, Came\u0301lia Ntoutoum ...\" \/>\n<meta property=\"og:url\" content=\"https:\/\/www.africa-press.net\/gabon\/toutes-les-actualites\/calendrier-officiel-examens-et-concours-2025-2026\" \/>\n<meta property=\"og:site_name\" content=\"Gabon\" \/>\n<meta property=\"article:published_time\" content=\"2025-11-07T23:55:08+00:00\" \/>\n<meta property=\"article:modified_time\" content=\"2025-11-08T00:26:57+00:00\" \/>\n<meta property=\"og:image\" content=\"https:\/\/static.africa-press.net\/gabon\/sites\/54\/2025\/11\/sm_1762561156.145196.jpg\" \/>\n\t<meta property=\"og:image:width\" content=\"720\" \/>\n\t<meta property=\"og:image:height\" content=\"421\" \/>\n\t<meta property=\"og:image:type\" content=\"image\/jpeg\" \/>\n<meta name=\"author\" content=\"cfeditorfr\" \/>\n<meta name=\"twitter:card\" content=\"summary_large_image\" \/>\n<meta name=\"twitter:label1\" content=\"\u00c9crit par\" \/>\n\t<meta name=\"twitter:data1\" content=\"cfeditorfr\" \/>\n\t<meta name=\"twitter:label2\" content=\"Dur\u00e9e de lecture estim\u00e9e\" \/>\n\t<meta name=\"twitter:data2\" content=\"3 minutes\" \/>\n<script type=\"application\/ld+json\" class=\"yoast-schema-graph\">{\"@context\":\"https:\/\/schema.org\",\"@graph\":[{\"@type\":\"Article\",\"@id\":\"https:\/\/www.africa-press.net\/gabon\/toutes-les-actualites\/calendrier-officiel-examens-et-concours-2025-2026#article\",\"isPartOf\":{\"@id\":\"https:\/\/www.africa-press.net\/gabon\/toutes-les-actualites\/calendrier-officiel-examens-et-concours-2025-2026\"},\"author\":{\"name\":\"cfeditorfr\",\"@id\":\"https:\/\/www.africa-press.net\/gabon\/#\/schema\/person\/2b1cf3cd81a31e3cd26889ca66d677f1\"},\"headline\":\"Calendrier Officiel Examens et Concours 2025-2026\",\"datePublished\":\"2025-11-07T23:55:08+00:00\",\"dateModified\":\"2025-11-08T00:26:57+00:00\",\"mainEntityOfPage\":{\"@id\":\"https:\/\/www.africa-press.net\/gabon\/toutes-les-actualites\/calendrier-officiel-examens-et-concours-2025-2026\"},\"wordCount\":514,\"commentCount\":0,\"image\":{\"@id\":\"https:\/\/www.africa-press.net\/gabon\/toutes-les-actualites\/calendrier-officiel-examens-et-concours-2025-2026#primaryimage\"},\"thumbnailUrl\":\"https:\/\/static.africa-press.net\/gabon\/sites\/54\/2025\/11\/sm_1762561156.145196.jpg\",\"keywords\":[\"Gabon\"],\"articleSection\":[\"Communaut\u00e9\",\"Toutes les actualit\u00e9s\"],\"inLanguage\":\"fr-FR\",\"potentialAction\":[{\"@type\":\"CommentAction\",\"name\":\"Comment\",\"target\":[\"https:\/\/www.africa-press.net\/gabon\/toutes-les-actualites\/calendrier-officiel-examens-et-concours-2025-2026#respond\"]}]},{\"@type\":\"WebPage\",\"@id\":\"https:\/\/www.africa-press.net\/gabon\/toutes-les-actualites\/calendrier-officiel-examens-et-concours-2025-2026\",\"url\":\"https:\/\/www.africa-press.net\/gabon\/toutes-les-actualites\/calendrier-officiel-examens-et-concours-2025-2026\",\"name\":\"Calendrier Officiel Examens et Concours 2025-2026 - Gabon\",\"isPartOf\":{\"@id\":\"https:\/\/www.africa-press.net\/gabon\/#website\"},\"primaryImageOfPage\":{\"@id\":\"https:\/\/www.africa-press.net\/gabon\/toutes-les-actualites\/calendrier-officiel-examens-et-concours-2025-2026#primaryimage\"},\"image\":{\"@id\":\"https:\/\/www.africa-press.net\/gabon\/toutes-les-actualites\/calendrier-officiel-examens-et-concours-2025-2026#primaryimage\"},\"thumbnailUrl\":\"https:\/\/static.africa-press.net\/gabon\/sites\/54\/2025\/11\/sm_1762561156.145196.jpg\",\"datePublished\":\"2025-11-07T23:55:08+00:00\",\"dateModified\":\"2025-11-08T00:26:57+00:00\",\"author\":{\"@id\":\"https:\/\/www.africa-press.net\/gabon\/#\/schema\/person\/2b1cf3cd81a31e3cd26889ca66d677f1\"},\"description\":\"Le ministre de l\u2019E\u0301ducation nationale, de l\u2019Instruction civique et de la Formation professionnelle, Came\u0301lia Ntoutoum ...\",\"breadcrumb\":{\"@id\":\"https:\/\/www.africa-press.net\/gabon\/toutes-les-actualites\/calendrier-officiel-examens-et-concours-2025-2026#breadcrumb\"},\"inLanguage\":\"fr-FR\",\"potentialAction\":[{\"@type\":\"ReadAction\",\"target\":[\"https:\/\/www.africa-press.net\/gabon\/toutes-les-actualites\/calendrier-officiel-examens-et-concours-2025-2026\"]}]},{\"@type\":\"ImageObject\",\"inLanguage\":\"fr-FR\",\"@id\":\"https:\/\/www.africa-press.net\/gabon\/toutes-les-actualites\/calendrier-officiel-examens-et-concours-2025-2026#primaryimage\",\"url\":\"https:\/\/static.africa-press.net\/gabon\/sites\/54\/2025\/11\/sm_1762561156.145196.jpg\",\"contentUrl\":\"https:\/\/static.africa-press.net\/gabon\/sites\/54\/2025\/11\/sm_1762561156.145196.jpg\",\"width\":720,\"height\":421,\"caption\":\"Calendrier Officiel Examens et Concours 2025-2026\"},{\"@type\":\"BreadcrumbList\",\"@id\":\"https:\/\/www.africa-press.net\/gabon\/toutes-les-actualites\/calendrier-officiel-examens-et-concours-2025-2026#breadcrumb\",\"itemListElement\":[{\"@type\":\"ListItem\",\"position\":1,\"name\":\"Accueil\",\"item\":\"https:\/\/www.africa-press.net\/gabon\/\"},{\"@type\":\"ListItem\",\"position\":2,\"name\":\"Calendrier Officiel Examens et Concours 2025-2026\"}]},{\"@type\":\"WebSite\",\"@id\":\"https:\/\/www.africa-press.net\/gabon\/#website\",\"url\":\"https:\/\/www.africa-press.net\/gabon\/\",\"name\":\"Gabon\",\"description\":\"Just another Africa News Agency Sites site\",\"potentialAction\":[{\"@type\":\"SearchAction\",\"target\":{\"@type\":\"EntryPoint\",\"urlTemplate\":\"https:\/\/www.africa-press.net\/gabon\/?s={search_term_string}\"},\"query-input\":{\"@type\":\"PropertyValueSpecification\",\"valueRequired\":true,\"valueName\":\"search_term_string\"}}],\"inLanguage\":\"fr-FR\"},{\"@type\":\"Person\",\"@id\":\"https:\/\/www.africa-press.net\/gabon\/#\/schema\/person\/2b1cf3cd81a31e3cd26889ca66d677f1\",\"name\":\"cfeditorfr\"}]}<\/script>\n<!-- \/ Yoast SEO Premium plugin. -->","yoast_head_json":{"title":"Calendrier Officiel Examens et Concours 2025-2026 - Gabon","description":"Le ministre de l\u2019E\u0301ducation nationale, de l\u2019Instruction civique et de la Formation professionnelle, Came\u0301lia Ntoutoum ...","robots":{"index":"index","follow":"follow","max-snippet":"max-snippet:-1","max-image-preview":"max-image-preview:large","max-video-preview":"max-video-preview:-1"},"canonical":"https:\/\/www.africa-press.net\/gabon\/toutes-les-actualites\/calendrier-officiel-examens-et-concours-2025-2026","og_locale":"fr_FR","og_type":"article","og_title":"Calendrier Officiel Examens et Concours 2025-2026","og_description":"Le ministre de l\u2019E\u0301ducation nationale, de l\u2019Instruction civique et de la Formation professionnelle, Came\u0301lia Ntoutoum ...","og_url":"https:\/\/www.africa-press.net\/gabon\/toutes-les-actualites\/calendrier-officiel-examens-et-concours-2025-2026","og_site_name":"Gabon","article_published_time":"2025-11-07T23:55:08+00:00","article_modified_time":"2025-11-08T00:26:57+00:00","og_image":[{"width":720,"height":421,"url":"https:\/\/static.africa-press.net\/gabon\/sites\/54\/2025\/11\/sm_1762561156.145196.jpg","type":"image\/jpeg"}],"author":"cfeditorfr","twitter_card":"summary_large_image","twitter_misc":{"\u00c9crit par":"cfeditorfr","Dur\u00e9e de lecture estim\u00e9e":"3 minutes"},"schema":{"@context":"https:\/\/schema.org","@graph":[{"@type":"Article","@id":"https:\/\/www.africa-press.net\/gabon\/toutes-les-actualites\/calendrier-officiel-examens-et-concours-2025-2026#article","isPartOf":{"@id":"https:\/\/www.africa-press.net\/gabon\/toutes-les-actualites\/calendrier-officiel-examens-et-concours-2025-2026"},"author":{"name":"cfeditorfr","@id":"https:\/\/www.africa-press.net\/gabon\/#\/schema\/person\/2b1cf3cd81a31e3cd26889ca66d677f1"},"headline":"Calendrier Officiel Examens et Concours 2025-2026","datePublished":"2025-11-07T23:55:08+00:00","dateModified":"2025-11-08T00:26:57+00:00","mainEntityOfPage":{"@id":"https:\/\/www.africa-press.net\/gabon\/toutes-les-actualites\/calendrier-officiel-examens-et-concours-2025-2026"},"wordCount":514,"commentCount":0,"image":{"@id":"https:\/\/www.africa-press.net\/gabon\/toutes-les-actualites\/calendrier-officiel-examens-et-concours-2025-2026#primaryimage"},"thumbnailUrl":"https:\/\/static.africa-press.net\/gabon\/sites\/54\/2025\/11\/sm_1762561156.145196.jpg","keywords":["Gabon"],"articleSection":["Communaut\u00e9","Toutes les actualit\u00e9s"],"inLanguage":"fr-FR","potentialAction":[{"@type":"CommentAction","name":"Comment","target":["https:\/\/www.africa-press.net\/gabon\/toutes-les-actualites\/calendrier-officiel-examens-et-concours-2025-2026#respond"]}]},{"@type":"WebPage","@id":"https:\/\/www.africa-press.net\/gabon\/toutes-les-actualites\/calendrier-officiel-examens-et-concours-2025-2026","url":"https:\/\/www.africa-press.net\/gabon\/toutes-les-actualites\/calendrier-officiel-examens-et-concours-2025-2026","name":"Calendrier Officiel Examens et Concours 2025-2026 - Gabon","isPartOf":{"@id":"https:\/\/www.africa-press.net\/gabon\/#website"},"primaryImageOfPage":{"@id":"https:\/\/www.africa-press.net\/gabon\/toutes-les-actualites\/calendrier-officiel-examens-et-concours-2025-2026#primaryimage"},"image":{"@id":"https:\/\/www.africa-press.net\/gabon\/toutes-les-actualites\/calendrier-officiel-examens-et-concours-2025-2026#primaryimage"},"thumbnailUrl":"https:\/\/static.africa-press.net\/gabon\/sites\/54\/2025\/11\/sm_1762561156.145196.jpg","datePublished":"2025-11-07T23:55:08+00:00","dateModified":"2025-11-08T00:26:57+00:00","author":{"@id":"https:\/\/www.africa-press.net\/gabon\/#\/schema\/person\/2b1cf3cd81a31e3cd26889ca66d677f1"},"description":"Le ministre de l\u2019E\u0301ducation nationale, de l\u2019Instruction civique et de la Formation professionnelle, Came\u0301lia Ntoutoum ...","breadcrumb":{"@id":"https:\/\/www.africa-press.net\/gabon\/toutes-les-actualites\/calendrier-officiel-examens-et-concours-2025-2026#breadcrumb"},"inLanguage":"fr-FR","potentialAction":[{"@type":"ReadAction","target":["https:\/\/www.africa-press.net\/gabon\/toutes-les-actualites\/calendrier-officiel-examens-et-concours-2025-2026"]}]},{"@type":"ImageObject","inLanguage":"fr-FR","@id":"https:\/\/www.africa-press.net\/gabon\/toutes-les-actualites\/calendrier-officiel-examens-et-concours-2025-2026#primaryimage","url":"https:\/\/static.africa-press.net\/gabon\/sites\/54\/2025\/11\/sm_1762561156.145196.jpg","contentUrl":"https:\/\/static.africa-press.net\/gabon\/sites\/54\/2025\/11\/sm_1762561156.145196.jpg","width":720,"height":421,"caption":"Calendrier Officiel Examens et Concours 2025-2026"},{"@type":"BreadcrumbList","@id":"https:\/\/www.africa-press.net\/gabon\/toutes-les-actualites\/calendrier-officiel-examens-et-concours-2025-2026#breadcrumb","itemListElement":[{"@type":"ListItem","position":1,"name":"Accueil","item":"https:\/\/www.africa-press.net\/gabon\/"},{"@type":"ListItem","position":2,"name":"Calendrier Officiel Examens et Concours 2025-2026"}]},{"@type":"WebSite","@id":"https:\/\/www.africa-press.net\/gabon\/#website","url":"https:\/\/www.africa-press.net\/gabon\/","name":"Gabon","description":"Just another Africa News Agency Sites site","potentialAction":[{"@type":"SearchAction","target":{"@type":"EntryPoint","urlTemplate":"https:\/\/www.africa-press.net\/gabon\/?s={search_term_string}"},"query-input":{"@type":"PropertyValueSpecification","valueRequired":true,"valueName":"search_term_string"}}],"inLanguage":"fr-FR"},{"@type":"Person","@id":"https:\/\/www.africa-press.net\/gabon\/#\/schema\/person\/2b1cf3cd81a31e3cd26889ca66d677f1","name":"cfeditorfr"}]}},"_links":{"self":[{"href":"https:\/\/www.africa-press.net\/gabon\/wp-json\/wp\/v2\/posts\/69624","targetHints":{"allow":["GET"]}}],"collection":[{"href":"https:\/\/www.africa-press.net\/gabon\/wp-json\/wp\/v2\/posts"}],"about":[{"href":"https:\/\/www.africa-press.net\/gabon\/wp-json\/wp\/v2\/types\/post"}],"author":[{"embeddable":true,"href":"https:\/\/www.africa-press.net\/gabon\/wp-json\/wp\/v2\/users\/82"}],"replies":[{"embeddable":true,"href":"https:\/\/www.africa-press.net\/gabon\/wp-json\/wp\/v2\/comments?post=69624"}],"version-history":[{"count":0,"href":"https:\/\/www.africa-press.net\/gabon\/wp-json\/wp\/v2\/posts\/69624\/revisions"}],"wp:featuredmedia":[{"embeddable":true,"href":"https:\/\/www.africa-press.net\/gabon\/wp-json\/wp\/v2\/media\/69623"}],"wp:attachment":[{"href":"https:\/\/www.africa-press.net\/gabon\/wp-json\/wp\/v2\/media?parent=69624"}],"wp:term":[{"taxonomy":"category","embeddable":true,"href":"https:\/\/www.africa-press.net\/gabon\/wp-json\/wp\/v2\/categories?post=69624"},{"taxonomy":"post_tag","embeddable":true,"href":"https:\/\/www.africa-press.net\/gabon\/wp-json\/wp\/v2\/tags?post=69624"}],"curies":[{"name":"wp","href":"https:\/\/api.w.org\/{rel}","templated":true}]}}