{"id":76960,"date":"2026-03-13T18:43:53","date_gmt":"2026-03-13T18:43:53","guid":{"rendered":"https:\/\/www.africa-press.net\/gabon\/politique\/pdg-celebre-ses-58-ans-avec-resilience-et-vision"},"modified":"2026-03-14T19:36:38","modified_gmt":"2026-03-14T19:36:38","slug":"pdg-celebre-ses-58-ans-avec-resilience-et-vision","status":"publish","type":"post","link":"https:\/\/www.africa-press.net\/gabon\/politique\/pdg-celebre-ses-58-ans-avec-resilience-et-vision","title":{"rendered":"PDG C\u00e9l\u00e9bre Ses 58 Ans Avec R\u00e9silience et Vision"},"content":{"rendered":"<p><span class=\"ap-article-header-tag\"> <strong>Africa-Press &#8211; Gabon. <\/strong> <\/span><b>Le Parti de\u0301mocratique gabonais (PDG) a ce\u0301le\u0301bre\u0301 ce 12 mars 2026 son 58e anniversaire Libreville, place\u0301 sous le signe de la me\u0301moire et du rassemblement, en pre\u0301sence remarque\u0301e de son directoire qui n\u2019a pas manque\u0301 revisiter les moments marquants de l\u2019histoire du PDG.<\/b><\/p>\n<p>Devant un parterre des militants et des cadres, Blaise Louembe\u0301, pre\u0301sident du parti, a rendu un hommage appuye\u0301 au pre\u0301sident fondateur, feu Omar Bongo Ondimba, rappelant le ro\u0302le de\u0301terminant qu\u2019il a joue\u0301 dans la construction politique du Gabon et dans l\u2019implantation du PDG sur l\u2019e\u0301chiquier national. Dans un discours marque\u0301 par l\u2019appel a\u0300 la re\u0301silience, le pre\u0301sident du parti a invite\u0301 les militants a\u0300 rester mobilise\u0301s malgre\u0301 les difficulte\u0301s traverse\u0301es ces dernie\u0300res anne\u0301es.<\/p>\n<p>\u00ab Nous avons perdu le pouvoir en 2023, mais l\u2019histoire du PDG est loin d\u2019e\u0302tre termine\u0301e \u00bb, a-t-il de\u0301clare\u0301, soulignant la ne\u0301cessite\u0301 pour le parti de se re\u0301organiser et de se projeter vers les e\u0301che\u0301ances futures, notamment l\u2019horizon 2030.<\/p>\n<p>Dans cette dynamique, il a insiste\u0301 sur l\u2019importance de l\u2019unite\u0301 et de la cohe\u0301sion interne: \u00ab Le PDG n\u2019a qu\u2019un seul visage, une seule maison et une seule famille \u00bb, a-t-il affirme\u0301, appelant les militants a\u0300 de\u0301passer les divisions pour renforcer le parti.<\/p>\n<p>Prenant e\u0301galement la parole, Ange\u0301lique Ngoma, Secre\u0301taire ge\u0301ne\u0301rale du parti a salue\u0301 la fide\u0301lite\u0301 et l\u2019engagement de la base militante, qu\u2019elle conside\u0300re comme la ve\u0301ritable force du PDG. Revenant sur les e\u0301preuves politiques traverse\u0301es par la formation politique, elle a estime\u0301 que celles-ci doivent servir de levier pour une reconstruction durable.<\/p>\n<p>\u00ab Les formations politiques solides ne disparaissent pas sous la pression des circonstances et des e\u0301ve\u0301nements. Elles se re\u0301inventent et se renforcent au gre\u0301 des e\u0301preuves \u00bb, a-t-elle fait comprendre devant l\u2019assistance.<\/p>\n<p>La patronne administrative du parti a par ailleurs insiste\u0301 sur la ne\u0301cessite\u0301 d\u2019engager une transformation interne de la formation politique afin de pre\u0301parer l\u2019avenir. Pour elle, \u00ab le renouveau ne se de\u0301cre\u0300te pas, il s\u2019organise et se construit me\u0301thodiquement \u00bb.<\/p>\n<p>Place\u0301e sous le signe de la re\u0301silience, de la reconstruction et du renouveau, cette ce\u0301le\u0301bration du 58e anniversaire du PDG a ainsi e\u0301te\u0301 l\u2019occasion pour ses responsables de re\u0301affirmer leur volonte\u0301 de maintenir le parti actif sur la sce\u0300ne politique nationale, tout en travaillant a\u0300 reconque\u0301rir la confiance des militants et des Gabonais.<\/p>\n<p>Cre\u0301e\u0301 l 12 mars 1968, cet ancien parti unique a dirige\u0301 le Gabon durant 56 ans sans discontinuer. Il a perdu le pouvoir au soir du 30 aou\u0302t 2023, a\u0300 l\u2019issue du coup d\u2019e\u0301tat perpe\u0301tre\u0301 par les forces de de\u0301fense et de se\u0301curite\u0301 re\u0301unies au sein du Comite\u0301 pour la transition et la restauration des institutions (CTRI), dirige\u0301 par le ge\u0301ne\u0301ral, Brice Clotaire Oligui Nguema, actuel Pre\u0301sident de la Re\u0301publique e\u0301lu le 12 avril 2025. Il a cre\u0301e\u0301 son nouveau parti de\u0301nomme\u0301: Union de\u0301mocratique des ba\u0302tisseurs (UDB) qui dirige dore\u0301navant le pays.<\/p>\n<p><b>Antoine Relaxe et Roberte Ade\u0301<\/b><\/p>\n<p class=\"ap-article-footer-note\">Retrouvez plus d\u2019actualit\u00e9s et d\u2019analyses sur <span class=\"ap-highlight-country\">Gabon<\/span> sur le site <span class=\"ap-highlight-brand\">Africa Press<\/span><\/p>\n","protected":false},"excerpt":{"rendered":"<p>Africa-Press &#8211; Gabon. Le Parti de\u0301mocratique gabonais (PDG) a ce\u0301le\u0301bre\u0301 ce 12 mars 2026 son 58e anniversaire Libreville, place\u0301 sous le signe de la me\u0301moire et du rassemblement, en pre\u0301sence remarque\u0301e de son directoire qui n\u2019a pas manque\u0301 revisiter les moments marquants de l\u2019histoire du PDG. Devant un parterre des militants et des cadres, Blaise [&hellip;]<\/p>\n","protected":false},"author":82,"featured_media":76959,"comment_status":"open","ping_status":"closed","sticky":false,"template":"","format":"standard","meta":{"footnotes":""},"categories":[4,2,20,10],"tags":[49],"class_list":["post-76960","post","type-post","status-publish","format-standard","has-post-thumbnail","hentry","category-parties","category-politique","category-top-nouvelles","category-toutes-les-actualites","tag-gabon"],"yoast_head":"<!-- This site is optimized with the Yoast SEO Premium plugin v26.1 (Yoast SEO v27.0) - https:\/\/yoast.com\/product\/yoast-seo-premium-wordpress\/ -->\n<title>PDG C\u00e9l\u00e9bre Ses 58 Ans Avec R\u00e9silience et Vision - Gabon<\/title>\n<meta name=\"description\" content=\"-article-header-tag&quot;&gt; Africa-Press - Gabon. Le Parti de\u0301mocratique gabonai ...\" \/>\n<meta name=\"robots\" content=\"index, follow, max-snippet:-1, max-image-preview:large, max-video-preview:-1\" \/>\n<link rel=\"canonical\" href=\"https:\/\/www.africa-press.net\/gabon\/politique\/pdg-celebre-ses-58-ans-avec-resilience-et-vision\" \/>\n<meta property=\"og:locale\" content=\"fr_FR\" \/>\n<meta property=\"og:type\" content=\"article\" \/>\n<meta property=\"og:title\" content=\"PDG C\u00e9l\u00e9bre Ses 58 Ans Avec R\u00e9silience et Vision\" \/>\n<meta property=\"og:description\" content=\"-article-header-tag&quot;&gt; Africa-Press - Gabon. Le Parti de\u0301mocratique gabonai ...\" \/>\n<meta property=\"og:url\" content=\"https:\/\/www.africa-press.net\/gabon\/politique\/pdg-celebre-ses-58-ans-avec-resilience-et-vision\" \/>\n<meta property=\"og:site_name\" content=\"Gabon\" \/>\n<meta property=\"article:published_time\" content=\"2026-03-13T18:43:53+00:00\" \/>\n<meta property=\"article:modified_time\" content=\"2026-03-14T19:36:38+00:00\" \/>\n<meta property=\"og:image\" content=\"https:\/\/static.africa-press.net\/gabon\/sites\/54\/2026\/03\/sm_1773516503.227127.jpg\" \/>\n\t<meta property=\"og:image:width\" content=\"768\" \/>\n\t<meta property=\"og:image:height\" content=\"418\" \/>\n\t<meta property=\"og:image:type\" content=\"image\/jpeg\" \/>\n<meta name=\"author\" content=\"cfeditorfr\" \/>\n<meta name=\"twitter:card\" content=\"summary_large_image\" \/>\n<meta name=\"twitter:label1\" content=\"\u00c9crit par\" \/>\n\t<meta name=\"twitter:data1\" content=\"cfeditorfr\" \/>\n\t<meta name=\"twitter:label2\" content=\"Dur\u00e9e de lecture estim\u00e9e\" \/>\n\t<meta name=\"twitter:data2\" content=\"3 minutes\" \/>\n<script type=\"application\/ld+json\" class=\"yoast-schema-graph\">{\"@context\":\"https:\/\/schema.org\",\"@graph\":[{\"@type\":\"Article\",\"@id\":\"https:\/\/www.africa-press.net\/gabon\/politique\/pdg-celebre-ses-58-ans-avec-resilience-et-vision#article\",\"isPartOf\":{\"@id\":\"https:\/\/www.africa-press.net\/gabon\/politique\/pdg-celebre-ses-58-ans-avec-resilience-et-vision\"},\"author\":{\"name\":\"cfeditorfr\",\"@id\":\"https:\/\/www.africa-press.net\/gabon\/#\/schema\/person\/2b1cf3cd81a31e3cd26889ca66d677f1\"},\"headline\":\"PDG C\u00e9l\u00e9bre Ses 58 Ans Avec R\u00e9silience et Vision\",\"datePublished\":\"2026-03-13T18:43:53+00:00\",\"dateModified\":\"2026-03-14T19:36:38+00:00\",\"mainEntityOfPage\":{\"@id\":\"https:\/\/www.africa-press.net\/gabon\/politique\/pdg-celebre-ses-58-ans-avec-resilience-et-vision\"},\"wordCount\":574,\"commentCount\":0,\"image\":{\"@id\":\"https:\/\/www.africa-press.net\/gabon\/politique\/pdg-celebre-ses-58-ans-avec-resilience-et-vision#primaryimage\"},\"thumbnailUrl\":\"https:\/\/static.africa-press.net\/gabon\/sites\/54\/2026\/03\/sm_1773516503.227127.jpg\",\"keywords\":[\"Gabon\"],\"articleSection\":[\"Parties\",\"Politique\",\"Top Nouvelles\",\"Toutes les actualit\u00e9s\"],\"inLanguage\":\"fr-FR\",\"potentialAction\":[{\"@type\":\"CommentAction\",\"name\":\"Comment\",\"target\":[\"https:\/\/www.africa-press.net\/gabon\/politique\/pdg-celebre-ses-58-ans-avec-resilience-et-vision#respond\"]}]},{\"@type\":\"WebPage\",\"@id\":\"https:\/\/www.africa-press.net\/gabon\/politique\/pdg-celebre-ses-58-ans-avec-resilience-et-vision\",\"url\":\"https:\/\/www.africa-press.net\/gabon\/politique\/pdg-celebre-ses-58-ans-avec-resilience-et-vision\",\"name\":\"PDG C\u00e9l\u00e9bre Ses 58 Ans Avec R\u00e9silience et Vision - Gabon\",\"isPartOf\":{\"@id\":\"https:\/\/www.africa-press.net\/gabon\/#website\"},\"primaryImageOfPage\":{\"@id\":\"https:\/\/www.africa-press.net\/gabon\/politique\/pdg-celebre-ses-58-ans-avec-resilience-et-vision#primaryimage\"},\"image\":{\"@id\":\"https:\/\/www.africa-press.net\/gabon\/politique\/pdg-celebre-ses-58-ans-avec-resilience-et-vision#primaryimage\"},\"thumbnailUrl\":\"https:\/\/static.africa-press.net\/gabon\/sites\/54\/2026\/03\/sm_1773516503.227127.jpg\",\"datePublished\":\"2026-03-13T18:43:53+00:00\",\"dateModified\":\"2026-03-14T19:36:38+00:00\",\"author\":{\"@id\":\"https:\/\/www.africa-press.net\/gabon\/#\/schema\/person\/2b1cf3cd81a31e3cd26889ca66d677f1\"},\"description\":\"-article-header-tag\\\"> Africa-Press - Gabon. Le Parti de\u0301mocratique gabonai ...\",\"breadcrumb\":{\"@id\":\"https:\/\/www.africa-press.net\/gabon\/politique\/pdg-celebre-ses-58-ans-avec-resilience-et-vision#breadcrumb\"},\"inLanguage\":\"fr-FR\",\"potentialAction\":[{\"@type\":\"ReadAction\",\"target\":[\"https:\/\/www.africa-press.net\/gabon\/politique\/pdg-celebre-ses-58-ans-avec-resilience-et-vision\"]}]},{\"@type\":\"ImageObject\",\"inLanguage\":\"fr-FR\",\"@id\":\"https:\/\/www.africa-press.net\/gabon\/politique\/pdg-celebre-ses-58-ans-avec-resilience-et-vision#primaryimage\",\"url\":\"https:\/\/static.africa-press.net\/gabon\/sites\/54\/2026\/03\/sm_1773516503.227127.jpg\",\"contentUrl\":\"https:\/\/static.africa-press.net\/gabon\/sites\/54\/2026\/03\/sm_1773516503.227127.jpg\",\"width\":768,\"height\":418,\"caption\":\"PDG C\u00e9l\u00e9bre Ses 58 Ans Avec R\u00e9silience et Vision\"},{\"@type\":\"BreadcrumbList\",\"@id\":\"https:\/\/www.africa-press.net\/gabon\/politique\/pdg-celebre-ses-58-ans-avec-resilience-et-vision#breadcrumb\",\"itemListElement\":[{\"@type\":\"ListItem\",\"position\":1,\"name\":\"Accueil\",\"item\":\"https:\/\/www.africa-press.net\/gabon\/\"},{\"@type\":\"ListItem\",\"position\":2,\"name\":\"PDG C\u00e9l\u00e9bre Ses 58 Ans Avec R\u00e9silience et Vision\"}]},{\"@type\":\"WebSite\",\"@id\":\"https:\/\/www.africa-press.net\/gabon\/#website\",\"url\":\"https:\/\/www.africa-press.net\/gabon\/\",\"name\":\"Gabon\",\"description\":\"Just another Africa News Agency Sites site\",\"potentialAction\":[{\"@type\":\"SearchAction\",\"target\":{\"@type\":\"EntryPoint\",\"urlTemplate\":\"https:\/\/www.africa-press.net\/gabon\/?s={search_term_string}\"},\"query-input\":{\"@type\":\"PropertyValueSpecification\",\"valueRequired\":true,\"valueName\":\"search_term_string\"}}],\"inLanguage\":\"fr-FR\"},{\"@type\":\"Person\",\"@id\":\"https:\/\/www.africa-press.net\/gabon\/#\/schema\/person\/2b1cf3cd81a31e3cd26889ca66d677f1\",\"name\":\"cfeditorfr\"}]}<\/script>\n<!-- \/ Yoast SEO Premium plugin. -->","yoast_head_json":{"title":"PDG C\u00e9l\u00e9bre Ses 58 Ans Avec R\u00e9silience et Vision - Gabon","description":"-article-header-tag\"> Africa-Press - Gabon. Le Parti de\u0301mocratique gabonai ...","robots":{"index":"index","follow":"follow","max-snippet":"max-snippet:-1","max-image-preview":"max-image-preview:large","max-video-preview":"max-video-preview:-1"},"canonical":"https:\/\/www.africa-press.net\/gabon\/politique\/pdg-celebre-ses-58-ans-avec-resilience-et-vision","og_locale":"fr_FR","og_type":"article","og_title":"PDG C\u00e9l\u00e9bre Ses 58 Ans Avec R\u00e9silience et Vision","og_description":"-article-header-tag\"> Africa-Press - Gabon. Le Parti de\u0301mocratique gabonai ...","og_url":"https:\/\/www.africa-press.net\/gabon\/politique\/pdg-celebre-ses-58-ans-avec-resilience-et-vision","og_site_name":"Gabon","article_published_time":"2026-03-13T18:43:53+00:00","article_modified_time":"2026-03-14T19:36:38+00:00","og_image":[{"width":768,"height":418,"url":"https:\/\/static.africa-press.net\/gabon\/sites\/54\/2026\/03\/sm_1773516503.227127.jpg","type":"image\/jpeg"}],"author":"cfeditorfr","twitter_card":"summary_large_image","twitter_misc":{"\u00c9crit par":"cfeditorfr","Dur\u00e9e de lecture estim\u00e9e":"3 minutes"},"schema":{"@context":"https:\/\/schema.org","@graph":[{"@type":"Article","@id":"https:\/\/www.africa-press.net\/gabon\/politique\/pdg-celebre-ses-58-ans-avec-resilience-et-vision#article","isPartOf":{"@id":"https:\/\/www.africa-press.net\/gabon\/politique\/pdg-celebre-ses-58-ans-avec-resilience-et-vision"},"author":{"name":"cfeditorfr","@id":"https:\/\/www.africa-press.net\/gabon\/#\/schema\/person\/2b1cf3cd81a31e3cd26889ca66d677f1"},"headline":"PDG C\u00e9l\u00e9bre Ses 58 Ans Avec R\u00e9silience et Vision","datePublished":"2026-03-13T18:43:53+00:00","dateModified":"2026-03-14T19:36:38+00:00","mainEntityOfPage":{"@id":"https:\/\/www.africa-press.net\/gabon\/politique\/pdg-celebre-ses-58-ans-avec-resilience-et-vision"},"wordCount":574,"commentCount":0,"image":{"@id":"https:\/\/www.africa-press.net\/gabon\/politique\/pdg-celebre-ses-58-ans-avec-resilience-et-vision#primaryimage"},"thumbnailUrl":"https:\/\/static.africa-press.net\/gabon\/sites\/54\/2026\/03\/sm_1773516503.227127.jpg","keywords":["Gabon"],"articleSection":["Parties","Politique","Top Nouvelles","Toutes les actualit\u00e9s"],"inLanguage":"fr-FR","potentialAction":[{"@type":"CommentAction","name":"Comment","target":["https:\/\/www.africa-press.net\/gabon\/politique\/pdg-celebre-ses-58-ans-avec-resilience-et-vision#respond"]}]},{"@type":"WebPage","@id":"https:\/\/www.africa-press.net\/gabon\/politique\/pdg-celebre-ses-58-ans-avec-resilience-et-vision","url":"https:\/\/www.africa-press.net\/gabon\/politique\/pdg-celebre-ses-58-ans-avec-resilience-et-vision","name":"PDG C\u00e9l\u00e9bre Ses 58 Ans Avec R\u00e9silience et Vision - Gabon","isPartOf":{"@id":"https:\/\/www.africa-press.net\/gabon\/#website"},"primaryImageOfPage":{"@id":"https:\/\/www.africa-press.net\/gabon\/politique\/pdg-celebre-ses-58-ans-avec-resilience-et-vision#primaryimage"},"image":{"@id":"https:\/\/www.africa-press.net\/gabon\/politique\/pdg-celebre-ses-58-ans-avec-resilience-et-vision#primaryimage"},"thumbnailUrl":"https:\/\/static.africa-press.net\/gabon\/sites\/54\/2026\/03\/sm_1773516503.227127.jpg","datePublished":"2026-03-13T18:43:53+00:00","dateModified":"2026-03-14T19:36:38+00:00","author":{"@id":"https:\/\/www.africa-press.net\/gabon\/#\/schema\/person\/2b1cf3cd81a31e3cd26889ca66d677f1"},"description":"-article-header-tag\"> Africa-Press - Gabon. Le Parti de\u0301mocratique gabonai ...","breadcrumb":{"@id":"https:\/\/www.africa-press.net\/gabon\/politique\/pdg-celebre-ses-58-ans-avec-resilience-et-vision#breadcrumb"},"inLanguage":"fr-FR","potentialAction":[{"@type":"ReadAction","target":["https:\/\/www.africa-press.net\/gabon\/politique\/pdg-celebre-ses-58-ans-avec-resilience-et-vision"]}]},{"@type":"ImageObject","inLanguage":"fr-FR","@id":"https:\/\/www.africa-press.net\/gabon\/politique\/pdg-celebre-ses-58-ans-avec-resilience-et-vision#primaryimage","url":"https:\/\/static.africa-press.net\/gabon\/sites\/54\/2026\/03\/sm_1773516503.227127.jpg","contentUrl":"https:\/\/static.africa-press.net\/gabon\/sites\/54\/2026\/03\/sm_1773516503.227127.jpg","width":768,"height":418,"caption":"PDG C\u00e9l\u00e9bre Ses 58 Ans Avec R\u00e9silience et Vision"},{"@type":"BreadcrumbList","@id":"https:\/\/www.africa-press.net\/gabon\/politique\/pdg-celebre-ses-58-ans-avec-resilience-et-vision#breadcrumb","itemListElement":[{"@type":"ListItem","position":1,"name":"Accueil","item":"https:\/\/www.africa-press.net\/gabon\/"},{"@type":"ListItem","position":2,"name":"PDG C\u00e9l\u00e9bre Ses 58 Ans Avec R\u00e9silience et Vision"}]},{"@type":"WebSite","@id":"https:\/\/www.africa-press.net\/gabon\/#website","url":"https:\/\/www.africa-press.net\/gabon\/","name":"Gabon","description":"Just another Africa News Agency Sites site","potentialAction":[{"@type":"SearchAction","target":{"@type":"EntryPoint","urlTemplate":"https:\/\/www.africa-press.net\/gabon\/?s={search_term_string}"},"query-input":{"@type":"PropertyValueSpecification","valueRequired":true,"valueName":"search_term_string"}}],"inLanguage":"fr-FR"},{"@type":"Person","@id":"https:\/\/www.africa-press.net\/gabon\/#\/schema\/person\/2b1cf3cd81a31e3cd26889ca66d677f1","name":"cfeditorfr"}]}},"_links":{"self":[{"href":"https:\/\/www.africa-press.net\/gabon\/wp-json\/wp\/v2\/posts\/76960","targetHints":{"allow":["GET"]}}],"collection":[{"href":"https:\/\/www.africa-press.net\/gabon\/wp-json\/wp\/v2\/posts"}],"about":[{"href":"https:\/\/www.africa-press.net\/gabon\/wp-json\/wp\/v2\/types\/post"}],"author":[{"embeddable":true,"href":"https:\/\/www.africa-press.net\/gabon\/wp-json\/wp\/v2\/users\/82"}],"replies":[{"embeddable":true,"href":"https:\/\/www.africa-press.net\/gabon\/wp-json\/wp\/v2\/comments?post=76960"}],"version-history":[{"count":0,"href":"https:\/\/www.africa-press.net\/gabon\/wp-json\/wp\/v2\/posts\/76960\/revisions"}],"wp:featuredmedia":[{"embeddable":true,"href":"https:\/\/www.africa-press.net\/gabon\/wp-json\/wp\/v2\/media\/76959"}],"wp:attachment":[{"href":"https:\/\/www.africa-press.net\/gabon\/wp-json\/wp\/v2\/media?parent=76960"}],"wp:term":[{"taxonomy":"category","embeddable":true,"href":"https:\/\/www.africa-press.net\/gabon\/wp-json\/wp\/v2\/categories?post=76960"},{"taxonomy":"post_tag","embeddable":true,"href":"https:\/\/www.africa-press.net\/gabon\/wp-json\/wp\/v2\/tags?post=76960"}],"curies":[{"name":"wp","href":"https:\/\/api.w.org\/{rel}","templated":true}]}}