{"id":782,"date":"2020-12-27T14:46:15","date_gmt":"2020-12-27T14:46:15","guid":{"rendered":"https:\/\/www.africa-press.com\/gabon\/?p=782"},"modified":"2020-12-27T15:18:18","modified_gmt":"2020-12-27T15:18:18","slug":"au-nom-du-pere-du-fils-et-du-coronavirus","status":"publish","type":"post","link":"https:\/\/www.africa-press.net\/gabon\/politique\/au-nom-du-pere-du-fils-et-du-coronavirus","title":{"rendered":"au nom du p\u00e8re, du fils et du coronavirus"},"content":{"rendered":"<p><span style=\"color: #ff6600\"><strong><a href=\"https:\/\/www.africa-press.com\">Africa-Press<\/a> &#8211; <a href=\"https:\/\/www.africa-press.com\/gabon\">Gabon<\/a>. <\/strong><\/span>Alors que les \u00e9glises sont toujours ferm\u00e9es pour cause de Covid-19 au Gabon, la grogne monte parmi les croyants. Et au sein du clerg\u00e9. Les voies du coronavirus sont aussi imp\u00e9n\u00e9trables que celles du Seigneur. Scientifique ou pas, bien malin celui qui peut dire, avec certitude, si une deuxi\u00e8me vague d\u2019infections sera effective dans les pays les plus affect\u00e9s par le virus et si le continent restera encore largement \u00e9pargn\u00e9. Les plus la\u00efcs n\u2019oublient pas que c\u2019est un rassemblement religieux \u2013 dans l\u2019\u00e9glise La Porte ouverte chr\u00e9tienne, \u00e0 Mulhouse, en f\u00e9vrier \u2013 qui avait fait basculer la France dans la pand\u00e9mie et export\u00e9 l\u2019infection dans certains pays d\u2019Afrique.<\/p>\n<p>Pour les croyants pratiquants, et singuli\u00e8rement les adeptes des mouvements \u00ab charismatiques \u00bb, un lieu de culte serait plut\u00f4t un vivier de gu\u00e9risons, en \u00e9cho aux miracles sanitaires du Christ\u2026<\/p>\n<p>Au Gabon, ce 26 septembre, le ministre de l\u2019Int\u00e9rieur, Lambert No\u00ebl Matha, et son coll\u00e8gue de la Sant\u00e9, Guy Patrick Obiang Ndong, r\u00e9affirmaient pourtant qu\u2019il n\u2019y avait \u00ab aucune ouverture des \u00e9glises pr\u00e9vue \u00bb le week-end en question. Une r\u00e9ponse directe \u00e0 la d\u00e9cision de la F\u00e9d\u00e9ration des \u00c9glises charismatiques, pentec\u00f4tistes et de r\u00e9veil du Gabon de rouvrir les lieux de culte d\u00e8s le 27.<\/p>\n<p>L\u2019annonce gouvernementale pr\u00e9c\u00e9dait l\u2019outrepassement apparent de l\u2019\u00e9glise Bethsa\u00efda. L\u2019\u00e9v\u00eaque Jean-Baptiste Moulaka y sera interpell\u00e9, ce dimanche, devant des fid\u00e8les qui, eux, affirmeront que les activit\u00e9s du jour s\u2019apparentaient moins au culte qu\u2019\u00e0 une s\u00e9ance de d\u00e9sinfection\u2026<\/p>\n<p>Comme dans de nombreux pays, la d\u00e9prime li\u00e9e aux premi\u00e8res mesures de distanciation sociale a laiss\u00e9 place \u00e0 un agacement certain au Gabon. Telle une goutte d\u2019eau qui fait d\u00e9border le calice, la persistance des restrictions alimente une r\u00e9bellion qui entamerait bien le sacro-saint principe de la la\u00efcit\u00e9 et donc de la primaut\u00e9 des lois de la R\u00e9publique sur celles de la religion.<\/p>\n<p>Et les arguments de pleuvoir, des plus statistiques aux plus politiciens : les 54 d\u00e9c\u00e8s gabonais av\u00e9r\u00e9s dus au Covid-19 (pour environ 8 700 infections officielles) ne justifieraient pas un tel branle-bas de combat sanitaire ; certaines provinces ne compteraient plus de cas actifs ; certains tests positifs surestimeraient l\u2019activit\u00e9 r\u00e9elle du virus ; les masses populaires useraient de prophylaxies efficaces que les autorit\u00e9s \u00ab occidentalis\u00e9es \u00bb snoberaient\u2026<\/p>\n<p>Provocateurs, certains disent admettre la distanciation religieuse, \u00e0 condition qu\u2019on interdise aussi la circulation de v\u00e9hicules sur tout le territoire, afin d\u2019anticiper les accidents meurtriers de la route. Quant aux plus politiques qui voient midi \u00e0 leur porte militante, ils affirment que les rassemblements du parti au pouvoir violeraient la r\u00e8gle de prudence impos\u00e9e aux \u00c9glises.<\/p>\n<p>Mues par un agenda politique cach\u00e9 ou pas, les autorit\u00e9s rappellent que les n\u00e9gociations sur les conditions de r\u00e9ouverture des lieux de culte continuent au fil des statistiques sanitaires et qu\u2019un \u00ab all\u00e8gement progressif des mesures restrictives amorc\u00e9 le 30 juin dernier se poursuit pour tous les secteurs d\u2019activit\u00e9s impact\u00e9s \u00bb. Et Dieu l\u2019omnipr\u00e9sent ne se rencontre-t-il pas en dehors de ses temples ?<\/p>\n","protected":false},"excerpt":{"rendered":"<p>Africa-Press &#8211; Gabon. Alors que les \u00e9glises sont toujours ferm\u00e9es pour cause de Covid-19 au Gabon, la grogne monte parmi les croyants. Et au sein du clerg\u00e9. Les voies du coronavirus sont aussi imp\u00e9n\u00e9trables que celles du Seigneur. Scientifique ou pas, bien malin celui qui peut dire, avec certitude, si une deuxi\u00e8me vague d\u2019infections sera [&hellip;]<\/p>\n","protected":false},"author":82,"featured_media":781,"comment_status":"open","ping_status":"closed","sticky":false,"template":"","format":"standard","meta":{"footnotes":""},"categories":[11,2,10],"tags":[36,50,49],"class_list":["post-782","post","type-post","status-publish","format-standard","has-post-thumbnail","hentry","category-homepage-french","category-politique","category-toutes-les-actualites","tag-africa-press","tag-africa-press-gabon","tag-gabon"],"yoast_head":"<!-- This site is optimized with the Yoast SEO Premium plugin v26.1 (Yoast SEO v27.0) - https:\/\/yoast.com\/product\/yoast-seo-premium-wordpress\/ -->\n<title>au nom du p\u00e8re, du fils et du coronavirus - Gabon<\/title>\n<meta name=\"description\" content=\"Alors que les \u00e9glises sont toujours ferm\u00e9es pour cause de Covid-19 au Gabon, la grogne monte parmi les croyants. Et au s ...\" \/>\n<meta name=\"robots\" content=\"index, follow, max-snippet:-1, max-image-preview:large, max-video-preview:-1\" \/>\n<link rel=\"canonical\" href=\"https:\/\/www.africa-press.net\/gabon\/politique\/au-nom-du-pere-du-fils-et-du-coronavirus\" \/>\n<meta property=\"og:locale\" content=\"fr_FR\" \/>\n<meta property=\"og:type\" content=\"article\" \/>\n<meta property=\"og:title\" content=\"au nom du p\u00e8re, du fils et du coronavirus\" \/>\n<meta property=\"og:description\" content=\"Alors que les \u00e9glises sont toujours ferm\u00e9es pour cause de Covid-19 au Gabon, la grogne monte parmi les croyants. Et au s ...\" \/>\n<meta property=\"og:url\" content=\"https:\/\/www.africa-press.net\/gabon\/politique\/au-nom-du-pere-du-fils-et-du-coronavirus\" \/>\n<meta property=\"og:site_name\" content=\"Gabon\" \/>\n<meta property=\"article:published_time\" content=\"2020-12-27T14:46:15+00:00\" \/>\n<meta property=\"article:modified_time\" content=\"2020-12-27T15:18:18+00:00\" \/>\n<meta property=\"og:image\" content=\"https:\/\/static.africa-press.net\/centrafricaine\/sites\/54\/2020\/12\/img-5fe8948d64285.jpg\" \/>\n\t<meta property=\"og:image:width\" content=\"640\" \/>\n\t<meta property=\"og:image:height\" content=\"320\" \/>\n\t<meta property=\"og:image:type\" content=\"image\/jpeg\" \/>\n<meta name=\"author\" content=\"cfeditorfr\" \/>\n<meta name=\"twitter:card\" content=\"summary_large_image\" \/>\n<meta name=\"twitter:label1\" content=\"\u00c9crit par\" \/>\n\t<meta name=\"twitter:data1\" content=\"cfeditorfr\" \/>\n\t<meta name=\"twitter:label2\" content=\"Dur\u00e9e de lecture estim\u00e9e\" \/>\n\t<meta name=\"twitter:data2\" content=\"3 minutes\" \/>\n<script type=\"application\/ld+json\" class=\"yoast-schema-graph\">{\"@context\":\"https:\/\/schema.org\",\"@graph\":[{\"@type\":\"Article\",\"@id\":\"https:\/\/www.africa-press.net\/gabon\/politique\/au-nom-du-pere-du-fils-et-du-coronavirus#article\",\"isPartOf\":{\"@id\":\"https:\/\/www.africa-press.net\/gabon\/politique\/au-nom-du-pere-du-fils-et-du-coronavirus\"},\"author\":{\"name\":\"cfeditorfr\",\"@id\":\"https:\/\/www.africa-press.net\/gabon\/#\/schema\/person\/2b1cf3cd81a31e3cd26889ca66d677f1\"},\"headline\":\"au nom du p\u00e8re, du fils et du coronavirus\",\"datePublished\":\"2020-12-27T14:46:15+00:00\",\"dateModified\":\"2020-12-27T15:18:18+00:00\",\"mainEntityOfPage\":{\"@id\":\"https:\/\/www.africa-press.net\/gabon\/politique\/au-nom-du-pere-du-fils-et-du-coronavirus\"},\"wordCount\":554,\"commentCount\":0,\"image\":{\"@id\":\"https:\/\/www.africa-press.net\/gabon\/politique\/au-nom-du-pere-du-fils-et-du-coronavirus#primaryimage\"},\"thumbnailUrl\":\"https:\/\/static.africa-press.net\/centrafricaine\/sites\/54\/2020\/12\/img-5fe8948d64285.jpg\",\"keywords\":[\"Africa Press\",\"Africa Press-Gabon\",\"Gabon\"],\"articleSection\":[\"homepage-french\",\"Politique\",\"Toutes les actualit\u00e9s\"],\"inLanguage\":\"fr-FR\",\"potentialAction\":[{\"@type\":\"CommentAction\",\"name\":\"Comment\",\"target\":[\"https:\/\/www.africa-press.net\/gabon\/politique\/au-nom-du-pere-du-fils-et-du-coronavirus#respond\"]}]},{\"@type\":\"WebPage\",\"@id\":\"https:\/\/www.africa-press.net\/gabon\/politique\/au-nom-du-pere-du-fils-et-du-coronavirus\",\"url\":\"https:\/\/www.africa-press.net\/gabon\/politique\/au-nom-du-pere-du-fils-et-du-coronavirus\",\"name\":\"au nom du p\u00e8re, du fils et du coronavirus - Gabon\",\"isPartOf\":{\"@id\":\"https:\/\/www.africa-press.net\/gabon\/#website\"},\"primaryImageOfPage\":{\"@id\":\"https:\/\/www.africa-press.net\/gabon\/politique\/au-nom-du-pere-du-fils-et-du-coronavirus#primaryimage\"},\"image\":{\"@id\":\"https:\/\/www.africa-press.net\/gabon\/politique\/au-nom-du-pere-du-fils-et-du-coronavirus#primaryimage\"},\"thumbnailUrl\":\"https:\/\/static.africa-press.net\/centrafricaine\/sites\/54\/2020\/12\/img-5fe8948d64285.jpg\",\"datePublished\":\"2020-12-27T14:46:15+00:00\",\"dateModified\":\"2020-12-27T15:18:18+00:00\",\"author\":{\"@id\":\"https:\/\/www.africa-press.net\/gabon\/#\/schema\/person\/2b1cf3cd81a31e3cd26889ca66d677f1\"},\"description\":\"Alors que les \u00e9glises sont toujours ferm\u00e9es pour cause de Covid-19 au Gabon, la grogne monte parmi les croyants. Et au s ...\",\"breadcrumb\":{\"@id\":\"https:\/\/www.africa-press.net\/gabon\/politique\/au-nom-du-pere-du-fils-et-du-coronavirus#breadcrumb\"},\"inLanguage\":\"fr-FR\",\"potentialAction\":[{\"@type\":\"ReadAction\",\"target\":[\"https:\/\/www.africa-press.net\/gabon\/politique\/au-nom-du-pere-du-fils-et-du-coronavirus\"]}]},{\"@type\":\"ImageObject\",\"inLanguage\":\"fr-FR\",\"@id\":\"https:\/\/www.africa-press.net\/gabon\/politique\/au-nom-du-pere-du-fils-et-du-coronavirus#primaryimage\",\"url\":\"https:\/\/static.africa-press.net\/centrafricaine\/sites\/54\/2020\/12\/img-5fe8948d64285.jpg\",\"contentUrl\":\"https:\/\/static.africa-press.net\/centrafricaine\/sites\/54\/2020\/12\/img-5fe8948d64285.jpg\",\"width\":640,\"height\":320,\"caption\":\"[Chronique] Gabon : au nom du p\u00e8re, du fils et du coronavirus\"},{\"@type\":\"BreadcrumbList\",\"@id\":\"https:\/\/www.africa-press.net\/gabon\/politique\/au-nom-du-pere-du-fils-et-du-coronavirus#breadcrumb\",\"itemListElement\":[{\"@type\":\"ListItem\",\"position\":1,\"name\":\"Accueil\",\"item\":\"https:\/\/www.africa-press.net\/gabon\/\"},{\"@type\":\"ListItem\",\"position\":2,\"name\":\"au nom du p\u00e8re, du fils et du coronavirus\"}]},{\"@type\":\"WebSite\",\"@id\":\"https:\/\/www.africa-press.net\/gabon\/#website\",\"url\":\"https:\/\/www.africa-press.net\/gabon\/\",\"name\":\"Gabon\",\"description\":\"Just another Africa News Agency Sites site\",\"potentialAction\":[{\"@type\":\"SearchAction\",\"target\":{\"@type\":\"EntryPoint\",\"urlTemplate\":\"https:\/\/www.africa-press.net\/gabon\/?s={search_term_string}\"},\"query-input\":{\"@type\":\"PropertyValueSpecification\",\"valueRequired\":true,\"valueName\":\"search_term_string\"}}],\"inLanguage\":\"fr-FR\"},{\"@type\":\"Person\",\"@id\":\"https:\/\/www.africa-press.net\/gabon\/#\/schema\/person\/2b1cf3cd81a31e3cd26889ca66d677f1\",\"name\":\"cfeditorfr\"}]}<\/script>\n<!-- \/ Yoast SEO Premium plugin. -->","yoast_head_json":{"title":"au nom du p\u00e8re, du fils et du coronavirus - Gabon","description":"Alors que les \u00e9glises sont toujours ferm\u00e9es pour cause de Covid-19 au Gabon, la grogne monte parmi les croyants. Et au s ...","robots":{"index":"index","follow":"follow","max-snippet":"max-snippet:-1","max-image-preview":"max-image-preview:large","max-video-preview":"max-video-preview:-1"},"canonical":"https:\/\/www.africa-press.net\/gabon\/politique\/au-nom-du-pere-du-fils-et-du-coronavirus","og_locale":"fr_FR","og_type":"article","og_title":"au nom du p\u00e8re, du fils et du coronavirus","og_description":"Alors que les \u00e9glises sont toujours ferm\u00e9es pour cause de Covid-19 au Gabon, la grogne monte parmi les croyants. Et au s ...","og_url":"https:\/\/www.africa-press.net\/gabon\/politique\/au-nom-du-pere-du-fils-et-du-coronavirus","og_site_name":"Gabon","article_published_time":"2020-12-27T14:46:15+00:00","article_modified_time":"2020-12-27T15:18:18+00:00","og_image":[{"width":640,"height":320,"url":"https:\/\/static.africa-press.net\/centrafricaine\/sites\/54\/2020\/12\/img-5fe8948d64285.jpg","type":"image\/jpeg"}],"author":"cfeditorfr","twitter_card":"summary_large_image","twitter_misc":{"\u00c9crit par":"cfeditorfr","Dur\u00e9e de lecture estim\u00e9e":"3 minutes"},"schema":{"@context":"https:\/\/schema.org","@graph":[{"@type":"Article","@id":"https:\/\/www.africa-press.net\/gabon\/politique\/au-nom-du-pere-du-fils-et-du-coronavirus#article","isPartOf":{"@id":"https:\/\/www.africa-press.net\/gabon\/politique\/au-nom-du-pere-du-fils-et-du-coronavirus"},"author":{"name":"cfeditorfr","@id":"https:\/\/www.africa-press.net\/gabon\/#\/schema\/person\/2b1cf3cd81a31e3cd26889ca66d677f1"},"headline":"au nom du p\u00e8re, du fils et du coronavirus","datePublished":"2020-12-27T14:46:15+00:00","dateModified":"2020-12-27T15:18:18+00:00","mainEntityOfPage":{"@id":"https:\/\/www.africa-press.net\/gabon\/politique\/au-nom-du-pere-du-fils-et-du-coronavirus"},"wordCount":554,"commentCount":0,"image":{"@id":"https:\/\/www.africa-press.net\/gabon\/politique\/au-nom-du-pere-du-fils-et-du-coronavirus#primaryimage"},"thumbnailUrl":"https:\/\/static.africa-press.net\/centrafricaine\/sites\/54\/2020\/12\/img-5fe8948d64285.jpg","keywords":["Africa Press","Africa Press-Gabon","Gabon"],"articleSection":["homepage-french","Politique","Toutes les actualit\u00e9s"],"inLanguage":"fr-FR","potentialAction":[{"@type":"CommentAction","name":"Comment","target":["https:\/\/www.africa-press.net\/gabon\/politique\/au-nom-du-pere-du-fils-et-du-coronavirus#respond"]}]},{"@type":"WebPage","@id":"https:\/\/www.africa-press.net\/gabon\/politique\/au-nom-du-pere-du-fils-et-du-coronavirus","url":"https:\/\/www.africa-press.net\/gabon\/politique\/au-nom-du-pere-du-fils-et-du-coronavirus","name":"au nom du p\u00e8re, du fils et du coronavirus - Gabon","isPartOf":{"@id":"https:\/\/www.africa-press.net\/gabon\/#website"},"primaryImageOfPage":{"@id":"https:\/\/www.africa-press.net\/gabon\/politique\/au-nom-du-pere-du-fils-et-du-coronavirus#primaryimage"},"image":{"@id":"https:\/\/www.africa-press.net\/gabon\/politique\/au-nom-du-pere-du-fils-et-du-coronavirus#primaryimage"},"thumbnailUrl":"https:\/\/static.africa-press.net\/centrafricaine\/sites\/54\/2020\/12\/img-5fe8948d64285.jpg","datePublished":"2020-12-27T14:46:15+00:00","dateModified":"2020-12-27T15:18:18+00:00","author":{"@id":"https:\/\/www.africa-press.net\/gabon\/#\/schema\/person\/2b1cf3cd81a31e3cd26889ca66d677f1"},"description":"Alors que les \u00e9glises sont toujours ferm\u00e9es pour cause de Covid-19 au Gabon, la grogne monte parmi les croyants. Et au s ...","breadcrumb":{"@id":"https:\/\/www.africa-press.net\/gabon\/politique\/au-nom-du-pere-du-fils-et-du-coronavirus#breadcrumb"},"inLanguage":"fr-FR","potentialAction":[{"@type":"ReadAction","target":["https:\/\/www.africa-press.net\/gabon\/politique\/au-nom-du-pere-du-fils-et-du-coronavirus"]}]},{"@type":"ImageObject","inLanguage":"fr-FR","@id":"https:\/\/www.africa-press.net\/gabon\/politique\/au-nom-du-pere-du-fils-et-du-coronavirus#primaryimage","url":"https:\/\/static.africa-press.net\/centrafricaine\/sites\/54\/2020\/12\/img-5fe8948d64285.jpg","contentUrl":"https:\/\/static.africa-press.net\/centrafricaine\/sites\/54\/2020\/12\/img-5fe8948d64285.jpg","width":640,"height":320,"caption":"[Chronique] Gabon : au nom du p\u00e8re, du fils et du coronavirus"},{"@type":"BreadcrumbList","@id":"https:\/\/www.africa-press.net\/gabon\/politique\/au-nom-du-pere-du-fils-et-du-coronavirus#breadcrumb","itemListElement":[{"@type":"ListItem","position":1,"name":"Accueil","item":"https:\/\/www.africa-press.net\/gabon\/"},{"@type":"ListItem","position":2,"name":"au nom du p\u00e8re, du fils et du coronavirus"}]},{"@type":"WebSite","@id":"https:\/\/www.africa-press.net\/gabon\/#website","url":"https:\/\/www.africa-press.net\/gabon\/","name":"Gabon","description":"Just another Africa News Agency Sites site","potentialAction":[{"@type":"SearchAction","target":{"@type":"EntryPoint","urlTemplate":"https:\/\/www.africa-press.net\/gabon\/?s={search_term_string}"},"query-input":{"@type":"PropertyValueSpecification","valueRequired":true,"valueName":"search_term_string"}}],"inLanguage":"fr-FR"},{"@type":"Person","@id":"https:\/\/www.africa-press.net\/gabon\/#\/schema\/person\/2b1cf3cd81a31e3cd26889ca66d677f1","name":"cfeditorfr"}]}},"_links":{"self":[{"href":"https:\/\/www.africa-press.net\/gabon\/wp-json\/wp\/v2\/posts\/782","targetHints":{"allow":["GET"]}}],"collection":[{"href":"https:\/\/www.africa-press.net\/gabon\/wp-json\/wp\/v2\/posts"}],"about":[{"href":"https:\/\/www.africa-press.net\/gabon\/wp-json\/wp\/v2\/types\/post"}],"author":[{"embeddable":true,"href":"https:\/\/www.africa-press.net\/gabon\/wp-json\/wp\/v2\/users\/82"}],"replies":[{"embeddable":true,"href":"https:\/\/www.africa-press.net\/gabon\/wp-json\/wp\/v2\/comments?post=782"}],"version-history":[{"count":0,"href":"https:\/\/www.africa-press.net\/gabon\/wp-json\/wp\/v2\/posts\/782\/revisions"}],"wp:featuredmedia":[{"embeddable":true,"href":"https:\/\/www.africa-press.net\/gabon\/wp-json\/wp\/v2\/media\/781"}],"wp:attachment":[{"href":"https:\/\/www.africa-press.net\/gabon\/wp-json\/wp\/v2\/media?parent=782"}],"wp:term":[{"taxonomy":"category","embeddable":true,"href":"https:\/\/www.africa-press.net\/gabon\/wp-json\/wp\/v2\/categories?post=782"},{"taxonomy":"post_tag","embeddable":true,"href":"https:\/\/www.africa-press.net\/gabon\/wp-json\/wp\/v2\/tags?post=782"}],"curies":[{"name":"wp","href":"https:\/\/api.w.org\/{rel}","templated":true}]}}